{"id":13604,"date":"2008-10-06T00:00:00","date_gmt":"2008-10-06T00:00:00","guid":{"rendered":"http:\/\/ddigital.webs.ull.es\/la-ull-inaugura-las-segundas-ediciones-de-sus-msteres-en-comercio-exterior-y-direccin-y-planificacin-del-turismo\/"},"modified":"2008-10-06T00:00:00","modified_gmt":"2008-10-06T00:00:00","slug":"la-ull-inaugura-las-segundas-ediciones-de-sus-msteres-en-comercio-exterior-y-direccin-y-planificacin-del-turismo","status":"publish","type":"post","link":"https:\/\/www.ull.es\/portal\/noticias\/2008\/la-ull-inaugura-las-segundas-ediciones-de-sus-msteres-en-comercio-exterior-y-direccin-y-planificacin-del-turismo\/","title":{"rendered":"La ULL inaugura las segundas ediciones de sus m\u00e1steres en Comercio Exterior y Direcci\u00f3n y Planificaci\u00f3n del Turismo"},"content":{"rendered":"<p><P align=\"justify\">La Escuela Universitaria de Estudios Empresariales de la Universidad de La Laguna acogi&oacute; hoy lunes, 6 de octubre de 2008, la inauguraci&oacute;n de las segundas ediciones del M&aacute;ster en Comercio Exterior y el M&aacute;ster en Direcci&oacute;n y Planificaci&oacute;n del Turismo, dos de los programas oficiales de posgrado de la instituci&oacute;n que ya est&aacute;n adaptados al Espacio Europeo de Educaci&oacute;n Superior.<\/P><\/p>\n<p><P align=\"justify\">En el acto estuvieron presentes el rector de la Universidad de La Laguna, Eduardo Dom&eacute;nech; el consejero delegado de PROEXCA, Javier Mariscal Anaya; el director de la escuela anfitriona, Miguel &aacute;ngel S&aacute;nchez; y los directores de los dos m&aacute;steres, Francisco Garc&iacute;a (Comercio Exterior) y Eduardo Parra (Turismo).<\/P><P align=\"justify\"><\/P><P align=\"justify\">El rector valor&oacute; en su discurso la oportunidad que representan para los alumnos y para toda la sociedad canaria estos dos posgrados, pues con ellos se formar&aacute; a profesionales en &aacute;reas econ&oacute;micas con mucho potencial para la regi&oacute;n. \u00abLa internacionalizaci&oacute;n constituye una estrategia empresarial fundamental, un hecho que se torna especialmente relevante en el caso de las empresas canarias\u00bb, afirm&oacute; Dom&eacute;nech.<\/P><P align=\"justify\"><\/P><P align=\"justify\">Estas nuevas ediciones de los dos posgrados oficiales de la ULL han recibido tres veces m&aacute;s solicitudes que plazas disponibles, lo cual es un claro indicador del inter&eacute;s de estas dos acciones formativas de la instituci&oacute;n acad&eacute;mica. Las clases en ambos se desarrollar&aacute;n a lo largo del curso acad&eacute;mico, de lunes a jueves en horario de tarde, con el fin de hacerlas compatibles con la actividad laboral de su alumnado.<\/P><\/p>\n","protected":false},"excerpt":{"rendered":"<p>La Escuela Universitaria de Estudios Empresariales de la Universidad de La Laguna acogi&oacute; hoy lunes, 6 de octubre de 2008,&#8230;<\/p>\n","protected":false},"author":21,"featured_media":13605,"comment_status":"open","ping_status":"open","sticky":false,"template":"","format":"standard","meta":{"inline_featured_image":false,"footnotes":""},"categories":[346],"tags":[],"acf":[],"yoast_head":"<!-- This site is optimized with the Yoast SEO plugin v21.3 - https:\/\/yoast.com\/wordpress\/plugins\/seo\/ -->\n<title>La ULL inaugura las segundas ediciones de sus m\u00e1steres en Comercio Exterior y Direcci\u00f3n y Planificaci\u00f3n del Turismo - ULL - Noticias<\/title>\n<meta name=\"robots\" content=\"index, follow, max-snippet:-1, max-image-preview:large, max-video-preview:-1\" \/>\n<link rel=\"canonical\" href=\"https:\/\/www.ull.es\/portal\/noticias\/2008\/la-ull-inaugura-las-segundas-ediciones-de-sus-msteres-en-comercio-exterior-y-direccin-y-planificacin-del-turismo\/\" \/>\n<meta property=\"og:locale\" content=\"es_ES\" \/>\n<meta property=\"og:type\" content=\"article\" \/>\n<meta property=\"og:title\" content=\"La ULL inaugura las segundas ediciones de sus m\u00e1steres en Comercio Exterior y Direcci\u00f3n y Planificaci\u00f3n del Turismo - ULL - Noticias\" \/>\n<meta property=\"og:description\" content=\"La Escuela Universitaria de Estudios Empresariales de la Universidad de La Laguna acogi&oacute; hoy lunes, 6 de octubre de 2008,...\" \/>\n<meta property=\"og:url\" content=\"https:\/\/www.ull.es\/portal\/noticias\/2008\/la-ull-inaugura-las-segundas-ediciones-de-sus-msteres-en-comercio-exterior-y-direccin-y-planificacin-del-turismo\/\" \/>\n<meta property=\"og:site_name\" content=\"ULL - Noticias\" \/>\n<meta property=\"article:publisher\" content=\"https:\/\/www.facebook.com\/universidaddelalaguna\/\" \/>\n<meta property=\"article:published_time\" content=\"2008-10-06T00:00:00+00:00\" \/>\n<meta property=\"og:image\" content=\"https:\/\/www.ull.es\/portal\/noticias\/wp-content\/uploads\/sites\/13\/2015\/07\/master_exterior.jpg\" \/>\n\t<meta property=\"og:image:width\" content=\"800\" \/>\n\t<meta property=\"og:image:height\" content=\"534\" \/>\n\t<meta property=\"og:image:type\" content=\"image\/jpeg\" \/>\n<meta name=\"author\" content=\"prensa2\" \/>\n<meta name=\"twitter:card\" content=\"summary_large_image\" \/>\n<meta name=\"twitter:creator\" content=\"@CanalULL\" \/>\n<meta name=\"twitter:site\" content=\"@CanalULL\" \/>\n<meta name=\"twitter:label1\" content=\"Escrito por\" \/>\n\t<meta name=\"twitter:data1\" content=\"prensa2\" \/>\n\t<meta name=\"twitter:label2\" content=\"Tiempo de lectura\" \/>\n\t<meta name=\"twitter:data2\" content=\"1 minuto\" \/>\n<script type=\"application\/ld+json\" class=\"yoast-schema-graph\">{\"@context\":\"https:\/\/schema.org\",\"@graph\":[{\"@type\":\"WebPage\",\"@id\":\"https:\/\/www.ull.es\/portal\/noticias\/2008\/la-ull-inaugura-las-segundas-ediciones-de-sus-msteres-en-comercio-exterior-y-direccin-y-planificacin-del-turismo\/\",\"url\":\"https:\/\/www.ull.es\/portal\/noticias\/2008\/la-ull-inaugura-las-segundas-ediciones-de-sus-msteres-en-comercio-exterior-y-direccin-y-planificacin-del-turismo\/\",\"name\":\"La ULL inaugura las segundas ediciones de sus m\u00e1steres en Comercio Exterior y Direcci\u00f3n y Planificaci\u00f3n del Turismo - ULL - Noticias\",\"isPartOf\":{\"@id\":\"https:\/\/www.ull.es\/portal\/noticias\/#website\"},\"datePublished\":\"2008-10-06T00:00:00+00:00\",\"dateModified\":\"2008-10-06T00:00:00+00:00\",\"author\":{\"@id\":\"https:\/\/www.ull.es\/portal\/noticias\/#\/schema\/person\/c3b2aa857797592927a03740d6664376\"},\"breadcrumb\":{\"@id\":\"https:\/\/www.ull.es\/portal\/noticias\/2008\/la-ull-inaugura-las-segundas-ediciones-de-sus-msteres-en-comercio-exterior-y-direccin-y-planificacin-del-turismo\/#breadcrumb\"},\"inLanguage\":\"es\",\"potentialAction\":[{\"@type\":\"ReadAction\",\"target\":[\"https:\/\/www.ull.es\/portal\/noticias\/2008\/la-ull-inaugura-las-segundas-ediciones-de-sus-msteres-en-comercio-exterior-y-direccin-y-planificacin-del-turismo\/\"]}]},{\"@type\":\"BreadcrumbList\",\"@id\":\"https:\/\/www.ull.es\/portal\/noticias\/2008\/la-ull-inaugura-las-segundas-ediciones-de-sus-msteres-en-comercio-exterior-y-direccin-y-planificacin-del-turismo\/#breadcrumb\",\"itemListElement\":[{\"@type\":\"ListItem\",\"position\":1,\"name\":\"Portada\",\"item\":\"https:\/\/www.ull.es\/portal\/noticias\/\"},{\"@type\":\"ListItem\",\"position\":2,\"name\":\"La ULL inaugura las segundas ediciones de sus m\u00e1steres en Comercio Exterior y Direcci\u00f3n y Planificaci\u00f3n del Turismo\"}]},{\"@type\":\"WebSite\",\"@id\":\"https:\/\/www.ull.es\/portal\/noticias\/#website\",\"url\":\"https:\/\/www.ull.es\/portal\/noticias\/\",\"name\":\"ULL - Noticias\",\"description\":\"\",\"potentialAction\":[{\"@type\":\"SearchAction\",\"target\":{\"@type\":\"EntryPoint\",\"urlTemplate\":\"https:\/\/www.ull.es\/portal\/noticias\/?s={search_term_string}\"},\"query-input\":\"required name=search_term_string\"}],\"inLanguage\":\"es\"},{\"@type\":\"Person\",\"@id\":\"https:\/\/www.ull.es\/portal\/noticias\/#\/schema\/person\/c3b2aa857797592927a03740d6664376\",\"name\":\"prensa2\",\"image\":{\"@type\":\"ImageObject\",\"inLanguage\":\"es\",\"@id\":\"https:\/\/www.ull.es\/portal\/noticias\/#\/schema\/person\/image\/\",\"url\":\"https:\/\/secure.gravatar.com\/avatar\/b58f310a5de5feb33d1e026d2493f23c?s=96&d=mm&r=g\",\"contentUrl\":\"https:\/\/secure.gravatar.com\/avatar\/b58f310a5de5feb33d1e026d2493f23c?s=96&d=mm&r=g\",\"caption\":\"prensa2\"},\"url\":\"https:\/\/www.ull.es\/portal\/noticias\/author\/prensa2\/\"}]}<\/script>\n<!-- \/ Yoast SEO plugin. -->","yoast_head_json":{"title":"La ULL inaugura las segundas ediciones de sus m\u00e1steres en Comercio Exterior y Direcci\u00f3n y Planificaci\u00f3n del Turismo - ULL - Noticias","robots":{"index":"index","follow":"follow","max-snippet":"max-snippet:-1","max-image-preview":"max-image-preview:large","max-video-preview":"max-video-preview:-1"},"canonical":"https:\/\/www.ull.es\/portal\/noticias\/2008\/la-ull-inaugura-las-segundas-ediciones-de-sus-msteres-en-comercio-exterior-y-direccin-y-planificacin-del-turismo\/","og_locale":"es_ES","og_type":"article","og_title":"La ULL inaugura las segundas ediciones de sus m\u00e1steres en Comercio Exterior y Direcci\u00f3n y Planificaci\u00f3n del Turismo - ULL - Noticias","og_description":"La Escuela Universitaria de Estudios Empresariales de la Universidad de La Laguna acogi&oacute; hoy lunes, 6 de octubre de 2008,...","og_url":"https:\/\/www.ull.es\/portal\/noticias\/2008\/la-ull-inaugura-las-segundas-ediciones-de-sus-msteres-en-comercio-exterior-y-direccin-y-planificacin-del-turismo\/","og_site_name":"ULL - Noticias","article_publisher":"https:\/\/www.facebook.com\/universidaddelalaguna\/","article_published_time":"2008-10-06T00:00:00+00:00","og_image":[{"width":800,"height":534,"url":"https:\/\/www.ull.es\/portal\/noticias\/wp-content\/uploads\/sites\/13\/2015\/07\/master_exterior.jpg","type":"image\/jpeg"}],"author":"prensa2","twitter_card":"summary_large_image","twitter_creator":"@CanalULL","twitter_site":"@CanalULL","twitter_misc":{"Escrito por":"prensa2","Tiempo de lectura":"1 minuto"},"schema":{"@context":"https:\/\/schema.org","@graph":[{"@type":"WebPage","@id":"https:\/\/www.ull.es\/portal\/noticias\/2008\/la-ull-inaugura-las-segundas-ediciones-de-sus-msteres-en-comercio-exterior-y-direccin-y-planificacin-del-turismo\/","url":"https:\/\/www.ull.es\/portal\/noticias\/2008\/la-ull-inaugura-las-segundas-ediciones-de-sus-msteres-en-comercio-exterior-y-direccin-y-planificacin-del-turismo\/","name":"La ULL inaugura las segundas ediciones de sus m\u00e1steres en Comercio Exterior y Direcci\u00f3n y Planificaci\u00f3n del Turismo - ULL - Noticias","isPartOf":{"@id":"https:\/\/www.ull.es\/portal\/noticias\/#website"},"datePublished":"2008-10-06T00:00:00+00:00","dateModified":"2008-10-06T00:00:00+00:00","author":{"@id":"https:\/\/www.ull.es\/portal\/noticias\/#\/schema\/person\/c3b2aa857797592927a03740d6664376"},"breadcrumb":{"@id":"https:\/\/www.ull.es\/portal\/noticias\/2008\/la-ull-inaugura-las-segundas-ediciones-de-sus-msteres-en-comercio-exterior-y-direccin-y-planificacin-del-turismo\/#breadcrumb"},"inLanguage":"es","potentialAction":[{"@type":"ReadAction","target":["https:\/\/www.ull.es\/portal\/noticias\/2008\/la-ull-inaugura-las-segundas-ediciones-de-sus-msteres-en-comercio-exterior-y-direccin-y-planificacin-del-turismo\/"]}]},{"@type":"BreadcrumbList","@id":"https:\/\/www.ull.es\/portal\/noticias\/2008\/la-ull-inaugura-las-segundas-ediciones-de-sus-msteres-en-comercio-exterior-y-direccin-y-planificacin-del-turismo\/#breadcrumb","itemListElement":[{"@type":"ListItem","position":1,"name":"Portada","item":"https:\/\/www.ull.es\/portal\/noticias\/"},{"@type":"ListItem","position":2,"name":"La ULL inaugura las segundas ediciones de sus m\u00e1steres en Comercio Exterior y Direcci\u00f3n y Planificaci\u00f3n del Turismo"}]},{"@type":"WebSite","@id":"https:\/\/www.ull.es\/portal\/noticias\/#website","url":"https:\/\/www.ull.es\/portal\/noticias\/","name":"ULL - Noticias","description":"","potentialAction":[{"@type":"SearchAction","target":{"@type":"EntryPoint","urlTemplate":"https:\/\/www.ull.es\/portal\/noticias\/?s={search_term_string}"},"query-input":"required name=search_term_string"}],"inLanguage":"es"},{"@type":"Person","@id":"https:\/\/www.ull.es\/portal\/noticias\/#\/schema\/person\/c3b2aa857797592927a03740d6664376","name":"prensa2","image":{"@type":"ImageObject","inLanguage":"es","@id":"https:\/\/www.ull.es\/portal\/noticias\/#\/schema\/person\/image\/","url":"https:\/\/secure.gravatar.com\/avatar\/b58f310a5de5feb33d1e026d2493f23c?s=96&d=mm&r=g","contentUrl":"https:\/\/secure.gravatar.com\/avatar\/b58f310a5de5feb33d1e026d2493f23c?s=96&d=mm&r=g","caption":"prensa2"},"url":"https:\/\/www.ull.es\/portal\/noticias\/author\/prensa2\/"}]}},"primary_category":null,"featured_image_thumbnail_url":"https:\/\/www.ull.es\/portal\/noticias\/wp-content\/uploads\/sites\/13\/2015\/07\/master_exterior-300x200.jpg","_links":{"self":[{"href":"https:\/\/www.ull.es\/portal\/noticias\/wp-json\/wp\/v2\/posts\/13604"}],"collection":[{"href":"https:\/\/www.ull.es\/portal\/noticias\/wp-json\/wp\/v2\/posts"}],"about":[{"href":"https:\/\/www.ull.es\/portal\/noticias\/wp-json\/wp\/v2\/types\/post"}],"author":[{"embeddable":true,"href":"https:\/\/www.ull.es\/portal\/noticias\/wp-json\/wp\/v2\/users\/21"}],"replies":[{"embeddable":true,"href":"https:\/\/www.ull.es\/portal\/noticias\/wp-json\/wp\/v2\/comments?post=13604"}],"version-history":[{"count":0,"href":"https:\/\/www.ull.es\/portal\/noticias\/wp-json\/wp\/v2\/posts\/13604\/revisions"}],"wp:featuredmedia":[{"embeddable":true,"href":"https:\/\/www.ull.es\/portal\/noticias\/wp-json\/wp\/v2\/media\/13605"}],"wp:attachment":[{"href":"https:\/\/www.ull.es\/portal\/noticias\/wp-json\/wp\/v2\/media?parent=13604"}],"wp:term":[{"taxonomy":"category","embeddable":true,"href":"https:\/\/www.ull.es\/portal\/noticias\/wp-json\/wp\/v2\/categories?post=13604"},{"taxonomy":"post_tag","embeddable":true,"href":"https:\/\/www.ull.es\/portal\/noticias\/wp-json\/wp\/v2\/tags?post=13604"}],"curies":[{"name":"wp","href":"https:\/\/api.w.org\/{rel}","templated":true}]}}