{"id":13606,"date":"2008-10-10T00:00:00","date_gmt":"2008-10-10T00:00:00","guid":{"rendered":"http:\/\/ddigital.webs.ull.es\/la-ull-acoge-hoy-lasjornadas-regionales-de-sensibilizacin-medios-de-comunicacin-y-violencia-degnero\/"},"modified":"2008-10-10T00:00:00","modified_gmt":"2008-10-10T00:00:00","slug":"la-ull-acoge-hoy-lasjornadas-regionales-de-sensibilizacin-medios-de-comunicacin-y-violencia-degnero","status":"publish","type":"post","link":"https:\/\/www.ull.es\/portal\/noticias\/2008\/la-ull-acoge-hoy-lasjornadas-regionales-de-sensibilizacin-medios-de-comunicacin-y-violencia-degnero\/","title":{"rendered":"La ULL acoge hoy lasjornadas regionales de sensibilizaci\u00f3n &#8216;Medios de Comunicaci\u00f3n y Violencia deG\u00e9nero\u00bb"},"content":{"rendered":"<p>Las jornadas regionales de sensibilizaci&oacute;n Medios de Comunicaci&oacute;n y Violencia de G&eacute;nero se presentaron ayer en la Consejer&iacute;a de Bienestar Social, Juventud y Vivienda del Gobierno de Canarias con la presencia de la vicerrectora de Relaciones Universidad y Sociedad de la Universidad de La Laguna, M Gracia Rodr&iacute;guez Brito, y la directora del Instituto Canario de la Mujer, Isabel de Luis.<\/p>\n<p><P>Rodr&iacute;guez agradeci&oacute; que la celebraci&oacute;n de estas jornadas tengan lugar en la Universidad de La Laguna y m&aacute;s concretamente en la Facultad de Ciencias de la Informaci&oacute;n. Asimismo, a&ntilde;adi&oacute; que se trata sin duda del marco id&oacute;neo para analizar cu&aacute;l debe ser el adecuado tratamiento informativo que hay que darle a una lacra social como es la violencia de g&eacute;nero. El estudio de los mensajes y del proceso de conformaci&oacute;n de la opini&oacute;n p&uacute;blica es una herramienta clave para cambiar la actual situaci&oacute;n de agresi&oacute;n a las mujeres, en contextos muy diferentes.<\/P><P>Tambi&eacute;n quiso a&ntilde;adir que el cambio no vendr&aacute; solo. Es necesaria la implicaci&oacute;n de los poderes p&uacute;blicos, pero tambi&eacute;n lo es la de los miles de j&oacute;venes que habr&aacute;n de adoptar nuevos valores y nuevos roles para relacionarse entre g&eacute;neros y crear sociedades m&aacute;s justas y equilibradas. En este punto, la traslaci&oacute;n de este mensaje al entorno universitario resulta fundamental.<\/P><P>Por otro lado, la Universidad de La Laguna no es ajena a esta situaci&oacute;n. Desde hace muchos a&ntilde;os cuenta con un Centro de Estudios de la Mujer, que muy recientemente ha logrado el estatus de instituto investigador, pasando a llamarse Instituto Universitario de Estudios de las Mujeres. <\/P><P>A trav&eacute;s de este instituto se vertebra buena parte de la producci&oacute;n cient&iacute;fica de la Universidad de La Laguna, tanto desde el &aacute;mbito de la filosof&iacute;a como de la psicolog&iacute;a. Y de este grupo de investigadoras ha salido la revista cient&iacute;fica Clepsydra, una publicaci&oacute;n que se distribuye a muchas universidades del territorio nacional.<\/P><P>Las jornadas tendr&aacute;n lugar el 10 y el 11 de octubre en la Facultad de Ciencias de la Informaci&oacute;n y toda la informaci&oacute;n relativa a estos d&iacute;as la podr&aacute;n consultar en el siguiente enlace: <a href=\"http:\/\/www.ull.es\/portal\/viewcontent.aspx?id=877748\" target=\"_blank\" rel=\"noopener\">http:\/\/www.ull.es\/portal\/viewcontent.aspx?id=877748<\/A> <BR><\/P><\/p>\n","protected":false},"excerpt":{"rendered":"<p>Las jornadas regionales de sensibilizaci&oacute;n Medios de Comunicaci&oacute;n y Violencia de G&eacute;nero se presentaron ayer en la Consejer&iacute;a de Bienestar&#8230;<\/p>\n","protected":false},"author":21,"featured_media":13607,"comment_status":"open","ping_status":"open","sticky":false,"template":"","format":"standard","meta":{"inline_featured_image":false,"footnotes":""},"categories":[346],"tags":[],"acf":[],"yoast_head":"<!-- This site is optimized with the Yoast SEO plugin v21.3 - https:\/\/yoast.com\/wordpress\/plugins\/seo\/ -->\n<title>La ULL acoge hoy lasjornadas regionales de sensibilizaci\u00f3n &#039;Medios de Comunicaci\u00f3n y Violencia deG\u00e9nero&quot; - ULL - Noticias<\/title>\n<meta name=\"robots\" content=\"index, follow, max-snippet:-1, max-image-preview:large, max-video-preview:-1\" \/>\n<link rel=\"canonical\" href=\"https:\/\/www.ull.es\/portal\/noticias\/2008\/la-ull-acoge-hoy-lasjornadas-regionales-de-sensibilizacin-medios-de-comunicacin-y-violencia-degnero\/\" \/>\n<meta property=\"og:locale\" content=\"es_ES\" \/>\n<meta property=\"og:type\" content=\"article\" \/>\n<meta property=\"og:title\" content=\"La ULL acoge hoy lasjornadas regionales de sensibilizaci\u00f3n &#039;Medios de Comunicaci\u00f3n y Violencia deG\u00e9nero&quot; - ULL - Noticias\" \/>\n<meta property=\"og:description\" content=\"Las jornadas regionales de sensibilizaci&oacute;n Medios de Comunicaci&oacute;n y Violencia de G&eacute;nero se presentaron ayer en la Consejer&iacute;a de Bienestar...\" \/>\n<meta property=\"og:url\" content=\"https:\/\/www.ull.es\/portal\/noticias\/2008\/la-ull-acoge-hoy-lasjornadas-regionales-de-sensibilizacin-medios-de-comunicacin-y-violencia-degnero\/\" \/>\n<meta property=\"og:site_name\" content=\"ULL - Noticias\" \/>\n<meta property=\"article:publisher\" content=\"https:\/\/www.facebook.com\/universidaddelalaguna\/\" \/>\n<meta property=\"article:published_time\" content=\"2008-10-10T00:00:00+00:00\" \/>\n<meta property=\"og:image\" content=\"https:\/\/www.ull.es\/portal\/noticias\/wp-content\/uploads\/sites\/13\/2015\/07\/violencia_genero.jpg\" \/>\n\t<meta property=\"og:image:width\" content=\"800\" \/>\n\t<meta property=\"og:image:height\" content=\"533\" \/>\n\t<meta property=\"og:image:type\" content=\"image\/jpeg\" \/>\n<meta name=\"author\" content=\"prensa2\" \/>\n<meta name=\"twitter:card\" content=\"summary_large_image\" \/>\n<meta name=\"twitter:creator\" content=\"@CanalULL\" \/>\n<meta name=\"twitter:site\" content=\"@CanalULL\" \/>\n<meta name=\"twitter:label1\" content=\"Escrito por\" \/>\n\t<meta name=\"twitter:data1\" content=\"prensa2\" \/>\n\t<meta name=\"twitter:label2\" content=\"Tiempo de lectura\" \/>\n\t<meta name=\"twitter:data2\" content=\"2 minutos\" \/>\n<script type=\"application\/ld+json\" class=\"yoast-schema-graph\">{\"@context\":\"https:\/\/schema.org\",\"@graph\":[{\"@type\":\"WebPage\",\"@id\":\"https:\/\/www.ull.es\/portal\/noticias\/2008\/la-ull-acoge-hoy-lasjornadas-regionales-de-sensibilizacin-medios-de-comunicacin-y-violencia-degnero\/\",\"url\":\"https:\/\/www.ull.es\/portal\/noticias\/2008\/la-ull-acoge-hoy-lasjornadas-regionales-de-sensibilizacin-medios-de-comunicacin-y-violencia-degnero\/\",\"name\":\"La ULL acoge hoy lasjornadas regionales de sensibilizaci\u00f3n 'Medios de Comunicaci\u00f3n y Violencia deG\u00e9nero\\\" - ULL - Noticias\",\"isPartOf\":{\"@id\":\"https:\/\/www.ull.es\/portal\/noticias\/#website\"},\"datePublished\":\"2008-10-10T00:00:00+00:00\",\"dateModified\":\"2008-10-10T00:00:00+00:00\",\"author\":{\"@id\":\"https:\/\/www.ull.es\/portal\/noticias\/#\/schema\/person\/c3b2aa857797592927a03740d6664376\"},\"breadcrumb\":{\"@id\":\"https:\/\/www.ull.es\/portal\/noticias\/2008\/la-ull-acoge-hoy-lasjornadas-regionales-de-sensibilizacin-medios-de-comunicacin-y-violencia-degnero\/#breadcrumb\"},\"inLanguage\":\"es\",\"potentialAction\":[{\"@type\":\"ReadAction\",\"target\":[\"https:\/\/www.ull.es\/portal\/noticias\/2008\/la-ull-acoge-hoy-lasjornadas-regionales-de-sensibilizacin-medios-de-comunicacin-y-violencia-degnero\/\"]}]},{\"@type\":\"BreadcrumbList\",\"@id\":\"https:\/\/www.ull.es\/portal\/noticias\/2008\/la-ull-acoge-hoy-lasjornadas-regionales-de-sensibilizacin-medios-de-comunicacin-y-violencia-degnero\/#breadcrumb\",\"itemListElement\":[{\"@type\":\"ListItem\",\"position\":1,\"name\":\"Portada\",\"item\":\"https:\/\/www.ull.es\/portal\/noticias\/\"},{\"@type\":\"ListItem\",\"position\":2,\"name\":\"La ULL acoge hoy lasjornadas regionales de sensibilizaci\u00f3n &#8216;Medios de Comunicaci\u00f3n y Violencia deG\u00e9nero\u00bb\"}]},{\"@type\":\"WebSite\",\"@id\":\"https:\/\/www.ull.es\/portal\/noticias\/#website\",\"url\":\"https:\/\/www.ull.es\/portal\/noticias\/\",\"name\":\"ULL - Noticias\",\"description\":\"\",\"potentialAction\":[{\"@type\":\"SearchAction\",\"target\":{\"@type\":\"EntryPoint\",\"urlTemplate\":\"https:\/\/www.ull.es\/portal\/noticias\/?s={search_term_string}\"},\"query-input\":\"required name=search_term_string\"}],\"inLanguage\":\"es\"},{\"@type\":\"Person\",\"@id\":\"https:\/\/www.ull.es\/portal\/noticias\/#\/schema\/person\/c3b2aa857797592927a03740d6664376\",\"name\":\"prensa2\",\"image\":{\"@type\":\"ImageObject\",\"inLanguage\":\"es\",\"@id\":\"https:\/\/www.ull.es\/portal\/noticias\/#\/schema\/person\/image\/\",\"url\":\"https:\/\/secure.gravatar.com\/avatar\/b58f310a5de5feb33d1e026d2493f23c?s=96&d=mm&r=g\",\"contentUrl\":\"https:\/\/secure.gravatar.com\/avatar\/b58f310a5de5feb33d1e026d2493f23c?s=96&d=mm&r=g\",\"caption\":\"prensa2\"},\"url\":\"https:\/\/www.ull.es\/portal\/noticias\/author\/prensa2\/\"}]}<\/script>\n<!-- \/ Yoast SEO plugin. -->","yoast_head_json":{"title":"La ULL acoge hoy lasjornadas regionales de sensibilizaci\u00f3n 'Medios de Comunicaci\u00f3n y Violencia deG\u00e9nero\" - ULL - Noticias","robots":{"index":"index","follow":"follow","max-snippet":"max-snippet:-1","max-image-preview":"max-image-preview:large","max-video-preview":"max-video-preview:-1"},"canonical":"https:\/\/www.ull.es\/portal\/noticias\/2008\/la-ull-acoge-hoy-lasjornadas-regionales-de-sensibilizacin-medios-de-comunicacin-y-violencia-degnero\/","og_locale":"es_ES","og_type":"article","og_title":"La ULL acoge hoy lasjornadas regionales de sensibilizaci\u00f3n 'Medios de Comunicaci\u00f3n y Violencia deG\u00e9nero\" - ULL - Noticias","og_description":"Las jornadas regionales de sensibilizaci&oacute;n Medios de Comunicaci&oacute;n y Violencia de G&eacute;nero se presentaron ayer en la Consejer&iacute;a de Bienestar...","og_url":"https:\/\/www.ull.es\/portal\/noticias\/2008\/la-ull-acoge-hoy-lasjornadas-regionales-de-sensibilizacin-medios-de-comunicacin-y-violencia-degnero\/","og_site_name":"ULL - Noticias","article_publisher":"https:\/\/www.facebook.com\/universidaddelalaguna\/","article_published_time":"2008-10-10T00:00:00+00:00","og_image":[{"width":800,"height":533,"url":"https:\/\/www.ull.es\/portal\/noticias\/wp-content\/uploads\/sites\/13\/2015\/07\/violencia_genero.jpg","type":"image\/jpeg"}],"author":"prensa2","twitter_card":"summary_large_image","twitter_creator":"@CanalULL","twitter_site":"@CanalULL","twitter_misc":{"Escrito por":"prensa2","Tiempo de lectura":"2 minutos"},"schema":{"@context":"https:\/\/schema.org","@graph":[{"@type":"WebPage","@id":"https:\/\/www.ull.es\/portal\/noticias\/2008\/la-ull-acoge-hoy-lasjornadas-regionales-de-sensibilizacin-medios-de-comunicacin-y-violencia-degnero\/","url":"https:\/\/www.ull.es\/portal\/noticias\/2008\/la-ull-acoge-hoy-lasjornadas-regionales-de-sensibilizacin-medios-de-comunicacin-y-violencia-degnero\/","name":"La ULL acoge hoy lasjornadas regionales de sensibilizaci\u00f3n 'Medios de Comunicaci\u00f3n y Violencia deG\u00e9nero\" - ULL - Noticias","isPartOf":{"@id":"https:\/\/www.ull.es\/portal\/noticias\/#website"},"datePublished":"2008-10-10T00:00:00+00:00","dateModified":"2008-10-10T00:00:00+00:00","author":{"@id":"https:\/\/www.ull.es\/portal\/noticias\/#\/schema\/person\/c3b2aa857797592927a03740d6664376"},"breadcrumb":{"@id":"https:\/\/www.ull.es\/portal\/noticias\/2008\/la-ull-acoge-hoy-lasjornadas-regionales-de-sensibilizacin-medios-de-comunicacin-y-violencia-degnero\/#breadcrumb"},"inLanguage":"es","potentialAction":[{"@type":"ReadAction","target":["https:\/\/www.ull.es\/portal\/noticias\/2008\/la-ull-acoge-hoy-lasjornadas-regionales-de-sensibilizacin-medios-de-comunicacin-y-violencia-degnero\/"]}]},{"@type":"BreadcrumbList","@id":"https:\/\/www.ull.es\/portal\/noticias\/2008\/la-ull-acoge-hoy-lasjornadas-regionales-de-sensibilizacin-medios-de-comunicacin-y-violencia-degnero\/#breadcrumb","itemListElement":[{"@type":"ListItem","position":1,"name":"Portada","item":"https:\/\/www.ull.es\/portal\/noticias\/"},{"@type":"ListItem","position":2,"name":"La ULL acoge hoy lasjornadas regionales de sensibilizaci\u00f3n &#8216;Medios de Comunicaci\u00f3n y Violencia deG\u00e9nero\u00bb"}]},{"@type":"WebSite","@id":"https:\/\/www.ull.es\/portal\/noticias\/#website","url":"https:\/\/www.ull.es\/portal\/noticias\/","name":"ULL - Noticias","description":"","potentialAction":[{"@type":"SearchAction","target":{"@type":"EntryPoint","urlTemplate":"https:\/\/www.ull.es\/portal\/noticias\/?s={search_term_string}"},"query-input":"required name=search_term_string"}],"inLanguage":"es"},{"@type":"Person","@id":"https:\/\/www.ull.es\/portal\/noticias\/#\/schema\/person\/c3b2aa857797592927a03740d6664376","name":"prensa2","image":{"@type":"ImageObject","inLanguage":"es","@id":"https:\/\/www.ull.es\/portal\/noticias\/#\/schema\/person\/image\/","url":"https:\/\/secure.gravatar.com\/avatar\/b58f310a5de5feb33d1e026d2493f23c?s=96&d=mm&r=g","contentUrl":"https:\/\/secure.gravatar.com\/avatar\/b58f310a5de5feb33d1e026d2493f23c?s=96&d=mm&r=g","caption":"prensa2"},"url":"https:\/\/www.ull.es\/portal\/noticias\/author\/prensa2\/"}]}},"primary_category":null,"featured_image_thumbnail_url":"https:\/\/www.ull.es\/portal\/noticias\/wp-content\/uploads\/sites\/13\/2015\/07\/violencia_genero-300x200.jpg","_links":{"self":[{"href":"https:\/\/www.ull.es\/portal\/noticias\/wp-json\/wp\/v2\/posts\/13606"}],"collection":[{"href":"https:\/\/www.ull.es\/portal\/noticias\/wp-json\/wp\/v2\/posts"}],"about":[{"href":"https:\/\/www.ull.es\/portal\/noticias\/wp-json\/wp\/v2\/types\/post"}],"author":[{"embeddable":true,"href":"https:\/\/www.ull.es\/portal\/noticias\/wp-json\/wp\/v2\/users\/21"}],"replies":[{"embeddable":true,"href":"https:\/\/www.ull.es\/portal\/noticias\/wp-json\/wp\/v2\/comments?post=13606"}],"version-history":[{"count":0,"href":"https:\/\/www.ull.es\/portal\/noticias\/wp-json\/wp\/v2\/posts\/13606\/revisions"}],"wp:featuredmedia":[{"embeddable":true,"href":"https:\/\/www.ull.es\/portal\/noticias\/wp-json\/wp\/v2\/media\/13607"}],"wp:attachment":[{"href":"https:\/\/www.ull.es\/portal\/noticias\/wp-json\/wp\/v2\/media?parent=13606"}],"wp:term":[{"taxonomy":"category","embeddable":true,"href":"https:\/\/www.ull.es\/portal\/noticias\/wp-json\/wp\/v2\/categories?post=13606"},{"taxonomy":"post_tag","embeddable":true,"href":"https:\/\/www.ull.es\/portal\/noticias\/wp-json\/wp\/v2\/tags?post=13606"}],"curies":[{"name":"wp","href":"https:\/\/api.w.org\/{rel}","templated":true}]}}