{"id":13608,"date":"2008-10-14T00:00:00","date_gmt":"2008-10-14T00:00:00","guid":{"rendered":"http:\/\/ddigital.webs.ull.es\/la-facultad-de-psicologa-crea-una-cinemateca-que-relacionar-su-rea-de-conocimiento-y-el-audiovisual\/"},"modified":"2008-10-14T00:00:00","modified_gmt":"2008-10-14T00:00:00","slug":"la-facultad-de-psicologa-crea-una-cinemateca-que-relacionar-su-rea-de-conocimiento-y-el-audiovisual","status":"publish","type":"post","link":"https:\/\/www.ull.es\/portal\/noticias\/2008\/la-facultad-de-psicologa-crea-una-cinemateca-que-relacionar-su-rea-de-conocimiento-y-el-audiovisual\/","title":{"rendered":"La Facultad de Psicolog\u00eda crea una cinemateca que relacionar\u00e1 su \u00e1rea de conocimiento y el audiovisual"},"content":{"rendered":"<p>La Facultad de Psicolog&iacute;a de la Universidad de La Laguna ha puesto en marcha un nuevo proyecto de cinemateca, con el objetivo de promocionar la relaci&oacute;n y conexi&oacute;n entre el curr&iacute;culo acad&eacute;mico de psicolog&iacute;a y la producci&oacute;n audiovisual externa relacionada. De este modo, se pretende ampliar y enriquecer la formaci&oacute;n integral que recibe tanto el alumnado como el profesorado y otros colaboradores de la instituci&oacute;n.<\/p>\n<p><P>Esta nueva iniciativa desarrollar&aacute; sesiones individuales o ciclos tem&aacute;ticos, tanto regulares como puntuales, donde los contenidos audiovisuales sean parte central del argumento de an&aacute;lisis y discusi&oacute;n sobre distintos aspectos de la psicolog&iacute;a en toda su diversidad. <\/P><P>Seg&uacute;n su coordinador, Pedro Javier Casta&ntilde;eda Garc&iacute;a, se toma como modelo inicial los dos seminarios titulados Claves psicoevolutivas de la vida adulta a trav&eacute;s del cine, celebraron en el Aula Magna de Guajara y en la Facultad de Psicolog&iacute;a en los a&ntilde;os 1999 y 2001, respectivamente, y que trataron diferentes momentos del desarrollo evolutivo a lo largo de la vida, donde el alumnado participaba relacionando y conectando la teor&iacute;a o modelos sobre un asunto concreto con el ejemplo audiovisual exhibido en cada sesi&oacute;n. <\/P><P><STRONG>Curso interdisciplinar<\/STRONG><\/P><P>La actividad m&aacute;s inmediata de la cinemateca de la Facultad de Psicolog&iacute;a comenzar&aacute; el pr&oacute;ximo d&iacute;a 17 de octubre, con el II m&oacute;dulo del Curso Interdisciplinar del Vicerrectorado de Relaciones Universidad y Sociedad titulado Claves psicosociales del mundo actual a trav&eacute;s del cine, dirigido por el propio Casta&ntilde;eda y Elena G&aacute;mez Armas, profesora del mismo centro.<\/P><P>Las sesiones comenzar&aacute;n el viernes 17, con la ponencia Emigraci&oacute;n y desarraigo a cargo de Vicente Zapata Hern&aacute;ndez, profesor titular de Geograf&iacute;a Humana en la ULL, y continuar&aacute; el 31 del mismo mes, con Adolescencia prolongada, a cargo de Elena Conde Miranda, profesora titular del Departamento de Psicolog&iacute;a Evolutiva y de la Educaci&oacute;n de la ULL.<\/P><P>El 7 de noviembre Rosario Cejas M&eacute;ndez, m&eacute;dico adjunta del Servicio de Psiquiatr&iacute;a del Hospital Universitario de Canarias abordar&aacute; el tema Esquizofrenia y genialidad, y el 14 del mismo mes, el asunto abordado ser&aacute; Ley, justicia y psicolog&iacute;a, a cargo del psicoterapeuta Domingo Quintana Hern&aacute;ndez, psicoterapeuta. <\/P><P>Las sesiones del mes de noviembre concluyen el d&iacute;a 21 con la conferencia Dependencia y Alzheimer, por Asunci&oacute;n C&iacute;vicos Ju&aacute;rez, profesora de la Facultad de Ciencias Pol&iacute;ticas y Sociales de la ULL. El curso finalizar&aacute; el 12 de diciembre con el la ponencia Longevidad e inmortalidad humana, dictada por Pedro Javier Casta&ntilde;eda.<\/P><P>Otro proyecto futuro de la cinemateca de la Facultad de Psicolog&iacute;a es realizar un peque&ntilde;o homenaje al director de cine portugu&eacute;s Manoel de Oliveira, quien cumplir&aacute; 100 a&ntilde;os en activo el pr&oacute;ximo mes de diciembre, con algunas de sus pel&iacute;culas donde la psicolog&iacute;a de las relaciones humanas es el tema central. Tambi&eacute;n se baraja la posibilidad de crear alguna publicaci&oacute;n que recoja los contenidos de las actividades con mayor inter&eacute;s celebradas en este nuevo espacio cultural, abierto a todas las personas interesadas.<\/P><\/p>\n","protected":false},"excerpt":{"rendered":"<p>La Facultad de Psicolog&iacute;a de la Universidad de La Laguna ha puesto en marcha un nuevo proyecto de cinemateca, con&#8230;<\/p>\n","protected":false},"author":21,"featured_media":0,"comment_status":"open","ping_status":"open","sticky":false,"template":"","format":"standard","meta":{"inline_featured_image":false,"footnotes":""},"categories":[346],"tags":[],"acf":[],"yoast_head":"<!-- This site is optimized with the Yoast SEO plugin v21.3 - https:\/\/yoast.com\/wordpress\/plugins\/seo\/ -->\n<title>La Facultad de Psicolog\u00eda crea una cinemateca que relacionar\u00e1 su \u00e1rea de conocimiento y el audiovisual - ULL - Noticias<\/title>\n<meta name=\"robots\" content=\"index, follow, max-snippet:-1, max-image-preview:large, max-video-preview:-1\" \/>\n<link rel=\"canonical\" href=\"https:\/\/www.ull.es\/portal\/noticias\/2008\/la-facultad-de-psicologa-crea-una-cinemateca-que-relacionar-su-rea-de-conocimiento-y-el-audiovisual\/\" \/>\n<meta property=\"og:locale\" content=\"es_ES\" \/>\n<meta property=\"og:type\" content=\"article\" \/>\n<meta property=\"og:title\" content=\"La Facultad de Psicolog\u00eda crea una cinemateca que relacionar\u00e1 su \u00e1rea de conocimiento y el audiovisual - ULL - Noticias\" \/>\n<meta property=\"og:description\" content=\"La Facultad de Psicolog&iacute;a de la Universidad de La Laguna ha puesto en marcha un nuevo proyecto de cinemateca, con...\" \/>\n<meta property=\"og:url\" content=\"https:\/\/www.ull.es\/portal\/noticias\/2008\/la-facultad-de-psicologa-crea-una-cinemateca-que-relacionar-su-rea-de-conocimiento-y-el-audiovisual\/\" \/>\n<meta property=\"og:site_name\" content=\"ULL - Noticias\" \/>\n<meta property=\"article:publisher\" content=\"https:\/\/www.facebook.com\/universidaddelalaguna\/\" \/>\n<meta property=\"article:published_time\" content=\"2008-10-14T00:00:00+00:00\" \/>\n<meta property=\"og:image\" content=\"https:\/\/www.ull.es\/portal\/noticias\/wp-content\/uploads\/sites\/13\/2023\/06\/logo-redimensionado.png\" \/>\n\t<meta property=\"og:image:width\" content=\"1200\" \/>\n\t<meta property=\"og:image:height\" content=\"630\" \/>\n\t<meta property=\"og:image:type\" content=\"image\/png\" \/>\n<meta name=\"author\" content=\"prensa2\" \/>\n<meta name=\"twitter:card\" content=\"summary_large_image\" \/>\n<meta name=\"twitter:creator\" content=\"@CanalULL\" \/>\n<meta name=\"twitter:site\" content=\"@CanalULL\" \/>\n<meta name=\"twitter:label1\" content=\"Escrito por\" \/>\n\t<meta name=\"twitter:data1\" content=\"prensa2\" \/>\n\t<meta name=\"twitter:label2\" content=\"Tiempo de lectura\" \/>\n\t<meta name=\"twitter:data2\" content=\"3 minutos\" \/>\n<script type=\"application\/ld+json\" class=\"yoast-schema-graph\">{\"@context\":\"https:\/\/schema.org\",\"@graph\":[{\"@type\":\"WebPage\",\"@id\":\"https:\/\/www.ull.es\/portal\/noticias\/2008\/la-facultad-de-psicologa-crea-una-cinemateca-que-relacionar-su-rea-de-conocimiento-y-el-audiovisual\/\",\"url\":\"https:\/\/www.ull.es\/portal\/noticias\/2008\/la-facultad-de-psicologa-crea-una-cinemateca-que-relacionar-su-rea-de-conocimiento-y-el-audiovisual\/\",\"name\":\"La Facultad de Psicolog\u00eda crea una cinemateca que relacionar\u00e1 su \u00e1rea de conocimiento y el audiovisual - ULL - Noticias\",\"isPartOf\":{\"@id\":\"https:\/\/www.ull.es\/portal\/noticias\/#website\"},\"datePublished\":\"2008-10-14T00:00:00+00:00\",\"dateModified\":\"2008-10-14T00:00:00+00:00\",\"author\":{\"@id\":\"https:\/\/www.ull.es\/portal\/noticias\/#\/schema\/person\/c3b2aa857797592927a03740d6664376\"},\"breadcrumb\":{\"@id\":\"https:\/\/www.ull.es\/portal\/noticias\/2008\/la-facultad-de-psicologa-crea-una-cinemateca-que-relacionar-su-rea-de-conocimiento-y-el-audiovisual\/#breadcrumb\"},\"inLanguage\":\"es\",\"potentialAction\":[{\"@type\":\"ReadAction\",\"target\":[\"https:\/\/www.ull.es\/portal\/noticias\/2008\/la-facultad-de-psicologa-crea-una-cinemateca-que-relacionar-su-rea-de-conocimiento-y-el-audiovisual\/\"]}]},{\"@type\":\"BreadcrumbList\",\"@id\":\"https:\/\/www.ull.es\/portal\/noticias\/2008\/la-facultad-de-psicologa-crea-una-cinemateca-que-relacionar-su-rea-de-conocimiento-y-el-audiovisual\/#breadcrumb\",\"itemListElement\":[{\"@type\":\"ListItem\",\"position\":1,\"name\":\"Portada\",\"item\":\"https:\/\/www.ull.es\/portal\/noticias\/\"},{\"@type\":\"ListItem\",\"position\":2,\"name\":\"La Facultad de Psicolog\u00eda crea una cinemateca que relacionar\u00e1 su \u00e1rea de conocimiento y el audiovisual\"}]},{\"@type\":\"WebSite\",\"@id\":\"https:\/\/www.ull.es\/portal\/noticias\/#website\",\"url\":\"https:\/\/www.ull.es\/portal\/noticias\/\",\"name\":\"ULL - Noticias\",\"description\":\"\",\"potentialAction\":[{\"@type\":\"SearchAction\",\"target\":{\"@type\":\"EntryPoint\",\"urlTemplate\":\"https:\/\/www.ull.es\/portal\/noticias\/?s={search_term_string}\"},\"query-input\":\"required name=search_term_string\"}],\"inLanguage\":\"es\"},{\"@type\":\"Person\",\"@id\":\"https:\/\/www.ull.es\/portal\/noticias\/#\/schema\/person\/c3b2aa857797592927a03740d6664376\",\"name\":\"prensa2\",\"image\":{\"@type\":\"ImageObject\",\"inLanguage\":\"es\",\"@id\":\"https:\/\/www.ull.es\/portal\/noticias\/#\/schema\/person\/image\/\",\"url\":\"https:\/\/secure.gravatar.com\/avatar\/b58f310a5de5feb33d1e026d2493f23c?s=96&d=mm&r=g\",\"contentUrl\":\"https:\/\/secure.gravatar.com\/avatar\/b58f310a5de5feb33d1e026d2493f23c?s=96&d=mm&r=g\",\"caption\":\"prensa2\"},\"url\":\"https:\/\/www.ull.es\/portal\/noticias\/author\/prensa2\/\"}]}<\/script>\n<!-- \/ Yoast SEO plugin. -->","yoast_head_json":{"title":"La Facultad de Psicolog\u00eda crea una cinemateca que relacionar\u00e1 su \u00e1rea de conocimiento y el audiovisual - ULL - Noticias","robots":{"index":"index","follow":"follow","max-snippet":"max-snippet:-1","max-image-preview":"max-image-preview:large","max-video-preview":"max-video-preview:-1"},"canonical":"https:\/\/www.ull.es\/portal\/noticias\/2008\/la-facultad-de-psicologa-crea-una-cinemateca-que-relacionar-su-rea-de-conocimiento-y-el-audiovisual\/","og_locale":"es_ES","og_type":"article","og_title":"La Facultad de Psicolog\u00eda crea una cinemateca que relacionar\u00e1 su \u00e1rea de conocimiento y el audiovisual - ULL - Noticias","og_description":"La Facultad de Psicolog&iacute;a de la Universidad de La Laguna ha puesto en marcha un nuevo proyecto de cinemateca, con...","og_url":"https:\/\/www.ull.es\/portal\/noticias\/2008\/la-facultad-de-psicologa-crea-una-cinemateca-que-relacionar-su-rea-de-conocimiento-y-el-audiovisual\/","og_site_name":"ULL - Noticias","article_publisher":"https:\/\/www.facebook.com\/universidaddelalaguna\/","article_published_time":"2008-10-14T00:00:00+00:00","og_image":[{"width":1200,"height":630,"url":"https:\/\/www.ull.es\/portal\/noticias\/wp-content\/uploads\/sites\/13\/2023\/06\/logo-redimensionado.png","type":"image\/png"}],"author":"prensa2","twitter_card":"summary_large_image","twitter_creator":"@CanalULL","twitter_site":"@CanalULL","twitter_misc":{"Escrito por":"prensa2","Tiempo de lectura":"3 minutos"},"schema":{"@context":"https:\/\/schema.org","@graph":[{"@type":"WebPage","@id":"https:\/\/www.ull.es\/portal\/noticias\/2008\/la-facultad-de-psicologa-crea-una-cinemateca-que-relacionar-su-rea-de-conocimiento-y-el-audiovisual\/","url":"https:\/\/www.ull.es\/portal\/noticias\/2008\/la-facultad-de-psicologa-crea-una-cinemateca-que-relacionar-su-rea-de-conocimiento-y-el-audiovisual\/","name":"La Facultad de Psicolog\u00eda crea una cinemateca que relacionar\u00e1 su \u00e1rea de conocimiento y el audiovisual - ULL - Noticias","isPartOf":{"@id":"https:\/\/www.ull.es\/portal\/noticias\/#website"},"datePublished":"2008-10-14T00:00:00+00:00","dateModified":"2008-10-14T00:00:00+00:00","author":{"@id":"https:\/\/www.ull.es\/portal\/noticias\/#\/schema\/person\/c3b2aa857797592927a03740d6664376"},"breadcrumb":{"@id":"https:\/\/www.ull.es\/portal\/noticias\/2008\/la-facultad-de-psicologa-crea-una-cinemateca-que-relacionar-su-rea-de-conocimiento-y-el-audiovisual\/#breadcrumb"},"inLanguage":"es","potentialAction":[{"@type":"ReadAction","target":["https:\/\/www.ull.es\/portal\/noticias\/2008\/la-facultad-de-psicologa-crea-una-cinemateca-que-relacionar-su-rea-de-conocimiento-y-el-audiovisual\/"]}]},{"@type":"BreadcrumbList","@id":"https:\/\/www.ull.es\/portal\/noticias\/2008\/la-facultad-de-psicologa-crea-una-cinemateca-que-relacionar-su-rea-de-conocimiento-y-el-audiovisual\/#breadcrumb","itemListElement":[{"@type":"ListItem","position":1,"name":"Portada","item":"https:\/\/www.ull.es\/portal\/noticias\/"},{"@type":"ListItem","position":2,"name":"La Facultad de Psicolog\u00eda crea una cinemateca que relacionar\u00e1 su \u00e1rea de conocimiento y el audiovisual"}]},{"@type":"WebSite","@id":"https:\/\/www.ull.es\/portal\/noticias\/#website","url":"https:\/\/www.ull.es\/portal\/noticias\/","name":"ULL - Noticias","description":"","potentialAction":[{"@type":"SearchAction","target":{"@type":"EntryPoint","urlTemplate":"https:\/\/www.ull.es\/portal\/noticias\/?s={search_term_string}"},"query-input":"required name=search_term_string"}],"inLanguage":"es"},{"@type":"Person","@id":"https:\/\/www.ull.es\/portal\/noticias\/#\/schema\/person\/c3b2aa857797592927a03740d6664376","name":"prensa2","image":{"@type":"ImageObject","inLanguage":"es","@id":"https:\/\/www.ull.es\/portal\/noticias\/#\/schema\/person\/image\/","url":"https:\/\/secure.gravatar.com\/avatar\/b58f310a5de5feb33d1e026d2493f23c?s=96&d=mm&r=g","contentUrl":"https:\/\/secure.gravatar.com\/avatar\/b58f310a5de5feb33d1e026d2493f23c?s=96&d=mm&r=g","caption":"prensa2"},"url":"https:\/\/www.ull.es\/portal\/noticias\/author\/prensa2\/"}]}},"primary_category":null,"featured_image_thumbnail_url":null,"_links":{"self":[{"href":"https:\/\/www.ull.es\/portal\/noticias\/wp-json\/wp\/v2\/posts\/13608"}],"collection":[{"href":"https:\/\/www.ull.es\/portal\/noticias\/wp-json\/wp\/v2\/posts"}],"about":[{"href":"https:\/\/www.ull.es\/portal\/noticias\/wp-json\/wp\/v2\/types\/post"}],"author":[{"embeddable":true,"href":"https:\/\/www.ull.es\/portal\/noticias\/wp-json\/wp\/v2\/users\/21"}],"replies":[{"embeddable":true,"href":"https:\/\/www.ull.es\/portal\/noticias\/wp-json\/wp\/v2\/comments?post=13608"}],"version-history":[{"count":0,"href":"https:\/\/www.ull.es\/portal\/noticias\/wp-json\/wp\/v2\/posts\/13608\/revisions"}],"wp:attachment":[{"href":"https:\/\/www.ull.es\/portal\/noticias\/wp-json\/wp\/v2\/media?parent=13608"}],"wp:term":[{"taxonomy":"category","embeddable":true,"href":"https:\/\/www.ull.es\/portal\/noticias\/wp-json\/wp\/v2\/categories?post=13608"},{"taxonomy":"post_tag","embeddable":true,"href":"https:\/\/www.ull.es\/portal\/noticias\/wp-json\/wp\/v2\/tags?post=13608"}],"curies":[{"name":"wp","href":"https:\/\/api.w.org\/{rel}","templated":true}]}}