{"id":13621,"date":"2008-11-21T00:00:00","date_gmt":"2008-11-21T00:00:00","guid":{"rendered":"http:\/\/ddigital.webs.ull.es\/fallece-el-profesor-emrito-de-la-ull-adrin-alemn-de-armas\/"},"modified":"2008-11-21T00:00:00","modified_gmt":"2008-11-21T00:00:00","slug":"fallece-el-profesor-emrito-de-la-ull-adrin-alemn-de-armas","status":"publish","type":"post","link":"https:\/\/www.ull.es\/portal\/noticias\/2008\/fallece-el-profesor-emrito-de-la-ull-adrin-alemn-de-armas\/","title":{"rendered":"Fallece el profesor em\u00e9rito de la ULL Adri\u00e1n Alem\u00e1n de Armas"},"content":{"rendered":"<p><P align=\"justify\">El profesor em&eacute;rito de la Universidad de La Laguna Adri&aacute;n Alem&aacute;n de Armas ha fallecido repentinamente en la madrugada de hoy viernes 21 de noviembre en su domicilio familiar. <\/P><\/p>\n<p><P align=\"justify\">Vinculado muy activamente a la Facultad de Ciencias de la Informaci&oacute;n, combin&oacute; siempre sus dos pasiones: la arquitectura, a trav&eacute;s del estudio patrimonio, y el periodismo. Adri&aacute;n Alem&aacute;n fue un activo colaborador de los medios de comunicaci&oacute;n de las islas, donde mostraba sin tapujos su visi&oacute;n cr&iacute;tica sobre el papel de esta profesi&oacute;n y sobre la propia sociedad canaria.<\/P><P align=\"justify\"><\/P><P align=\"justify\">En cuanto a su trayectoria acad&eacute;mica, logr&oacute; la titularidad de escuela universitaria en <FONT face=\"Helvetica\">1991 en la Escuela Universitaria de Arquitectura T&eacute;cnica y, pocos meses despu&eacute;s, entr&oacute; en la Facultad de Ciencias de la Informaci&oacute;n, centro en el que obtuvo la titularidad en marzo de 1992. <\/P><P align=\"justify\"><\/P><P align=\"justify\">Adri&aacute;n Alem&aacute;n fue vicedecano de la Facultad de Ciencias de la Informaci&oacute;n desde el abril de 1991 a septiembre de 1992, cargo que repiti&oacute; entre 2001 y 2005. Asimismo, fue decano del centro desde 1995 a 1999 y decano en funciones durante algunos meses en 2002.<\/P><P align=\"justify\"><\/P><P align=\"justify\">Jubilado desde septiembre de 2005, fue nombrado profesor em&eacute;rito por el Consejo de Gobierno de la Universidad de La Laguna en diciembre de 2006, por entender la instituci&oacute;n que se trataba de un profesor relevante que merec&iacute;a seguir vinculado a la instituci&oacute;n docente.<\/P><P align=\"justify\"><\/P><P align=\"justify\">En este curso acad&eacute;mico impart&iacute;a clases a los alumnos de los &uacute;ltimos a&ntilde;os de la licenciatura en Periodismo, hab&iacute;a renovado un segundo periodo como profesor em&eacute;rito hasta 2010 y acababa de terminar la redacci&oacute;n de un libro sobre La Laguna, la ciudad de la que era pleno conocedor y profundo admirador.<\/P><P align=\"justify\"><\/P><P align=\"justify\">La Facultad de Ciencias de la Informaci&oacute;n ha suspendido su actividad docente en el d&iacute;a de hoy.<\/P><P align=\"justify\"><\/P><\/FONT><\/p>\n","protected":false},"excerpt":{"rendered":"<p>El profesor em&eacute;rito de la Universidad de La Laguna Adri&aacute;n Alem&aacute;n de Armas ha fallecido repentinamente en la madrugada de&#8230;<\/p>\n","protected":false},"author":21,"featured_media":13622,"comment_status":"open","ping_status":"open","sticky":false,"template":"","format":"standard","meta":{"inline_featured_image":false,"footnotes":""},"categories":[346],"tags":[],"acf":[],"yoast_head":"<!-- This site is optimized with the Yoast SEO plugin v21.3 - https:\/\/yoast.com\/wordpress\/plugins\/seo\/ -->\n<title>Fallece el profesor em\u00e9rito de la ULL Adri\u00e1n Alem\u00e1n de Armas - ULL - Noticias<\/title>\n<meta name=\"robots\" content=\"index, follow, max-snippet:-1, max-image-preview:large, max-video-preview:-1\" \/>\n<link rel=\"canonical\" href=\"https:\/\/www.ull.es\/portal\/noticias\/2008\/fallece-el-profesor-emrito-de-la-ull-adrin-alemn-de-armas\/\" \/>\n<meta property=\"og:locale\" content=\"es_ES\" \/>\n<meta property=\"og:type\" content=\"article\" \/>\n<meta property=\"og:title\" content=\"Fallece el profesor em\u00e9rito de la ULL Adri\u00e1n Alem\u00e1n de Armas - ULL - Noticias\" \/>\n<meta property=\"og:description\" content=\"El profesor em&eacute;rito de la Universidad de La Laguna Adri&aacute;n Alem&aacute;n de Armas ha fallecido repentinamente en la madrugada de...\" \/>\n<meta property=\"og:url\" content=\"https:\/\/www.ull.es\/portal\/noticias\/2008\/fallece-el-profesor-emrito-de-la-ull-adrin-alemn-de-armas\/\" \/>\n<meta property=\"og:site_name\" content=\"ULL - Noticias\" \/>\n<meta property=\"article:publisher\" content=\"https:\/\/www.facebook.com\/universidaddelalaguna\/\" \/>\n<meta property=\"article:published_time\" content=\"2008-11-21T00:00:00+00:00\" \/>\n<meta property=\"og:image\" content=\"https:\/\/www.ull.es\/portal\/noticias\/wp-content\/uploads\/sites\/13\/2015\/07\/adrian.jpg\" \/>\n\t<meta property=\"og:image:width\" content=\"533\" \/>\n\t<meta property=\"og:image:height\" content=\"800\" \/>\n\t<meta property=\"og:image:type\" content=\"image\/jpeg\" \/>\n<meta name=\"author\" content=\"prensa2\" \/>\n<meta name=\"twitter:card\" content=\"summary_large_image\" \/>\n<meta name=\"twitter:creator\" content=\"@CanalULL\" \/>\n<meta name=\"twitter:site\" content=\"@CanalULL\" \/>\n<meta name=\"twitter:label1\" content=\"Escrito por\" \/>\n\t<meta name=\"twitter:data1\" content=\"prensa2\" \/>\n\t<meta name=\"twitter:label2\" content=\"Tiempo de lectura\" \/>\n\t<meta name=\"twitter:data2\" content=\"2 minutos\" \/>\n<script type=\"application\/ld+json\" class=\"yoast-schema-graph\">{\"@context\":\"https:\/\/schema.org\",\"@graph\":[{\"@type\":\"WebPage\",\"@id\":\"https:\/\/www.ull.es\/portal\/noticias\/2008\/fallece-el-profesor-emrito-de-la-ull-adrin-alemn-de-armas\/\",\"url\":\"https:\/\/www.ull.es\/portal\/noticias\/2008\/fallece-el-profesor-emrito-de-la-ull-adrin-alemn-de-armas\/\",\"name\":\"Fallece el profesor em\u00e9rito de la ULL Adri\u00e1n Alem\u00e1n de Armas - ULL - Noticias\",\"isPartOf\":{\"@id\":\"https:\/\/www.ull.es\/portal\/noticias\/#website\"},\"datePublished\":\"2008-11-21T00:00:00+00:00\",\"dateModified\":\"2008-11-21T00:00:00+00:00\",\"author\":{\"@id\":\"https:\/\/www.ull.es\/portal\/noticias\/#\/schema\/person\/c3b2aa857797592927a03740d6664376\"},\"breadcrumb\":{\"@id\":\"https:\/\/www.ull.es\/portal\/noticias\/2008\/fallece-el-profesor-emrito-de-la-ull-adrin-alemn-de-armas\/#breadcrumb\"},\"inLanguage\":\"es\",\"potentialAction\":[{\"@type\":\"ReadAction\",\"target\":[\"https:\/\/www.ull.es\/portal\/noticias\/2008\/fallece-el-profesor-emrito-de-la-ull-adrin-alemn-de-armas\/\"]}]},{\"@type\":\"BreadcrumbList\",\"@id\":\"https:\/\/www.ull.es\/portal\/noticias\/2008\/fallece-el-profesor-emrito-de-la-ull-adrin-alemn-de-armas\/#breadcrumb\",\"itemListElement\":[{\"@type\":\"ListItem\",\"position\":1,\"name\":\"Portada\",\"item\":\"https:\/\/www.ull.es\/portal\/noticias\/\"},{\"@type\":\"ListItem\",\"position\":2,\"name\":\"Fallece el profesor em\u00e9rito de la ULL Adri\u00e1n Alem\u00e1n de Armas\"}]},{\"@type\":\"WebSite\",\"@id\":\"https:\/\/www.ull.es\/portal\/noticias\/#website\",\"url\":\"https:\/\/www.ull.es\/portal\/noticias\/\",\"name\":\"ULL - Noticias\",\"description\":\"\",\"potentialAction\":[{\"@type\":\"SearchAction\",\"target\":{\"@type\":\"EntryPoint\",\"urlTemplate\":\"https:\/\/www.ull.es\/portal\/noticias\/?s={search_term_string}\"},\"query-input\":\"required name=search_term_string\"}],\"inLanguage\":\"es\"},{\"@type\":\"Person\",\"@id\":\"https:\/\/www.ull.es\/portal\/noticias\/#\/schema\/person\/c3b2aa857797592927a03740d6664376\",\"name\":\"prensa2\",\"image\":{\"@type\":\"ImageObject\",\"inLanguage\":\"es\",\"@id\":\"https:\/\/www.ull.es\/portal\/noticias\/#\/schema\/person\/image\/\",\"url\":\"https:\/\/secure.gravatar.com\/avatar\/b58f310a5de5feb33d1e026d2493f23c?s=96&d=mm&r=g\",\"contentUrl\":\"https:\/\/secure.gravatar.com\/avatar\/b58f310a5de5feb33d1e026d2493f23c?s=96&d=mm&r=g\",\"caption\":\"prensa2\"},\"url\":\"https:\/\/www.ull.es\/portal\/noticias\/author\/prensa2\/\"}]}<\/script>\n<!-- \/ Yoast SEO plugin. -->","yoast_head_json":{"title":"Fallece el profesor em\u00e9rito de la ULL Adri\u00e1n Alem\u00e1n de Armas - ULL - Noticias","robots":{"index":"index","follow":"follow","max-snippet":"max-snippet:-1","max-image-preview":"max-image-preview:large","max-video-preview":"max-video-preview:-1"},"canonical":"https:\/\/www.ull.es\/portal\/noticias\/2008\/fallece-el-profesor-emrito-de-la-ull-adrin-alemn-de-armas\/","og_locale":"es_ES","og_type":"article","og_title":"Fallece el profesor em\u00e9rito de la ULL Adri\u00e1n Alem\u00e1n de Armas - ULL - Noticias","og_description":"El profesor em&eacute;rito de la Universidad de La Laguna Adri&aacute;n Alem&aacute;n de Armas ha fallecido repentinamente en la madrugada de...","og_url":"https:\/\/www.ull.es\/portal\/noticias\/2008\/fallece-el-profesor-emrito-de-la-ull-adrin-alemn-de-armas\/","og_site_name":"ULL - Noticias","article_publisher":"https:\/\/www.facebook.com\/universidaddelalaguna\/","article_published_time":"2008-11-21T00:00:00+00:00","og_image":[{"width":533,"height":800,"url":"https:\/\/www.ull.es\/portal\/noticias\/wp-content\/uploads\/sites\/13\/2015\/07\/adrian.jpg","type":"image\/jpeg"}],"author":"prensa2","twitter_card":"summary_large_image","twitter_creator":"@CanalULL","twitter_site":"@CanalULL","twitter_misc":{"Escrito por":"prensa2","Tiempo de lectura":"2 minutos"},"schema":{"@context":"https:\/\/schema.org","@graph":[{"@type":"WebPage","@id":"https:\/\/www.ull.es\/portal\/noticias\/2008\/fallece-el-profesor-emrito-de-la-ull-adrin-alemn-de-armas\/","url":"https:\/\/www.ull.es\/portal\/noticias\/2008\/fallece-el-profesor-emrito-de-la-ull-adrin-alemn-de-armas\/","name":"Fallece el profesor em\u00e9rito de la ULL Adri\u00e1n Alem\u00e1n de Armas - ULL - Noticias","isPartOf":{"@id":"https:\/\/www.ull.es\/portal\/noticias\/#website"},"datePublished":"2008-11-21T00:00:00+00:00","dateModified":"2008-11-21T00:00:00+00:00","author":{"@id":"https:\/\/www.ull.es\/portal\/noticias\/#\/schema\/person\/c3b2aa857797592927a03740d6664376"},"breadcrumb":{"@id":"https:\/\/www.ull.es\/portal\/noticias\/2008\/fallece-el-profesor-emrito-de-la-ull-adrin-alemn-de-armas\/#breadcrumb"},"inLanguage":"es","potentialAction":[{"@type":"ReadAction","target":["https:\/\/www.ull.es\/portal\/noticias\/2008\/fallece-el-profesor-emrito-de-la-ull-adrin-alemn-de-armas\/"]}]},{"@type":"BreadcrumbList","@id":"https:\/\/www.ull.es\/portal\/noticias\/2008\/fallece-el-profesor-emrito-de-la-ull-adrin-alemn-de-armas\/#breadcrumb","itemListElement":[{"@type":"ListItem","position":1,"name":"Portada","item":"https:\/\/www.ull.es\/portal\/noticias\/"},{"@type":"ListItem","position":2,"name":"Fallece el profesor em\u00e9rito de la ULL Adri\u00e1n Alem\u00e1n de Armas"}]},{"@type":"WebSite","@id":"https:\/\/www.ull.es\/portal\/noticias\/#website","url":"https:\/\/www.ull.es\/portal\/noticias\/","name":"ULL - Noticias","description":"","potentialAction":[{"@type":"SearchAction","target":{"@type":"EntryPoint","urlTemplate":"https:\/\/www.ull.es\/portal\/noticias\/?s={search_term_string}"},"query-input":"required name=search_term_string"}],"inLanguage":"es"},{"@type":"Person","@id":"https:\/\/www.ull.es\/portal\/noticias\/#\/schema\/person\/c3b2aa857797592927a03740d6664376","name":"prensa2","image":{"@type":"ImageObject","inLanguage":"es","@id":"https:\/\/www.ull.es\/portal\/noticias\/#\/schema\/person\/image\/","url":"https:\/\/secure.gravatar.com\/avatar\/b58f310a5de5feb33d1e026d2493f23c?s=96&d=mm&r=g","contentUrl":"https:\/\/secure.gravatar.com\/avatar\/b58f310a5de5feb33d1e026d2493f23c?s=96&d=mm&r=g","caption":"prensa2"},"url":"https:\/\/www.ull.es\/portal\/noticias\/author\/prensa2\/"}]}},"primary_category":null,"featured_image_thumbnail_url":"https:\/\/www.ull.es\/portal\/noticias\/wp-content\/uploads\/sites\/13\/2015\/07\/adrian-200x300.jpg","_links":{"self":[{"href":"https:\/\/www.ull.es\/portal\/noticias\/wp-json\/wp\/v2\/posts\/13621"}],"collection":[{"href":"https:\/\/www.ull.es\/portal\/noticias\/wp-json\/wp\/v2\/posts"}],"about":[{"href":"https:\/\/www.ull.es\/portal\/noticias\/wp-json\/wp\/v2\/types\/post"}],"author":[{"embeddable":true,"href":"https:\/\/www.ull.es\/portal\/noticias\/wp-json\/wp\/v2\/users\/21"}],"replies":[{"embeddable":true,"href":"https:\/\/www.ull.es\/portal\/noticias\/wp-json\/wp\/v2\/comments?post=13621"}],"version-history":[{"count":0,"href":"https:\/\/www.ull.es\/portal\/noticias\/wp-json\/wp\/v2\/posts\/13621\/revisions"}],"wp:featuredmedia":[{"embeddable":true,"href":"https:\/\/www.ull.es\/portal\/noticias\/wp-json\/wp\/v2\/media\/13622"}],"wp:attachment":[{"href":"https:\/\/www.ull.es\/portal\/noticias\/wp-json\/wp\/v2\/media?parent=13621"}],"wp:term":[{"taxonomy":"category","embeddable":true,"href":"https:\/\/www.ull.es\/portal\/noticias\/wp-json\/wp\/v2\/categories?post=13621"},{"taxonomy":"post_tag","embeddable":true,"href":"https:\/\/www.ull.es\/portal\/noticias\/wp-json\/wp\/v2\/tags?post=13621"}],"curies":[{"name":"wp","href":"https:\/\/api.w.org\/{rel}","templated":true}]}}