{"id":13626,"date":"2008-12-11T00:00:00","date_gmt":"2008-12-11T00:00:00","guid":{"rendered":"http:\/\/ddigital.webs.ull.es\/unas-jornadas-de-la-ull-analizan-el-uso-de-tecnologias-de-la-informacion-en-la-ensenanza-universitaria\/"},"modified":"2008-12-11T00:00:00","modified_gmt":"2008-12-11T00:00:00","slug":"unas-jornadas-de-la-ull-analizan-el-uso-de-tecnologias-de-la-informacion-en-la-ensenanza-universitaria","status":"publish","type":"post","link":"https:\/\/www.ull.es\/portal\/noticias\/2008\/unas-jornadas-de-la-ull-analizan-el-uso-de-tecnologias-de-la-informacion-en-la-ensenanza-universitaria\/","title":{"rendered":"Unas jornadas de la ULL analizan el uso de tecnolog\u00edas de la informaci\u00f3n en la ense\u00f1anza universitaria"},"content":{"rendered":"<p>La Unidad para la Docencia Virtual de la Universidad de La Laguna, dependiente del Vicerrectorado de Ordenaci&oacute;n Acad&eacute;mica, ha organizado las primeras Jornadas de Intercambio sobre el Uso de las Tecnolog&iacute;as de la Informaci&oacute;n y la comunicaci&oacute;n (TIC) en la Ense&ntilde;anza Universitaria, que se celebran los d&iacute;as 11 y 12 de diciembre en el Aula Magna del Campus de Guajara.<\/p>\n<p>La ULL ha impulsado desde el curso 2005-2006 la utilizaci&oacute;n de estas tecnolog&iacute;as, que ha culminado en la formalizaci&oacute;n del Campus Virtual de la instituci&oacute;n, gracias al cual ya muchas asignaturas cuentan con materiales y tutor&iacute;as virtuales. A&uacute;n as&iacute;, queda mucho trabajo por realizar en este &aacute;mbito, lo cual ha motivado la realizaci&oacute;n de estas jornadas.<\/p>\n<p> &nbsp;Como comentan los organizadores en el tr&iacute;ptico de presentaci&oacute;n de las jornadas, el uso de las aulas virtuales ha generado una mejora en el proceso de evaluaci&oacute;n continua, en el clima de trabajo y en las relaciones entre alumnos y profesores. Este encuentro pretende difundir e intercambiar las experiencias que los docentes de la ULL han desarrollado en ese &aacute;mbito, y ahondar y profundizar en el uso de la integraci&oacute;n de estas tecnolog&iacute;as.<\/p>\n<p> &nbsp;Durante las sesiones de hoy, jueves 11, se abordaron asuntos como el estado actual de la virtualizaci&oacute;n de las ense&ntilde;anzas en la ULL y el equilibrio necesario entre la organizaci&oacute;n did&aacute;ctica, las tutor&iacute;as y la evaluaci&oacute;n en este tipo de foros telem&aacute;ticos. En ellas participaron profesores de la ULL y t&eacute;cnicos de la Unidad para la Docencia Virtual de la ULL.<\/p>\n<p> &nbsp;La sesi&oacute;n de ma&ntilde;ana, viernes 12 de diciembre, comenzar&aacute; a las 9:30 con la presentaci&oacute;n en formato p&oacute;ster de varias experiencias sobre el uso de las aulas virtuales en la ense&ntilde;anza semipresencial y virtual. A las 11:30, Jos&eacute; Juan Castro S&aacute;nchez, profesor del Departamento de Psicolog&iacute;a y Sociolog&iacute;a y coordinador del &Aacute;rea de Investigaci&oacute;n de Teleformaci&oacute;n de la ULPCG ofrecer&aacute; la ponencia &ldquo;De la Universidad presencial a la Universidad virtual&rdquo;.<\/p>\n<p> &nbsp;Por la tarde, a partir de las 16:30, se desarrollar&aacute; una mesa redonda titulada &ldquo;Del ayer al ma&ntilde;ana de la docencia virtual en la ULL: hacia una nueva oferta online universitaria&rdquo;. Intervienen Lorenzo Moreno Ru&iacute;z, vicerrector de I+D+I de la ULL; Manuel Area Moreira, catedr&aacute;tico de Tecnolog&iacute;a Educativa de la ULL y director del Laboratorio de Educaci&oacute;n y Nuevas Tecnolog&iacute;as de la ULL (EDULLAB); &Aacute;frica Borges del Rosal, directora de secretariado de Posgrado de la ULL y Carmen Ar&eacute;valo Morales, directora de secretariado de los T&iacute;tulos de Grado de la ULL. Modera Carina Gonz&aacute;lez Gonz&aacute;lez, coordinadora de la Unidad de docencia Virtual de la ULL.<\/p>\n<p> &nbsp;Finalmente, a las 18 horas, el Vicerrector de Ordenaci&oacute;n Acad&eacute;mica de la ULL presidir&aacute; el acto de clausura.<\/p>\n","protected":false},"excerpt":{"rendered":"<p>La Unidad para la Docencia Virtual de la Universidad de La Laguna, dependiente del Vicerrectorado de Ordenaci&oacute;n Acad&eacute;mica, ha organizado&#8230;<\/p>\n","protected":false},"author":21,"featured_media":13553,"comment_status":"open","ping_status":"open","sticky":false,"template":"","format":"standard","meta":{"inline_featured_image":false,"footnotes":""},"categories":[346],"tags":[],"acf":[],"yoast_head":"<!-- This site is optimized with the Yoast SEO plugin v21.3 - https:\/\/yoast.com\/wordpress\/plugins\/seo\/ -->\n<title>Unas jornadas de la ULL analizan el uso de tecnolog\u00edas de la informaci\u00f3n en la ense\u00f1anza universitaria - ULL - Noticias<\/title>\n<meta name=\"robots\" content=\"index, follow, max-snippet:-1, max-image-preview:large, max-video-preview:-1\" \/>\n<link rel=\"canonical\" href=\"https:\/\/www.ull.es\/portal\/noticias\/2008\/unas-jornadas-de-la-ull-analizan-el-uso-de-tecnologias-de-la-informacion-en-la-ensenanza-universitaria\/\" \/>\n<meta property=\"og:locale\" content=\"es_ES\" \/>\n<meta property=\"og:type\" content=\"article\" \/>\n<meta property=\"og:title\" content=\"Unas jornadas de la ULL analizan el uso de tecnolog\u00edas de la informaci\u00f3n en la ense\u00f1anza universitaria - ULL - Noticias\" \/>\n<meta property=\"og:description\" content=\"La Unidad para la Docencia Virtual de la Universidad de La Laguna, dependiente del Vicerrectorado de Ordenaci&oacute;n Acad&eacute;mica, ha organizado...\" \/>\n<meta property=\"og:url\" content=\"https:\/\/www.ull.es\/portal\/noticias\/2008\/unas-jornadas-de-la-ull-analizan-el-uso-de-tecnologias-de-la-informacion-en-la-ensenanza-universitaria\/\" \/>\n<meta property=\"og:site_name\" content=\"ULL - Noticias\" \/>\n<meta property=\"article:publisher\" content=\"https:\/\/www.facebook.com\/universidaddelalaguna\/\" \/>\n<meta property=\"article:published_time\" content=\"2008-12-11T00:00:00+00:00\" \/>\n<meta property=\"og:image\" content=\"https:\/\/www.ull.es\/portal\/noticias\/wp-content\/uploads\/sites\/13\/2015\/07\/udv.jpg\" \/>\n\t<meta property=\"og:image:width\" content=\"800\" \/>\n\t<meta property=\"og:image:height\" content=\"533\" \/>\n\t<meta property=\"og:image:type\" content=\"image\/jpeg\" \/>\n<meta name=\"author\" content=\"prensa2\" \/>\n<meta name=\"twitter:card\" content=\"summary_large_image\" \/>\n<meta name=\"twitter:creator\" content=\"@CanalULL\" \/>\n<meta name=\"twitter:site\" content=\"@CanalULL\" \/>\n<meta name=\"twitter:label1\" content=\"Escrito por\" \/>\n\t<meta name=\"twitter:data1\" content=\"prensa2\" \/>\n\t<meta name=\"twitter:label2\" content=\"Tiempo de lectura\" \/>\n\t<meta name=\"twitter:data2\" content=\"3 minutos\" \/>\n<script type=\"application\/ld+json\" class=\"yoast-schema-graph\">{\"@context\":\"https:\/\/schema.org\",\"@graph\":[{\"@type\":\"WebPage\",\"@id\":\"https:\/\/www.ull.es\/portal\/noticias\/2008\/unas-jornadas-de-la-ull-analizan-el-uso-de-tecnologias-de-la-informacion-en-la-ensenanza-universitaria\/\",\"url\":\"https:\/\/www.ull.es\/portal\/noticias\/2008\/unas-jornadas-de-la-ull-analizan-el-uso-de-tecnologias-de-la-informacion-en-la-ensenanza-universitaria\/\",\"name\":\"Unas jornadas de la ULL analizan el uso de tecnolog\u00edas de la informaci\u00f3n en la ense\u00f1anza universitaria - ULL - Noticias\",\"isPartOf\":{\"@id\":\"https:\/\/www.ull.es\/portal\/noticias\/#website\"},\"datePublished\":\"2008-12-11T00:00:00+00:00\",\"dateModified\":\"2008-12-11T00:00:00+00:00\",\"author\":{\"@id\":\"https:\/\/www.ull.es\/portal\/noticias\/#\/schema\/person\/c3b2aa857797592927a03740d6664376\"},\"breadcrumb\":{\"@id\":\"https:\/\/www.ull.es\/portal\/noticias\/2008\/unas-jornadas-de-la-ull-analizan-el-uso-de-tecnologias-de-la-informacion-en-la-ensenanza-universitaria\/#breadcrumb\"},\"inLanguage\":\"es\",\"potentialAction\":[{\"@type\":\"ReadAction\",\"target\":[\"https:\/\/www.ull.es\/portal\/noticias\/2008\/unas-jornadas-de-la-ull-analizan-el-uso-de-tecnologias-de-la-informacion-en-la-ensenanza-universitaria\/\"]}]},{\"@type\":\"BreadcrumbList\",\"@id\":\"https:\/\/www.ull.es\/portal\/noticias\/2008\/unas-jornadas-de-la-ull-analizan-el-uso-de-tecnologias-de-la-informacion-en-la-ensenanza-universitaria\/#breadcrumb\",\"itemListElement\":[{\"@type\":\"ListItem\",\"position\":1,\"name\":\"Portada\",\"item\":\"https:\/\/www.ull.es\/portal\/noticias\/\"},{\"@type\":\"ListItem\",\"position\":2,\"name\":\"Unas jornadas de la ULL analizan el uso de tecnolog\u00edas de la informaci\u00f3n en la ense\u00f1anza universitaria\"}]},{\"@type\":\"WebSite\",\"@id\":\"https:\/\/www.ull.es\/portal\/noticias\/#website\",\"url\":\"https:\/\/www.ull.es\/portal\/noticias\/\",\"name\":\"ULL - Noticias\",\"description\":\"\",\"potentialAction\":[{\"@type\":\"SearchAction\",\"target\":{\"@type\":\"EntryPoint\",\"urlTemplate\":\"https:\/\/www.ull.es\/portal\/noticias\/?s={search_term_string}\"},\"query-input\":\"required name=search_term_string\"}],\"inLanguage\":\"es\"},{\"@type\":\"Person\",\"@id\":\"https:\/\/www.ull.es\/portal\/noticias\/#\/schema\/person\/c3b2aa857797592927a03740d6664376\",\"name\":\"prensa2\",\"image\":{\"@type\":\"ImageObject\",\"inLanguage\":\"es\",\"@id\":\"https:\/\/www.ull.es\/portal\/noticias\/#\/schema\/person\/image\/\",\"url\":\"https:\/\/secure.gravatar.com\/avatar\/b58f310a5de5feb33d1e026d2493f23c?s=96&d=mm&r=g\",\"contentUrl\":\"https:\/\/secure.gravatar.com\/avatar\/b58f310a5de5feb33d1e026d2493f23c?s=96&d=mm&r=g\",\"caption\":\"prensa2\"},\"url\":\"https:\/\/www.ull.es\/portal\/noticias\/author\/prensa2\/\"}]}<\/script>\n<!-- \/ Yoast SEO plugin. -->","yoast_head_json":{"title":"Unas jornadas de la ULL analizan el uso de tecnolog\u00edas de la informaci\u00f3n en la ense\u00f1anza universitaria - ULL - Noticias","robots":{"index":"index","follow":"follow","max-snippet":"max-snippet:-1","max-image-preview":"max-image-preview:large","max-video-preview":"max-video-preview:-1"},"canonical":"https:\/\/www.ull.es\/portal\/noticias\/2008\/unas-jornadas-de-la-ull-analizan-el-uso-de-tecnologias-de-la-informacion-en-la-ensenanza-universitaria\/","og_locale":"es_ES","og_type":"article","og_title":"Unas jornadas de la ULL analizan el uso de tecnolog\u00edas de la informaci\u00f3n en la ense\u00f1anza universitaria - ULL - Noticias","og_description":"La Unidad para la Docencia Virtual de la Universidad de La Laguna, dependiente del Vicerrectorado de Ordenaci&oacute;n Acad&eacute;mica, ha organizado...","og_url":"https:\/\/www.ull.es\/portal\/noticias\/2008\/unas-jornadas-de-la-ull-analizan-el-uso-de-tecnologias-de-la-informacion-en-la-ensenanza-universitaria\/","og_site_name":"ULL - Noticias","article_publisher":"https:\/\/www.facebook.com\/universidaddelalaguna\/","article_published_time":"2008-12-11T00:00:00+00:00","og_image":[{"width":800,"height":533,"url":"https:\/\/www.ull.es\/portal\/noticias\/wp-content\/uploads\/sites\/13\/2015\/07\/udv.jpg","type":"image\/jpeg"}],"author":"prensa2","twitter_card":"summary_large_image","twitter_creator":"@CanalULL","twitter_site":"@CanalULL","twitter_misc":{"Escrito por":"prensa2","Tiempo de lectura":"3 minutos"},"schema":{"@context":"https:\/\/schema.org","@graph":[{"@type":"WebPage","@id":"https:\/\/www.ull.es\/portal\/noticias\/2008\/unas-jornadas-de-la-ull-analizan-el-uso-de-tecnologias-de-la-informacion-en-la-ensenanza-universitaria\/","url":"https:\/\/www.ull.es\/portal\/noticias\/2008\/unas-jornadas-de-la-ull-analizan-el-uso-de-tecnologias-de-la-informacion-en-la-ensenanza-universitaria\/","name":"Unas jornadas de la ULL analizan el uso de tecnolog\u00edas de la informaci\u00f3n en la ense\u00f1anza universitaria - ULL - Noticias","isPartOf":{"@id":"https:\/\/www.ull.es\/portal\/noticias\/#website"},"datePublished":"2008-12-11T00:00:00+00:00","dateModified":"2008-12-11T00:00:00+00:00","author":{"@id":"https:\/\/www.ull.es\/portal\/noticias\/#\/schema\/person\/c3b2aa857797592927a03740d6664376"},"breadcrumb":{"@id":"https:\/\/www.ull.es\/portal\/noticias\/2008\/unas-jornadas-de-la-ull-analizan-el-uso-de-tecnologias-de-la-informacion-en-la-ensenanza-universitaria\/#breadcrumb"},"inLanguage":"es","potentialAction":[{"@type":"ReadAction","target":["https:\/\/www.ull.es\/portal\/noticias\/2008\/unas-jornadas-de-la-ull-analizan-el-uso-de-tecnologias-de-la-informacion-en-la-ensenanza-universitaria\/"]}]},{"@type":"BreadcrumbList","@id":"https:\/\/www.ull.es\/portal\/noticias\/2008\/unas-jornadas-de-la-ull-analizan-el-uso-de-tecnologias-de-la-informacion-en-la-ensenanza-universitaria\/#breadcrumb","itemListElement":[{"@type":"ListItem","position":1,"name":"Portada","item":"https:\/\/www.ull.es\/portal\/noticias\/"},{"@type":"ListItem","position":2,"name":"Unas jornadas de la ULL analizan el uso de tecnolog\u00edas de la informaci\u00f3n en la ense\u00f1anza universitaria"}]},{"@type":"WebSite","@id":"https:\/\/www.ull.es\/portal\/noticias\/#website","url":"https:\/\/www.ull.es\/portal\/noticias\/","name":"ULL - Noticias","description":"","potentialAction":[{"@type":"SearchAction","target":{"@type":"EntryPoint","urlTemplate":"https:\/\/www.ull.es\/portal\/noticias\/?s={search_term_string}"},"query-input":"required name=search_term_string"}],"inLanguage":"es"},{"@type":"Person","@id":"https:\/\/www.ull.es\/portal\/noticias\/#\/schema\/person\/c3b2aa857797592927a03740d6664376","name":"prensa2","image":{"@type":"ImageObject","inLanguage":"es","@id":"https:\/\/www.ull.es\/portal\/noticias\/#\/schema\/person\/image\/","url":"https:\/\/secure.gravatar.com\/avatar\/b58f310a5de5feb33d1e026d2493f23c?s=96&d=mm&r=g","contentUrl":"https:\/\/secure.gravatar.com\/avatar\/b58f310a5de5feb33d1e026d2493f23c?s=96&d=mm&r=g","caption":"prensa2"},"url":"https:\/\/www.ull.es\/portal\/noticias\/author\/prensa2\/"}]}},"primary_category":null,"featured_image_thumbnail_url":"https:\/\/www.ull.es\/portal\/noticias\/wp-content\/uploads\/sites\/13\/2015\/07\/udv-300x200.jpg","_links":{"self":[{"href":"https:\/\/www.ull.es\/portal\/noticias\/wp-json\/wp\/v2\/posts\/13626"}],"collection":[{"href":"https:\/\/www.ull.es\/portal\/noticias\/wp-json\/wp\/v2\/posts"}],"about":[{"href":"https:\/\/www.ull.es\/portal\/noticias\/wp-json\/wp\/v2\/types\/post"}],"author":[{"embeddable":true,"href":"https:\/\/www.ull.es\/portal\/noticias\/wp-json\/wp\/v2\/users\/21"}],"replies":[{"embeddable":true,"href":"https:\/\/www.ull.es\/portal\/noticias\/wp-json\/wp\/v2\/comments?post=13626"}],"version-history":[{"count":0,"href":"https:\/\/www.ull.es\/portal\/noticias\/wp-json\/wp\/v2\/posts\/13626\/revisions"}],"wp:featuredmedia":[{"embeddable":true,"href":"https:\/\/www.ull.es\/portal\/noticias\/wp-json\/wp\/v2\/media\/13553"}],"wp:attachment":[{"href":"https:\/\/www.ull.es\/portal\/noticias\/wp-json\/wp\/v2\/media?parent=13626"}],"wp:term":[{"taxonomy":"category","embeddable":true,"href":"https:\/\/www.ull.es\/portal\/noticias\/wp-json\/wp\/v2\/categories?post=13626"},{"taxonomy":"post_tag","embeddable":true,"href":"https:\/\/www.ull.es\/portal\/noticias\/wp-json\/wp\/v2\/tags?post=13626"}],"curies":[{"name":"wp","href":"https:\/\/api.w.org\/{rel}","templated":true}]}}