{"id":13631,"date":"2009-02-10T00:00:00","date_gmt":"2009-02-10T00:00:00","guid":{"rendered":"http:\/\/ddigital.webs.ull.es\/el-ii-plan-de-formacion-y-cooperacion-al-desarrollo-africa-2009-oferta-cursos-de-la-ull-en-marruecos-y-senegal\/"},"modified":"2009-02-10T00:00:00","modified_gmt":"2009-02-10T00:00:00","slug":"el-ii-plan-de-formacion-y-cooperacion-al-desarrollo-africa-2009-oferta-cursos-de-la-ull-en-marruecos-y-senegal","status":"publish","type":"post","link":"https:\/\/www.ull.es\/portal\/noticias\/2009\/el-ii-plan-de-formacion-y-cooperacion-al-desarrollo-africa-2009-oferta-cursos-de-la-ull-en-marruecos-y-senegal\/","title":{"rendered":"El II Plan de Formaci\u00f3n y Cooperaci\u00f3n al Desarrollo \u00c1frica 2009 oferta cursos de la ULL en Marruecos y Senegal"},"content":{"rendered":"<p>La Universidad de La Laguna, en colaboraci&oacute;n con la C&aacute;mara de Comercio, Industria y Servicios de Agadir, organiz&oacute; en 2007 un plan de formaci&oacute;n sobre industrias agroalimentarias, que se sald&oacute; con un notable &eacute;xito. Por ese motivo, en 2009 se ha organizado una segunda edici&oacute;n, que ampl&iacute;a sus objetivos al abordar m&aacute;s cursos e impartirse no s&oacute;lo en Marruecos, sino tambi&eacute;n en Senegal.<\/p>\n<p>El programa formativo dise&ntilde;ado para Marruecos desarrollar&aacute; tres ciclos formativos al amparo del convenio de colaboraci&oacute;n suscrito el 10 de marzo de 2006 entre la C&aacute;mara de Comercio Industria y de Servicios de Agadir y la ULL: el Curso Superior Universitario en Gesti&oacute;n de Empresas Agroindustriales, que comenz&oacute; a impartirse la pasada semana; el Curso Superior Universitario en Gesti&oacute;n de Recursos Log&iacute;sticos; y el Curso Universitario en Normas de Calidad ISO 22.000.<\/p>\n<p> Todos ellos tendr&aacute;n 100 horas de duraci&oacute;n, divididos en cuatro m&oacute;dulos de 25 horas. Estar&aacute;n impartidos en franc&eacute;s por profesores de la ULL, profesionales y expertos radicados en Canarias. Esta iniciativa cuenta con la financiaci&oacute;n de la Direcci&oacute;n General de Relaciones con &Aacute;frica del Gobierno de Canarias y van dirigidos a un perfil de estudiante muy vinculado a la empresa y la actividad profesional. <\/p>\n<p> Estos seminarios son eminentemente pr&aacute;cticos y de alta capacitaci&oacute;n. Este a&ntilde;o se colaborar&aacute; con la ANAPEC, instituci&oacute;n marroqu&iacute; equivalente al INEM espa&ntilde;ol, que seleccionar&aacute; un total de 15 alumnos del colectivo de desempleados y titulados superiores con alguna experiencia laboral en los sectores sobre los que versar&aacute;n los cursos. Adem&aacute;s, seg&uacute;n informa la organizaci&oacute;n, en esta secci&oacute;n prevalecer&aacute; la condici&oacute;n de g&eacute;nero, <\/p>\n<p> Los contenidos de los cursos est&aacute;n dise&ntilde;ados entre la ULL y la C&aacute;mara de Agadir, con el objetivo de responder a las necesidades de formaci&oacute;n de capital humano y de crecimiento econ&oacute;mico de la Regi&oacute;n de Souss Mass Dr&acirc;a, en donde la agricultura, la pesca, el turismo, y los servicios concentran las principales actividades productivas.<\/p>\n<p> <strong>Senegal<\/strong><\/p>\n<p> La segunda actuaci&oacute;n que desarrolla el II Plan est&aacute; dedicada a la regi&oacute;n senegalesa de Saint Louis, al amparo del convenio de colaboraci&oacute;n suscrito entre la Universidad Gaston Berger y la ULL. En esta ocasi&oacute;n es el Cabildo Insular de Tenerife, a trav&eacute;s de la Consejer&iacute;a de Sanidad y Universidad, la instituci&oacute;n que aporta su apoyo financiero para impartir un primer ciclo formativo, el Curso Superior Universitario en Gesti&oacute;n de Recursos Pesquero.<\/p>\n<p> Con las mismas caracter&iacute;sticas acad&eacute;micas que los de A&ntilde;adir, responde a una demanda de esa regi&oacute;n donde las tasas de desempleo superan el 20 %, y es precisamente la actividad pesquera una de las actividades m&aacute;s intensivas en mano de obra. Durante le curso se abarcar&aacute;n materias como el desarrollo de la actividad conservera, el respeto a los recursos naturales, o las t&eacute;cnicas de refrigerados y congelaci&oacute;n, entre otros.<\/p>\n<p> Como apoyo, desde la Unidad de Docencia Virtual de la ULL se est&aacute; dise&ntilde;ando una plataforma virtual en franc&eacute;s y espa&ntilde;ol para sincronizar el acceso de estudiantes senegaleses y marroqu&iacute;es a estas ense&ntilde;anzas y su comunicaci&oacute;n con el profesorado.<\/p>\n","protected":false},"excerpt":{"rendered":"<p>La Universidad de La Laguna, en colaboraci&oacute;n con la C&aacute;mara de Comercio, Industria y Servicios de Agadir, organiz&oacute; en 2007&#8230;<\/p>\n","protected":false},"author":21,"featured_media":0,"comment_status":"open","ping_status":"open","sticky":false,"template":"","format":"standard","meta":{"inline_featured_image":false,"footnotes":""},"categories":[346],"tags":[],"acf":[],"yoast_head":"<!-- This site is optimized with the Yoast SEO plugin v21.3 - https:\/\/yoast.com\/wordpress\/plugins\/seo\/ -->\n<title>El II Plan de Formaci\u00f3n y Cooperaci\u00f3n al Desarrollo \u00c1frica 2009 oferta cursos de la ULL en Marruecos y Senegal - ULL - Noticias<\/title>\n<meta name=\"robots\" content=\"index, follow, max-snippet:-1, max-image-preview:large, max-video-preview:-1\" \/>\n<link rel=\"canonical\" href=\"https:\/\/www.ull.es\/portal\/noticias\/2009\/el-ii-plan-de-formacion-y-cooperacion-al-desarrollo-africa-2009-oferta-cursos-de-la-ull-en-marruecos-y-senegal\/\" \/>\n<meta property=\"og:locale\" content=\"es_ES\" \/>\n<meta property=\"og:type\" content=\"article\" \/>\n<meta property=\"og:title\" content=\"El II Plan de Formaci\u00f3n y Cooperaci\u00f3n al Desarrollo \u00c1frica 2009 oferta cursos de la ULL en Marruecos y Senegal - ULL - Noticias\" \/>\n<meta property=\"og:description\" content=\"La Universidad de La Laguna, en colaboraci&oacute;n con la C&aacute;mara de Comercio, Industria y Servicios de Agadir, organiz&oacute; en 2007...\" \/>\n<meta property=\"og:url\" content=\"https:\/\/www.ull.es\/portal\/noticias\/2009\/el-ii-plan-de-formacion-y-cooperacion-al-desarrollo-africa-2009-oferta-cursos-de-la-ull-en-marruecos-y-senegal\/\" \/>\n<meta property=\"og:site_name\" content=\"ULL - Noticias\" \/>\n<meta property=\"article:publisher\" content=\"https:\/\/www.facebook.com\/universidaddelalaguna\/\" \/>\n<meta property=\"article:published_time\" content=\"2009-02-10T00:00:00+00:00\" \/>\n<meta property=\"og:image\" content=\"https:\/\/www.ull.es\/portal\/noticias\/wp-content\/uploads\/sites\/13\/2023\/06\/logo-redimensionado.png\" \/>\n\t<meta property=\"og:image:width\" content=\"1200\" \/>\n\t<meta property=\"og:image:height\" content=\"630\" \/>\n\t<meta property=\"og:image:type\" content=\"image\/png\" \/>\n<meta name=\"author\" content=\"prensa2\" \/>\n<meta name=\"twitter:card\" content=\"summary_large_image\" \/>\n<meta name=\"twitter:creator\" content=\"@CanalULL\" \/>\n<meta name=\"twitter:site\" content=\"@CanalULL\" \/>\n<meta name=\"twitter:label1\" content=\"Escrito por\" \/>\n\t<meta name=\"twitter:data1\" content=\"prensa2\" \/>\n\t<meta name=\"twitter:label2\" content=\"Tiempo de lectura\" \/>\n\t<meta name=\"twitter:data2\" content=\"3 minutos\" \/>\n<script type=\"application\/ld+json\" class=\"yoast-schema-graph\">{\"@context\":\"https:\/\/schema.org\",\"@graph\":[{\"@type\":\"WebPage\",\"@id\":\"https:\/\/www.ull.es\/portal\/noticias\/2009\/el-ii-plan-de-formacion-y-cooperacion-al-desarrollo-africa-2009-oferta-cursos-de-la-ull-en-marruecos-y-senegal\/\",\"url\":\"https:\/\/www.ull.es\/portal\/noticias\/2009\/el-ii-plan-de-formacion-y-cooperacion-al-desarrollo-africa-2009-oferta-cursos-de-la-ull-en-marruecos-y-senegal\/\",\"name\":\"El II Plan de Formaci\u00f3n y Cooperaci\u00f3n al Desarrollo \u00c1frica 2009 oferta cursos de la ULL en Marruecos y Senegal - ULL - Noticias\",\"isPartOf\":{\"@id\":\"https:\/\/www.ull.es\/portal\/noticias\/#website\"},\"datePublished\":\"2009-02-10T00:00:00+00:00\",\"dateModified\":\"2009-02-10T00:00:00+00:00\",\"author\":{\"@id\":\"https:\/\/www.ull.es\/portal\/noticias\/#\/schema\/person\/c3b2aa857797592927a03740d6664376\"},\"breadcrumb\":{\"@id\":\"https:\/\/www.ull.es\/portal\/noticias\/2009\/el-ii-plan-de-formacion-y-cooperacion-al-desarrollo-africa-2009-oferta-cursos-de-la-ull-en-marruecos-y-senegal\/#breadcrumb\"},\"inLanguage\":\"es\",\"potentialAction\":[{\"@type\":\"ReadAction\",\"target\":[\"https:\/\/www.ull.es\/portal\/noticias\/2009\/el-ii-plan-de-formacion-y-cooperacion-al-desarrollo-africa-2009-oferta-cursos-de-la-ull-en-marruecos-y-senegal\/\"]}]},{\"@type\":\"BreadcrumbList\",\"@id\":\"https:\/\/www.ull.es\/portal\/noticias\/2009\/el-ii-plan-de-formacion-y-cooperacion-al-desarrollo-africa-2009-oferta-cursos-de-la-ull-en-marruecos-y-senegal\/#breadcrumb\",\"itemListElement\":[{\"@type\":\"ListItem\",\"position\":1,\"name\":\"Portada\",\"item\":\"https:\/\/www.ull.es\/portal\/noticias\/\"},{\"@type\":\"ListItem\",\"position\":2,\"name\":\"El II Plan de Formaci\u00f3n y Cooperaci\u00f3n al Desarrollo \u00c1frica 2009 oferta cursos de la ULL en Marruecos y Senegal\"}]},{\"@type\":\"WebSite\",\"@id\":\"https:\/\/www.ull.es\/portal\/noticias\/#website\",\"url\":\"https:\/\/www.ull.es\/portal\/noticias\/\",\"name\":\"ULL - Noticias\",\"description\":\"\",\"potentialAction\":[{\"@type\":\"SearchAction\",\"target\":{\"@type\":\"EntryPoint\",\"urlTemplate\":\"https:\/\/www.ull.es\/portal\/noticias\/?s={search_term_string}\"},\"query-input\":\"required name=search_term_string\"}],\"inLanguage\":\"es\"},{\"@type\":\"Person\",\"@id\":\"https:\/\/www.ull.es\/portal\/noticias\/#\/schema\/person\/c3b2aa857797592927a03740d6664376\",\"name\":\"prensa2\",\"image\":{\"@type\":\"ImageObject\",\"inLanguage\":\"es\",\"@id\":\"https:\/\/www.ull.es\/portal\/noticias\/#\/schema\/person\/image\/\",\"url\":\"https:\/\/secure.gravatar.com\/avatar\/b58f310a5de5feb33d1e026d2493f23c?s=96&d=mm&r=g\",\"contentUrl\":\"https:\/\/secure.gravatar.com\/avatar\/b58f310a5de5feb33d1e026d2493f23c?s=96&d=mm&r=g\",\"caption\":\"prensa2\"},\"url\":\"https:\/\/www.ull.es\/portal\/noticias\/author\/prensa2\/\"}]}<\/script>\n<!-- \/ Yoast SEO plugin. -->","yoast_head_json":{"title":"El II Plan de Formaci\u00f3n y Cooperaci\u00f3n al Desarrollo \u00c1frica 2009 oferta cursos de la ULL en Marruecos y Senegal - ULL - Noticias","robots":{"index":"index","follow":"follow","max-snippet":"max-snippet:-1","max-image-preview":"max-image-preview:large","max-video-preview":"max-video-preview:-1"},"canonical":"https:\/\/www.ull.es\/portal\/noticias\/2009\/el-ii-plan-de-formacion-y-cooperacion-al-desarrollo-africa-2009-oferta-cursos-de-la-ull-en-marruecos-y-senegal\/","og_locale":"es_ES","og_type":"article","og_title":"El II Plan de Formaci\u00f3n y Cooperaci\u00f3n al Desarrollo \u00c1frica 2009 oferta cursos de la ULL en Marruecos y Senegal - ULL - Noticias","og_description":"La Universidad de La Laguna, en colaboraci&oacute;n con la C&aacute;mara de Comercio, Industria y Servicios de Agadir, organiz&oacute; en 2007...","og_url":"https:\/\/www.ull.es\/portal\/noticias\/2009\/el-ii-plan-de-formacion-y-cooperacion-al-desarrollo-africa-2009-oferta-cursos-de-la-ull-en-marruecos-y-senegal\/","og_site_name":"ULL - Noticias","article_publisher":"https:\/\/www.facebook.com\/universidaddelalaguna\/","article_published_time":"2009-02-10T00:00:00+00:00","og_image":[{"width":1200,"height":630,"url":"https:\/\/www.ull.es\/portal\/noticias\/wp-content\/uploads\/sites\/13\/2023\/06\/logo-redimensionado.png","type":"image\/png"}],"author":"prensa2","twitter_card":"summary_large_image","twitter_creator":"@CanalULL","twitter_site":"@CanalULL","twitter_misc":{"Escrito por":"prensa2","Tiempo de lectura":"3 minutos"},"schema":{"@context":"https:\/\/schema.org","@graph":[{"@type":"WebPage","@id":"https:\/\/www.ull.es\/portal\/noticias\/2009\/el-ii-plan-de-formacion-y-cooperacion-al-desarrollo-africa-2009-oferta-cursos-de-la-ull-en-marruecos-y-senegal\/","url":"https:\/\/www.ull.es\/portal\/noticias\/2009\/el-ii-plan-de-formacion-y-cooperacion-al-desarrollo-africa-2009-oferta-cursos-de-la-ull-en-marruecos-y-senegal\/","name":"El II Plan de Formaci\u00f3n y Cooperaci\u00f3n al Desarrollo \u00c1frica 2009 oferta cursos de la ULL en Marruecos y Senegal - ULL - Noticias","isPartOf":{"@id":"https:\/\/www.ull.es\/portal\/noticias\/#website"},"datePublished":"2009-02-10T00:00:00+00:00","dateModified":"2009-02-10T00:00:00+00:00","author":{"@id":"https:\/\/www.ull.es\/portal\/noticias\/#\/schema\/person\/c3b2aa857797592927a03740d6664376"},"breadcrumb":{"@id":"https:\/\/www.ull.es\/portal\/noticias\/2009\/el-ii-plan-de-formacion-y-cooperacion-al-desarrollo-africa-2009-oferta-cursos-de-la-ull-en-marruecos-y-senegal\/#breadcrumb"},"inLanguage":"es","potentialAction":[{"@type":"ReadAction","target":["https:\/\/www.ull.es\/portal\/noticias\/2009\/el-ii-plan-de-formacion-y-cooperacion-al-desarrollo-africa-2009-oferta-cursos-de-la-ull-en-marruecos-y-senegal\/"]}]},{"@type":"BreadcrumbList","@id":"https:\/\/www.ull.es\/portal\/noticias\/2009\/el-ii-plan-de-formacion-y-cooperacion-al-desarrollo-africa-2009-oferta-cursos-de-la-ull-en-marruecos-y-senegal\/#breadcrumb","itemListElement":[{"@type":"ListItem","position":1,"name":"Portada","item":"https:\/\/www.ull.es\/portal\/noticias\/"},{"@type":"ListItem","position":2,"name":"El II Plan de Formaci\u00f3n y Cooperaci\u00f3n al Desarrollo \u00c1frica 2009 oferta cursos de la ULL en Marruecos y Senegal"}]},{"@type":"WebSite","@id":"https:\/\/www.ull.es\/portal\/noticias\/#website","url":"https:\/\/www.ull.es\/portal\/noticias\/","name":"ULL - Noticias","description":"","potentialAction":[{"@type":"SearchAction","target":{"@type":"EntryPoint","urlTemplate":"https:\/\/www.ull.es\/portal\/noticias\/?s={search_term_string}"},"query-input":"required name=search_term_string"}],"inLanguage":"es"},{"@type":"Person","@id":"https:\/\/www.ull.es\/portal\/noticias\/#\/schema\/person\/c3b2aa857797592927a03740d6664376","name":"prensa2","image":{"@type":"ImageObject","inLanguage":"es","@id":"https:\/\/www.ull.es\/portal\/noticias\/#\/schema\/person\/image\/","url":"https:\/\/secure.gravatar.com\/avatar\/b58f310a5de5feb33d1e026d2493f23c?s=96&d=mm&r=g","contentUrl":"https:\/\/secure.gravatar.com\/avatar\/b58f310a5de5feb33d1e026d2493f23c?s=96&d=mm&r=g","caption":"prensa2"},"url":"https:\/\/www.ull.es\/portal\/noticias\/author\/prensa2\/"}]}},"primary_category":null,"featured_image_thumbnail_url":null,"_links":{"self":[{"href":"https:\/\/www.ull.es\/portal\/noticias\/wp-json\/wp\/v2\/posts\/13631"}],"collection":[{"href":"https:\/\/www.ull.es\/portal\/noticias\/wp-json\/wp\/v2\/posts"}],"about":[{"href":"https:\/\/www.ull.es\/portal\/noticias\/wp-json\/wp\/v2\/types\/post"}],"author":[{"embeddable":true,"href":"https:\/\/www.ull.es\/portal\/noticias\/wp-json\/wp\/v2\/users\/21"}],"replies":[{"embeddable":true,"href":"https:\/\/www.ull.es\/portal\/noticias\/wp-json\/wp\/v2\/comments?post=13631"}],"version-history":[{"count":0,"href":"https:\/\/www.ull.es\/portal\/noticias\/wp-json\/wp\/v2\/posts\/13631\/revisions"}],"wp:attachment":[{"href":"https:\/\/www.ull.es\/portal\/noticias\/wp-json\/wp\/v2\/media?parent=13631"}],"wp:term":[{"taxonomy":"category","embeddable":true,"href":"https:\/\/www.ull.es\/portal\/noticias\/wp-json\/wp\/v2\/categories?post=13631"},{"taxonomy":"post_tag","embeddable":true,"href":"https:\/\/www.ull.es\/portal\/noticias\/wp-json\/wp\/v2\/tags?post=13631"}],"curies":[{"name":"wp","href":"https:\/\/api.w.org\/{rel}","templated":true}]}}