{"id":13639,"date":"2009-04-14T00:00:00","date_gmt":"2009-04-14T00:00:00","guid":{"rendered":"http:\/\/ddigital.webs.ull.es\/las-areas-de-derecho-civil-y-de-derecho-romano-organizan-la-duodecima-edicion-del-seminario-de-derecho-comparado\/"},"modified":"2009-04-14T00:00:00","modified_gmt":"2009-04-14T00:00:00","slug":"las-areas-de-derecho-civil-y-de-derecho-romano-organizan-la-duodecima-edicion-del-seminario-de-derecho-comparado","status":"publish","type":"post","link":"https:\/\/www.ull.es\/portal\/noticias\/2009\/las-areas-de-derecho-civil-y-de-derecho-romano-organizan-la-duodecima-edicion-del-seminario-de-derecho-comparado\/","title":{"rendered":"Las \u00e1reas de Derecho Civil y de Derecho Romano organizan la duod\u00e9cima edici\u00f3n del seminario de Derecho Comparado"},"content":{"rendered":"<div>Las &Aacute;reas de Derecho Civil y de Derecho Romano del Departamento de Disciplinas Jur&iacute;dicas B&aacute;sicas de la Universidad de La Laguna organizan el XII Seminario de Derecho Comparado, que se celebrar&aacute; en la Facultad de Derecho entre los d&iacute;as 16 y 24 de abril de 2009. En esta ocasi&oacute;n, el evento estar&aacute; dedicado a la memoria de Juan Miquel Gonz&aacute;lez de Audicana, antiguo catedr&aacute;tico de Derecho Romano de la instituci&oacute;n acad&eacute;mica y fundador del seminario, fallecido el pasado a&ntilde;o 2008.<\/div>\n<p>El seminario, que lleva celebr&aacute;ndose casi de forma ininterrumpida desde 1996, se ha convertido en la iniciativa jur&iacute;dica m&aacute;s duradera de cuantas se celebran en el &aacute;mbito de la Universidad de La Laguna. El objeto del mismo es la divulgaci&oacute;n entre el personal docente e investigador del estudio del derecho comparado, entendido como el an&aacute;lisis de los distintos ordenamientos jur&iacute;dicos del entorno geogr&aacute;fico. Esta finalidad se ha tornado en los &uacute;ltimos tiempos esencial, debido al hecho de que en el &aacute;mbito europeo se est&eacute;n desarrollando trabajos en la l&iacute;nea de armonizar e incluso unificar la regulaci&oacute;n de determinadas instituciones, con resultados palpables en materias como la contrataci&oacute;n de seguros, la defensa de los consumidores o el comercio electr&oacute;nico.<\/p>\n<p>En cada una de sus once ediciones precedentes, el seminario ha contado con ponentes de excepci&oacute;n, tendencia que se repite este a&ntilde;o con la presencia de figuras provenientes del Derecho Civil y el Derecho Romano, cuyas conferencias versar&aacute;n principalmente sobre la transmisi&oacute;n del derecho de propiedad, con especial atenci&oacute;n a los bienes inmuebles.<\/p>\n<p>El seminario est&aacute; financiado por el Vicerrectorado de Investigaci&oacute;n, Desarrollo Tecnol&oacute;gico e Innovaci&oacute;n y cuenta con la colaboraci&oacute;n de la Facultad de Derecho, de la C&aacute;tedra Cultural &ldquo;Francisco Tom&aacute;s y Valiente&rdquo; y del Aula Cultural &ldquo;Radio Campus&rdquo;.<\/p>\n<p>Homenaje a Juan Miquel Gonz&aacute;lez de Audicana<\/p>\n<p>&nbsp;Esta duod&eacute;cima edici&oacute;n se presenta tambi&eacute;n como la primera en la que no estar&aacute; presente su fundador y uno de sus principales valedores, el Profesor Doctor Juan Miquel Gonz&aacute;lez de Audicana, fallecido el pasado menos de octubre. El Profesor Miquel, que hab&iacute;a sido Catedr&aacute;tico en la Universidad de La Laguna, mantuvo a trav&eacute;s del seminario una vinculaci&oacute;n constante con la que hab&iacute;a sido su antigua casa, la cual se tradujo en una constante renovaci&oacute;n de su magisterio entre sucesivas generaciones de juristas en la facultad tinerfe&ntilde;a.<\/p>\n<p>Programa del seminario<\/p>\n<p>Jueves, 16 de abril de 2009<\/p>\n<p>16:30 h.Conferencia: La transmisi&oacute;n de la propiedad de los bienes inmuebles en Europa en el proyecto del Common Core,&nbsp; por la Dra. D&ordf; Luz Mart&iacute;nez Velencoso, Profesora Titular de Derecho Civil de la Universidad de Valencia<\/p>\n<p>18:00 h. Conferencia: La transmisi&oacute;n de la propiedad de los bienes inmuebles en Espa&ntilde;a,&nbsp; por la Dra. D&ordf; Sonia Mart&iacute;n Santisteban, Profesora Contratada Doctora de la Universidad de Cantabria.<\/p>\n<p>Mi&eacute;rcoles, 22 de abril de 2009<\/p>\n<p>16:30 h. Conferencia: Legitimaci&oacute;n para enajenar de los no due&ntilde;os en el Derecho Romano cl&aacute;sico, por la Dra. D&ordf; Mar&iacute;a Victoria Sans&oacute;n Rodr&iacute;guez, Catedr&aacute;tica de Derecho Romano de la Universidad de La Laguna<\/p>\n<p>Jueves, 23 de abril de 2009<\/p>\n<p>16:30 h. Conferencia: La adquisici&oacute;n de la propiedad en Derecho Romano en un caso especial: el naufragio, por la Dra. D&ordf; Mar&iacute;a Teresa Peralta Escuer, Profesora Titular de Derecho Romano de la Universidad de L&eacute;rida<\/p>\n<p>18:00 h. Conferencia: Consideraciones de un romanista sobre el inventario institucional de la compilaci&oacute;n civil de Catalu&ntilde;a, por el Dr. D. Jos&eacute; Luis Linares Pineda, Catedr&aacute;tico de Derecho Romano de la Universidad de Gerona<\/p>\n<p>Viernes, 24 de abril de 2009<\/p>\n<p>11:00 h. Conferencia: La reserva de dominio, por el Dr. D. Jos&eacute; Mar&iacute;a Miquel Gonz&aacute;lez, Catedr&aacute;tico de Derecho Civil de la Universidad Aut&oacute;noma de Madrid<\/p>\n<p>12:30 h. Conferencia: La oficina judicial (reformas legislativas), por el Dr. D. Antonio Fern&aacute;ndez de Buj&aacute;n, Catedr&aacute;tico de Derecho Romano de la Universidad Aut&oacute;noma de Madrid<\/p>\n","protected":false},"excerpt":{"rendered":"<p>Las &Aacute;reas de Derecho Civil y de Derecho Romano del Departamento de Disciplinas Jur&iacute;dicas B&aacute;sicas de la Universidad de La&#8230;<\/p>\n","protected":false},"author":21,"featured_media":0,"comment_status":"open","ping_status":"open","sticky":false,"template":"","format":"standard","meta":{"inline_featured_image":false,"footnotes":""},"categories":[346,1],"tags":[],"acf":[],"yoast_head":"<!-- This site is optimized with the Yoast SEO plugin v21.3 - https:\/\/yoast.com\/wordpress\/plugins\/seo\/ -->\n<title>Las \u00e1reas de Derecho Civil y de Derecho Romano organizan la duod\u00e9cima edici\u00f3n del seminario de Derecho Comparado - ULL - Noticias<\/title>\n<meta name=\"robots\" content=\"index, follow, max-snippet:-1, max-image-preview:large, max-video-preview:-1\" \/>\n<link rel=\"canonical\" href=\"https:\/\/www.ull.es\/portal\/noticias\/2009\/las-areas-de-derecho-civil-y-de-derecho-romano-organizan-la-duodecima-edicion-del-seminario-de-derecho-comparado\/\" \/>\n<meta property=\"og:locale\" content=\"es_ES\" \/>\n<meta property=\"og:type\" content=\"article\" \/>\n<meta property=\"og:title\" content=\"Las \u00e1reas de Derecho Civil y de Derecho Romano organizan la duod\u00e9cima edici\u00f3n del seminario de Derecho Comparado - ULL - Noticias\" \/>\n<meta property=\"og:description\" content=\"Las &Aacute;reas de Derecho Civil y de Derecho Romano del Departamento de Disciplinas Jur&iacute;dicas B&aacute;sicas de la Universidad de La...\" \/>\n<meta property=\"og:url\" content=\"https:\/\/www.ull.es\/portal\/noticias\/2009\/las-areas-de-derecho-civil-y-de-derecho-romano-organizan-la-duodecima-edicion-del-seminario-de-derecho-comparado\/\" \/>\n<meta property=\"og:site_name\" content=\"ULL - Noticias\" \/>\n<meta property=\"article:publisher\" content=\"https:\/\/www.facebook.com\/universidaddelalaguna\/\" \/>\n<meta property=\"article:published_time\" content=\"2009-04-14T00:00:00+00:00\" \/>\n<meta property=\"og:image\" content=\"https:\/\/www.ull.es\/portal\/noticias\/wp-content\/uploads\/sites\/13\/2023\/06\/logo-redimensionado.png\" \/>\n\t<meta property=\"og:image:width\" content=\"1200\" \/>\n\t<meta property=\"og:image:height\" content=\"630\" \/>\n\t<meta property=\"og:image:type\" content=\"image\/png\" \/>\n<meta name=\"author\" content=\"prensa2\" \/>\n<meta name=\"twitter:card\" content=\"summary_large_image\" \/>\n<meta name=\"twitter:creator\" content=\"@CanalULL\" \/>\n<meta name=\"twitter:site\" content=\"@CanalULL\" \/>\n<meta name=\"twitter:label1\" content=\"Escrito por\" \/>\n\t<meta name=\"twitter:data1\" content=\"prensa2\" \/>\n\t<meta name=\"twitter:label2\" content=\"Tiempo de lectura\" \/>\n\t<meta name=\"twitter:data2\" content=\"4 minutos\" \/>\n<script type=\"application\/ld+json\" class=\"yoast-schema-graph\">{\"@context\":\"https:\/\/schema.org\",\"@graph\":[{\"@type\":\"WebPage\",\"@id\":\"https:\/\/www.ull.es\/portal\/noticias\/2009\/las-areas-de-derecho-civil-y-de-derecho-romano-organizan-la-duodecima-edicion-del-seminario-de-derecho-comparado\/\",\"url\":\"https:\/\/www.ull.es\/portal\/noticias\/2009\/las-areas-de-derecho-civil-y-de-derecho-romano-organizan-la-duodecima-edicion-del-seminario-de-derecho-comparado\/\",\"name\":\"Las \u00e1reas de Derecho Civil y de Derecho Romano organizan la duod\u00e9cima edici\u00f3n del seminario de Derecho Comparado - ULL - Noticias\",\"isPartOf\":{\"@id\":\"https:\/\/www.ull.es\/portal\/noticias\/#website\"},\"datePublished\":\"2009-04-14T00:00:00+00:00\",\"dateModified\":\"2009-04-14T00:00:00+00:00\",\"author\":{\"@id\":\"https:\/\/www.ull.es\/portal\/noticias\/#\/schema\/person\/c3b2aa857797592927a03740d6664376\"},\"breadcrumb\":{\"@id\":\"https:\/\/www.ull.es\/portal\/noticias\/2009\/las-areas-de-derecho-civil-y-de-derecho-romano-organizan-la-duodecima-edicion-del-seminario-de-derecho-comparado\/#breadcrumb\"},\"inLanguage\":\"es\",\"potentialAction\":[{\"@type\":\"ReadAction\",\"target\":[\"https:\/\/www.ull.es\/portal\/noticias\/2009\/las-areas-de-derecho-civil-y-de-derecho-romano-organizan-la-duodecima-edicion-del-seminario-de-derecho-comparado\/\"]}]},{\"@type\":\"BreadcrumbList\",\"@id\":\"https:\/\/www.ull.es\/portal\/noticias\/2009\/las-areas-de-derecho-civil-y-de-derecho-romano-organizan-la-duodecima-edicion-del-seminario-de-derecho-comparado\/#breadcrumb\",\"itemListElement\":[{\"@type\":\"ListItem\",\"position\":1,\"name\":\"Portada\",\"item\":\"https:\/\/www.ull.es\/portal\/noticias\/\"},{\"@type\":\"ListItem\",\"position\":2,\"name\":\"Las \u00e1reas de Derecho Civil y de Derecho Romano organizan la duod\u00e9cima edici\u00f3n del seminario de Derecho Comparado\"}]},{\"@type\":\"WebSite\",\"@id\":\"https:\/\/www.ull.es\/portal\/noticias\/#website\",\"url\":\"https:\/\/www.ull.es\/portal\/noticias\/\",\"name\":\"ULL - Noticias\",\"description\":\"\",\"potentialAction\":[{\"@type\":\"SearchAction\",\"target\":{\"@type\":\"EntryPoint\",\"urlTemplate\":\"https:\/\/www.ull.es\/portal\/noticias\/?s={search_term_string}\"},\"query-input\":\"required name=search_term_string\"}],\"inLanguage\":\"es\"},{\"@type\":\"Person\",\"@id\":\"https:\/\/www.ull.es\/portal\/noticias\/#\/schema\/person\/c3b2aa857797592927a03740d6664376\",\"name\":\"prensa2\",\"image\":{\"@type\":\"ImageObject\",\"inLanguage\":\"es\",\"@id\":\"https:\/\/www.ull.es\/portal\/noticias\/#\/schema\/person\/image\/\",\"url\":\"https:\/\/secure.gravatar.com\/avatar\/b58f310a5de5feb33d1e026d2493f23c?s=96&d=mm&r=g\",\"contentUrl\":\"https:\/\/secure.gravatar.com\/avatar\/b58f310a5de5feb33d1e026d2493f23c?s=96&d=mm&r=g\",\"caption\":\"prensa2\"},\"url\":\"https:\/\/www.ull.es\/portal\/noticias\/author\/prensa2\/\"}]}<\/script>\n<!-- \/ Yoast SEO plugin. -->","yoast_head_json":{"title":"Las \u00e1reas de Derecho Civil y de Derecho Romano organizan la duod\u00e9cima edici\u00f3n del seminario de Derecho Comparado - ULL - Noticias","robots":{"index":"index","follow":"follow","max-snippet":"max-snippet:-1","max-image-preview":"max-image-preview:large","max-video-preview":"max-video-preview:-1"},"canonical":"https:\/\/www.ull.es\/portal\/noticias\/2009\/las-areas-de-derecho-civil-y-de-derecho-romano-organizan-la-duodecima-edicion-del-seminario-de-derecho-comparado\/","og_locale":"es_ES","og_type":"article","og_title":"Las \u00e1reas de Derecho Civil y de Derecho Romano organizan la duod\u00e9cima edici\u00f3n del seminario de Derecho Comparado - ULL - Noticias","og_description":"Las &Aacute;reas de Derecho Civil y de Derecho Romano del Departamento de Disciplinas Jur&iacute;dicas B&aacute;sicas de la Universidad de La...","og_url":"https:\/\/www.ull.es\/portal\/noticias\/2009\/las-areas-de-derecho-civil-y-de-derecho-romano-organizan-la-duodecima-edicion-del-seminario-de-derecho-comparado\/","og_site_name":"ULL - Noticias","article_publisher":"https:\/\/www.facebook.com\/universidaddelalaguna\/","article_published_time":"2009-04-14T00:00:00+00:00","og_image":[{"width":1200,"height":630,"url":"https:\/\/www.ull.es\/portal\/noticias\/wp-content\/uploads\/sites\/13\/2023\/06\/logo-redimensionado.png","type":"image\/png"}],"author":"prensa2","twitter_card":"summary_large_image","twitter_creator":"@CanalULL","twitter_site":"@CanalULL","twitter_misc":{"Escrito por":"prensa2","Tiempo de lectura":"4 minutos"},"schema":{"@context":"https:\/\/schema.org","@graph":[{"@type":"WebPage","@id":"https:\/\/www.ull.es\/portal\/noticias\/2009\/las-areas-de-derecho-civil-y-de-derecho-romano-organizan-la-duodecima-edicion-del-seminario-de-derecho-comparado\/","url":"https:\/\/www.ull.es\/portal\/noticias\/2009\/las-areas-de-derecho-civil-y-de-derecho-romano-organizan-la-duodecima-edicion-del-seminario-de-derecho-comparado\/","name":"Las \u00e1reas de Derecho Civil y de Derecho Romano organizan la duod\u00e9cima edici\u00f3n del seminario de Derecho Comparado - ULL - Noticias","isPartOf":{"@id":"https:\/\/www.ull.es\/portal\/noticias\/#website"},"datePublished":"2009-04-14T00:00:00+00:00","dateModified":"2009-04-14T00:00:00+00:00","author":{"@id":"https:\/\/www.ull.es\/portal\/noticias\/#\/schema\/person\/c3b2aa857797592927a03740d6664376"},"breadcrumb":{"@id":"https:\/\/www.ull.es\/portal\/noticias\/2009\/las-areas-de-derecho-civil-y-de-derecho-romano-organizan-la-duodecima-edicion-del-seminario-de-derecho-comparado\/#breadcrumb"},"inLanguage":"es","potentialAction":[{"@type":"ReadAction","target":["https:\/\/www.ull.es\/portal\/noticias\/2009\/las-areas-de-derecho-civil-y-de-derecho-romano-organizan-la-duodecima-edicion-del-seminario-de-derecho-comparado\/"]}]},{"@type":"BreadcrumbList","@id":"https:\/\/www.ull.es\/portal\/noticias\/2009\/las-areas-de-derecho-civil-y-de-derecho-romano-organizan-la-duodecima-edicion-del-seminario-de-derecho-comparado\/#breadcrumb","itemListElement":[{"@type":"ListItem","position":1,"name":"Portada","item":"https:\/\/www.ull.es\/portal\/noticias\/"},{"@type":"ListItem","position":2,"name":"Las \u00e1reas de Derecho Civil y de Derecho Romano organizan la duod\u00e9cima edici\u00f3n del seminario de Derecho Comparado"}]},{"@type":"WebSite","@id":"https:\/\/www.ull.es\/portal\/noticias\/#website","url":"https:\/\/www.ull.es\/portal\/noticias\/","name":"ULL - Noticias","description":"","potentialAction":[{"@type":"SearchAction","target":{"@type":"EntryPoint","urlTemplate":"https:\/\/www.ull.es\/portal\/noticias\/?s={search_term_string}"},"query-input":"required name=search_term_string"}],"inLanguage":"es"},{"@type":"Person","@id":"https:\/\/www.ull.es\/portal\/noticias\/#\/schema\/person\/c3b2aa857797592927a03740d6664376","name":"prensa2","image":{"@type":"ImageObject","inLanguage":"es","@id":"https:\/\/www.ull.es\/portal\/noticias\/#\/schema\/person\/image\/","url":"https:\/\/secure.gravatar.com\/avatar\/b58f310a5de5feb33d1e026d2493f23c?s=96&d=mm&r=g","contentUrl":"https:\/\/secure.gravatar.com\/avatar\/b58f310a5de5feb33d1e026d2493f23c?s=96&d=mm&r=g","caption":"prensa2"},"url":"https:\/\/www.ull.es\/portal\/noticias\/author\/prensa2\/"}]}},"primary_category":null,"featured_image_thumbnail_url":null,"_links":{"self":[{"href":"https:\/\/www.ull.es\/portal\/noticias\/wp-json\/wp\/v2\/posts\/13639"}],"collection":[{"href":"https:\/\/www.ull.es\/portal\/noticias\/wp-json\/wp\/v2\/posts"}],"about":[{"href":"https:\/\/www.ull.es\/portal\/noticias\/wp-json\/wp\/v2\/types\/post"}],"author":[{"embeddable":true,"href":"https:\/\/www.ull.es\/portal\/noticias\/wp-json\/wp\/v2\/users\/21"}],"replies":[{"embeddable":true,"href":"https:\/\/www.ull.es\/portal\/noticias\/wp-json\/wp\/v2\/comments?post=13639"}],"version-history":[{"count":0,"href":"https:\/\/www.ull.es\/portal\/noticias\/wp-json\/wp\/v2\/posts\/13639\/revisions"}],"wp:attachment":[{"href":"https:\/\/www.ull.es\/portal\/noticias\/wp-json\/wp\/v2\/media?parent=13639"}],"wp:term":[{"taxonomy":"category","embeddable":true,"href":"https:\/\/www.ull.es\/portal\/noticias\/wp-json\/wp\/v2\/categories?post=13639"},{"taxonomy":"post_tag","embeddable":true,"href":"https:\/\/www.ull.es\/portal\/noticias\/wp-json\/wp\/v2\/tags?post=13639"}],"curies":[{"name":"wp","href":"https:\/\/api.w.org\/{rel}","templated":true}]}}