{"id":13643,"date":"2009-04-23T00:00:00","date_gmt":"2009-04-23T00:00:00","guid":{"rendered":"http:\/\/ddigital.webs.ull.es\/balima-africa-sufre-una-colonizacion-cultural-por-parte-de-los-medios-de-comunicacion-occidentales\/"},"modified":"2009-04-23T00:00:00","modified_gmt":"2009-04-23T00:00:00","slug":"balima-africa-sufre-una-colonizacion-cultural-por-parte-de-los-medios-de-comunicacion-occidentales","status":"publish","type":"post","link":"https:\/\/www.ull.es\/portal\/noticias\/2009\/balima-africa-sufre-una-colonizacion-cultural-por-parte-de-los-medios-de-comunicacion-occidentales\/","title":{"rendered":"Balima: \u201c\u00c1frica sufre una colonizaci\u00f3n cultural por parte de los medios de comunicaci\u00f3n occidentales\u201d"},"content":{"rendered":"<p>&ldquo;&Aacute;frica sufre una colonizaci&oacute;n cultural por parte de los medios de comunicaci&oacute;n occidentales&rdquo;; con estas palabras, Serge Balima, profesor de la Universidad de Ouagadogou (Burkina Faso) y ex ministro de Cultura de ese pa&iacute;s, denunci&oacute; la imagen idealizada de occidente que se vende en el continente africano. Estas declaraciones se enmarcan dentro de la ponencia realizada por Balima en la jornada inaugural de &ldquo;Encuentros Olvidados&rdquo;; un seminario que re&uacute;ne durante el d&iacute;a de hoy y ma&ntilde;ana, jueves 23 de abril, a especialistas de la comunicaci&oacute;n africanos y europeos. &ldquo;Encuentros Olvidados&rdquo; se desarrolla en la<br \/> Facultad de Ciencias de la Informaci&oacute;n y cuenta con la asistencia y participaci&oacute;n de profesores de universidades africanas y espa&ntilde;olas. En estas jornadas se han inscrito m&aacute;s de 100 alumnos e investigadores.<\/p>\n<p>En la inauguraci&oacute;n estuvieron presentes el rector de la Universidad de La Laguna, Eduardo Dom&eacute;nech; el consejero de Sanidad y Relaciones con la Universidad del Cabildo de Tenerife, Antonio Alarc&oacute;; la vicerrectora de Relaciones Universidad Sociedad de la ULL, Mar&iacute;a Gracia Rodr&iacute;guez Brito y el decano de la Facultad de Ciencias de la Informaci&oacute;n, Humberto Hern&aacute;ndez. En sus palabras el rector, que destac&oacute; el trabajo desarrollado por la Facultad de Ciencias de la Informaci&oacute;n, se&ntilde;al&oacute; que estas jornadas &ldquo;permiten establecer lazos de solidaridad con &Aacute;frica; pero una solidaridad entendida como<br \/> intercambio docente e investigador en la que unos y otros, tambi&eacute;n nosotros, saldremos beneficiados por el mismo&rdquo;.<\/p>\n<p> Por su parte, el consejero de Sanidad y Relaciones con la Universidad del Cabildo de Tenerife, Antonio Alarc&oacute;, con quien la Facultad de Ciencias de la Informaci&oacute;n formaliz&oacute; un convenio de colaboraci&oacute;n que ha permitido el desarrollo de estas jornadas, expuso que para la Universidad de La Laguna &ldquo;es una obligaci&oacute;n ser un centro de referencia para otros centros docentes superiores de &Aacute;frica con los que&rdquo;, prosigui&oacute;, &ldquo;debemos mantener una colaboraci&oacute;n de t&uacute; a t&uacute;&rdquo;. Para Alarc&oacute;, &ldquo;tenemos que liderar una pol&iacute;tica de intercambio mutuo de alumnos e investigadores para lograr dejar de ser unos<br \/> desconocidos entre nosotros&rdquo;.<\/p>\n<p>A continuaci&oacute;n, la directora de este encuentro, la vicedecana de Ciencias de la Informaci&oacute;n, Carmen Rodr&iacute;guez Wang&uuml;emert, expuso los objetivos de estas jornadas y destac&oacute; la importancia del mismo por cuanto supondr&aacute; una primera toma de contacto con universidades africanas con las que se pretende formalizar convenidos de colaboraci&oacute;n e intercambio de alumnos y profesorado que permitir&aacute;n profundizar en la investigaci&oacute;n en materia de comunicaci&oacute;n.<\/p>\n<p>Estas jornadas se enmarcan dentro del proyecto global &ldquo;Otra mirada.Comunicaci&oacute;n, Ciudad y Desarrollo desde la Diversidad: Canarias-&Aacute;frica&rdquo; y cuentan con la presencia de representantes de las universidades de Douala (Camer&uacute;n), Cocody Abidjan (Costa de Marfil), Ouagadougou (Burkina Faso),<br \/> Fez (Marruecos), Estrasburgo (Francia), Pa&iacute;s Vasco, Sevilla y La Laguna (Espa&ntilde;a).<\/p>\n<p>As&iacute;, durante la ma&ntilde;ana de hoy, mi&eacute;rcoles 22 de abril, se desarroll&oacute; un panel de expertos que, bajo el t&iacute;tulo Investigaci&oacute;n en Comunicaci&oacute;n y Cultura con Universidades de &Aacute;frica, reuni&oacute; a Miss&eacute; Miss&eacute; y a Madiba Georges, de la Universidad de Douala (Camer&uacute;n), a Jos&eacute; Mingolarra Ibarz&aacute;bal de la<br \/> Universidad del Pa&iacute;s Vasco y a Serge Balima de la Universidad de Ouagadougou (Burkina Faso). Este panel de expertos, presentado por el catedr&aacute;tico de Ciencias de la Informaci&oacute;n, Ricardo Acir&oacute;n, se inici&oacute; con la presentaci&oacute;n de la conferencia &ldquo;La Ciudad como espacio comunicacional&rdquo; a<br \/> cargo de los profesores de la Universidad de Camer&uacute;n.<\/p>\n<p>En su exposici&oacute;n, los dos profesores, destacaron el papel de la ciudad en los procesos de comunicaci&oacute;n y su interrelaci&oacute;n con los diferentes agentes sociales y c&oacute;mo a trav&eacute;s de esos flujos de informaci&oacute;n se articulan las relaciones sociales. Asimismo, expusieron la &ldquo;complicada&rdquo; convivencia de los distintos tipos de estudios universitarios superiores en materia de Comunicaci&oacute;n &ndash;periodismo, mass-media, publicidad&hellip;- que se dan en Camer&uacute;n.<\/p>\n<p>A continuaci&oacute;n, Jos&eacute; Mingolorra de la Universidad del Pa&iacute;s Vasco, en su intervenci&oacute;n que llev&oacute; por t&iacute;tulo &ldquo;Investigar la ciudad y en la ciudad&rdquo;, defendi&oacute; que s&oacute;lo en la ciudad &ldquo;se sostiene la democracia y la democracia se mantiene gracias a los medios de comunicaci&oacute;n&rdquo; con lo que la vinculaci&oacute;n mass-media y ciudad es una referencia obligada en la sociedad actual.<\/p>\n<p>Finalmente, el panel lo cerr&oacute; Serg&eacute; Balima quien en su conferencia &ldquo;Interculturalidad en las ciudades africanas en la Mundializaci&oacute;n&rdquo; sostuvo que la presencia &ldquo;y sobre todo el mensaje&rdquo; de los medios de comunicaci&oacute;n occidentales suponen &ldquo;de facto&rdquo; una colonizaci&oacute;n cultural &ldquo;suave, pero<br \/> colonizaci&oacute;n al fin y al cabo&rdquo; de &Aacute;frica. Balima, que es profesor de la Universidad de Ouagadougou (Burkina Faso, pa&iacute;s en el que ocup&oacute; el cargo de Ministro de Cultura a finales de los a&ntilde;os 80) critic&oacute; la &ldquo;idealizada imagen&rdquo; que se vende de occidente en &Aacute;frica y lleva, no s&oacute;lo a la intensificaci&oacute;n de procesos<br \/> emigratorios &Aacute;frica-Europa sino a la p&eacute;rdida progresiva de la identidad cultural<br \/> de los distintos pa&iacute;ses. En ese proceso &ldquo;de unificaci&oacute;n cultural&rdquo; la ciudad &ldquo;juega<br \/> un papel imprescindible pues es uno de los elementos, si no el principal, que<br \/> lleva a la p&eacute;rdida de la identidad de la cultura africana&rdquo;.<\/p>\n<p>En esta l&iacute;nea, Balima defendi&oacute; la necesidad de un &ldquo;desarrollo sostenible&rdquo; entendido &eacute;ste tal y como lo define Naciones Unidas; es decir, como una f&oacute;rmula no solo de preservar los recursos naturales &ldquo;sino, tambi&eacute;n, los culturales&rdquo;.<\/p>\n<p>Tras el almuerzo, tuvo lugar otro panel de expertos, que, con el t&iacute;tulo &ldquo;Interculturalidad e Investigaci&oacute;n de la Comunicaci&oacute;n&rdquo; reuni&oacute; a Norddin Achiri de la Universidad de Fez (Marruecos) y a Juan Rey, de la Universidad de Sevilla.<\/p>\n<p> (Nota y fotos cedidas)<\/p>\n","protected":false},"excerpt":{"rendered":"<p>&ldquo;&Aacute;frica sufre una colonizaci&oacute;n cultural por parte de los medios de comunicaci&oacute;n occidentales&rdquo;; con estas palabras, Serge Balima, profesor de&#8230;<\/p>\n","protected":false},"author":21,"featured_media":0,"comment_status":"open","ping_status":"open","sticky":false,"template":"","format":"standard","meta":{"inline_featured_image":false,"footnotes":""},"categories":[346,1],"tags":[],"acf":[],"yoast_head":"<!-- This site is optimized with the Yoast SEO plugin v21.3 - https:\/\/yoast.com\/wordpress\/plugins\/seo\/ -->\n<title>Balima: \u201c\u00c1frica sufre una colonizaci\u00f3n cultural por parte de los medios de comunicaci\u00f3n occidentales\u201d - ULL - Noticias<\/title>\n<meta name=\"robots\" content=\"index, follow, max-snippet:-1, max-image-preview:large, max-video-preview:-1\" \/>\n<link rel=\"canonical\" href=\"https:\/\/www.ull.es\/portal\/noticias\/2009\/balima-africa-sufre-una-colonizacion-cultural-por-parte-de-los-medios-de-comunicacion-occidentales\/\" \/>\n<meta property=\"og:locale\" content=\"es_ES\" \/>\n<meta property=\"og:type\" content=\"article\" \/>\n<meta property=\"og:title\" content=\"Balima: \u201c\u00c1frica sufre una colonizaci\u00f3n cultural por parte de los medios de comunicaci\u00f3n occidentales\u201d - ULL - Noticias\" \/>\n<meta property=\"og:description\" content=\"&ldquo;&Aacute;frica sufre una colonizaci&oacute;n cultural por parte de los medios de comunicaci&oacute;n occidentales&rdquo;; con estas palabras, Serge Balima, profesor de...\" \/>\n<meta property=\"og:url\" content=\"https:\/\/www.ull.es\/portal\/noticias\/2009\/balima-africa-sufre-una-colonizacion-cultural-por-parte-de-los-medios-de-comunicacion-occidentales\/\" \/>\n<meta property=\"og:site_name\" content=\"ULL - Noticias\" \/>\n<meta property=\"article:publisher\" content=\"https:\/\/www.facebook.com\/universidaddelalaguna\/\" \/>\n<meta property=\"article:published_time\" content=\"2009-04-23T00:00:00+00:00\" \/>\n<meta property=\"og:image\" content=\"https:\/\/www.ull.es\/portal\/noticias\/wp-content\/uploads\/sites\/13\/2023\/06\/logo-redimensionado.png\" \/>\n\t<meta property=\"og:image:width\" content=\"1200\" \/>\n\t<meta property=\"og:image:height\" content=\"630\" \/>\n\t<meta property=\"og:image:type\" content=\"image\/png\" \/>\n<meta name=\"author\" content=\"prensa2\" \/>\n<meta name=\"twitter:card\" content=\"summary_large_image\" \/>\n<meta name=\"twitter:creator\" content=\"@CanalULL\" \/>\n<meta name=\"twitter:site\" content=\"@CanalULL\" \/>\n<meta name=\"twitter:label1\" content=\"Escrito por\" \/>\n\t<meta name=\"twitter:data1\" content=\"prensa2\" \/>\n\t<meta name=\"twitter:label2\" content=\"Tiempo de lectura\" \/>\n\t<meta name=\"twitter:data2\" content=\"6 minutos\" \/>\n<script type=\"application\/ld+json\" class=\"yoast-schema-graph\">{\"@context\":\"https:\/\/schema.org\",\"@graph\":[{\"@type\":\"WebPage\",\"@id\":\"https:\/\/www.ull.es\/portal\/noticias\/2009\/balima-africa-sufre-una-colonizacion-cultural-por-parte-de-los-medios-de-comunicacion-occidentales\/\",\"url\":\"https:\/\/www.ull.es\/portal\/noticias\/2009\/balima-africa-sufre-una-colonizacion-cultural-por-parte-de-los-medios-de-comunicacion-occidentales\/\",\"name\":\"Balima: \u201c\u00c1frica sufre una colonizaci\u00f3n cultural por parte de los medios de comunicaci\u00f3n occidentales\u201d - ULL - Noticias\",\"isPartOf\":{\"@id\":\"https:\/\/www.ull.es\/portal\/noticias\/#website\"},\"datePublished\":\"2009-04-23T00:00:00+00:00\",\"dateModified\":\"2009-04-23T00:00:00+00:00\",\"author\":{\"@id\":\"https:\/\/www.ull.es\/portal\/noticias\/#\/schema\/person\/c3b2aa857797592927a03740d6664376\"},\"breadcrumb\":{\"@id\":\"https:\/\/www.ull.es\/portal\/noticias\/2009\/balima-africa-sufre-una-colonizacion-cultural-por-parte-de-los-medios-de-comunicacion-occidentales\/#breadcrumb\"},\"inLanguage\":\"es\",\"potentialAction\":[{\"@type\":\"ReadAction\",\"target\":[\"https:\/\/www.ull.es\/portal\/noticias\/2009\/balima-africa-sufre-una-colonizacion-cultural-por-parte-de-los-medios-de-comunicacion-occidentales\/\"]}]},{\"@type\":\"BreadcrumbList\",\"@id\":\"https:\/\/www.ull.es\/portal\/noticias\/2009\/balima-africa-sufre-una-colonizacion-cultural-por-parte-de-los-medios-de-comunicacion-occidentales\/#breadcrumb\",\"itemListElement\":[{\"@type\":\"ListItem\",\"position\":1,\"name\":\"Portada\",\"item\":\"https:\/\/www.ull.es\/portal\/noticias\/\"},{\"@type\":\"ListItem\",\"position\":2,\"name\":\"Balima: \u201c\u00c1frica sufre una colonizaci\u00f3n cultural por parte de los medios de comunicaci\u00f3n occidentales\u201d\"}]},{\"@type\":\"WebSite\",\"@id\":\"https:\/\/www.ull.es\/portal\/noticias\/#website\",\"url\":\"https:\/\/www.ull.es\/portal\/noticias\/\",\"name\":\"ULL - Noticias\",\"description\":\"\",\"potentialAction\":[{\"@type\":\"SearchAction\",\"target\":{\"@type\":\"EntryPoint\",\"urlTemplate\":\"https:\/\/www.ull.es\/portal\/noticias\/?s={search_term_string}\"},\"query-input\":\"required name=search_term_string\"}],\"inLanguage\":\"es\"},{\"@type\":\"Person\",\"@id\":\"https:\/\/www.ull.es\/portal\/noticias\/#\/schema\/person\/c3b2aa857797592927a03740d6664376\",\"name\":\"prensa2\",\"image\":{\"@type\":\"ImageObject\",\"inLanguage\":\"es\",\"@id\":\"https:\/\/www.ull.es\/portal\/noticias\/#\/schema\/person\/image\/\",\"url\":\"https:\/\/secure.gravatar.com\/avatar\/b58f310a5de5feb33d1e026d2493f23c?s=96&d=mm&r=g\",\"contentUrl\":\"https:\/\/secure.gravatar.com\/avatar\/b58f310a5de5feb33d1e026d2493f23c?s=96&d=mm&r=g\",\"caption\":\"prensa2\"},\"url\":\"https:\/\/www.ull.es\/portal\/noticias\/author\/prensa2\/\"}]}<\/script>\n<!-- \/ Yoast SEO plugin. -->","yoast_head_json":{"title":"Balima: \u201c\u00c1frica sufre una colonizaci\u00f3n cultural por parte de los medios de comunicaci\u00f3n occidentales\u201d - ULL - Noticias","robots":{"index":"index","follow":"follow","max-snippet":"max-snippet:-1","max-image-preview":"max-image-preview:large","max-video-preview":"max-video-preview:-1"},"canonical":"https:\/\/www.ull.es\/portal\/noticias\/2009\/balima-africa-sufre-una-colonizacion-cultural-por-parte-de-los-medios-de-comunicacion-occidentales\/","og_locale":"es_ES","og_type":"article","og_title":"Balima: \u201c\u00c1frica sufre una colonizaci\u00f3n cultural por parte de los medios de comunicaci\u00f3n occidentales\u201d - ULL - Noticias","og_description":"&ldquo;&Aacute;frica sufre una colonizaci&oacute;n cultural por parte de los medios de comunicaci&oacute;n occidentales&rdquo;; con estas palabras, Serge Balima, profesor de...","og_url":"https:\/\/www.ull.es\/portal\/noticias\/2009\/balima-africa-sufre-una-colonizacion-cultural-por-parte-de-los-medios-de-comunicacion-occidentales\/","og_site_name":"ULL - Noticias","article_publisher":"https:\/\/www.facebook.com\/universidaddelalaguna\/","article_published_time":"2009-04-23T00:00:00+00:00","og_image":[{"width":1200,"height":630,"url":"https:\/\/www.ull.es\/portal\/noticias\/wp-content\/uploads\/sites\/13\/2023\/06\/logo-redimensionado.png","type":"image\/png"}],"author":"prensa2","twitter_card":"summary_large_image","twitter_creator":"@CanalULL","twitter_site":"@CanalULL","twitter_misc":{"Escrito por":"prensa2","Tiempo de lectura":"6 minutos"},"schema":{"@context":"https:\/\/schema.org","@graph":[{"@type":"WebPage","@id":"https:\/\/www.ull.es\/portal\/noticias\/2009\/balima-africa-sufre-una-colonizacion-cultural-por-parte-de-los-medios-de-comunicacion-occidentales\/","url":"https:\/\/www.ull.es\/portal\/noticias\/2009\/balima-africa-sufre-una-colonizacion-cultural-por-parte-de-los-medios-de-comunicacion-occidentales\/","name":"Balima: \u201c\u00c1frica sufre una colonizaci\u00f3n cultural por parte de los medios de comunicaci\u00f3n occidentales\u201d - ULL - Noticias","isPartOf":{"@id":"https:\/\/www.ull.es\/portal\/noticias\/#website"},"datePublished":"2009-04-23T00:00:00+00:00","dateModified":"2009-04-23T00:00:00+00:00","author":{"@id":"https:\/\/www.ull.es\/portal\/noticias\/#\/schema\/person\/c3b2aa857797592927a03740d6664376"},"breadcrumb":{"@id":"https:\/\/www.ull.es\/portal\/noticias\/2009\/balima-africa-sufre-una-colonizacion-cultural-por-parte-de-los-medios-de-comunicacion-occidentales\/#breadcrumb"},"inLanguage":"es","potentialAction":[{"@type":"ReadAction","target":["https:\/\/www.ull.es\/portal\/noticias\/2009\/balima-africa-sufre-una-colonizacion-cultural-por-parte-de-los-medios-de-comunicacion-occidentales\/"]}]},{"@type":"BreadcrumbList","@id":"https:\/\/www.ull.es\/portal\/noticias\/2009\/balima-africa-sufre-una-colonizacion-cultural-por-parte-de-los-medios-de-comunicacion-occidentales\/#breadcrumb","itemListElement":[{"@type":"ListItem","position":1,"name":"Portada","item":"https:\/\/www.ull.es\/portal\/noticias\/"},{"@type":"ListItem","position":2,"name":"Balima: \u201c\u00c1frica sufre una colonizaci\u00f3n cultural por parte de los medios de comunicaci\u00f3n occidentales\u201d"}]},{"@type":"WebSite","@id":"https:\/\/www.ull.es\/portal\/noticias\/#website","url":"https:\/\/www.ull.es\/portal\/noticias\/","name":"ULL - Noticias","description":"","potentialAction":[{"@type":"SearchAction","target":{"@type":"EntryPoint","urlTemplate":"https:\/\/www.ull.es\/portal\/noticias\/?s={search_term_string}"},"query-input":"required name=search_term_string"}],"inLanguage":"es"},{"@type":"Person","@id":"https:\/\/www.ull.es\/portal\/noticias\/#\/schema\/person\/c3b2aa857797592927a03740d6664376","name":"prensa2","image":{"@type":"ImageObject","inLanguage":"es","@id":"https:\/\/www.ull.es\/portal\/noticias\/#\/schema\/person\/image\/","url":"https:\/\/secure.gravatar.com\/avatar\/b58f310a5de5feb33d1e026d2493f23c?s=96&d=mm&r=g","contentUrl":"https:\/\/secure.gravatar.com\/avatar\/b58f310a5de5feb33d1e026d2493f23c?s=96&d=mm&r=g","caption":"prensa2"},"url":"https:\/\/www.ull.es\/portal\/noticias\/author\/prensa2\/"}]}},"primary_category":null,"featured_image_thumbnail_url":null,"_links":{"self":[{"href":"https:\/\/www.ull.es\/portal\/noticias\/wp-json\/wp\/v2\/posts\/13643"}],"collection":[{"href":"https:\/\/www.ull.es\/portal\/noticias\/wp-json\/wp\/v2\/posts"}],"about":[{"href":"https:\/\/www.ull.es\/portal\/noticias\/wp-json\/wp\/v2\/types\/post"}],"author":[{"embeddable":true,"href":"https:\/\/www.ull.es\/portal\/noticias\/wp-json\/wp\/v2\/users\/21"}],"replies":[{"embeddable":true,"href":"https:\/\/www.ull.es\/portal\/noticias\/wp-json\/wp\/v2\/comments?post=13643"}],"version-history":[{"count":0,"href":"https:\/\/www.ull.es\/portal\/noticias\/wp-json\/wp\/v2\/posts\/13643\/revisions"}],"wp:attachment":[{"href":"https:\/\/www.ull.es\/portal\/noticias\/wp-json\/wp\/v2\/media?parent=13643"}],"wp:term":[{"taxonomy":"category","embeddable":true,"href":"https:\/\/www.ull.es\/portal\/noticias\/wp-json\/wp\/v2\/categories?post=13643"},{"taxonomy":"post_tag","embeddable":true,"href":"https:\/\/www.ull.es\/portal\/noticias\/wp-json\/wp\/v2\/tags?post=13643"}],"curies":[{"name":"wp","href":"https:\/\/api.w.org\/{rel}","templated":true}]}}