{"id":13685,"date":"2009-11-04T00:00:00","date_gmt":"2009-11-04T00:00:00","guid":{"rendered":"http:\/\/ddigital.webs.ull.es\/la-ull-colabora-en-un-curso-que-aplica-la-anatomia-en-cadaveres-y-la-ecografia-para-el-estudio-de-la-anestesia\/"},"modified":"2009-11-04T00:00:00","modified_gmt":"2009-11-04T00:00:00","slug":"la-ull-colabora-en-un-curso-que-aplica-la-anatomia-en-cadaveres-y-la-ecografia-para-el-estudio-de-la-anestesia","status":"publish","type":"post","link":"https:\/\/www.ull.es\/portal\/noticias\/2009\/la-ull-colabora-en-un-curso-que-aplica-la-anatomia-en-cadaveres-y-la-ecografia-para-el-estudio-de-la-anestesia\/","title":{"rendered":"La ULL colabora en un curso que aplica la anatom\u00eda en cad\u00e1veres y la ecograf\u00eda para el estudio de la anestesia"},"content":{"rendered":"<p>El Hospital Universitario Ntra. Sra. La Candelaria y la Facultad de Medicina de la Universidad de La Laguna organizan un curso te&oacute;rico-pr&aacute;ctico de anatom&iacute;a en cad&aacute;veres y ecograf&iacute;as aplicadas para anestesia regional y dolor, que se celebrar&aacute; los d&iacute;as 5 y 6 de noviembre en las dependencias de la facultad co-organizadora. Se trata de uno de los pocos seminarios de estas caracter&iacute;sticas que se celebran en Espa&ntilde;a, y por razones operativas, est&aacute; restringido a quince personas que ya han formalizado la matr&iacute;cula.<\/p>\n<p>El objetivo de este curso es aportar los conocimientos necesarios para que los profesionales m&eacute;dicos puedan abordar los bloqueos regionales de la extremidad superior e inferior. La raz&oacute;n de sus plazas tan limitadas obedece a que durante el curso se realizar&aacute;n pr&aacute;cticas reales con cad&aacute;veres y con nuevas t&eacute;cnicas de imagen como la ecograf&iacute;a, lo cual dificulta la organizaci&oacute;n de esta iniciativa. <\/p>\n<p> &nbsp;&nbsp;&nbsp; Las sesiones ser&aacute;n pr&aacute;cticas apoyadas de soporte te&oacute;rico, para que el alumno participe de forma activa mediante sus preguntas. Se dispondr&aacute;n varias mesas por las que ir&aacute;n rotando los participantes, en cada una de las cuales habr&aacute; un anestesi&oacute;logo experimentado en anestesia regional y un anatomista.<\/p>\n<p> &nbsp;&nbsp;&nbsp; Se trata del segundo curso de estas caracter&iacute;sticas que organiza el hospital convocante, a trav&eacute;s de su Servicio de Anestesiolog&iacute;a, Reanimaci&oacute;n y Tratamiento del Dolor, en colaboraci&oacute;n con el departamento de Anatom&iacute;a de la Facultad de Medicina de la ULL. Es intenci&oacute;n de sus organizadores que se siga realizando anualmente con el fin de consolidarlo, lo cual pondr&iacute;a tanto al centro hospitalario como a la instituci&oacute;n acad&eacute;mica a la vanguardia en Espa&ntilde;a con este tipo de formaci&oacute;n continuada.<\/p>\n<p> &nbsp;&nbsp;&nbsp; Seg&uacute;n indica uno de los coordinadores, el doctor Rafael Calvo del Hospital Universitario Ntra. Se&ntilde;ora La Candelaria, en Espa&ntilde;a este tipo de cursos s&oacute;lo se ha realizado en el Hospital Clinic de Barcelona, por lo que los profesionales nacionales que quieren actualizar conocimientos y t&eacute;cnicas en la aplicaci&oacute;n de anestesia regional normalmente deben trasladarse al extranjero.<\/p>\n<p> &nbsp;&nbsp;&nbsp; El programa completo de este curso puede consultarse en <strong><a target=\"_blank\" href=\"http:\/\/www.ull.es\/Private\/folder\/wull\/agenda\/2009\/noviembre\/curso_anestesia.pdf.\" target=\"_blank\" rel=\"noopener\">esta web<\/a><\/strong>.<\/p>\n","protected":false},"excerpt":{"rendered":"<p>El Hospital Universitario Ntra. Sra. La Candelaria y la Facultad de Medicina de la Universidad de La Laguna organizan un&#8230;<\/p>\n","protected":false},"author":21,"featured_media":0,"comment_status":"open","ping_status":"open","sticky":false,"template":"","format":"standard","meta":{"inline_featured_image":false,"footnotes":""},"categories":[346,1],"tags":[],"acf":[],"yoast_head":"<!-- This site is optimized with the Yoast SEO plugin v21.3 - https:\/\/yoast.com\/wordpress\/plugins\/seo\/ -->\n<title>La ULL colabora en un curso que aplica la anatom\u00eda en cad\u00e1veres y la ecograf\u00eda para el estudio de la anestesia - ULL - Noticias<\/title>\n<meta name=\"robots\" content=\"index, follow, max-snippet:-1, max-image-preview:large, max-video-preview:-1\" \/>\n<link rel=\"canonical\" href=\"https:\/\/www.ull.es\/portal\/noticias\/2009\/la-ull-colabora-en-un-curso-que-aplica-la-anatomia-en-cadaveres-y-la-ecografia-para-el-estudio-de-la-anestesia\/\" \/>\n<meta property=\"og:locale\" content=\"es_ES\" \/>\n<meta property=\"og:type\" content=\"article\" \/>\n<meta property=\"og:title\" content=\"La ULL colabora en un curso que aplica la anatom\u00eda en cad\u00e1veres y la ecograf\u00eda para el estudio de la anestesia - ULL - Noticias\" \/>\n<meta property=\"og:description\" content=\"El Hospital Universitario Ntra. Sra. La Candelaria y la Facultad de Medicina de la Universidad de La Laguna organizan un...\" \/>\n<meta property=\"og:url\" content=\"https:\/\/www.ull.es\/portal\/noticias\/2009\/la-ull-colabora-en-un-curso-que-aplica-la-anatomia-en-cadaveres-y-la-ecografia-para-el-estudio-de-la-anestesia\/\" \/>\n<meta property=\"og:site_name\" content=\"ULL - Noticias\" \/>\n<meta property=\"article:publisher\" content=\"https:\/\/www.facebook.com\/universidaddelalaguna\/\" \/>\n<meta property=\"article:published_time\" content=\"2009-11-04T00:00:00+00:00\" \/>\n<meta property=\"og:image\" content=\"https:\/\/www.ull.es\/portal\/noticias\/wp-content\/uploads\/sites\/13\/2023\/06\/logo-redimensionado.png\" \/>\n\t<meta property=\"og:image:width\" content=\"1200\" \/>\n\t<meta property=\"og:image:height\" content=\"630\" \/>\n\t<meta property=\"og:image:type\" content=\"image\/png\" \/>\n<meta name=\"author\" content=\"prensa2\" \/>\n<meta name=\"twitter:card\" content=\"summary_large_image\" \/>\n<meta name=\"twitter:creator\" content=\"@CanalULL\" \/>\n<meta name=\"twitter:site\" content=\"@CanalULL\" \/>\n<meta name=\"twitter:label1\" content=\"Escrito por\" \/>\n\t<meta name=\"twitter:data1\" content=\"prensa2\" \/>\n\t<meta name=\"twitter:label2\" content=\"Tiempo de lectura\" \/>\n\t<meta name=\"twitter:data2\" content=\"2 minutos\" \/>\n<script type=\"application\/ld+json\" class=\"yoast-schema-graph\">{\"@context\":\"https:\/\/schema.org\",\"@graph\":[{\"@type\":\"WebPage\",\"@id\":\"https:\/\/www.ull.es\/portal\/noticias\/2009\/la-ull-colabora-en-un-curso-que-aplica-la-anatomia-en-cadaveres-y-la-ecografia-para-el-estudio-de-la-anestesia\/\",\"url\":\"https:\/\/www.ull.es\/portal\/noticias\/2009\/la-ull-colabora-en-un-curso-que-aplica-la-anatomia-en-cadaveres-y-la-ecografia-para-el-estudio-de-la-anestesia\/\",\"name\":\"La ULL colabora en un curso que aplica la anatom\u00eda en cad\u00e1veres y la ecograf\u00eda para el estudio de la anestesia - ULL - Noticias\",\"isPartOf\":{\"@id\":\"https:\/\/www.ull.es\/portal\/noticias\/#website\"},\"datePublished\":\"2009-11-04T00:00:00+00:00\",\"dateModified\":\"2009-11-04T00:00:00+00:00\",\"author\":{\"@id\":\"https:\/\/www.ull.es\/portal\/noticias\/#\/schema\/person\/c3b2aa857797592927a03740d6664376\"},\"breadcrumb\":{\"@id\":\"https:\/\/www.ull.es\/portal\/noticias\/2009\/la-ull-colabora-en-un-curso-que-aplica-la-anatomia-en-cadaveres-y-la-ecografia-para-el-estudio-de-la-anestesia\/#breadcrumb\"},\"inLanguage\":\"es\",\"potentialAction\":[{\"@type\":\"ReadAction\",\"target\":[\"https:\/\/www.ull.es\/portal\/noticias\/2009\/la-ull-colabora-en-un-curso-que-aplica-la-anatomia-en-cadaveres-y-la-ecografia-para-el-estudio-de-la-anestesia\/\"]}]},{\"@type\":\"BreadcrumbList\",\"@id\":\"https:\/\/www.ull.es\/portal\/noticias\/2009\/la-ull-colabora-en-un-curso-que-aplica-la-anatomia-en-cadaveres-y-la-ecografia-para-el-estudio-de-la-anestesia\/#breadcrumb\",\"itemListElement\":[{\"@type\":\"ListItem\",\"position\":1,\"name\":\"Portada\",\"item\":\"https:\/\/www.ull.es\/portal\/noticias\/\"},{\"@type\":\"ListItem\",\"position\":2,\"name\":\"La ULL colabora en un curso que aplica la anatom\u00eda en cad\u00e1veres y la ecograf\u00eda para el estudio de la anestesia\"}]},{\"@type\":\"WebSite\",\"@id\":\"https:\/\/www.ull.es\/portal\/noticias\/#website\",\"url\":\"https:\/\/www.ull.es\/portal\/noticias\/\",\"name\":\"ULL - Noticias\",\"description\":\"\",\"potentialAction\":[{\"@type\":\"SearchAction\",\"target\":{\"@type\":\"EntryPoint\",\"urlTemplate\":\"https:\/\/www.ull.es\/portal\/noticias\/?s={search_term_string}\"},\"query-input\":\"required name=search_term_string\"}],\"inLanguage\":\"es\"},{\"@type\":\"Person\",\"@id\":\"https:\/\/www.ull.es\/portal\/noticias\/#\/schema\/person\/c3b2aa857797592927a03740d6664376\",\"name\":\"prensa2\",\"image\":{\"@type\":\"ImageObject\",\"inLanguage\":\"es\",\"@id\":\"https:\/\/www.ull.es\/portal\/noticias\/#\/schema\/person\/image\/\",\"url\":\"https:\/\/secure.gravatar.com\/avatar\/b58f310a5de5feb33d1e026d2493f23c?s=96&d=mm&r=g\",\"contentUrl\":\"https:\/\/secure.gravatar.com\/avatar\/b58f310a5de5feb33d1e026d2493f23c?s=96&d=mm&r=g\",\"caption\":\"prensa2\"},\"url\":\"https:\/\/www.ull.es\/portal\/noticias\/author\/prensa2\/\"}]}<\/script>\n<!-- \/ Yoast SEO plugin. -->","yoast_head_json":{"title":"La ULL colabora en un curso que aplica la anatom\u00eda en cad\u00e1veres y la ecograf\u00eda para el estudio de la anestesia - ULL - Noticias","robots":{"index":"index","follow":"follow","max-snippet":"max-snippet:-1","max-image-preview":"max-image-preview:large","max-video-preview":"max-video-preview:-1"},"canonical":"https:\/\/www.ull.es\/portal\/noticias\/2009\/la-ull-colabora-en-un-curso-que-aplica-la-anatomia-en-cadaveres-y-la-ecografia-para-el-estudio-de-la-anestesia\/","og_locale":"es_ES","og_type":"article","og_title":"La ULL colabora en un curso que aplica la anatom\u00eda en cad\u00e1veres y la ecograf\u00eda para el estudio de la anestesia - ULL - Noticias","og_description":"El Hospital Universitario Ntra. Sra. La Candelaria y la Facultad de Medicina de la Universidad de La Laguna organizan un...","og_url":"https:\/\/www.ull.es\/portal\/noticias\/2009\/la-ull-colabora-en-un-curso-que-aplica-la-anatomia-en-cadaveres-y-la-ecografia-para-el-estudio-de-la-anestesia\/","og_site_name":"ULL - Noticias","article_publisher":"https:\/\/www.facebook.com\/universidaddelalaguna\/","article_published_time":"2009-11-04T00:00:00+00:00","og_image":[{"width":1200,"height":630,"url":"https:\/\/www.ull.es\/portal\/noticias\/wp-content\/uploads\/sites\/13\/2023\/06\/logo-redimensionado.png","type":"image\/png"}],"author":"prensa2","twitter_card":"summary_large_image","twitter_creator":"@CanalULL","twitter_site":"@CanalULL","twitter_misc":{"Escrito por":"prensa2","Tiempo de lectura":"2 minutos"},"schema":{"@context":"https:\/\/schema.org","@graph":[{"@type":"WebPage","@id":"https:\/\/www.ull.es\/portal\/noticias\/2009\/la-ull-colabora-en-un-curso-que-aplica-la-anatomia-en-cadaveres-y-la-ecografia-para-el-estudio-de-la-anestesia\/","url":"https:\/\/www.ull.es\/portal\/noticias\/2009\/la-ull-colabora-en-un-curso-que-aplica-la-anatomia-en-cadaveres-y-la-ecografia-para-el-estudio-de-la-anestesia\/","name":"La ULL colabora en un curso que aplica la anatom\u00eda en cad\u00e1veres y la ecograf\u00eda para el estudio de la anestesia - ULL - Noticias","isPartOf":{"@id":"https:\/\/www.ull.es\/portal\/noticias\/#website"},"datePublished":"2009-11-04T00:00:00+00:00","dateModified":"2009-11-04T00:00:00+00:00","author":{"@id":"https:\/\/www.ull.es\/portal\/noticias\/#\/schema\/person\/c3b2aa857797592927a03740d6664376"},"breadcrumb":{"@id":"https:\/\/www.ull.es\/portal\/noticias\/2009\/la-ull-colabora-en-un-curso-que-aplica-la-anatomia-en-cadaveres-y-la-ecografia-para-el-estudio-de-la-anestesia\/#breadcrumb"},"inLanguage":"es","potentialAction":[{"@type":"ReadAction","target":["https:\/\/www.ull.es\/portal\/noticias\/2009\/la-ull-colabora-en-un-curso-que-aplica-la-anatomia-en-cadaveres-y-la-ecografia-para-el-estudio-de-la-anestesia\/"]}]},{"@type":"BreadcrumbList","@id":"https:\/\/www.ull.es\/portal\/noticias\/2009\/la-ull-colabora-en-un-curso-que-aplica-la-anatomia-en-cadaveres-y-la-ecografia-para-el-estudio-de-la-anestesia\/#breadcrumb","itemListElement":[{"@type":"ListItem","position":1,"name":"Portada","item":"https:\/\/www.ull.es\/portal\/noticias\/"},{"@type":"ListItem","position":2,"name":"La ULL colabora en un curso que aplica la anatom\u00eda en cad\u00e1veres y la ecograf\u00eda para el estudio de la anestesia"}]},{"@type":"WebSite","@id":"https:\/\/www.ull.es\/portal\/noticias\/#website","url":"https:\/\/www.ull.es\/portal\/noticias\/","name":"ULL - Noticias","description":"","potentialAction":[{"@type":"SearchAction","target":{"@type":"EntryPoint","urlTemplate":"https:\/\/www.ull.es\/portal\/noticias\/?s={search_term_string}"},"query-input":"required name=search_term_string"}],"inLanguage":"es"},{"@type":"Person","@id":"https:\/\/www.ull.es\/portal\/noticias\/#\/schema\/person\/c3b2aa857797592927a03740d6664376","name":"prensa2","image":{"@type":"ImageObject","inLanguage":"es","@id":"https:\/\/www.ull.es\/portal\/noticias\/#\/schema\/person\/image\/","url":"https:\/\/secure.gravatar.com\/avatar\/b58f310a5de5feb33d1e026d2493f23c?s=96&d=mm&r=g","contentUrl":"https:\/\/secure.gravatar.com\/avatar\/b58f310a5de5feb33d1e026d2493f23c?s=96&d=mm&r=g","caption":"prensa2"},"url":"https:\/\/www.ull.es\/portal\/noticias\/author\/prensa2\/"}]}},"primary_category":null,"featured_image_thumbnail_url":null,"_links":{"self":[{"href":"https:\/\/www.ull.es\/portal\/noticias\/wp-json\/wp\/v2\/posts\/13685"}],"collection":[{"href":"https:\/\/www.ull.es\/portal\/noticias\/wp-json\/wp\/v2\/posts"}],"about":[{"href":"https:\/\/www.ull.es\/portal\/noticias\/wp-json\/wp\/v2\/types\/post"}],"author":[{"embeddable":true,"href":"https:\/\/www.ull.es\/portal\/noticias\/wp-json\/wp\/v2\/users\/21"}],"replies":[{"embeddable":true,"href":"https:\/\/www.ull.es\/portal\/noticias\/wp-json\/wp\/v2\/comments?post=13685"}],"version-history":[{"count":0,"href":"https:\/\/www.ull.es\/portal\/noticias\/wp-json\/wp\/v2\/posts\/13685\/revisions"}],"wp:attachment":[{"href":"https:\/\/www.ull.es\/portal\/noticias\/wp-json\/wp\/v2\/media?parent=13685"}],"wp:term":[{"taxonomy":"category","embeddable":true,"href":"https:\/\/www.ull.es\/portal\/noticias\/wp-json\/wp\/v2\/categories?post=13685"},{"taxonomy":"post_tag","embeddable":true,"href":"https:\/\/www.ull.es\/portal\/noticias\/wp-json\/wp\/v2\/tags?post=13685"}],"curies":[{"name":"wp","href":"https:\/\/api.w.org\/{rel}","templated":true}]}}