{"id":13689,"date":"2009-11-16T00:00:00","date_gmt":"2009-11-16T00:00:00","guid":{"rendered":"http:\/\/ddigital.webs.ull.es\/la-ull-impartira-en-2010-un-titulo-de-experto-en-seguridad-y-prevencion-de-delitos\/"},"modified":"2009-11-16T00:00:00","modified_gmt":"2009-11-16T00:00:00","slug":"la-ull-impartira-en-2010-un-titulo-de-experto-en-seguridad-y-prevencion-de-delitos","status":"publish","type":"post","link":"https:\/\/www.ull.es\/portal\/noticias\/2009\/la-ull-impartira-en-2010-un-titulo-de-experto-en-seguridad-y-prevencion-de-delitos\/","title":{"rendered":"La ULL impartir\u00e1 en 2010 un t\u00edtulo de experto en seguridad y prevenci\u00f3n de delitos"},"content":{"rendered":"<p>La Facultad de Derecho y el Centro de Estudios Criminol&oacute;gicos de la Universidad de La Laguna han dise&ntilde;ado un nuevo t&iacute;tulo de Experto en Seguridad y Prevenci&oacute;n de Delitos que se impartir&aacute; entre enero y diciembre de 2010. Esta iniciativa docente fue presentada hoy, lunes 16 de noviembre, en una rueda de prensa en la que estuvieron presentes el director del centro organizador, Esteban Sola Reche; el crimin&oacute;logo y coordinador del t&iacute;tulo, Per Stangeland; y el catedr&aacute;tico de Psicolog&iacute;a de la ULL Wenceslao Pe&ntilde;ate.<\/p>\n<p>Este t&iacute;tulo abordar&aacute; el delito desde cuatro &aacute;mbitos diferentes y complementarios: la medicina legal, los aspectos policiales, la pr&aacute;ctica legal y jur&iacute;dica, y la psicolog&iacute;a. Este enfoque resulta novedoso, puesto que normalmente se suele tratar el problema de la criminalidad analizando solamente uno de estos aspectos de forma independiente.<\/p>\n<p> &nbsp;&nbsp;&nbsp; Entre los objetivos programados por el curso, adem&aacute;s de la adquisici&oacute;n de los conocimientos te&oacute;ricos y t&eacute;cnicos necesarios para abordar los fen&oacute;menos de la delincuencia y la seguridad, se hallan formar en la capacidad para liderar y mediar con personas y grupos, adquirir competencias en el dise&ntilde;o de investigaciones, o crear estrategias de intervenci&oacute;n en situaciones de inseguridad y riesgo, entre otras.<\/p>\n<p> &nbsp;&nbsp;&nbsp; Para lograr estos objetivos y mantener su orientaci&oacute;n multidisciplinar, el experto cuenta con un amplio cuerpo de veintiocho profesores que se han dividido las ocho materias principales de este t&iacute;tulo: derecho penal y procesal; psicolog&iacute;a jur&iacute;dica y criminal; prevenci&oacute;n de delitos y victimolog&iacute;a; medicina legal; psiquiatr&iacute;a y psicolog&iacute;a forense; ciencias policiales; la delincuencia de menores; y dise&ntilde;os de investigaci&oacute;n social.<\/p>\n<p> &nbsp;&nbsp;&nbsp; Este experto est&aacute; dirigido a egresados en Derecho interesados en profundizar en el estudio y prevenci&oacute;n a la criminalidad, pero tambi&eacute;n a profesionales con experiencia acreditada en el campo de las actividades de seguridad y prevenci&oacute;n de delitos, como pueden ser los representantes de las fuerzas de seguridad del estado. La preinscripci&oacute;n para este t&iacute;tulo estar&aacute; abierta hasta el 30 de noviembre de 2009, y, una vez el candidato sea aceptado, la matr&iacute;cula ascender&aacute; a 2.000 euros. El programa completo y m&aacute;s informaci&oacute;n sobre este t&iacute;tulo est&aacute;n disponibles en la p&aacute;gina web <a href=\"http:\/\/www.ullpenal.org\" target=\"_blank\" target=\"_blank\" rel=\"noopener\">www.ullpenal.org<\/a>.<\/p>\n<p> &nbsp;&nbsp;&nbsp; Para el director del Centro de Estudios Criminol&oacute;gicos, poseer una formaci&oacute;n especializada en el campo de la prevenci&oacute;n y los estudios sobre el delito es necesario, puesto que existen algunas ideas en la opini&oacute;n p&uacute;blica que no son exactas por falta de conocimiento en este &aacute;mbito. Como ejemplo, cit&oacute; la idea generalizada que existe sobre que es necesaria una mayor contundencia en las disposiciones penales de determinados delitos. Sin embargo, Sola Reche afirma que se ha demostrado que, m&aacute;s eficaz que un aumento de las penas, es obtener una mayor rapidez en las respuestas procesales que demuestre la eficacia del sistema.<\/p>\n","protected":false},"excerpt":{"rendered":"<p>La Facultad de Derecho y el Centro de Estudios Criminol&oacute;gicos de la Universidad de La Laguna han dise&ntilde;ado un nuevo&#8230;<\/p>\n","protected":false},"author":21,"featured_media":0,"comment_status":"open","ping_status":"open","sticky":false,"template":"","format":"standard","meta":{"inline_featured_image":false,"footnotes":""},"categories":[346,1],"tags":[],"acf":[],"yoast_head":"<!-- This site is optimized with the Yoast SEO plugin v21.3 - https:\/\/yoast.com\/wordpress\/plugins\/seo\/ -->\n<title>La ULL impartir\u00e1 en 2010 un t\u00edtulo de experto en seguridad y prevenci\u00f3n de delitos - ULL - Noticias<\/title>\n<meta name=\"robots\" content=\"index, follow, max-snippet:-1, max-image-preview:large, max-video-preview:-1\" \/>\n<link rel=\"canonical\" href=\"https:\/\/www.ull.es\/portal\/noticias\/2009\/la-ull-impartira-en-2010-un-titulo-de-experto-en-seguridad-y-prevencion-de-delitos\/\" \/>\n<meta property=\"og:locale\" content=\"es_ES\" \/>\n<meta property=\"og:type\" content=\"article\" \/>\n<meta property=\"og:title\" content=\"La ULL impartir\u00e1 en 2010 un t\u00edtulo de experto en seguridad y prevenci\u00f3n de delitos - ULL - Noticias\" \/>\n<meta property=\"og:description\" content=\"La Facultad de Derecho y el Centro de Estudios Criminol&oacute;gicos de la Universidad de La Laguna han dise&ntilde;ado un nuevo...\" \/>\n<meta property=\"og:url\" content=\"https:\/\/www.ull.es\/portal\/noticias\/2009\/la-ull-impartira-en-2010-un-titulo-de-experto-en-seguridad-y-prevencion-de-delitos\/\" \/>\n<meta property=\"og:site_name\" content=\"ULL - Noticias\" \/>\n<meta property=\"article:publisher\" content=\"https:\/\/www.facebook.com\/universidaddelalaguna\/\" \/>\n<meta property=\"article:published_time\" content=\"2009-11-16T00:00:00+00:00\" \/>\n<meta property=\"og:image\" content=\"https:\/\/www.ull.es\/portal\/noticias\/wp-content\/uploads\/sites\/13\/2023\/06\/logo-redimensionado.png\" \/>\n\t<meta property=\"og:image:width\" content=\"1200\" \/>\n\t<meta property=\"og:image:height\" content=\"630\" \/>\n\t<meta property=\"og:image:type\" content=\"image\/png\" \/>\n<meta name=\"author\" content=\"prensa2\" \/>\n<meta name=\"twitter:card\" content=\"summary_large_image\" \/>\n<meta name=\"twitter:creator\" content=\"@CanalULL\" \/>\n<meta name=\"twitter:site\" content=\"@CanalULL\" \/>\n<meta name=\"twitter:label1\" content=\"Escrito por\" \/>\n\t<meta name=\"twitter:data1\" content=\"prensa2\" \/>\n\t<meta name=\"twitter:label2\" content=\"Tiempo de lectura\" \/>\n\t<meta name=\"twitter:data2\" content=\"3 minutos\" \/>\n<script type=\"application\/ld+json\" class=\"yoast-schema-graph\">{\"@context\":\"https:\/\/schema.org\",\"@graph\":[{\"@type\":\"WebPage\",\"@id\":\"https:\/\/www.ull.es\/portal\/noticias\/2009\/la-ull-impartira-en-2010-un-titulo-de-experto-en-seguridad-y-prevencion-de-delitos\/\",\"url\":\"https:\/\/www.ull.es\/portal\/noticias\/2009\/la-ull-impartira-en-2010-un-titulo-de-experto-en-seguridad-y-prevencion-de-delitos\/\",\"name\":\"La ULL impartir\u00e1 en 2010 un t\u00edtulo de experto en seguridad y prevenci\u00f3n de delitos - ULL - Noticias\",\"isPartOf\":{\"@id\":\"https:\/\/www.ull.es\/portal\/noticias\/#website\"},\"datePublished\":\"2009-11-16T00:00:00+00:00\",\"dateModified\":\"2009-11-16T00:00:00+00:00\",\"author\":{\"@id\":\"https:\/\/www.ull.es\/portal\/noticias\/#\/schema\/person\/c3b2aa857797592927a03740d6664376\"},\"breadcrumb\":{\"@id\":\"https:\/\/www.ull.es\/portal\/noticias\/2009\/la-ull-impartira-en-2010-un-titulo-de-experto-en-seguridad-y-prevencion-de-delitos\/#breadcrumb\"},\"inLanguage\":\"es\",\"potentialAction\":[{\"@type\":\"ReadAction\",\"target\":[\"https:\/\/www.ull.es\/portal\/noticias\/2009\/la-ull-impartira-en-2010-un-titulo-de-experto-en-seguridad-y-prevencion-de-delitos\/\"]}]},{\"@type\":\"BreadcrumbList\",\"@id\":\"https:\/\/www.ull.es\/portal\/noticias\/2009\/la-ull-impartira-en-2010-un-titulo-de-experto-en-seguridad-y-prevencion-de-delitos\/#breadcrumb\",\"itemListElement\":[{\"@type\":\"ListItem\",\"position\":1,\"name\":\"Portada\",\"item\":\"https:\/\/www.ull.es\/portal\/noticias\/\"},{\"@type\":\"ListItem\",\"position\":2,\"name\":\"La ULL impartir\u00e1 en 2010 un t\u00edtulo de experto en seguridad y prevenci\u00f3n de delitos\"}]},{\"@type\":\"WebSite\",\"@id\":\"https:\/\/www.ull.es\/portal\/noticias\/#website\",\"url\":\"https:\/\/www.ull.es\/portal\/noticias\/\",\"name\":\"ULL - Noticias\",\"description\":\"\",\"potentialAction\":[{\"@type\":\"SearchAction\",\"target\":{\"@type\":\"EntryPoint\",\"urlTemplate\":\"https:\/\/www.ull.es\/portal\/noticias\/?s={search_term_string}\"},\"query-input\":\"required name=search_term_string\"}],\"inLanguage\":\"es\"},{\"@type\":\"Person\",\"@id\":\"https:\/\/www.ull.es\/portal\/noticias\/#\/schema\/person\/c3b2aa857797592927a03740d6664376\",\"name\":\"prensa2\",\"image\":{\"@type\":\"ImageObject\",\"inLanguage\":\"es\",\"@id\":\"https:\/\/www.ull.es\/portal\/noticias\/#\/schema\/person\/image\/\",\"url\":\"https:\/\/secure.gravatar.com\/avatar\/b58f310a5de5feb33d1e026d2493f23c?s=96&d=mm&r=g\",\"contentUrl\":\"https:\/\/secure.gravatar.com\/avatar\/b58f310a5de5feb33d1e026d2493f23c?s=96&d=mm&r=g\",\"caption\":\"prensa2\"},\"url\":\"https:\/\/www.ull.es\/portal\/noticias\/author\/prensa2\/\"}]}<\/script>\n<!-- \/ Yoast SEO plugin. -->","yoast_head_json":{"title":"La ULL impartir\u00e1 en 2010 un t\u00edtulo de experto en seguridad y prevenci\u00f3n de delitos - ULL - Noticias","robots":{"index":"index","follow":"follow","max-snippet":"max-snippet:-1","max-image-preview":"max-image-preview:large","max-video-preview":"max-video-preview:-1"},"canonical":"https:\/\/www.ull.es\/portal\/noticias\/2009\/la-ull-impartira-en-2010-un-titulo-de-experto-en-seguridad-y-prevencion-de-delitos\/","og_locale":"es_ES","og_type":"article","og_title":"La ULL impartir\u00e1 en 2010 un t\u00edtulo de experto en seguridad y prevenci\u00f3n de delitos - ULL - Noticias","og_description":"La Facultad de Derecho y el Centro de Estudios Criminol&oacute;gicos de la Universidad de La Laguna han dise&ntilde;ado un nuevo...","og_url":"https:\/\/www.ull.es\/portal\/noticias\/2009\/la-ull-impartira-en-2010-un-titulo-de-experto-en-seguridad-y-prevencion-de-delitos\/","og_site_name":"ULL - Noticias","article_publisher":"https:\/\/www.facebook.com\/universidaddelalaguna\/","article_published_time":"2009-11-16T00:00:00+00:00","og_image":[{"width":1200,"height":630,"url":"https:\/\/www.ull.es\/portal\/noticias\/wp-content\/uploads\/sites\/13\/2023\/06\/logo-redimensionado.png","type":"image\/png"}],"author":"prensa2","twitter_card":"summary_large_image","twitter_creator":"@CanalULL","twitter_site":"@CanalULL","twitter_misc":{"Escrito por":"prensa2","Tiempo de lectura":"3 minutos"},"schema":{"@context":"https:\/\/schema.org","@graph":[{"@type":"WebPage","@id":"https:\/\/www.ull.es\/portal\/noticias\/2009\/la-ull-impartira-en-2010-un-titulo-de-experto-en-seguridad-y-prevencion-de-delitos\/","url":"https:\/\/www.ull.es\/portal\/noticias\/2009\/la-ull-impartira-en-2010-un-titulo-de-experto-en-seguridad-y-prevencion-de-delitos\/","name":"La ULL impartir\u00e1 en 2010 un t\u00edtulo de experto en seguridad y prevenci\u00f3n de delitos - ULL - Noticias","isPartOf":{"@id":"https:\/\/www.ull.es\/portal\/noticias\/#website"},"datePublished":"2009-11-16T00:00:00+00:00","dateModified":"2009-11-16T00:00:00+00:00","author":{"@id":"https:\/\/www.ull.es\/portal\/noticias\/#\/schema\/person\/c3b2aa857797592927a03740d6664376"},"breadcrumb":{"@id":"https:\/\/www.ull.es\/portal\/noticias\/2009\/la-ull-impartira-en-2010-un-titulo-de-experto-en-seguridad-y-prevencion-de-delitos\/#breadcrumb"},"inLanguage":"es","potentialAction":[{"@type":"ReadAction","target":["https:\/\/www.ull.es\/portal\/noticias\/2009\/la-ull-impartira-en-2010-un-titulo-de-experto-en-seguridad-y-prevencion-de-delitos\/"]}]},{"@type":"BreadcrumbList","@id":"https:\/\/www.ull.es\/portal\/noticias\/2009\/la-ull-impartira-en-2010-un-titulo-de-experto-en-seguridad-y-prevencion-de-delitos\/#breadcrumb","itemListElement":[{"@type":"ListItem","position":1,"name":"Portada","item":"https:\/\/www.ull.es\/portal\/noticias\/"},{"@type":"ListItem","position":2,"name":"La ULL impartir\u00e1 en 2010 un t\u00edtulo de experto en seguridad y prevenci\u00f3n de delitos"}]},{"@type":"WebSite","@id":"https:\/\/www.ull.es\/portal\/noticias\/#website","url":"https:\/\/www.ull.es\/portal\/noticias\/","name":"ULL - Noticias","description":"","potentialAction":[{"@type":"SearchAction","target":{"@type":"EntryPoint","urlTemplate":"https:\/\/www.ull.es\/portal\/noticias\/?s={search_term_string}"},"query-input":"required name=search_term_string"}],"inLanguage":"es"},{"@type":"Person","@id":"https:\/\/www.ull.es\/portal\/noticias\/#\/schema\/person\/c3b2aa857797592927a03740d6664376","name":"prensa2","image":{"@type":"ImageObject","inLanguage":"es","@id":"https:\/\/www.ull.es\/portal\/noticias\/#\/schema\/person\/image\/","url":"https:\/\/secure.gravatar.com\/avatar\/b58f310a5de5feb33d1e026d2493f23c?s=96&d=mm&r=g","contentUrl":"https:\/\/secure.gravatar.com\/avatar\/b58f310a5de5feb33d1e026d2493f23c?s=96&d=mm&r=g","caption":"prensa2"},"url":"https:\/\/www.ull.es\/portal\/noticias\/author\/prensa2\/"}]}},"primary_category":null,"featured_image_thumbnail_url":null,"_links":{"self":[{"href":"https:\/\/www.ull.es\/portal\/noticias\/wp-json\/wp\/v2\/posts\/13689"}],"collection":[{"href":"https:\/\/www.ull.es\/portal\/noticias\/wp-json\/wp\/v2\/posts"}],"about":[{"href":"https:\/\/www.ull.es\/portal\/noticias\/wp-json\/wp\/v2\/types\/post"}],"author":[{"embeddable":true,"href":"https:\/\/www.ull.es\/portal\/noticias\/wp-json\/wp\/v2\/users\/21"}],"replies":[{"embeddable":true,"href":"https:\/\/www.ull.es\/portal\/noticias\/wp-json\/wp\/v2\/comments?post=13689"}],"version-history":[{"count":0,"href":"https:\/\/www.ull.es\/portal\/noticias\/wp-json\/wp\/v2\/posts\/13689\/revisions"}],"wp:attachment":[{"href":"https:\/\/www.ull.es\/portal\/noticias\/wp-json\/wp\/v2\/media?parent=13689"}],"wp:term":[{"taxonomy":"category","embeddable":true,"href":"https:\/\/www.ull.es\/portal\/noticias\/wp-json\/wp\/v2\/categories?post=13689"},{"taxonomy":"post_tag","embeddable":true,"href":"https:\/\/www.ull.es\/portal\/noticias\/wp-json\/wp\/v2\/tags?post=13689"}],"curies":[{"name":"wp","href":"https:\/\/api.w.org\/{rel}","templated":true}]}}