{"id":13692,"date":"2009-11-18T00:00:00","date_gmt":"2009-11-18T00:00:00","guid":{"rendered":"http:\/\/ddigital.webs.ull.es\/la-universidad-de-la-laguna-celebra-la-tercera-edicion-de-sus-jornadas-dedicadas-a-la-ingenieria-tecnica-industrial\/"},"modified":"2009-11-18T00:00:00","modified_gmt":"2009-11-18T00:00:00","slug":"la-universidad-de-la-laguna-celebra-la-tercera-edicion-de-sus-jornadas-dedicadas-a-la-ingenieria-tecnica-industrial","status":"publish","type":"post","link":"https:\/\/www.ull.es\/portal\/noticias\/2009\/la-universidad-de-la-laguna-celebra-la-tercera-edicion-de-sus-jornadas-dedicadas-a-la-ingenieria-tecnica-industrial\/","title":{"rendered":"La Universidad de La Laguna celebra la tercera edici\u00f3n de sus jornadas dedicadas a la Ingenier\u00eda T\u00e9cnica Industrial"},"content":{"rendered":"<p>La Escuela T&eacute;cnica Superior de Ingenier&iacute;a Civil e Industrial de la Universidad de La Laguna, en colaboraci&oacute;n con el Colegio Oficial de Ingenieros T&eacute;cnicos Industriales de Santa Cruz de Tenerife, ha organizado las terceras jornadas dedicadas a indagar sobre esta disciplina, que se celebrar&aacute;n en horario de tarde el jueves 19 y el viernes 20 de noviembre en el Aula Magna del edificio de las facultades de F&iacute;sica y Matem&aacute;ticas el primer d&iacute;a, y en la sede de la organizaci&oacute;n profesional el segundo.<\/p>\n<p>Con este evento se pretende poner de manifiesto la necesidad de implantar en la Universidad de La Laguna la especialidad industrial el&eacute;ctrica. Para ello se realizar&aacute;, mediante varias ponencias y debates, un diagn&oacute;stico t&eacute;cnico de la organizaci&oacute;n, gesti&oacute;n, implantaci&oacute;n y explotaci&oacute;n de los sistemas el&eacute;ctricos de Canarias, que al estar ubicados en un territorio insular fragmentado, difieren de los existentes en &aacute;mbitos continentales.<\/p>\n<p> La Escuela T&eacute;cnica Superior de Ingenier&iacute;a Civil e Industrial de la ULL ya ha pasado su primera fase de implantaci&oacute;n tras lograr afianzar los estudios en dos especialidades, en electr&oacute;nica y en mec&aacute;nica. Por ello, sus responsables consideran que ha llegado el momento de ampliar su oferta docente, en este caso a la especialidad el&eacute;ctrica, con el fin de adaptarse a las demandas de la sociedad canaria. Durante estas jornadas, adem&aacute;s, se entregar&aacute;n y presentar&aacute;n los premios a los proyectos fin de carrera M&ordf; Jes&uacute;s Marrero Rodr&iacute;guez.<\/p>\n<p> <strong>Programa<\/strong><\/p>\n<p> La jornada del jueves 19 de noviembre se celebrar&aacute; en el Aula Magna del edificio de las facultades de F&iacute;sica y Matem&aacute;ticas de la ULL, y comenzar&aacute; a las 17:10 con el acto de apertura, en el que estar&aacute;n presentes el director de la Escuela T&eacute;cnica Superior de Ingenier&iacute;a Civil e Industrial, Ernesto Pereda de Pablo; el decano del Colegio Oficial de Ingenieros T&eacute;cnicos Industriales de Santa Cruz de Tenerife, Antonio Miguel Rodr&iacute;guez Hern&aacute;ndez; y el vocal de Estudios Universitarios de la organizaci&oacute;n profesional, Germ&aacute;n Carlos Gonz&aacute;lez Rodr&iacute;guez.<\/p>\n<p> La primera sesi&oacute;n se celebrar&aacute; a partir de las 17:30 horas, y se centrar&aacute; en los sistemas el&eacute;ctricos canarios. Participan como ponentes el director de Producci&oacute;n de Uni&oacute;n El&eacute;ctrica de Canarias Generaci&oacute;n S.A.U, Ram&oacute;n Rodr&iacute;guez Tom&aacute;s; el representante de Operaciones en Canarias de la Red El&eacute;ctrica de Espa&ntilde;a, Crist&oacute;bal Castro; y el vicesecretario del colegio oficial co-organizador, Jorge Magri&ntilde;&aacute; Sal&eacute;, como moderador.<\/p>\n<p> &nbsp;&nbsp;&nbsp; Una hora m&aacute;s tarde comenzar&aacute; la segunda mesa, titulada &ldquo;La ingenier&iacute;a el&eacute;ctrica industrial, un reto inaplazable en la ULL&rdquo;, en la que intervendr&aacute;n el director de la escuela organizadora, Ernesto Pereda de Pablo; el gerente de IMESAPI, Jes&uacute;s Rodr&iacute;guez Fern&aacute;ndez; el presidente de la Junta de Gobierno de la sede en Tenerife del Colegio Oficial de Ingenieros Industriales de Canarias, Ram&oacute;n Villalba Gonz&aacute;lez; el decano del colegio profesional co-organizador, Antonio Miguel Rodr&iacute;guez Hern&aacute;ndez; el director general de Energ&iacute;a del Gobierno de Canarias, Adri&aacute;n Mendoza Grim&oacute;n, y el secretario del colegio profesional co-organizador, Andr&eacute;s Baute Guti&eacute;rrez.<\/p>\n<p> El 20 de noviembre las jornadas se celebrar&aacute;n en la sede del Colegio Oficial de Ingenieros T&eacute;cnicos Industriales de Santa Cruz de Tenerife a partir de las 18 horas, y se centrar&aacute; en la presentaci&oacute;n de los trabajos ganadores de los premios a los proyectos fin de carrera M&ordf; Jes&uacute;s Marrero Rodr&iacute;guez. Tras este acto, el director y la subdirectora de la Escuela T&eacute;cnica Superior de Ingenier&iacute;a Civil e Industrial, Ernesto Pereda y Bel&eacute;n Meli&aacute;n, ofrecer&aacute;n la conferencia &ldquo;Las nuevas titulaciones de grado en Ingenier&iacute;a en la ULL&rdquo;.<\/p>\n","protected":false},"excerpt":{"rendered":"<p>La Escuela T&eacute;cnica Superior de Ingenier&iacute;a Civil e Industrial de la Universidad de La Laguna, en colaboraci&oacute;n con el Colegio&#8230;<\/p>\n","protected":false},"author":21,"featured_media":0,"comment_status":"open","ping_status":"open","sticky":false,"template":"","format":"standard","meta":{"inline_featured_image":false,"footnotes":""},"categories":[346,1],"tags":[],"acf":[],"yoast_head":"<!-- This site is optimized with the Yoast SEO plugin v21.3 - https:\/\/yoast.com\/wordpress\/plugins\/seo\/ -->\n<title>La Universidad de La Laguna celebra la tercera edici\u00f3n de sus jornadas dedicadas a la Ingenier\u00eda T\u00e9cnica Industrial - ULL - Noticias<\/title>\n<meta name=\"robots\" content=\"index, follow, max-snippet:-1, max-image-preview:large, max-video-preview:-1\" \/>\n<link rel=\"canonical\" href=\"https:\/\/www.ull.es\/portal\/noticias\/2009\/la-universidad-de-la-laguna-celebra-la-tercera-edicion-de-sus-jornadas-dedicadas-a-la-ingenieria-tecnica-industrial\/\" \/>\n<meta property=\"og:locale\" content=\"es_ES\" \/>\n<meta property=\"og:type\" content=\"article\" \/>\n<meta property=\"og:title\" content=\"La Universidad de La Laguna celebra la tercera edici\u00f3n de sus jornadas dedicadas a la Ingenier\u00eda T\u00e9cnica Industrial - ULL - Noticias\" \/>\n<meta property=\"og:description\" content=\"La Escuela T&eacute;cnica Superior de Ingenier&iacute;a Civil e Industrial de la Universidad de La Laguna, en colaboraci&oacute;n con el Colegio...\" \/>\n<meta property=\"og:url\" content=\"https:\/\/www.ull.es\/portal\/noticias\/2009\/la-universidad-de-la-laguna-celebra-la-tercera-edicion-de-sus-jornadas-dedicadas-a-la-ingenieria-tecnica-industrial\/\" \/>\n<meta property=\"og:site_name\" content=\"ULL - Noticias\" \/>\n<meta property=\"article:publisher\" content=\"https:\/\/www.facebook.com\/universidaddelalaguna\/\" \/>\n<meta property=\"article:published_time\" content=\"2009-11-18T00:00:00+00:00\" \/>\n<meta property=\"og:image\" content=\"https:\/\/www.ull.es\/portal\/noticias\/wp-content\/uploads\/sites\/13\/2023\/06\/logo-redimensionado.png\" \/>\n\t<meta property=\"og:image:width\" content=\"1200\" \/>\n\t<meta property=\"og:image:height\" content=\"630\" \/>\n\t<meta property=\"og:image:type\" content=\"image\/png\" \/>\n<meta name=\"author\" content=\"prensa2\" \/>\n<meta name=\"twitter:card\" content=\"summary_large_image\" \/>\n<meta name=\"twitter:creator\" content=\"@CanalULL\" \/>\n<meta name=\"twitter:site\" content=\"@CanalULL\" \/>\n<meta name=\"twitter:label1\" content=\"Escrito por\" \/>\n\t<meta name=\"twitter:data1\" content=\"prensa2\" \/>\n\t<meta name=\"twitter:label2\" content=\"Tiempo de lectura\" \/>\n\t<meta name=\"twitter:data2\" content=\"4 minutos\" \/>\n<script type=\"application\/ld+json\" class=\"yoast-schema-graph\">{\"@context\":\"https:\/\/schema.org\",\"@graph\":[{\"@type\":\"WebPage\",\"@id\":\"https:\/\/www.ull.es\/portal\/noticias\/2009\/la-universidad-de-la-laguna-celebra-la-tercera-edicion-de-sus-jornadas-dedicadas-a-la-ingenieria-tecnica-industrial\/\",\"url\":\"https:\/\/www.ull.es\/portal\/noticias\/2009\/la-universidad-de-la-laguna-celebra-la-tercera-edicion-de-sus-jornadas-dedicadas-a-la-ingenieria-tecnica-industrial\/\",\"name\":\"La Universidad de La Laguna celebra la tercera edici\u00f3n de sus jornadas dedicadas a la Ingenier\u00eda T\u00e9cnica Industrial - ULL - Noticias\",\"isPartOf\":{\"@id\":\"https:\/\/www.ull.es\/portal\/noticias\/#website\"},\"datePublished\":\"2009-11-18T00:00:00+00:00\",\"dateModified\":\"2009-11-18T00:00:00+00:00\",\"author\":{\"@id\":\"https:\/\/www.ull.es\/portal\/noticias\/#\/schema\/person\/c3b2aa857797592927a03740d6664376\"},\"breadcrumb\":{\"@id\":\"https:\/\/www.ull.es\/portal\/noticias\/2009\/la-universidad-de-la-laguna-celebra-la-tercera-edicion-de-sus-jornadas-dedicadas-a-la-ingenieria-tecnica-industrial\/#breadcrumb\"},\"inLanguage\":\"es\",\"potentialAction\":[{\"@type\":\"ReadAction\",\"target\":[\"https:\/\/www.ull.es\/portal\/noticias\/2009\/la-universidad-de-la-laguna-celebra-la-tercera-edicion-de-sus-jornadas-dedicadas-a-la-ingenieria-tecnica-industrial\/\"]}]},{\"@type\":\"BreadcrumbList\",\"@id\":\"https:\/\/www.ull.es\/portal\/noticias\/2009\/la-universidad-de-la-laguna-celebra-la-tercera-edicion-de-sus-jornadas-dedicadas-a-la-ingenieria-tecnica-industrial\/#breadcrumb\",\"itemListElement\":[{\"@type\":\"ListItem\",\"position\":1,\"name\":\"Portada\",\"item\":\"https:\/\/www.ull.es\/portal\/noticias\/\"},{\"@type\":\"ListItem\",\"position\":2,\"name\":\"La Universidad de La Laguna celebra la tercera edici\u00f3n de sus jornadas dedicadas a la Ingenier\u00eda T\u00e9cnica Industrial\"}]},{\"@type\":\"WebSite\",\"@id\":\"https:\/\/www.ull.es\/portal\/noticias\/#website\",\"url\":\"https:\/\/www.ull.es\/portal\/noticias\/\",\"name\":\"ULL - Noticias\",\"description\":\"\",\"potentialAction\":[{\"@type\":\"SearchAction\",\"target\":{\"@type\":\"EntryPoint\",\"urlTemplate\":\"https:\/\/www.ull.es\/portal\/noticias\/?s={search_term_string}\"},\"query-input\":\"required name=search_term_string\"}],\"inLanguage\":\"es\"},{\"@type\":\"Person\",\"@id\":\"https:\/\/www.ull.es\/portal\/noticias\/#\/schema\/person\/c3b2aa857797592927a03740d6664376\",\"name\":\"prensa2\",\"image\":{\"@type\":\"ImageObject\",\"inLanguage\":\"es\",\"@id\":\"https:\/\/www.ull.es\/portal\/noticias\/#\/schema\/person\/image\/\",\"url\":\"https:\/\/secure.gravatar.com\/avatar\/b58f310a5de5feb33d1e026d2493f23c?s=96&d=mm&r=g\",\"contentUrl\":\"https:\/\/secure.gravatar.com\/avatar\/b58f310a5de5feb33d1e026d2493f23c?s=96&d=mm&r=g\",\"caption\":\"prensa2\"},\"url\":\"https:\/\/www.ull.es\/portal\/noticias\/author\/prensa2\/\"}]}<\/script>\n<!-- \/ Yoast SEO plugin. -->","yoast_head_json":{"title":"La Universidad de La Laguna celebra la tercera edici\u00f3n de sus jornadas dedicadas a la Ingenier\u00eda T\u00e9cnica Industrial - ULL - Noticias","robots":{"index":"index","follow":"follow","max-snippet":"max-snippet:-1","max-image-preview":"max-image-preview:large","max-video-preview":"max-video-preview:-1"},"canonical":"https:\/\/www.ull.es\/portal\/noticias\/2009\/la-universidad-de-la-laguna-celebra-la-tercera-edicion-de-sus-jornadas-dedicadas-a-la-ingenieria-tecnica-industrial\/","og_locale":"es_ES","og_type":"article","og_title":"La Universidad de La Laguna celebra la tercera edici\u00f3n de sus jornadas dedicadas a la Ingenier\u00eda T\u00e9cnica Industrial - ULL - Noticias","og_description":"La Escuela T&eacute;cnica Superior de Ingenier&iacute;a Civil e Industrial de la Universidad de La Laguna, en colaboraci&oacute;n con el Colegio...","og_url":"https:\/\/www.ull.es\/portal\/noticias\/2009\/la-universidad-de-la-laguna-celebra-la-tercera-edicion-de-sus-jornadas-dedicadas-a-la-ingenieria-tecnica-industrial\/","og_site_name":"ULL - Noticias","article_publisher":"https:\/\/www.facebook.com\/universidaddelalaguna\/","article_published_time":"2009-11-18T00:00:00+00:00","og_image":[{"width":1200,"height":630,"url":"https:\/\/www.ull.es\/portal\/noticias\/wp-content\/uploads\/sites\/13\/2023\/06\/logo-redimensionado.png","type":"image\/png"}],"author":"prensa2","twitter_card":"summary_large_image","twitter_creator":"@CanalULL","twitter_site":"@CanalULL","twitter_misc":{"Escrito por":"prensa2","Tiempo de lectura":"4 minutos"},"schema":{"@context":"https:\/\/schema.org","@graph":[{"@type":"WebPage","@id":"https:\/\/www.ull.es\/portal\/noticias\/2009\/la-universidad-de-la-laguna-celebra-la-tercera-edicion-de-sus-jornadas-dedicadas-a-la-ingenieria-tecnica-industrial\/","url":"https:\/\/www.ull.es\/portal\/noticias\/2009\/la-universidad-de-la-laguna-celebra-la-tercera-edicion-de-sus-jornadas-dedicadas-a-la-ingenieria-tecnica-industrial\/","name":"La Universidad de La Laguna celebra la tercera edici\u00f3n de sus jornadas dedicadas a la Ingenier\u00eda T\u00e9cnica Industrial - ULL - Noticias","isPartOf":{"@id":"https:\/\/www.ull.es\/portal\/noticias\/#website"},"datePublished":"2009-11-18T00:00:00+00:00","dateModified":"2009-11-18T00:00:00+00:00","author":{"@id":"https:\/\/www.ull.es\/portal\/noticias\/#\/schema\/person\/c3b2aa857797592927a03740d6664376"},"breadcrumb":{"@id":"https:\/\/www.ull.es\/portal\/noticias\/2009\/la-universidad-de-la-laguna-celebra-la-tercera-edicion-de-sus-jornadas-dedicadas-a-la-ingenieria-tecnica-industrial\/#breadcrumb"},"inLanguage":"es","potentialAction":[{"@type":"ReadAction","target":["https:\/\/www.ull.es\/portal\/noticias\/2009\/la-universidad-de-la-laguna-celebra-la-tercera-edicion-de-sus-jornadas-dedicadas-a-la-ingenieria-tecnica-industrial\/"]}]},{"@type":"BreadcrumbList","@id":"https:\/\/www.ull.es\/portal\/noticias\/2009\/la-universidad-de-la-laguna-celebra-la-tercera-edicion-de-sus-jornadas-dedicadas-a-la-ingenieria-tecnica-industrial\/#breadcrumb","itemListElement":[{"@type":"ListItem","position":1,"name":"Portada","item":"https:\/\/www.ull.es\/portal\/noticias\/"},{"@type":"ListItem","position":2,"name":"La Universidad de La Laguna celebra la tercera edici\u00f3n de sus jornadas dedicadas a la Ingenier\u00eda T\u00e9cnica Industrial"}]},{"@type":"WebSite","@id":"https:\/\/www.ull.es\/portal\/noticias\/#website","url":"https:\/\/www.ull.es\/portal\/noticias\/","name":"ULL - Noticias","description":"","potentialAction":[{"@type":"SearchAction","target":{"@type":"EntryPoint","urlTemplate":"https:\/\/www.ull.es\/portal\/noticias\/?s={search_term_string}"},"query-input":"required name=search_term_string"}],"inLanguage":"es"},{"@type":"Person","@id":"https:\/\/www.ull.es\/portal\/noticias\/#\/schema\/person\/c3b2aa857797592927a03740d6664376","name":"prensa2","image":{"@type":"ImageObject","inLanguage":"es","@id":"https:\/\/www.ull.es\/portal\/noticias\/#\/schema\/person\/image\/","url":"https:\/\/secure.gravatar.com\/avatar\/b58f310a5de5feb33d1e026d2493f23c?s=96&d=mm&r=g","contentUrl":"https:\/\/secure.gravatar.com\/avatar\/b58f310a5de5feb33d1e026d2493f23c?s=96&d=mm&r=g","caption":"prensa2"},"url":"https:\/\/www.ull.es\/portal\/noticias\/author\/prensa2\/"}]}},"primary_category":null,"featured_image_thumbnail_url":null,"_links":{"self":[{"href":"https:\/\/www.ull.es\/portal\/noticias\/wp-json\/wp\/v2\/posts\/13692"}],"collection":[{"href":"https:\/\/www.ull.es\/portal\/noticias\/wp-json\/wp\/v2\/posts"}],"about":[{"href":"https:\/\/www.ull.es\/portal\/noticias\/wp-json\/wp\/v2\/types\/post"}],"author":[{"embeddable":true,"href":"https:\/\/www.ull.es\/portal\/noticias\/wp-json\/wp\/v2\/users\/21"}],"replies":[{"embeddable":true,"href":"https:\/\/www.ull.es\/portal\/noticias\/wp-json\/wp\/v2\/comments?post=13692"}],"version-history":[{"count":0,"href":"https:\/\/www.ull.es\/portal\/noticias\/wp-json\/wp\/v2\/posts\/13692\/revisions"}],"wp:attachment":[{"href":"https:\/\/www.ull.es\/portal\/noticias\/wp-json\/wp\/v2\/media?parent=13692"}],"wp:term":[{"taxonomy":"category","embeddable":true,"href":"https:\/\/www.ull.es\/portal\/noticias\/wp-json\/wp\/v2\/categories?post=13692"},{"taxonomy":"post_tag","embeddable":true,"href":"https:\/\/www.ull.es\/portal\/noticias\/wp-json\/wp\/v2\/tags?post=13692"}],"curies":[{"name":"wp","href":"https:\/\/api.w.org\/{rel}","templated":true}]}}