{"id":13695,"date":"2009-12-02T00:00:00","date_gmt":"2009-12-02T00:00:00","guid":{"rendered":"http:\/\/ddigital.webs.ull.es\/mpdlc-propone-la-puesta-en-marcha-de-un-plan-estrategico-de-ciudadania-e-integracion-para-canarias\/"},"modified":"2009-12-02T00:00:00","modified_gmt":"2009-12-02T00:00:00","slug":"mpdlc-propone-la-puesta-en-marcha-de-un-plan-estrategico-de-ciudadania-e-integracion-para-canarias","status":"publish","type":"post","link":"https:\/\/www.ull.es\/portal\/noticias\/2009\/mpdlc-propone-la-puesta-en-marcha-de-un-plan-estrategico-de-ciudadania-e-integracion-para-canarias\/","title":{"rendered":"MPDLC propone la puesta en marcha de un Plan Estrat\u00e9gico de Ciudadan\u00eda e Integraci\u00f3n para Canarias"},"content":{"rendered":"<p>La puesta en marcha de un Plan Estrat&eacute;gico de Ciudadan&iacute;a e Integraci&oacute;n para Canarias que d&eacute; sentido a medio y largo plazo a la gesti&oacute;n del fondo de apoyo a la acogida y la integraci&oacute;n de inmigrantes y al refuerzo educativo es una de las principales demandas que puso sobre la mesa esta tarde el presidente de Movimiento por la Paz, el Desarme y la Libertad en Canarias (MPDLC), Jos&eacute; Antonio D&iacute;az D&iacute;az, en la inauguraci&oacute;n del seminario &ldquo;Codesarrollo y migraciones. Participaci&oacute;n transnacional&rdquo;.<\/p>\n<p>El encuentro, organizado por la ONG, se desarrollar&aacute; hasta el pr&oacute;ximo mi&eacute;rcoles en el sal&oacute;n de actos de la Facultad de Educaci&oacute;n de la Universidad de La Laguna, entidad que ha colaborado en su organizaci&oacute;n. Asimismo, la financiaci&oacute;n del evento ha corrido a cargo de la Direcci&oacute;n General de Relaciones con &Aacute;frica del Gobierno aut&oacute;nomo.<\/p>\n<p> En la inauguraci&oacute;n del encuentro, en la que estuvieron presentes tambi&eacute;n el director general de Relaciones con &Aacute;frica del Gobierno de Canarias, Pablo Mart&iacute;n-Carbajal Gonz&aacute;lez, y la decana de la Facultad de Educaci&oacute;n, Olga Mar&iacute;a Alegre de la Rosa, Jos&eacute; Antonio D&iacute;az D&iacute;az insisti&oacute; en que ese Plan Estrat&eacute;gico de Ciudadan&iacute;a e Integraci&oacute;n canario debe contemplar &ldquo;la adaptaci&oacute;n del plan nacional al marco territorial de las Islas y a las demandas previsibles de apoyo a la integraci&oacute;n, a tenor de la evoluci&oacute;n de los asentamientos poblacionales y sus consiguientes demandas&rdquo;.<\/p>\n<p> Por otro lado, el presidente de MPDLC hizo hincapi&eacute; en que se profundice en las relaciones entre cooperaci&oacute;n y codesarrollo y apost&oacute; por que se presente el codesarrollo no tanto como &ldquo;una modalidad de cooperaci&oacute;n m&aacute;s&rdquo; sino &ldquo;como el puente que une migraciones y cooperaci&oacute;n&rdquo;.<\/p>\n<p> Para ello, propuso crear un grupo de trabajo que elabore un primer borrador de discusi&oacute;n que pueda ser trasladado al Foro Canario de la Inmigraci&oacute;n y al Consejo Canario de Cooperaci&oacute;n al Desarrollo con el fin de que se coordinen las distintas acciones en materia de inmigraci&oacute;n y cooperaci&oacute;n.<br \/> Finalmente, D&iacute;az plante&oacute; un dec&aacute;logo de preguntas que puedan servir como base de reflexi&oacute;n durante el seminario de cara a impulsar el codesarrollo y avanzar en una nueva perspectiva en materia de la integraci&oacute;n local del migrante que no quede reducida al trabajo en destino.<\/p>\n<p> Por su parte, el director general de Relaciones con &Aacute;frica, Pablo Mart&iacute;n-Carbajal, apost&oacute; por potenciar las acciones en materia de codesarrollo, en donde, se&ntilde;al&oacute;, queda mucho por hacer. En este sentido, admiti&oacute; que se trata de un aspecto contemplado como eje de actuaci&oacute;n del Gobierno aut&oacute;nomo, que resulta de gran inter&eacute;s para el Archipi&eacute;lago y que requiere una mayor implicaci&oacute;n por parte de los agentes implicados.<\/p>\n<p> Destac&oacute; la labor que est&aacute; haciendo el Gobierno de Canarias en cooperaci&oacute;n al desarrollo a trav&eacute;s de la identificaci&oacute;n de proyectos con &Aacute;frica a trav&eacute;s de tres l&iacute;neas estrat&eacute;gicas centradas en la promoci&oacute;n empresarial, la cooperaci&oacute;n al desarrollo, as&iacute; como la cultura y el conocimiento. Asimismo, hizo una apuesta por promover el intercambio de experiencias y profesionales de las universidades canarias y africanas en aras de mejorar esas relaciones.<\/p>\n<p> Por su parte, la decana de la Facultad de Educaci&oacute;n de la Universidad de La Laguna, Olga Mar&iacute;a Alegre de la Rosa, parafrase&oacute; al que fuese director general de la Unesco, Federico Mayor Zaragoza, y record&oacute; que &ldquo;la paz siempre se vincula con la diversidad&rdquo;. Al respecto, agreg&oacute; que la mayor&iacute;a de los conflictos surgen por no entender m&aacute;s la diversidad y la interculturalidad. A su vez, valor&oacute; la vinculaci&oacute;n positiva entre migraci&oacute;n y desarrollo que supone el codesarrollo y la consideraci&oacute;n que hace de los inmigrantes como vectores de desarrollo. En este sentido, destac&oacute; el trabajo que supone iniciativas como el seminario organizado por MPDLC y su apuesta por valorar la diversidad de los otros.<\/p>\n<p>(Nota cedida)<\/p>\n","protected":false},"excerpt":{"rendered":"<p>La puesta en marcha de un Plan Estrat&eacute;gico de Ciudadan&iacute;a e Integraci&oacute;n para Canarias que d&eacute; sentido a medio y&#8230;<\/p>\n","protected":false},"author":21,"featured_media":0,"comment_status":"open","ping_status":"open","sticky":false,"template":"","format":"standard","meta":{"inline_featured_image":false,"footnotes":""},"categories":[346,1],"tags":[],"acf":[],"yoast_head":"<!-- This site is optimized with the Yoast SEO plugin v21.3 - https:\/\/yoast.com\/wordpress\/plugins\/seo\/ -->\n<title>MPDLC propone la puesta en marcha de un Plan Estrat\u00e9gico de Ciudadan\u00eda e Integraci\u00f3n para Canarias - ULL - Noticias<\/title>\n<meta name=\"robots\" content=\"index, follow, max-snippet:-1, max-image-preview:large, max-video-preview:-1\" \/>\n<link rel=\"canonical\" href=\"https:\/\/www.ull.es\/portal\/noticias\/2009\/mpdlc-propone-la-puesta-en-marcha-de-un-plan-estrategico-de-ciudadania-e-integracion-para-canarias\/\" \/>\n<meta property=\"og:locale\" content=\"es_ES\" \/>\n<meta property=\"og:type\" content=\"article\" \/>\n<meta property=\"og:title\" content=\"MPDLC propone la puesta en marcha de un Plan Estrat\u00e9gico de Ciudadan\u00eda e Integraci\u00f3n para Canarias - ULL - Noticias\" \/>\n<meta property=\"og:description\" content=\"La puesta en marcha de un Plan Estrat&eacute;gico de Ciudadan&iacute;a e Integraci&oacute;n para Canarias que d&eacute; sentido a medio y...\" \/>\n<meta property=\"og:url\" content=\"https:\/\/www.ull.es\/portal\/noticias\/2009\/mpdlc-propone-la-puesta-en-marcha-de-un-plan-estrategico-de-ciudadania-e-integracion-para-canarias\/\" \/>\n<meta property=\"og:site_name\" content=\"ULL - Noticias\" \/>\n<meta property=\"article:publisher\" content=\"https:\/\/www.facebook.com\/universidaddelalaguna\/\" \/>\n<meta property=\"article:published_time\" content=\"2009-12-02T00:00:00+00:00\" \/>\n<meta property=\"og:image\" content=\"https:\/\/www.ull.es\/portal\/noticias\/wp-content\/uploads\/sites\/13\/2023\/06\/logo-redimensionado.png\" \/>\n\t<meta property=\"og:image:width\" content=\"1200\" \/>\n\t<meta property=\"og:image:height\" content=\"630\" \/>\n\t<meta property=\"og:image:type\" content=\"image\/png\" \/>\n<meta name=\"author\" content=\"prensa2\" \/>\n<meta name=\"twitter:card\" content=\"summary_large_image\" \/>\n<meta name=\"twitter:creator\" content=\"@CanalULL\" \/>\n<meta name=\"twitter:site\" content=\"@CanalULL\" \/>\n<meta name=\"twitter:label1\" content=\"Escrito por\" \/>\n\t<meta name=\"twitter:data1\" content=\"prensa2\" \/>\n\t<meta name=\"twitter:label2\" content=\"Tiempo de lectura\" \/>\n\t<meta name=\"twitter:data2\" content=\"4 minutos\" \/>\n<script type=\"application\/ld+json\" class=\"yoast-schema-graph\">{\"@context\":\"https:\/\/schema.org\",\"@graph\":[{\"@type\":\"WebPage\",\"@id\":\"https:\/\/www.ull.es\/portal\/noticias\/2009\/mpdlc-propone-la-puesta-en-marcha-de-un-plan-estrategico-de-ciudadania-e-integracion-para-canarias\/\",\"url\":\"https:\/\/www.ull.es\/portal\/noticias\/2009\/mpdlc-propone-la-puesta-en-marcha-de-un-plan-estrategico-de-ciudadania-e-integracion-para-canarias\/\",\"name\":\"MPDLC propone la puesta en marcha de un Plan Estrat\u00e9gico de Ciudadan\u00eda e Integraci\u00f3n para Canarias - ULL - Noticias\",\"isPartOf\":{\"@id\":\"https:\/\/www.ull.es\/portal\/noticias\/#website\"},\"datePublished\":\"2009-12-02T00:00:00+00:00\",\"dateModified\":\"2009-12-02T00:00:00+00:00\",\"author\":{\"@id\":\"https:\/\/www.ull.es\/portal\/noticias\/#\/schema\/person\/c3b2aa857797592927a03740d6664376\"},\"breadcrumb\":{\"@id\":\"https:\/\/www.ull.es\/portal\/noticias\/2009\/mpdlc-propone-la-puesta-en-marcha-de-un-plan-estrategico-de-ciudadania-e-integracion-para-canarias\/#breadcrumb\"},\"inLanguage\":\"es\",\"potentialAction\":[{\"@type\":\"ReadAction\",\"target\":[\"https:\/\/www.ull.es\/portal\/noticias\/2009\/mpdlc-propone-la-puesta-en-marcha-de-un-plan-estrategico-de-ciudadania-e-integracion-para-canarias\/\"]}]},{\"@type\":\"BreadcrumbList\",\"@id\":\"https:\/\/www.ull.es\/portal\/noticias\/2009\/mpdlc-propone-la-puesta-en-marcha-de-un-plan-estrategico-de-ciudadania-e-integracion-para-canarias\/#breadcrumb\",\"itemListElement\":[{\"@type\":\"ListItem\",\"position\":1,\"name\":\"Portada\",\"item\":\"https:\/\/www.ull.es\/portal\/noticias\/\"},{\"@type\":\"ListItem\",\"position\":2,\"name\":\"MPDLC propone la puesta en marcha de un Plan Estrat\u00e9gico de Ciudadan\u00eda e Integraci\u00f3n para Canarias\"}]},{\"@type\":\"WebSite\",\"@id\":\"https:\/\/www.ull.es\/portal\/noticias\/#website\",\"url\":\"https:\/\/www.ull.es\/portal\/noticias\/\",\"name\":\"ULL - Noticias\",\"description\":\"\",\"potentialAction\":[{\"@type\":\"SearchAction\",\"target\":{\"@type\":\"EntryPoint\",\"urlTemplate\":\"https:\/\/www.ull.es\/portal\/noticias\/?s={search_term_string}\"},\"query-input\":\"required name=search_term_string\"}],\"inLanguage\":\"es\"},{\"@type\":\"Person\",\"@id\":\"https:\/\/www.ull.es\/portal\/noticias\/#\/schema\/person\/c3b2aa857797592927a03740d6664376\",\"name\":\"prensa2\",\"image\":{\"@type\":\"ImageObject\",\"inLanguage\":\"es\",\"@id\":\"https:\/\/www.ull.es\/portal\/noticias\/#\/schema\/person\/image\/\",\"url\":\"https:\/\/secure.gravatar.com\/avatar\/b58f310a5de5feb33d1e026d2493f23c?s=96&d=mm&r=g\",\"contentUrl\":\"https:\/\/secure.gravatar.com\/avatar\/b58f310a5de5feb33d1e026d2493f23c?s=96&d=mm&r=g\",\"caption\":\"prensa2\"},\"url\":\"https:\/\/www.ull.es\/portal\/noticias\/author\/prensa2\/\"}]}<\/script>\n<!-- \/ Yoast SEO plugin. -->","yoast_head_json":{"title":"MPDLC propone la puesta en marcha de un Plan Estrat\u00e9gico de Ciudadan\u00eda e Integraci\u00f3n para Canarias - ULL - Noticias","robots":{"index":"index","follow":"follow","max-snippet":"max-snippet:-1","max-image-preview":"max-image-preview:large","max-video-preview":"max-video-preview:-1"},"canonical":"https:\/\/www.ull.es\/portal\/noticias\/2009\/mpdlc-propone-la-puesta-en-marcha-de-un-plan-estrategico-de-ciudadania-e-integracion-para-canarias\/","og_locale":"es_ES","og_type":"article","og_title":"MPDLC propone la puesta en marcha de un Plan Estrat\u00e9gico de Ciudadan\u00eda e Integraci\u00f3n para Canarias - ULL - Noticias","og_description":"La puesta en marcha de un Plan Estrat&eacute;gico de Ciudadan&iacute;a e Integraci&oacute;n para Canarias que d&eacute; sentido a medio y...","og_url":"https:\/\/www.ull.es\/portal\/noticias\/2009\/mpdlc-propone-la-puesta-en-marcha-de-un-plan-estrategico-de-ciudadania-e-integracion-para-canarias\/","og_site_name":"ULL - Noticias","article_publisher":"https:\/\/www.facebook.com\/universidaddelalaguna\/","article_published_time":"2009-12-02T00:00:00+00:00","og_image":[{"width":1200,"height":630,"url":"https:\/\/www.ull.es\/portal\/noticias\/wp-content\/uploads\/sites\/13\/2023\/06\/logo-redimensionado.png","type":"image\/png"}],"author":"prensa2","twitter_card":"summary_large_image","twitter_creator":"@CanalULL","twitter_site":"@CanalULL","twitter_misc":{"Escrito por":"prensa2","Tiempo de lectura":"4 minutos"},"schema":{"@context":"https:\/\/schema.org","@graph":[{"@type":"WebPage","@id":"https:\/\/www.ull.es\/portal\/noticias\/2009\/mpdlc-propone-la-puesta-en-marcha-de-un-plan-estrategico-de-ciudadania-e-integracion-para-canarias\/","url":"https:\/\/www.ull.es\/portal\/noticias\/2009\/mpdlc-propone-la-puesta-en-marcha-de-un-plan-estrategico-de-ciudadania-e-integracion-para-canarias\/","name":"MPDLC propone la puesta en marcha de un Plan Estrat\u00e9gico de Ciudadan\u00eda e Integraci\u00f3n para Canarias - ULL - Noticias","isPartOf":{"@id":"https:\/\/www.ull.es\/portal\/noticias\/#website"},"datePublished":"2009-12-02T00:00:00+00:00","dateModified":"2009-12-02T00:00:00+00:00","author":{"@id":"https:\/\/www.ull.es\/portal\/noticias\/#\/schema\/person\/c3b2aa857797592927a03740d6664376"},"breadcrumb":{"@id":"https:\/\/www.ull.es\/portal\/noticias\/2009\/mpdlc-propone-la-puesta-en-marcha-de-un-plan-estrategico-de-ciudadania-e-integracion-para-canarias\/#breadcrumb"},"inLanguage":"es","potentialAction":[{"@type":"ReadAction","target":["https:\/\/www.ull.es\/portal\/noticias\/2009\/mpdlc-propone-la-puesta-en-marcha-de-un-plan-estrategico-de-ciudadania-e-integracion-para-canarias\/"]}]},{"@type":"BreadcrumbList","@id":"https:\/\/www.ull.es\/portal\/noticias\/2009\/mpdlc-propone-la-puesta-en-marcha-de-un-plan-estrategico-de-ciudadania-e-integracion-para-canarias\/#breadcrumb","itemListElement":[{"@type":"ListItem","position":1,"name":"Portada","item":"https:\/\/www.ull.es\/portal\/noticias\/"},{"@type":"ListItem","position":2,"name":"MPDLC propone la puesta en marcha de un Plan Estrat\u00e9gico de Ciudadan\u00eda e Integraci\u00f3n para Canarias"}]},{"@type":"WebSite","@id":"https:\/\/www.ull.es\/portal\/noticias\/#website","url":"https:\/\/www.ull.es\/portal\/noticias\/","name":"ULL - Noticias","description":"","potentialAction":[{"@type":"SearchAction","target":{"@type":"EntryPoint","urlTemplate":"https:\/\/www.ull.es\/portal\/noticias\/?s={search_term_string}"},"query-input":"required name=search_term_string"}],"inLanguage":"es"},{"@type":"Person","@id":"https:\/\/www.ull.es\/portal\/noticias\/#\/schema\/person\/c3b2aa857797592927a03740d6664376","name":"prensa2","image":{"@type":"ImageObject","inLanguage":"es","@id":"https:\/\/www.ull.es\/portal\/noticias\/#\/schema\/person\/image\/","url":"https:\/\/secure.gravatar.com\/avatar\/b58f310a5de5feb33d1e026d2493f23c?s=96&d=mm&r=g","contentUrl":"https:\/\/secure.gravatar.com\/avatar\/b58f310a5de5feb33d1e026d2493f23c?s=96&d=mm&r=g","caption":"prensa2"},"url":"https:\/\/www.ull.es\/portal\/noticias\/author\/prensa2\/"}]}},"primary_category":null,"featured_image_thumbnail_url":null,"_links":{"self":[{"href":"https:\/\/www.ull.es\/portal\/noticias\/wp-json\/wp\/v2\/posts\/13695"}],"collection":[{"href":"https:\/\/www.ull.es\/portal\/noticias\/wp-json\/wp\/v2\/posts"}],"about":[{"href":"https:\/\/www.ull.es\/portal\/noticias\/wp-json\/wp\/v2\/types\/post"}],"author":[{"embeddable":true,"href":"https:\/\/www.ull.es\/portal\/noticias\/wp-json\/wp\/v2\/users\/21"}],"replies":[{"embeddable":true,"href":"https:\/\/www.ull.es\/portal\/noticias\/wp-json\/wp\/v2\/comments?post=13695"}],"version-history":[{"count":0,"href":"https:\/\/www.ull.es\/portal\/noticias\/wp-json\/wp\/v2\/posts\/13695\/revisions"}],"wp:attachment":[{"href":"https:\/\/www.ull.es\/portal\/noticias\/wp-json\/wp\/v2\/media?parent=13695"}],"wp:term":[{"taxonomy":"category","embeddable":true,"href":"https:\/\/www.ull.es\/portal\/noticias\/wp-json\/wp\/v2\/categories?post=13695"},{"taxonomy":"post_tag","embeddable":true,"href":"https:\/\/www.ull.es\/portal\/noticias\/wp-json\/wp\/v2\/tags?post=13695"}],"curies":[{"name":"wp","href":"https:\/\/api.w.org\/{rel}","templated":true}]}}