{"id":13713,"date":"2010-03-22T00:00:00","date_gmt":"2010-03-22T00:00:00","guid":{"rendered":"http:\/\/ddigital.webs.ull.es\/la-nueva-titulacion-de-grado-en-enfermeria-de-la-universidad-de-la-laguna-inicia-las-practicas-clinicas\/"},"modified":"2010-03-22T00:00:00","modified_gmt":"2010-03-22T00:00:00","slug":"la-nueva-titulacion-de-grado-en-enfermeria-de-la-universidad-de-la-laguna-inicia-las-practicas-clinicas","status":"publish","type":"post","link":"https:\/\/www.ull.es\/portal\/noticias\/2010\/la-nueva-titulacion-de-grado-en-enfermeria-de-la-universidad-de-la-laguna-inicia-las-practicas-clinicas\/","title":{"rendered":"La nueva titulaci\u00f3n de Grado en Enfermer\u00eda de la Universidad de La Laguna inicia las pr\u00e1cticas cl\u00ednicas"},"content":{"rendered":"<p>El centenar de estudiantes de primer curso del Grado en Enfermer&iacute;a de la Universidad de La Laguna iniciar&aacute; su itinerario de pr&aacute;cticas curriculares por primera vez en el &aacute;rea de Atenci&oacute;n Primaria de Salud, lo que supone un hecho novedoso y fundamental para el proceso de aprendizaje as&iacute; como una experiencia vital para el desarrollo profesional de los futuras enfermeros.<\/p>\n<p>El centenar de estudiantes de primer curso del Grado en Enfermer&iacute;a de la Universidad de La Laguna iniciar&aacute; su itinerario de pr&aacute;cticas curriculares por primera vez en el &aacute;rea de Atenci&oacute;n Primaria de Salud, lo que supone un hecho novedoso y fundamental para el proceso de aprendizaje as&iacute; como una experiencia vital para el desarrollo profesional de los futuras enfermeros.<br \/> As&iacute;, el director de Enfermer&iacute;a de Atenci&oacute;n Primaria, Jos&eacute; Miguel de Armas, junto a los directores y subdirectores de 21 zonas b&aacute;sicas de salud de Atenci&oacute;n Primaria, fueron invitados por la directora de La Escuela Universitaria de Enfermer&iacute;a y Fisioterapia de la Universidad de La Laguna, Carmen Arroyo L&oacute;pez, al acto de presentaci&oacute;n del programa de pr&aacute;cticas cl&iacute;nicas, que tuvo lugar hoy lunes 22 de marzo en las instalaciones de la escuela universitaria, y que cont&oacute; con la presencia de los tutores acad&eacute;micos y profesores asociados de pr&aacute;cticas.<\/p>\n<p> La directora de la Escuela de Enfermer&iacute;a y Fisioterapia agradeci&oacute; a los responsables del Servicio Canario de Salud implicados en la formaci&oacute;n de los estudiantes su continua participaci&oacute;n en este programa, as&iacute; como la incorporaci&oacute;n de&nbsp; 15 nuevos centros de salud:&nbsp; Icod de los Vinos, Los Realejos, La Orotava, Orotava Dehesa, La Vera, Casco Bot&aacute;nico, La Guancha,&nbsp; Laguna Mercedes, Los Gladiolos, Finca Espa&ntilde;a, Jaime Chaves, La Cuesta, Tejina, Candelaria y G&uuml;&iacute;mar que se suman a los 6 ya existentes (Tacoronte, Barrio La salud, Laguna Geneto, Ofra Miramar, Taco y Barranco Grande).<\/p>\n<p> La responsable del centro universitario aprovech&oacute; la reuni&oacute;n para agradeci&oacute; y destaco la ilusi&oacute;n, el inter&eacute;s y compromiso que han manifestado los profesionales de los centros participantes en este nuevo proyecto, que ahora se inicia, ya que sin ellos&nbsp; no ser&iacute;a posible alcanzar el nivel de calidad exigido en las Practicas Cl&iacute;nicas, que a su vez asegurar&aacute; en un futuro pr&oacute;ximo la incorporaci&oacute;n de nuevos profesionales&nbsp; altamente cualificados, que garantizar&aacute;n los cuidados a la poblaci&oacute;n.<\/p>\n","protected":false},"excerpt":{"rendered":"<p>El centenar de estudiantes de primer curso del Grado en Enfermer&iacute;a de la Universidad de La Laguna iniciar&aacute; su itinerario&#8230;<\/p>\n","protected":false},"author":21,"featured_media":12968,"comment_status":"open","ping_status":"open","sticky":false,"template":"","format":"standard","meta":{"inline_featured_image":false,"footnotes":""},"categories":[346],"tags":[],"acf":[],"yoast_head":"<!-- This site is optimized with the Yoast SEO plugin v21.3 - https:\/\/yoast.com\/wordpress\/plugins\/seo\/ -->\n<title>La nueva titulaci\u00f3n de Grado en Enfermer\u00eda de la Universidad de La Laguna inicia las pr\u00e1cticas cl\u00ednicas - ULL - Noticias<\/title>\n<meta name=\"robots\" content=\"index, follow, max-snippet:-1, max-image-preview:large, max-video-preview:-1\" \/>\n<link rel=\"canonical\" href=\"https:\/\/www.ull.es\/portal\/noticias\/2010\/la-nueva-titulacion-de-grado-en-enfermeria-de-la-universidad-de-la-laguna-inicia-las-practicas-clinicas\/\" \/>\n<meta property=\"og:locale\" content=\"es_ES\" \/>\n<meta property=\"og:type\" content=\"article\" \/>\n<meta property=\"og:title\" content=\"La nueva titulaci\u00f3n de Grado en Enfermer\u00eda de la Universidad de La Laguna inicia las pr\u00e1cticas cl\u00ednicas - ULL - Noticias\" \/>\n<meta property=\"og:description\" content=\"El centenar de estudiantes de primer curso del Grado en Enfermer&iacute;a de la Universidad de La Laguna iniciar&aacute; su itinerario...\" \/>\n<meta property=\"og:url\" content=\"https:\/\/www.ull.es\/portal\/noticias\/2010\/la-nueva-titulacion-de-grado-en-enfermeria-de-la-universidad-de-la-laguna-inicia-las-practicas-clinicas\/\" \/>\n<meta property=\"og:site_name\" content=\"ULL - Noticias\" \/>\n<meta property=\"article:publisher\" content=\"https:\/\/www.facebook.com\/universidaddelalaguna\/\" \/>\n<meta property=\"article:published_time\" content=\"2010-03-22T00:00:00+00:00\" \/>\n<meta property=\"og:image\" content=\"https:\/\/www.ull.es\/portal\/noticias\/wp-content\/uploads\/sites\/13\/2015\/07\/enfermeria.jpg\" \/>\n\t<meta property=\"og:image:width\" content=\"687\" \/>\n\t<meta property=\"og:image:height\" content=\"800\" \/>\n\t<meta property=\"og:image:type\" content=\"image\/jpeg\" \/>\n<meta name=\"author\" content=\"prensa2\" \/>\n<meta name=\"twitter:card\" content=\"summary_large_image\" \/>\n<meta name=\"twitter:creator\" content=\"@CanalULL\" \/>\n<meta name=\"twitter:site\" content=\"@CanalULL\" \/>\n<meta name=\"twitter:label1\" content=\"Escrito por\" \/>\n\t<meta name=\"twitter:data1\" content=\"prensa2\" \/>\n\t<meta name=\"twitter:label2\" content=\"Tiempo de lectura\" \/>\n\t<meta name=\"twitter:data2\" content=\"2 minutos\" \/>\n<script type=\"application\/ld+json\" class=\"yoast-schema-graph\">{\"@context\":\"https:\/\/schema.org\",\"@graph\":[{\"@type\":\"WebPage\",\"@id\":\"https:\/\/www.ull.es\/portal\/noticias\/2010\/la-nueva-titulacion-de-grado-en-enfermeria-de-la-universidad-de-la-laguna-inicia-las-practicas-clinicas\/\",\"url\":\"https:\/\/www.ull.es\/portal\/noticias\/2010\/la-nueva-titulacion-de-grado-en-enfermeria-de-la-universidad-de-la-laguna-inicia-las-practicas-clinicas\/\",\"name\":\"La nueva titulaci\u00f3n de Grado en Enfermer\u00eda de la Universidad de La Laguna inicia las pr\u00e1cticas cl\u00ednicas - ULL - Noticias\",\"isPartOf\":{\"@id\":\"https:\/\/www.ull.es\/portal\/noticias\/#website\"},\"datePublished\":\"2010-03-22T00:00:00+00:00\",\"dateModified\":\"2010-03-22T00:00:00+00:00\",\"author\":{\"@id\":\"https:\/\/www.ull.es\/portal\/noticias\/#\/schema\/person\/c3b2aa857797592927a03740d6664376\"},\"breadcrumb\":{\"@id\":\"https:\/\/www.ull.es\/portal\/noticias\/2010\/la-nueva-titulacion-de-grado-en-enfermeria-de-la-universidad-de-la-laguna-inicia-las-practicas-clinicas\/#breadcrumb\"},\"inLanguage\":\"es\",\"potentialAction\":[{\"@type\":\"ReadAction\",\"target\":[\"https:\/\/www.ull.es\/portal\/noticias\/2010\/la-nueva-titulacion-de-grado-en-enfermeria-de-la-universidad-de-la-laguna-inicia-las-practicas-clinicas\/\"]}]},{\"@type\":\"BreadcrumbList\",\"@id\":\"https:\/\/www.ull.es\/portal\/noticias\/2010\/la-nueva-titulacion-de-grado-en-enfermeria-de-la-universidad-de-la-laguna-inicia-las-practicas-clinicas\/#breadcrumb\",\"itemListElement\":[{\"@type\":\"ListItem\",\"position\":1,\"name\":\"Portada\",\"item\":\"https:\/\/www.ull.es\/portal\/noticias\/\"},{\"@type\":\"ListItem\",\"position\":2,\"name\":\"La nueva titulaci\u00f3n de Grado en Enfermer\u00eda de la Universidad de La Laguna inicia las pr\u00e1cticas cl\u00ednicas\"}]},{\"@type\":\"WebSite\",\"@id\":\"https:\/\/www.ull.es\/portal\/noticias\/#website\",\"url\":\"https:\/\/www.ull.es\/portal\/noticias\/\",\"name\":\"ULL - Noticias\",\"description\":\"\",\"potentialAction\":[{\"@type\":\"SearchAction\",\"target\":{\"@type\":\"EntryPoint\",\"urlTemplate\":\"https:\/\/www.ull.es\/portal\/noticias\/?s={search_term_string}\"},\"query-input\":\"required name=search_term_string\"}],\"inLanguage\":\"es\"},{\"@type\":\"Person\",\"@id\":\"https:\/\/www.ull.es\/portal\/noticias\/#\/schema\/person\/c3b2aa857797592927a03740d6664376\",\"name\":\"prensa2\",\"image\":{\"@type\":\"ImageObject\",\"inLanguage\":\"es\",\"@id\":\"https:\/\/www.ull.es\/portal\/noticias\/#\/schema\/person\/image\/\",\"url\":\"https:\/\/secure.gravatar.com\/avatar\/b58f310a5de5feb33d1e026d2493f23c?s=96&d=mm&r=g\",\"contentUrl\":\"https:\/\/secure.gravatar.com\/avatar\/b58f310a5de5feb33d1e026d2493f23c?s=96&d=mm&r=g\",\"caption\":\"prensa2\"},\"url\":\"https:\/\/www.ull.es\/portal\/noticias\/author\/prensa2\/\"}]}<\/script>\n<!-- \/ Yoast SEO plugin. -->","yoast_head_json":{"title":"La nueva titulaci\u00f3n de Grado en Enfermer\u00eda de la Universidad de La Laguna inicia las pr\u00e1cticas cl\u00ednicas - ULL - Noticias","robots":{"index":"index","follow":"follow","max-snippet":"max-snippet:-1","max-image-preview":"max-image-preview:large","max-video-preview":"max-video-preview:-1"},"canonical":"https:\/\/www.ull.es\/portal\/noticias\/2010\/la-nueva-titulacion-de-grado-en-enfermeria-de-la-universidad-de-la-laguna-inicia-las-practicas-clinicas\/","og_locale":"es_ES","og_type":"article","og_title":"La nueva titulaci\u00f3n de Grado en Enfermer\u00eda de la Universidad de La Laguna inicia las pr\u00e1cticas cl\u00ednicas - ULL - Noticias","og_description":"El centenar de estudiantes de primer curso del Grado en Enfermer&iacute;a de la Universidad de La Laguna iniciar&aacute; su itinerario...","og_url":"https:\/\/www.ull.es\/portal\/noticias\/2010\/la-nueva-titulacion-de-grado-en-enfermeria-de-la-universidad-de-la-laguna-inicia-las-practicas-clinicas\/","og_site_name":"ULL - Noticias","article_publisher":"https:\/\/www.facebook.com\/universidaddelalaguna\/","article_published_time":"2010-03-22T00:00:00+00:00","og_image":[{"width":687,"height":800,"url":"https:\/\/www.ull.es\/portal\/noticias\/wp-content\/uploads\/sites\/13\/2015\/07\/enfermeria.jpg","type":"image\/jpeg"}],"author":"prensa2","twitter_card":"summary_large_image","twitter_creator":"@CanalULL","twitter_site":"@CanalULL","twitter_misc":{"Escrito por":"prensa2","Tiempo de lectura":"2 minutos"},"schema":{"@context":"https:\/\/schema.org","@graph":[{"@type":"WebPage","@id":"https:\/\/www.ull.es\/portal\/noticias\/2010\/la-nueva-titulacion-de-grado-en-enfermeria-de-la-universidad-de-la-laguna-inicia-las-practicas-clinicas\/","url":"https:\/\/www.ull.es\/portal\/noticias\/2010\/la-nueva-titulacion-de-grado-en-enfermeria-de-la-universidad-de-la-laguna-inicia-las-practicas-clinicas\/","name":"La nueva titulaci\u00f3n de Grado en Enfermer\u00eda de la Universidad de La Laguna inicia las pr\u00e1cticas cl\u00ednicas - ULL - Noticias","isPartOf":{"@id":"https:\/\/www.ull.es\/portal\/noticias\/#website"},"datePublished":"2010-03-22T00:00:00+00:00","dateModified":"2010-03-22T00:00:00+00:00","author":{"@id":"https:\/\/www.ull.es\/portal\/noticias\/#\/schema\/person\/c3b2aa857797592927a03740d6664376"},"breadcrumb":{"@id":"https:\/\/www.ull.es\/portal\/noticias\/2010\/la-nueva-titulacion-de-grado-en-enfermeria-de-la-universidad-de-la-laguna-inicia-las-practicas-clinicas\/#breadcrumb"},"inLanguage":"es","potentialAction":[{"@type":"ReadAction","target":["https:\/\/www.ull.es\/portal\/noticias\/2010\/la-nueva-titulacion-de-grado-en-enfermeria-de-la-universidad-de-la-laguna-inicia-las-practicas-clinicas\/"]}]},{"@type":"BreadcrumbList","@id":"https:\/\/www.ull.es\/portal\/noticias\/2010\/la-nueva-titulacion-de-grado-en-enfermeria-de-la-universidad-de-la-laguna-inicia-las-practicas-clinicas\/#breadcrumb","itemListElement":[{"@type":"ListItem","position":1,"name":"Portada","item":"https:\/\/www.ull.es\/portal\/noticias\/"},{"@type":"ListItem","position":2,"name":"La nueva titulaci\u00f3n de Grado en Enfermer\u00eda de la Universidad de La Laguna inicia las pr\u00e1cticas cl\u00ednicas"}]},{"@type":"WebSite","@id":"https:\/\/www.ull.es\/portal\/noticias\/#website","url":"https:\/\/www.ull.es\/portal\/noticias\/","name":"ULL - Noticias","description":"","potentialAction":[{"@type":"SearchAction","target":{"@type":"EntryPoint","urlTemplate":"https:\/\/www.ull.es\/portal\/noticias\/?s={search_term_string}"},"query-input":"required name=search_term_string"}],"inLanguage":"es"},{"@type":"Person","@id":"https:\/\/www.ull.es\/portal\/noticias\/#\/schema\/person\/c3b2aa857797592927a03740d6664376","name":"prensa2","image":{"@type":"ImageObject","inLanguage":"es","@id":"https:\/\/www.ull.es\/portal\/noticias\/#\/schema\/person\/image\/","url":"https:\/\/secure.gravatar.com\/avatar\/b58f310a5de5feb33d1e026d2493f23c?s=96&d=mm&r=g","contentUrl":"https:\/\/secure.gravatar.com\/avatar\/b58f310a5de5feb33d1e026d2493f23c?s=96&d=mm&r=g","caption":"prensa2"},"url":"https:\/\/www.ull.es\/portal\/noticias\/author\/prensa2\/"}]}},"primary_category":null,"featured_image_thumbnail_url":"https:\/\/www.ull.es\/portal\/noticias\/wp-content\/uploads\/sites\/13\/2015\/07\/enfermeria-258x300.jpg","_links":{"self":[{"href":"https:\/\/www.ull.es\/portal\/noticias\/wp-json\/wp\/v2\/posts\/13713"}],"collection":[{"href":"https:\/\/www.ull.es\/portal\/noticias\/wp-json\/wp\/v2\/posts"}],"about":[{"href":"https:\/\/www.ull.es\/portal\/noticias\/wp-json\/wp\/v2\/types\/post"}],"author":[{"embeddable":true,"href":"https:\/\/www.ull.es\/portal\/noticias\/wp-json\/wp\/v2\/users\/21"}],"replies":[{"embeddable":true,"href":"https:\/\/www.ull.es\/portal\/noticias\/wp-json\/wp\/v2\/comments?post=13713"}],"version-history":[{"count":0,"href":"https:\/\/www.ull.es\/portal\/noticias\/wp-json\/wp\/v2\/posts\/13713\/revisions"}],"wp:featuredmedia":[{"embeddable":true,"href":"https:\/\/www.ull.es\/portal\/noticias\/wp-json\/wp\/v2\/media\/12968"}],"wp:attachment":[{"href":"https:\/\/www.ull.es\/portal\/noticias\/wp-json\/wp\/v2\/media?parent=13713"}],"wp:term":[{"taxonomy":"category","embeddable":true,"href":"https:\/\/www.ull.es\/portal\/noticias\/wp-json\/wp\/v2\/categories?post=13713"},{"taxonomy":"post_tag","embeddable":true,"href":"https:\/\/www.ull.es\/portal\/noticias\/wp-json\/wp\/v2\/tags?post=13713"}],"curies":[{"name":"wp","href":"https:\/\/api.w.org\/{rel}","templated":true}]}}