{"id":13714,"date":"2010-03-30T00:00:00","date_gmt":"2010-03-30T00:00:00","guid":{"rendered":"http:\/\/ddigital.webs.ull.es\/la-escuela-universitaria-de-enfermeria-nuestra-senora-de-candelaria-homenajea-a-antonio-sierra-por-su-trayectoria-academica\/"},"modified":"2010-03-30T00:00:00","modified_gmt":"2010-03-30T00:00:00","slug":"la-escuela-universitaria-de-enfermeria-nuestra-senora-de-candelaria-homenajea-a-antonio-sierra-por-su-trayectoria-academica","status":"publish","type":"post","link":"https:\/\/www.ull.es\/portal\/noticias\/2010\/la-escuela-universitaria-de-enfermeria-nuestra-senora-de-candelaria-homenajea-a-antonio-sierra-por-su-trayectoria-academica\/","title":{"rendered":"La Escuela Universitaria de Enfermer\u00eda Nuestra Se\u00f1ora de Candelaria homenajea a Antonio Sierra por su trayectoria acad\u00e9mica"},"content":{"rendered":"<p>La Escuela Universitaria de Enfermer&iacute;a Nuestra Se&ntilde;ora de Candelaria, ubicada en el Hospital Universitario Nuestra Se&ntilde;ora de Candelaria (HUNSC), adscrito a la consejer&iacute;a de Sanidad del Gobierno de Canarias, perteneciente al Servicio Canario de la Salud y adscrita a la Universidad de La Laguna, ha homenajeado recientemente a Antonio Sierra, catedr&aacute;tico de Medicina Preventiva y Salud P&uacute;blica de la ULL por su trayectoria acad&eacute;mica en esta escuela de enfermer&iacute;a.<\/p>\n<p>Tanto el profesorado de la escuela de enfermer&iacute;a como los alumnos, sorprendieron con un caluroso aplauso al catedr&aacute;tico de la Universidad de La Laguna en su &uacute;ltimo d&iacute;a de docencia en la Escuela Universitaria de Enfermer&iacute;a Nuestra Se&ntilde;ora de Candelaria. Su director, Julio Jos&eacute; Galiano, alab&oacute; el esfuerzo y dedicaci&oacute;n que el catedr&aacute;tico de Medicina Preventiva y Salud P&uacute;blica ha mantenido durante todos estos a&ntilde;os de carrera al servicio de la docencia con el objetivo de formar a los profesionales sanitarios del futuro.<\/p>\n<p>El aula de tercer curso de Enfermer&iacute;a fue el escenario elegido para este emotivo homenaje, donde los propios alumnos a trav&eacute;s de un representante, tambi&eacute;n quisieron felicitarle por su trayectoria en su &uacute;ltima clase.<\/p>\n<p>El catedr&aacute;tico Antonio Sierra dedic&oacute; a su vez unas sinceras palabras de cari&ntilde;o a quienes fueran compa&ntilde;eros acad&eacute;micos en la Escuela Universitaria de Enfermer&iacute;a y tambi&eacute;n a sus alumnos, a quienes les dese&oacute; la mejor de las fortunas en su pr&oacute;ximo inicio como profesionales sanitarios.<\/p>\n<p>(Nota cedida)<\/p>\n","protected":false},"excerpt":{"rendered":"<p>La Escuela Universitaria de Enfermer&iacute;a Nuestra Se&ntilde;ora de Candelaria, ubicada en el Hospital Universitario Nuestra Se&ntilde;ora de Candelaria (HUNSC), adscrito&#8230;<\/p>\n","protected":false},"author":21,"featured_media":0,"comment_status":"open","ping_status":"open","sticky":false,"template":"","format":"standard","meta":{"inline_featured_image":false,"footnotes":""},"categories":[346],"tags":[],"acf":[],"yoast_head":"<!-- This site is optimized with the Yoast SEO plugin v21.3 - https:\/\/yoast.com\/wordpress\/plugins\/seo\/ -->\n<title>La Escuela Universitaria de Enfermer\u00eda Nuestra Se\u00f1ora de Candelaria homenajea a Antonio Sierra por su trayectoria acad\u00e9mica - ULL - Noticias<\/title>\n<meta name=\"robots\" content=\"index, follow, max-snippet:-1, max-image-preview:large, max-video-preview:-1\" \/>\n<link rel=\"canonical\" href=\"https:\/\/www.ull.es\/portal\/noticias\/2010\/la-escuela-universitaria-de-enfermeria-nuestra-senora-de-candelaria-homenajea-a-antonio-sierra-por-su-trayectoria-academica\/\" \/>\n<meta property=\"og:locale\" content=\"es_ES\" \/>\n<meta property=\"og:type\" content=\"article\" \/>\n<meta property=\"og:title\" content=\"La Escuela Universitaria de Enfermer\u00eda Nuestra Se\u00f1ora de Candelaria homenajea a Antonio Sierra por su trayectoria acad\u00e9mica - ULL - Noticias\" \/>\n<meta property=\"og:description\" content=\"La Escuela Universitaria de Enfermer&iacute;a Nuestra Se&ntilde;ora de Candelaria, ubicada en el Hospital Universitario Nuestra Se&ntilde;ora de Candelaria (HUNSC), adscrito...\" \/>\n<meta property=\"og:url\" content=\"https:\/\/www.ull.es\/portal\/noticias\/2010\/la-escuela-universitaria-de-enfermeria-nuestra-senora-de-candelaria-homenajea-a-antonio-sierra-por-su-trayectoria-academica\/\" \/>\n<meta property=\"og:site_name\" content=\"ULL - Noticias\" \/>\n<meta property=\"article:publisher\" content=\"https:\/\/www.facebook.com\/universidaddelalaguna\/\" \/>\n<meta property=\"article:published_time\" content=\"2010-03-30T00:00:00+00:00\" \/>\n<meta property=\"og:image\" content=\"https:\/\/www.ull.es\/portal\/noticias\/wp-content\/uploads\/sites\/13\/2023\/06\/logo-redimensionado.png\" \/>\n\t<meta property=\"og:image:width\" content=\"1200\" \/>\n\t<meta property=\"og:image:height\" content=\"630\" \/>\n\t<meta property=\"og:image:type\" content=\"image\/png\" \/>\n<meta name=\"author\" content=\"prensa2\" \/>\n<meta name=\"twitter:card\" content=\"summary_large_image\" \/>\n<meta name=\"twitter:creator\" content=\"@CanalULL\" \/>\n<meta name=\"twitter:site\" content=\"@CanalULL\" \/>\n<meta name=\"twitter:label1\" content=\"Escrito por\" \/>\n\t<meta name=\"twitter:data1\" content=\"prensa2\" \/>\n\t<meta name=\"twitter:label2\" content=\"Tiempo de lectura\" \/>\n\t<meta name=\"twitter:data2\" content=\"1 minuto\" \/>\n<script type=\"application\/ld+json\" class=\"yoast-schema-graph\">{\"@context\":\"https:\/\/schema.org\",\"@graph\":[{\"@type\":\"WebPage\",\"@id\":\"https:\/\/www.ull.es\/portal\/noticias\/2010\/la-escuela-universitaria-de-enfermeria-nuestra-senora-de-candelaria-homenajea-a-antonio-sierra-por-su-trayectoria-academica\/\",\"url\":\"https:\/\/www.ull.es\/portal\/noticias\/2010\/la-escuela-universitaria-de-enfermeria-nuestra-senora-de-candelaria-homenajea-a-antonio-sierra-por-su-trayectoria-academica\/\",\"name\":\"La Escuela Universitaria de Enfermer\u00eda Nuestra Se\u00f1ora de Candelaria homenajea a Antonio Sierra por su trayectoria acad\u00e9mica - ULL - Noticias\",\"isPartOf\":{\"@id\":\"https:\/\/www.ull.es\/portal\/noticias\/#website\"},\"datePublished\":\"2010-03-30T00:00:00+00:00\",\"dateModified\":\"2010-03-30T00:00:00+00:00\",\"author\":{\"@id\":\"https:\/\/www.ull.es\/portal\/noticias\/#\/schema\/person\/c3b2aa857797592927a03740d6664376\"},\"breadcrumb\":{\"@id\":\"https:\/\/www.ull.es\/portal\/noticias\/2010\/la-escuela-universitaria-de-enfermeria-nuestra-senora-de-candelaria-homenajea-a-antonio-sierra-por-su-trayectoria-academica\/#breadcrumb\"},\"inLanguage\":\"es\",\"potentialAction\":[{\"@type\":\"ReadAction\",\"target\":[\"https:\/\/www.ull.es\/portal\/noticias\/2010\/la-escuela-universitaria-de-enfermeria-nuestra-senora-de-candelaria-homenajea-a-antonio-sierra-por-su-trayectoria-academica\/\"]}]},{\"@type\":\"BreadcrumbList\",\"@id\":\"https:\/\/www.ull.es\/portal\/noticias\/2010\/la-escuela-universitaria-de-enfermeria-nuestra-senora-de-candelaria-homenajea-a-antonio-sierra-por-su-trayectoria-academica\/#breadcrumb\",\"itemListElement\":[{\"@type\":\"ListItem\",\"position\":1,\"name\":\"Portada\",\"item\":\"https:\/\/www.ull.es\/portal\/noticias\/\"},{\"@type\":\"ListItem\",\"position\":2,\"name\":\"La Escuela Universitaria de Enfermer\u00eda Nuestra Se\u00f1ora de Candelaria homenajea a Antonio Sierra por su trayectoria acad\u00e9mica\"}]},{\"@type\":\"WebSite\",\"@id\":\"https:\/\/www.ull.es\/portal\/noticias\/#website\",\"url\":\"https:\/\/www.ull.es\/portal\/noticias\/\",\"name\":\"ULL - Noticias\",\"description\":\"\",\"potentialAction\":[{\"@type\":\"SearchAction\",\"target\":{\"@type\":\"EntryPoint\",\"urlTemplate\":\"https:\/\/www.ull.es\/portal\/noticias\/?s={search_term_string}\"},\"query-input\":\"required name=search_term_string\"}],\"inLanguage\":\"es\"},{\"@type\":\"Person\",\"@id\":\"https:\/\/www.ull.es\/portal\/noticias\/#\/schema\/person\/c3b2aa857797592927a03740d6664376\",\"name\":\"prensa2\",\"image\":{\"@type\":\"ImageObject\",\"inLanguage\":\"es\",\"@id\":\"https:\/\/www.ull.es\/portal\/noticias\/#\/schema\/person\/image\/\",\"url\":\"https:\/\/secure.gravatar.com\/avatar\/b58f310a5de5feb33d1e026d2493f23c?s=96&d=mm&r=g\",\"contentUrl\":\"https:\/\/secure.gravatar.com\/avatar\/b58f310a5de5feb33d1e026d2493f23c?s=96&d=mm&r=g\",\"caption\":\"prensa2\"},\"url\":\"https:\/\/www.ull.es\/portal\/noticias\/author\/prensa2\/\"}]}<\/script>\n<!-- \/ Yoast SEO plugin. -->","yoast_head_json":{"title":"La Escuela Universitaria de Enfermer\u00eda Nuestra Se\u00f1ora de Candelaria homenajea a Antonio Sierra por su trayectoria acad\u00e9mica - ULL - Noticias","robots":{"index":"index","follow":"follow","max-snippet":"max-snippet:-1","max-image-preview":"max-image-preview:large","max-video-preview":"max-video-preview:-1"},"canonical":"https:\/\/www.ull.es\/portal\/noticias\/2010\/la-escuela-universitaria-de-enfermeria-nuestra-senora-de-candelaria-homenajea-a-antonio-sierra-por-su-trayectoria-academica\/","og_locale":"es_ES","og_type":"article","og_title":"La Escuela Universitaria de Enfermer\u00eda Nuestra Se\u00f1ora de Candelaria homenajea a Antonio Sierra por su trayectoria acad\u00e9mica - ULL - Noticias","og_description":"La Escuela Universitaria de Enfermer&iacute;a Nuestra Se&ntilde;ora de Candelaria, ubicada en el Hospital Universitario Nuestra Se&ntilde;ora de Candelaria (HUNSC), adscrito...","og_url":"https:\/\/www.ull.es\/portal\/noticias\/2010\/la-escuela-universitaria-de-enfermeria-nuestra-senora-de-candelaria-homenajea-a-antonio-sierra-por-su-trayectoria-academica\/","og_site_name":"ULL - Noticias","article_publisher":"https:\/\/www.facebook.com\/universidaddelalaguna\/","article_published_time":"2010-03-30T00:00:00+00:00","og_image":[{"width":1200,"height":630,"url":"https:\/\/www.ull.es\/portal\/noticias\/wp-content\/uploads\/sites\/13\/2023\/06\/logo-redimensionado.png","type":"image\/png"}],"author":"prensa2","twitter_card":"summary_large_image","twitter_creator":"@CanalULL","twitter_site":"@CanalULL","twitter_misc":{"Escrito por":"prensa2","Tiempo de lectura":"1 minuto"},"schema":{"@context":"https:\/\/schema.org","@graph":[{"@type":"WebPage","@id":"https:\/\/www.ull.es\/portal\/noticias\/2010\/la-escuela-universitaria-de-enfermeria-nuestra-senora-de-candelaria-homenajea-a-antonio-sierra-por-su-trayectoria-academica\/","url":"https:\/\/www.ull.es\/portal\/noticias\/2010\/la-escuela-universitaria-de-enfermeria-nuestra-senora-de-candelaria-homenajea-a-antonio-sierra-por-su-trayectoria-academica\/","name":"La Escuela Universitaria de Enfermer\u00eda Nuestra Se\u00f1ora de Candelaria homenajea a Antonio Sierra por su trayectoria acad\u00e9mica - ULL - Noticias","isPartOf":{"@id":"https:\/\/www.ull.es\/portal\/noticias\/#website"},"datePublished":"2010-03-30T00:00:00+00:00","dateModified":"2010-03-30T00:00:00+00:00","author":{"@id":"https:\/\/www.ull.es\/portal\/noticias\/#\/schema\/person\/c3b2aa857797592927a03740d6664376"},"breadcrumb":{"@id":"https:\/\/www.ull.es\/portal\/noticias\/2010\/la-escuela-universitaria-de-enfermeria-nuestra-senora-de-candelaria-homenajea-a-antonio-sierra-por-su-trayectoria-academica\/#breadcrumb"},"inLanguage":"es","potentialAction":[{"@type":"ReadAction","target":["https:\/\/www.ull.es\/portal\/noticias\/2010\/la-escuela-universitaria-de-enfermeria-nuestra-senora-de-candelaria-homenajea-a-antonio-sierra-por-su-trayectoria-academica\/"]}]},{"@type":"BreadcrumbList","@id":"https:\/\/www.ull.es\/portal\/noticias\/2010\/la-escuela-universitaria-de-enfermeria-nuestra-senora-de-candelaria-homenajea-a-antonio-sierra-por-su-trayectoria-academica\/#breadcrumb","itemListElement":[{"@type":"ListItem","position":1,"name":"Portada","item":"https:\/\/www.ull.es\/portal\/noticias\/"},{"@type":"ListItem","position":2,"name":"La Escuela Universitaria de Enfermer\u00eda Nuestra Se\u00f1ora de Candelaria homenajea a Antonio Sierra por su trayectoria acad\u00e9mica"}]},{"@type":"WebSite","@id":"https:\/\/www.ull.es\/portal\/noticias\/#website","url":"https:\/\/www.ull.es\/portal\/noticias\/","name":"ULL - Noticias","description":"","potentialAction":[{"@type":"SearchAction","target":{"@type":"EntryPoint","urlTemplate":"https:\/\/www.ull.es\/portal\/noticias\/?s={search_term_string}"},"query-input":"required name=search_term_string"}],"inLanguage":"es"},{"@type":"Person","@id":"https:\/\/www.ull.es\/portal\/noticias\/#\/schema\/person\/c3b2aa857797592927a03740d6664376","name":"prensa2","image":{"@type":"ImageObject","inLanguage":"es","@id":"https:\/\/www.ull.es\/portal\/noticias\/#\/schema\/person\/image\/","url":"https:\/\/secure.gravatar.com\/avatar\/b58f310a5de5feb33d1e026d2493f23c?s=96&d=mm&r=g","contentUrl":"https:\/\/secure.gravatar.com\/avatar\/b58f310a5de5feb33d1e026d2493f23c?s=96&d=mm&r=g","caption":"prensa2"},"url":"https:\/\/www.ull.es\/portal\/noticias\/author\/prensa2\/"}]}},"primary_category":null,"featured_image_thumbnail_url":null,"_links":{"self":[{"href":"https:\/\/www.ull.es\/portal\/noticias\/wp-json\/wp\/v2\/posts\/13714"}],"collection":[{"href":"https:\/\/www.ull.es\/portal\/noticias\/wp-json\/wp\/v2\/posts"}],"about":[{"href":"https:\/\/www.ull.es\/portal\/noticias\/wp-json\/wp\/v2\/types\/post"}],"author":[{"embeddable":true,"href":"https:\/\/www.ull.es\/portal\/noticias\/wp-json\/wp\/v2\/users\/21"}],"replies":[{"embeddable":true,"href":"https:\/\/www.ull.es\/portal\/noticias\/wp-json\/wp\/v2\/comments?post=13714"}],"version-history":[{"count":0,"href":"https:\/\/www.ull.es\/portal\/noticias\/wp-json\/wp\/v2\/posts\/13714\/revisions"}],"wp:attachment":[{"href":"https:\/\/www.ull.es\/portal\/noticias\/wp-json\/wp\/v2\/media?parent=13714"}],"wp:term":[{"taxonomy":"category","embeddable":true,"href":"https:\/\/www.ull.es\/portal\/noticias\/wp-json\/wp\/v2\/categories?post=13714"},{"taxonomy":"post_tag","embeddable":true,"href":"https:\/\/www.ull.es\/portal\/noticias\/wp-json\/wp\/v2\/tags?post=13714"}],"curies":[{"name":"wp","href":"https:\/\/api.w.org\/{rel}","templated":true}]}}