{"id":13751,"date":"2004-04-01T00:00:00","date_gmt":"2004-04-01T00:00:00","guid":{"rendered":"http:\/\/ddigital.webs.ull.es\/jos-segura-la-ric-ha-potenciado-la-especulacin-del-suelo-no-la-innovacin-empresarial\/"},"modified":"2004-04-01T00:00:00","modified_gmt":"2004-04-01T00:00:00","slug":"jos-segura-la-ric-ha-potenciado-la-especulacin-del-suelo-no-la-innovacin-empresarial","status":"publish","type":"post","link":"https:\/\/www.ull.es\/portal\/noticias\/2004\/jos-segura-la-ric-ha-potenciado-la-especulacin-del-suelo-no-la-innovacin-empresarial\/","title":{"rendered":"Jos\u00e9 Segura: \u00abLa RIC ha potenciado la especulaci\u00f3n del suelo, no la innovaci\u00f3n empresarial\u00bb"},"content":{"rendered":"<p>El reci&eacute;n electo diputado estatal del PSOE, Jos&eacute; Segura, consider&oacute; ayer, mi&eacute;rcoles 31 de marzo durante una intervenci&oacute;n en la Universidad de La Laguna, que la Reserva de Inversiones de Canarias (RIC) \u00abdeber&iacute;a ser modificada porque est&aacute; encorsetada\u00bb. A su juicio, la utilizaci&oacute;n que hasta ahora se ha hecho de este instrumento fiscal \u00abha potenciado la especulaci&oacute;n del suelo, no la innovaci&oacute;n empresarial\u00bb.<\/p>\n<p><P>Segura particip&oacute; como ponente en el <EM>Programa para la formaci&oacute;n de dinamizadores para la preparaci&oacute;n de proyectos de I+D en el sector empresarial<\/EM>, que organiza la Oficina de Transferencia de Resultados de la Investigaci&oacute;n (OTRI) de la instituci&oacute;n acad&eacute;mica, y que se desarrollar&aacute; en la Facultad de Farmacia hasta el pr&oacute;ximo 23 de abril de 2004. El diputado realiz&oacute; en su intervenci&oacute;n un improvisado retrato de la realidad econ&oacute;mica canaria, incidiendo sobre algunas caracter&iacute;sticas financieras locales que pueden ser de utilidad en la preparaci&oacute;n de proyectos de innovaci&oacute;n tecnol&oacute;gica. <\/P><P>Sobre la RIC, Segura reconoci&oacute; que no ha servido para mejorar la innovaci&oacute;n tecnol&oacute;gica de las empresas de las islas, en parte a causa de la \u00abcultura especulativa\u00bb que est&aacute; tan arraigada. En su opini&oacute;n, no existe suficiente empresariado decidido a arriesgarse con proyectos tecnol&oacute;gicamente novedosos, a pesar de que la propia RIC o la Zona Especial Canaria (ZEC) los fomenten, y se sigue prefiriendo hacer fortuna con la compra-venta de terreno, causa principal de la subida de precios del suelo.<\/P><P>Acerca de la ZEC, el pol&iacute;tico defendi&oacute; que puede ser un instrumento muy &uacute;til para la mejora de las empresas y la apertura a otros sectores productivos, pero reconoci&oacute; que por s&iacute; sola es una herramienta bastante limitada. \u00abHay que potenciar infraestructuras que no hay, como la banda ancha, planificar qu&eacute; sectores potenciar y declararlos estrat&eacute;gicos. Si esto se hace, la ZEC funcionar&aacute;, pero hace falta una planificaci&oacute;n sistem&aacute;tica\u00bb.<\/P><P>La caducidad de la ZEC, el 31 de diciembre de 2008, puede haber sido la causa del moderado &eacute;xito de la iniciativa, puesto que a los empresarios interesados en adherirse se les plantea la duda de qu&eacute; pasara pasada la fecha. Segura se muestra optimista, al se&ntilde;alar que \u00abtodo es negociable. Si se habla con Europa, no dudo que la ZEC se podr&aacute; prorrogar\u00bb.<\/P><P>Preguntado por uno de los asistentes al acto acerca de la posibilidad de que las empresas ZEC hagan competencia desleal a empresas canarias similares no incluidas en la zona, Segura se&ntilde;al&oacute; que al estar inmersos en la UE, \u00abno se puede impedir la leg&iacute;tima libre competencia\u00bb.<\/P><P>Segura aprovech&oacute; su intervenci&oacute;n para criticar la gesti&oacute;n del Gobierno de Canarias en materia cient&iacute;fica, por considerar que no se ha implicado lo suficiente con la innovaci&oacute;n y la tecnolog&iacute;a. \u00abHay muchas actuaciones que no se han hecho. El Parlamento de Canarias tiene que dar la talla en lo que quiere para las islas. No s&oacute;lo en cuestiones como la moratoria de la construcci&oacute;n, hace falta un plan de desarrollo cient&iacute;fico t&eacute;cnico, m&aacute;s inversi&oacute;n cient&iacute;fico t&eacute;cnica. Y qu&eacute; ha sido de aquel programa Canarias Digital?\u00bb.<\/P><P><BR><\/P><\/p>\n","protected":false},"excerpt":{"rendered":"<p>El reci&eacute;n electo diputado estatal del PSOE, Jos&eacute; Segura, consider&oacute; ayer, mi&eacute;rcoles 31 de marzo durante una intervenci&oacute;n en la&#8230;<\/p>\n","protected":false},"author":21,"featured_media":13752,"comment_status":"open","ping_status":"open","sticky":false,"template":"","format":"standard","meta":{"inline_featured_image":false,"footnotes":""},"categories":[350],"tags":[],"acf":[],"yoast_head":"<!-- This site is optimized with the Yoast SEO plugin v21.3 - https:\/\/yoast.com\/wordpress\/plugins\/seo\/ -->\n<title>Jos\u00e9 Segura: &quot;La RIC ha potenciado la especulaci\u00f3n del suelo, no la innovaci\u00f3n empresarial&quot; - ULL - Noticias<\/title>\n<meta name=\"robots\" content=\"index, follow, max-snippet:-1, max-image-preview:large, max-video-preview:-1\" \/>\n<link rel=\"canonical\" href=\"https:\/\/www.ull.es\/portal\/noticias\/2004\/jos-segura-la-ric-ha-potenciado-la-especulacin-del-suelo-no-la-innovacin-empresarial\/\" \/>\n<meta property=\"og:locale\" content=\"es_ES\" \/>\n<meta property=\"og:type\" content=\"article\" \/>\n<meta property=\"og:title\" content=\"Jos\u00e9 Segura: &quot;La RIC ha potenciado la especulaci\u00f3n del suelo, no la innovaci\u00f3n empresarial&quot; - ULL - Noticias\" \/>\n<meta property=\"og:description\" content=\"El reci&eacute;n electo diputado estatal del PSOE, Jos&eacute; Segura, consider&oacute; ayer, mi&eacute;rcoles 31 de marzo durante una intervenci&oacute;n en la...\" \/>\n<meta property=\"og:url\" content=\"https:\/\/www.ull.es\/portal\/noticias\/2004\/jos-segura-la-ric-ha-potenciado-la-especulacin-del-suelo-no-la-innovacin-empresarial\/\" \/>\n<meta property=\"og:site_name\" content=\"ULL - Noticias\" \/>\n<meta property=\"article:publisher\" content=\"https:\/\/www.facebook.com\/universidaddelalaguna\/\" \/>\n<meta property=\"article:published_time\" content=\"2004-04-01T00:00:00+00:00\" \/>\n<meta property=\"og:image\" content=\"https:\/\/www.ull.es\/portal\/noticias\/wp-content\/uploads\/sites\/13\/2015\/07\/243.jpg\" \/>\n\t<meta property=\"og:image:width\" content=\"534\" \/>\n\t<meta property=\"og:image:height\" content=\"800\" \/>\n\t<meta property=\"og:image:type\" content=\"image\/jpeg\" \/>\n<meta name=\"author\" content=\"prensa2\" \/>\n<meta name=\"twitter:card\" content=\"summary_large_image\" \/>\n<meta name=\"twitter:creator\" content=\"@CanalULL\" \/>\n<meta name=\"twitter:site\" content=\"@CanalULL\" \/>\n<meta name=\"twitter:label1\" content=\"Escrito por\" \/>\n\t<meta name=\"twitter:data1\" content=\"prensa2\" \/>\n\t<meta name=\"twitter:label2\" content=\"Tiempo de lectura\" \/>\n\t<meta name=\"twitter:data2\" content=\"3 minutos\" \/>\n<script type=\"application\/ld+json\" class=\"yoast-schema-graph\">{\"@context\":\"https:\/\/schema.org\",\"@graph\":[{\"@type\":\"WebPage\",\"@id\":\"https:\/\/www.ull.es\/portal\/noticias\/2004\/jos-segura-la-ric-ha-potenciado-la-especulacin-del-suelo-no-la-innovacin-empresarial\/\",\"url\":\"https:\/\/www.ull.es\/portal\/noticias\/2004\/jos-segura-la-ric-ha-potenciado-la-especulacin-del-suelo-no-la-innovacin-empresarial\/\",\"name\":\"Jos\u00e9 Segura: \\\"La RIC ha potenciado la especulaci\u00f3n del suelo, no la innovaci\u00f3n empresarial\\\" - ULL - Noticias\",\"isPartOf\":{\"@id\":\"https:\/\/www.ull.es\/portal\/noticias\/#website\"},\"datePublished\":\"2004-04-01T00:00:00+00:00\",\"dateModified\":\"2004-04-01T00:00:00+00:00\",\"author\":{\"@id\":\"https:\/\/www.ull.es\/portal\/noticias\/#\/schema\/person\/c3b2aa857797592927a03740d6664376\"},\"breadcrumb\":{\"@id\":\"https:\/\/www.ull.es\/portal\/noticias\/2004\/jos-segura-la-ric-ha-potenciado-la-especulacin-del-suelo-no-la-innovacin-empresarial\/#breadcrumb\"},\"inLanguage\":\"es\",\"potentialAction\":[{\"@type\":\"ReadAction\",\"target\":[\"https:\/\/www.ull.es\/portal\/noticias\/2004\/jos-segura-la-ric-ha-potenciado-la-especulacin-del-suelo-no-la-innovacin-empresarial\/\"]}]},{\"@type\":\"BreadcrumbList\",\"@id\":\"https:\/\/www.ull.es\/portal\/noticias\/2004\/jos-segura-la-ric-ha-potenciado-la-especulacin-del-suelo-no-la-innovacin-empresarial\/#breadcrumb\",\"itemListElement\":[{\"@type\":\"ListItem\",\"position\":1,\"name\":\"Portada\",\"item\":\"https:\/\/www.ull.es\/portal\/noticias\/\"},{\"@type\":\"ListItem\",\"position\":2,\"name\":\"Jos\u00e9 Segura: \u00abLa RIC ha potenciado la especulaci\u00f3n del suelo, no la innovaci\u00f3n empresarial\u00bb\"}]},{\"@type\":\"WebSite\",\"@id\":\"https:\/\/www.ull.es\/portal\/noticias\/#website\",\"url\":\"https:\/\/www.ull.es\/portal\/noticias\/\",\"name\":\"ULL - Noticias\",\"description\":\"\",\"potentialAction\":[{\"@type\":\"SearchAction\",\"target\":{\"@type\":\"EntryPoint\",\"urlTemplate\":\"https:\/\/www.ull.es\/portal\/noticias\/?s={search_term_string}\"},\"query-input\":\"required name=search_term_string\"}],\"inLanguage\":\"es\"},{\"@type\":\"Person\",\"@id\":\"https:\/\/www.ull.es\/portal\/noticias\/#\/schema\/person\/c3b2aa857797592927a03740d6664376\",\"name\":\"prensa2\",\"image\":{\"@type\":\"ImageObject\",\"inLanguage\":\"es\",\"@id\":\"https:\/\/www.ull.es\/portal\/noticias\/#\/schema\/person\/image\/\",\"url\":\"https:\/\/secure.gravatar.com\/avatar\/b58f310a5de5feb33d1e026d2493f23c?s=96&d=mm&r=g\",\"contentUrl\":\"https:\/\/secure.gravatar.com\/avatar\/b58f310a5de5feb33d1e026d2493f23c?s=96&d=mm&r=g\",\"caption\":\"prensa2\"},\"url\":\"https:\/\/www.ull.es\/portal\/noticias\/author\/prensa2\/\"}]}<\/script>\n<!-- \/ Yoast SEO plugin. -->","yoast_head_json":{"title":"Jos\u00e9 Segura: \"La RIC ha potenciado la especulaci\u00f3n del suelo, no la innovaci\u00f3n empresarial\" - ULL - Noticias","robots":{"index":"index","follow":"follow","max-snippet":"max-snippet:-1","max-image-preview":"max-image-preview:large","max-video-preview":"max-video-preview:-1"},"canonical":"https:\/\/www.ull.es\/portal\/noticias\/2004\/jos-segura-la-ric-ha-potenciado-la-especulacin-del-suelo-no-la-innovacin-empresarial\/","og_locale":"es_ES","og_type":"article","og_title":"Jos\u00e9 Segura: \"La RIC ha potenciado la especulaci\u00f3n del suelo, no la innovaci\u00f3n empresarial\" - ULL - Noticias","og_description":"El reci&eacute;n electo diputado estatal del PSOE, Jos&eacute; Segura, consider&oacute; ayer, mi&eacute;rcoles 31 de marzo durante una intervenci&oacute;n en la...","og_url":"https:\/\/www.ull.es\/portal\/noticias\/2004\/jos-segura-la-ric-ha-potenciado-la-especulacin-del-suelo-no-la-innovacin-empresarial\/","og_site_name":"ULL - Noticias","article_publisher":"https:\/\/www.facebook.com\/universidaddelalaguna\/","article_published_time":"2004-04-01T00:00:00+00:00","og_image":[{"width":534,"height":800,"url":"https:\/\/www.ull.es\/portal\/noticias\/wp-content\/uploads\/sites\/13\/2015\/07\/243.jpg","type":"image\/jpeg"}],"author":"prensa2","twitter_card":"summary_large_image","twitter_creator":"@CanalULL","twitter_site":"@CanalULL","twitter_misc":{"Escrito por":"prensa2","Tiempo de lectura":"3 minutos"},"schema":{"@context":"https:\/\/schema.org","@graph":[{"@type":"WebPage","@id":"https:\/\/www.ull.es\/portal\/noticias\/2004\/jos-segura-la-ric-ha-potenciado-la-especulacin-del-suelo-no-la-innovacin-empresarial\/","url":"https:\/\/www.ull.es\/portal\/noticias\/2004\/jos-segura-la-ric-ha-potenciado-la-especulacin-del-suelo-no-la-innovacin-empresarial\/","name":"Jos\u00e9 Segura: \"La RIC ha potenciado la especulaci\u00f3n del suelo, no la innovaci\u00f3n empresarial\" - ULL - Noticias","isPartOf":{"@id":"https:\/\/www.ull.es\/portal\/noticias\/#website"},"datePublished":"2004-04-01T00:00:00+00:00","dateModified":"2004-04-01T00:00:00+00:00","author":{"@id":"https:\/\/www.ull.es\/portal\/noticias\/#\/schema\/person\/c3b2aa857797592927a03740d6664376"},"breadcrumb":{"@id":"https:\/\/www.ull.es\/portal\/noticias\/2004\/jos-segura-la-ric-ha-potenciado-la-especulacin-del-suelo-no-la-innovacin-empresarial\/#breadcrumb"},"inLanguage":"es","potentialAction":[{"@type":"ReadAction","target":["https:\/\/www.ull.es\/portal\/noticias\/2004\/jos-segura-la-ric-ha-potenciado-la-especulacin-del-suelo-no-la-innovacin-empresarial\/"]}]},{"@type":"BreadcrumbList","@id":"https:\/\/www.ull.es\/portal\/noticias\/2004\/jos-segura-la-ric-ha-potenciado-la-especulacin-del-suelo-no-la-innovacin-empresarial\/#breadcrumb","itemListElement":[{"@type":"ListItem","position":1,"name":"Portada","item":"https:\/\/www.ull.es\/portal\/noticias\/"},{"@type":"ListItem","position":2,"name":"Jos\u00e9 Segura: \u00abLa RIC ha potenciado la especulaci\u00f3n del suelo, no la innovaci\u00f3n empresarial\u00bb"}]},{"@type":"WebSite","@id":"https:\/\/www.ull.es\/portal\/noticias\/#website","url":"https:\/\/www.ull.es\/portal\/noticias\/","name":"ULL - Noticias","description":"","potentialAction":[{"@type":"SearchAction","target":{"@type":"EntryPoint","urlTemplate":"https:\/\/www.ull.es\/portal\/noticias\/?s={search_term_string}"},"query-input":"required name=search_term_string"}],"inLanguage":"es"},{"@type":"Person","@id":"https:\/\/www.ull.es\/portal\/noticias\/#\/schema\/person\/c3b2aa857797592927a03740d6664376","name":"prensa2","image":{"@type":"ImageObject","inLanguage":"es","@id":"https:\/\/www.ull.es\/portal\/noticias\/#\/schema\/person\/image\/","url":"https:\/\/secure.gravatar.com\/avatar\/b58f310a5de5feb33d1e026d2493f23c?s=96&d=mm&r=g","contentUrl":"https:\/\/secure.gravatar.com\/avatar\/b58f310a5de5feb33d1e026d2493f23c?s=96&d=mm&r=g","caption":"prensa2"},"url":"https:\/\/www.ull.es\/portal\/noticias\/author\/prensa2\/"}]}},"primary_category":null,"featured_image_thumbnail_url":"https:\/\/www.ull.es\/portal\/noticias\/wp-content\/uploads\/sites\/13\/2015\/07\/243-200x300.jpg","_links":{"self":[{"href":"https:\/\/www.ull.es\/portal\/noticias\/wp-json\/wp\/v2\/posts\/13751"}],"collection":[{"href":"https:\/\/www.ull.es\/portal\/noticias\/wp-json\/wp\/v2\/posts"}],"about":[{"href":"https:\/\/www.ull.es\/portal\/noticias\/wp-json\/wp\/v2\/types\/post"}],"author":[{"embeddable":true,"href":"https:\/\/www.ull.es\/portal\/noticias\/wp-json\/wp\/v2\/users\/21"}],"replies":[{"embeddable":true,"href":"https:\/\/www.ull.es\/portal\/noticias\/wp-json\/wp\/v2\/comments?post=13751"}],"version-history":[{"count":0,"href":"https:\/\/www.ull.es\/portal\/noticias\/wp-json\/wp\/v2\/posts\/13751\/revisions"}],"wp:featuredmedia":[{"embeddable":true,"href":"https:\/\/www.ull.es\/portal\/noticias\/wp-json\/wp\/v2\/media\/13752"}],"wp:attachment":[{"href":"https:\/\/www.ull.es\/portal\/noticias\/wp-json\/wp\/v2\/media?parent=13751"}],"wp:term":[{"taxonomy":"category","embeddable":true,"href":"https:\/\/www.ull.es\/portal\/noticias\/wp-json\/wp\/v2\/categories?post=13751"},{"taxonomy":"post_tag","embeddable":true,"href":"https:\/\/www.ull.es\/portal\/noticias\/wp-json\/wp\/v2\/tags?post=13751"}],"curies":[{"name":"wp","href":"https:\/\/api.w.org\/{rel}","templated":true}]}}