{"id":13765,"date":"2004-05-12T00:00:00","date_gmt":"2004-05-12T00:00:00","guid":{"rendered":"http:\/\/ddigital.webs.ull.es\/nstor-torres-la-investigacin-biomdica-debe-correr-paralela-a-la-tica-jurdica-y-social\/"},"modified":"2004-05-12T00:00:00","modified_gmt":"2004-05-12T00:00:00","slug":"nstor-torres-la-investigacin-biomdica-debe-correr-paralela-a-la-tica-jurdica-y-social","status":"publish","type":"post","link":"https:\/\/www.ull.es\/portal\/noticias\/2004\/nstor-torres-la-investigacin-biomdica-debe-correr-paralela-a-la-tica-jurdica-y-social\/","title":{"rendered":"N\u00e9stor Torres: \u00abLa investigaci\u00f3n biom\u00e9dica debe correr paralela a la \u00e9tica, jur\u00eddica y social\u00bb"},"content":{"rendered":"<p>Cualquier desarrollo tecnol&oacute;gico plantea conflictos &eacute;ticos y morales, pero la soluci&oacute;n no puede ser prohibir o entorpecer los avances cient&iacute;ficos. Para el bioqu&iacute;mico N&eacute;stor Torres, que ayer martes 11 de mayo particip&oacute; en el ciclo de la Universidad de La Laguna <I>La ciencia ante el p&uacute;blico<\/I>, \u00abla investigaci&oacute;n biom&eacute;dica debe correr paralela a la &eacute;tica, jur&iacute;dica o social\u00bb.<\/p>\n<p><P align=\"justify\">El profesor ofreci&oacute; en Santa Cruz de Tenerife una charla sobre la clonaci&oacute;n humana, organizada por el Aula Cultural de Divulgaci&oacute;n de la Ciencia de la universidad, en la que explic&oacute; los pros y los contras de la transferencia nuclear, al tiempo que distingui&oacute; entre la clonaci&oacute;n con fines terap&eacute;uticos y la humana.<\/P><P align=\"justify\"><\/P><P align=\"justify\">Torres comenz&oacute; su intervenci&oacute;n explicando el propio concepto de clon, palabra que procede del griego y cuyo significado es esqueje. Se trata de un grupo de organismos con igual constituci&oacute;n gen&eacute;tica, que procede de un individuo mediante multiplicaci&oacute;n asexual, siendo a su vez id&eacute;nticos a &eacute;l. Dos clones, aunque compartan el mismo genoma, prosigui&oacute; el investigador, no tienen por qu&eacute; ser id&eacute;nticos ni f&iacute;sica ni ps&iacute;quicamente: la influencia ambiental y cultural determinan en gran medida su evoluci&oacute;n.<\/P><FONT size=\"4\"><P align=\"justify\"><\/P><P align=\"justify\"><\/FONT>En cuanto a la transferencia nuclear, Torres recalc&oacute; que se trata de la t&eacute;cnica por la que se produce la sustituci&oacute;n del n&uacute;cleo celular de un &oacute;vulo por el n&uacute;cleo de una c&eacute;lula con una dotaci&oacute;n cromos&oacute;mica completa de otro individuo. De esta manera fue como se logr&oacute; clonar en 1997 a la oveja <I>Dolly<\/I>, relat&oacute; el ponente, quien tambi&eacute;n a&ntilde;adi&oacute; que se necesitaron 277 intentos para lograrlo, \u00ablo que resulta un rendimiento muy bajo\u00bb. El bioqu&iacute;mico aclar&oacute; que aunque las t&eacute;cnicas han mejorado estos a&ntilde;os, la incompleta reprogramaci&oacute;n del &oacute;vulo sigue siendo el principal inconveniente a la hora de clonar mam&iacute;feros superiores.<\/P><P align=\"justify\"><\/P><P align=\"justify\">Sobre la clonaci&oacute;n terap&eacute;utica, el docente de la Universidad de La Laguna a&ntilde;adi&oacute; que las c&eacute;lulas madre, con capacidad de reproducirse indefinidamente y diferenciarse hacia cualquier tipo de c&eacute;lulas especializadas, permiten la reparaci&oacute;n de tejidos, evitando las reacciones de rechazo que produce el cuerpo humano cuando le implantan organismos de otros individuos. Otras aplicaciones de este tipo de clonaci&oacute;n, que &eacute;l calific&oacute; como la \u00abnueva medicina\u00bb, permitir&iacute;a la investigaci&oacute;n sobre el desarrollo y control gen&eacute;tico, la fabricaci&oacute;n de nuevos medicamentos o la mejora de las pruebas de toxicidad.<\/P><P align=\"justify\"><\/P><P align=\"justify\">La clonaci&oacute;n reproductiva, por su parte, destinada al nacimiento de seres id&eacute;nticos completos, no es todav&iacute;a una realidad, aunque la investigaci&oacute;n avanza tan r&aacute;pido que su consecuci&oacute;n no tardar&aacute; en llegar, afirm&oacute; el profesor, quien ofreci&oacute; razones a favor y en contra de ella. <\/P><P align=\"justify\"><\/P><P align=\"justify\">En general, dijo, la investigaci&oacute;n b&aacute;sica, en relaci&oacute;n con los tratamientos gen&eacute;ticos y de fertilizaci&oacute;n <I>in vitro<\/I>, se ver&iacute;a muy favorecida por la investigaci&oacute;n en c&eacute;lulas madre, as&iacute; como los tratamientos contra la infertilidad, la producci&oacute;n de prote&iacute;nas de uso terap&eacute;utico, o el suministro de &oacute;rganos y tejidos. En el otro lado de la balanza se situar&iacute;an los riegos asociados a la clonaci&oacute;n reproductiva: se trata todav&iacute;a de una t&eacute;cnica imperfecta, de la que se desconocen posibles efectos secundarios sobre los individuos. Adem&aacute;s, reducir&iacute;a considerablemente la biodiversidad biol&oacute;gica, y podr&iacute;a dar pie a un mercado del genoma. \u00abLa soluci&oacute;n no puede ser en ning&uacute;n caso prohibir la investigaci&oacute;n, sino conocer las consecuencias de lo que se investiga, aceptando y limitando sus riesgos\u00bb, afirm&oacute; N&eacute;stor Torres.<\/P><FONT size=\"4\"><P align=\"justify\"><\/P><\/FONT><\/p>\n","protected":false},"excerpt":{"rendered":"<p>Cualquier desarrollo tecnol&oacute;gico plantea conflictos &eacute;ticos y morales, pero la soluci&oacute;n no puede ser prohibir o entorpecer los avances cient&iacute;ficos&#8230;.<\/p>\n","protected":false},"author":21,"featured_media":13766,"comment_status":"open","ping_status":"open","sticky":false,"template":"","format":"standard","meta":{"inline_featured_image":false,"footnotes":""},"categories":[350],"tags":[],"acf":[],"yoast_head":"<!-- This site is optimized with the Yoast SEO plugin v21.3 - https:\/\/yoast.com\/wordpress\/plugins\/seo\/ -->\n<title>N\u00e9stor Torres: &quot;La investigaci\u00f3n biom\u00e9dica debe correr paralela a la \u00e9tica, jur\u00eddica y social&quot; - ULL - Noticias<\/title>\n<meta name=\"robots\" content=\"index, follow, max-snippet:-1, max-image-preview:large, max-video-preview:-1\" \/>\n<link rel=\"canonical\" href=\"https:\/\/www.ull.es\/portal\/noticias\/2004\/nstor-torres-la-investigacin-biomdica-debe-correr-paralela-a-la-tica-jurdica-y-social\/\" \/>\n<meta property=\"og:locale\" content=\"es_ES\" \/>\n<meta property=\"og:type\" content=\"article\" \/>\n<meta property=\"og:title\" content=\"N\u00e9stor Torres: &quot;La investigaci\u00f3n biom\u00e9dica debe correr paralela a la \u00e9tica, jur\u00eddica y social&quot; - ULL - Noticias\" \/>\n<meta property=\"og:description\" content=\"Cualquier desarrollo tecnol&oacute;gico plantea conflictos &eacute;ticos y morales, pero la soluci&oacute;n no puede ser prohibir o entorpecer los avances cient&iacute;ficos....\" \/>\n<meta property=\"og:url\" content=\"https:\/\/www.ull.es\/portal\/noticias\/2004\/nstor-torres-la-investigacin-biomdica-debe-correr-paralela-a-la-tica-jurdica-y-social\/\" \/>\n<meta property=\"og:site_name\" content=\"ULL - Noticias\" \/>\n<meta property=\"article:publisher\" content=\"https:\/\/www.facebook.com\/universidaddelalaguna\/\" \/>\n<meta property=\"article:published_time\" content=\"2004-05-12T00:00:00+00:00\" \/>\n<meta property=\"og:image\" content=\"https:\/\/www.ull.es\/portal\/noticias\/wp-content\/uploads\/sites\/13\/2015\/07\/294.jpg\" \/>\n\t<meta property=\"og:image:width\" content=\"500\" \/>\n\t<meta property=\"og:image:height\" content=\"750\" \/>\n\t<meta property=\"og:image:type\" content=\"image\/jpeg\" \/>\n<meta name=\"author\" content=\"prensa2\" \/>\n<meta name=\"twitter:card\" content=\"summary_large_image\" \/>\n<meta name=\"twitter:creator\" content=\"@CanalULL\" \/>\n<meta name=\"twitter:site\" content=\"@CanalULL\" \/>\n<meta name=\"twitter:label1\" content=\"Escrito por\" \/>\n\t<meta name=\"twitter:data1\" content=\"prensa2\" \/>\n\t<meta name=\"twitter:label2\" content=\"Tiempo de lectura\" \/>\n\t<meta name=\"twitter:data2\" content=\"4 minutos\" \/>\n<script type=\"application\/ld+json\" class=\"yoast-schema-graph\">{\"@context\":\"https:\/\/schema.org\",\"@graph\":[{\"@type\":\"WebPage\",\"@id\":\"https:\/\/www.ull.es\/portal\/noticias\/2004\/nstor-torres-la-investigacin-biomdica-debe-correr-paralela-a-la-tica-jurdica-y-social\/\",\"url\":\"https:\/\/www.ull.es\/portal\/noticias\/2004\/nstor-torres-la-investigacin-biomdica-debe-correr-paralela-a-la-tica-jurdica-y-social\/\",\"name\":\"N\u00e9stor Torres: \\\"La investigaci\u00f3n biom\u00e9dica debe correr paralela a la \u00e9tica, jur\u00eddica y social\\\" - ULL - Noticias\",\"isPartOf\":{\"@id\":\"https:\/\/www.ull.es\/portal\/noticias\/#website\"},\"datePublished\":\"2004-05-12T00:00:00+00:00\",\"dateModified\":\"2004-05-12T00:00:00+00:00\",\"author\":{\"@id\":\"https:\/\/www.ull.es\/portal\/noticias\/#\/schema\/person\/c3b2aa857797592927a03740d6664376\"},\"breadcrumb\":{\"@id\":\"https:\/\/www.ull.es\/portal\/noticias\/2004\/nstor-torres-la-investigacin-biomdica-debe-correr-paralela-a-la-tica-jurdica-y-social\/#breadcrumb\"},\"inLanguage\":\"es\",\"potentialAction\":[{\"@type\":\"ReadAction\",\"target\":[\"https:\/\/www.ull.es\/portal\/noticias\/2004\/nstor-torres-la-investigacin-biomdica-debe-correr-paralela-a-la-tica-jurdica-y-social\/\"]}]},{\"@type\":\"BreadcrumbList\",\"@id\":\"https:\/\/www.ull.es\/portal\/noticias\/2004\/nstor-torres-la-investigacin-biomdica-debe-correr-paralela-a-la-tica-jurdica-y-social\/#breadcrumb\",\"itemListElement\":[{\"@type\":\"ListItem\",\"position\":1,\"name\":\"Portada\",\"item\":\"https:\/\/www.ull.es\/portal\/noticias\/\"},{\"@type\":\"ListItem\",\"position\":2,\"name\":\"N\u00e9stor Torres: \u00abLa investigaci\u00f3n biom\u00e9dica debe correr paralela a la \u00e9tica, jur\u00eddica y social\u00bb\"}]},{\"@type\":\"WebSite\",\"@id\":\"https:\/\/www.ull.es\/portal\/noticias\/#website\",\"url\":\"https:\/\/www.ull.es\/portal\/noticias\/\",\"name\":\"ULL - Noticias\",\"description\":\"\",\"potentialAction\":[{\"@type\":\"SearchAction\",\"target\":{\"@type\":\"EntryPoint\",\"urlTemplate\":\"https:\/\/www.ull.es\/portal\/noticias\/?s={search_term_string}\"},\"query-input\":\"required name=search_term_string\"}],\"inLanguage\":\"es\"},{\"@type\":\"Person\",\"@id\":\"https:\/\/www.ull.es\/portal\/noticias\/#\/schema\/person\/c3b2aa857797592927a03740d6664376\",\"name\":\"prensa2\",\"image\":{\"@type\":\"ImageObject\",\"inLanguage\":\"es\",\"@id\":\"https:\/\/www.ull.es\/portal\/noticias\/#\/schema\/person\/image\/\",\"url\":\"https:\/\/secure.gravatar.com\/avatar\/b58f310a5de5feb33d1e026d2493f23c?s=96&d=mm&r=g\",\"contentUrl\":\"https:\/\/secure.gravatar.com\/avatar\/b58f310a5de5feb33d1e026d2493f23c?s=96&d=mm&r=g\",\"caption\":\"prensa2\"},\"url\":\"https:\/\/www.ull.es\/portal\/noticias\/author\/prensa2\/\"}]}<\/script>\n<!-- \/ Yoast SEO plugin. -->","yoast_head_json":{"title":"N\u00e9stor Torres: \"La investigaci\u00f3n biom\u00e9dica debe correr paralela a la \u00e9tica, jur\u00eddica y social\" - ULL - Noticias","robots":{"index":"index","follow":"follow","max-snippet":"max-snippet:-1","max-image-preview":"max-image-preview:large","max-video-preview":"max-video-preview:-1"},"canonical":"https:\/\/www.ull.es\/portal\/noticias\/2004\/nstor-torres-la-investigacin-biomdica-debe-correr-paralela-a-la-tica-jurdica-y-social\/","og_locale":"es_ES","og_type":"article","og_title":"N\u00e9stor Torres: \"La investigaci\u00f3n biom\u00e9dica debe correr paralela a la \u00e9tica, jur\u00eddica y social\" - ULL - Noticias","og_description":"Cualquier desarrollo tecnol&oacute;gico plantea conflictos &eacute;ticos y morales, pero la soluci&oacute;n no puede ser prohibir o entorpecer los avances cient&iacute;ficos....","og_url":"https:\/\/www.ull.es\/portal\/noticias\/2004\/nstor-torres-la-investigacin-biomdica-debe-correr-paralela-a-la-tica-jurdica-y-social\/","og_site_name":"ULL - Noticias","article_publisher":"https:\/\/www.facebook.com\/universidaddelalaguna\/","article_published_time":"2004-05-12T00:00:00+00:00","og_image":[{"width":500,"height":750,"url":"https:\/\/www.ull.es\/portal\/noticias\/wp-content\/uploads\/sites\/13\/2015\/07\/294.jpg","type":"image\/jpeg"}],"author":"prensa2","twitter_card":"summary_large_image","twitter_creator":"@CanalULL","twitter_site":"@CanalULL","twitter_misc":{"Escrito por":"prensa2","Tiempo de lectura":"4 minutos"},"schema":{"@context":"https:\/\/schema.org","@graph":[{"@type":"WebPage","@id":"https:\/\/www.ull.es\/portal\/noticias\/2004\/nstor-torres-la-investigacin-biomdica-debe-correr-paralela-a-la-tica-jurdica-y-social\/","url":"https:\/\/www.ull.es\/portal\/noticias\/2004\/nstor-torres-la-investigacin-biomdica-debe-correr-paralela-a-la-tica-jurdica-y-social\/","name":"N\u00e9stor Torres: \"La investigaci\u00f3n biom\u00e9dica debe correr paralela a la \u00e9tica, jur\u00eddica y social\" - ULL - Noticias","isPartOf":{"@id":"https:\/\/www.ull.es\/portal\/noticias\/#website"},"datePublished":"2004-05-12T00:00:00+00:00","dateModified":"2004-05-12T00:00:00+00:00","author":{"@id":"https:\/\/www.ull.es\/portal\/noticias\/#\/schema\/person\/c3b2aa857797592927a03740d6664376"},"breadcrumb":{"@id":"https:\/\/www.ull.es\/portal\/noticias\/2004\/nstor-torres-la-investigacin-biomdica-debe-correr-paralela-a-la-tica-jurdica-y-social\/#breadcrumb"},"inLanguage":"es","potentialAction":[{"@type":"ReadAction","target":["https:\/\/www.ull.es\/portal\/noticias\/2004\/nstor-torres-la-investigacin-biomdica-debe-correr-paralela-a-la-tica-jurdica-y-social\/"]}]},{"@type":"BreadcrumbList","@id":"https:\/\/www.ull.es\/portal\/noticias\/2004\/nstor-torres-la-investigacin-biomdica-debe-correr-paralela-a-la-tica-jurdica-y-social\/#breadcrumb","itemListElement":[{"@type":"ListItem","position":1,"name":"Portada","item":"https:\/\/www.ull.es\/portal\/noticias\/"},{"@type":"ListItem","position":2,"name":"N\u00e9stor Torres: \u00abLa investigaci\u00f3n biom\u00e9dica debe correr paralela a la \u00e9tica, jur\u00eddica y social\u00bb"}]},{"@type":"WebSite","@id":"https:\/\/www.ull.es\/portal\/noticias\/#website","url":"https:\/\/www.ull.es\/portal\/noticias\/","name":"ULL - Noticias","description":"","potentialAction":[{"@type":"SearchAction","target":{"@type":"EntryPoint","urlTemplate":"https:\/\/www.ull.es\/portal\/noticias\/?s={search_term_string}"},"query-input":"required name=search_term_string"}],"inLanguage":"es"},{"@type":"Person","@id":"https:\/\/www.ull.es\/portal\/noticias\/#\/schema\/person\/c3b2aa857797592927a03740d6664376","name":"prensa2","image":{"@type":"ImageObject","inLanguage":"es","@id":"https:\/\/www.ull.es\/portal\/noticias\/#\/schema\/person\/image\/","url":"https:\/\/secure.gravatar.com\/avatar\/b58f310a5de5feb33d1e026d2493f23c?s=96&d=mm&r=g","contentUrl":"https:\/\/secure.gravatar.com\/avatar\/b58f310a5de5feb33d1e026d2493f23c?s=96&d=mm&r=g","caption":"prensa2"},"url":"https:\/\/www.ull.es\/portal\/noticias\/author\/prensa2\/"}]}},"primary_category":null,"featured_image_thumbnail_url":"https:\/\/www.ull.es\/portal\/noticias\/wp-content\/uploads\/sites\/13\/2015\/07\/294-200x300.jpg","_links":{"self":[{"href":"https:\/\/www.ull.es\/portal\/noticias\/wp-json\/wp\/v2\/posts\/13765"}],"collection":[{"href":"https:\/\/www.ull.es\/portal\/noticias\/wp-json\/wp\/v2\/posts"}],"about":[{"href":"https:\/\/www.ull.es\/portal\/noticias\/wp-json\/wp\/v2\/types\/post"}],"author":[{"embeddable":true,"href":"https:\/\/www.ull.es\/portal\/noticias\/wp-json\/wp\/v2\/users\/21"}],"replies":[{"embeddable":true,"href":"https:\/\/www.ull.es\/portal\/noticias\/wp-json\/wp\/v2\/comments?post=13765"}],"version-history":[{"count":0,"href":"https:\/\/www.ull.es\/portal\/noticias\/wp-json\/wp\/v2\/posts\/13765\/revisions"}],"wp:featuredmedia":[{"embeddable":true,"href":"https:\/\/www.ull.es\/portal\/noticias\/wp-json\/wp\/v2\/media\/13766"}],"wp:attachment":[{"href":"https:\/\/www.ull.es\/portal\/noticias\/wp-json\/wp\/v2\/media?parent=13765"}],"wp:term":[{"taxonomy":"category","embeddable":true,"href":"https:\/\/www.ull.es\/portal\/noticias\/wp-json\/wp\/v2\/categories?post=13765"},{"taxonomy":"post_tag","embeddable":true,"href":"https:\/\/www.ull.es\/portal\/noticias\/wp-json\/wp\/v2\/tags?post=13765"}],"curies":[{"name":"wp","href":"https:\/\/api.w.org\/{rel}","templated":true}]}}