{"id":13775,"date":"2004-06-21T00:00:00","date_gmt":"2004-06-21T00:00:00","guid":{"rendered":"http:\/\/ddigital.webs.ull.es\/cientficos-de-la-ull-desarrollan-un-sistema-para-mejorar-la-captacin-de-energa-solar\/"},"modified":"2004-06-21T00:00:00","modified_gmt":"2004-06-21T00:00:00","slug":"cientficos-de-la-ull-desarrollan-un-sistema-para-mejorar-la-captacin-de-energa-solar","status":"publish","type":"post","link":"https:\/\/www.ull.es\/portal\/noticias\/2004\/cientficos-de-la-ull-desarrollan-un-sistema-para-mejorar-la-captacin-de-energa-solar\/","title":{"rendered":"Cient\u00edficos de la ULL desarrollan un sistema para mejorar la captaci\u00f3n de energ\u00eda solar"},"content":{"rendered":"<p>Un equipo de cient&iacute;ficos que lidera Ricardo Guerrero Lemus, del departamento de F&iacute;sica B&aacute;sica de la Universidad de La Laguna, trabaja actualmente en un tipo de l&aacute;minas antirreflejantes que mejoran el rendimiento de las placas solares destinadas a la obtenci&oacute;n de energ&iacute;a. El equipo colabora desde 2001 con el <EM>Institut Fraunhofer fr Solare Energiesysteme<\/EM> (<a class=\"sumario\" href=\"http:\/\/www.ise.fhg.de\/\" target=\"_new\" target=\"_blank\" rel=\"noopener\">ISE-FhG)<\/A> de Alemania, el centro de referencia mundial en este campo y, de hecho, es el &uacute;nico grupo de una universidad espa&ntilde;ola asociado a tan prestigiosa instituci&oacute;n.<\/p>\n<p><P>Las placas antirreflejantes son un elemento fundamental en los sistemas de obtenci&oacute;n de energ&iacute;a solar, puesto que reflejan la menor cantidad de radiaci&oacute;n posible. Las c&eacute;lulas fotovoltaicas utilizadas para obtener energ&iacute;a del sol son dispositivos semiconductores de gran &aacute;rea que convierten directamente la luz proveniente del astro en electricidad. Cualquier radiaci&oacute;n reflejada supone energ&iacute;a perdida, de ah&iacute; la importancia de las placas antirreflejantes. <\/P><P>En un reciente congreso europeo de energ&iacute;a solar fotovoltaica celebrado en Par&iacute;s entre el 7 y el 11 de junio, el equipo de Guerrero Lemus demostr&oacute; que las placas que desarrollan obtienen los valores m&aacute;s bajos de reflectancia en gran &aacute;rea, alrededor del 10%, con unas disoluciones basadas en carbonato s&oacute;dico, que son las de menor coste econ&oacute;mico y medioambiental. <\/P><P>La colaboraci&oacute;n del equipo de la Universidad de La Laguna y el ISE-FhG se traduce en el intercambio de investigadores entre las instituciones y la elaboraci&oacute;n de proyectos conjuntos de investigaci&oacute;n. Adem&aacute;s, el centro alem&aacute;n provee al equipo canario del silicio necesario para desarrollar sus trabajos.<\/P><P>La investigaci&oacute;n sobre l&aacute;minas antirreflejantes que desarrolla el equipo de La Laguna se basa en la t&eacute;cnica m&aacute;s utilizada por la industria, la formaci&oacute;n de estructuras piramidales de pocas micras sobre la superficie de silicio. Esta tecnolog&iacute;a de fabricaci&oacute;n de c&eacute;lulas ya ha empezado a ser transferida a la industria fotovoltaica alemana, por mediaci&oacute;n del ISE-FhG <BR><\/P><\/p>\n","protected":false},"excerpt":{"rendered":"<p>Un equipo de cient&iacute;ficos que lidera Ricardo Guerrero Lemus, del departamento de F&iacute;sica B&aacute;sica de la Universidad de La Laguna,&#8230;<\/p>\n","protected":false},"author":21,"featured_media":0,"comment_status":"open","ping_status":"open","sticky":false,"template":"","format":"standard","meta":{"inline_featured_image":false,"footnotes":""},"categories":[350],"tags":[],"acf":[],"yoast_head":"<!-- This site is optimized with the Yoast SEO plugin v21.3 - https:\/\/yoast.com\/wordpress\/plugins\/seo\/ -->\n<title>Cient\u00edficos de la ULL desarrollan un sistema para mejorar la captaci\u00f3n de energ\u00eda solar - ULL - Noticias<\/title>\n<meta name=\"robots\" content=\"index, follow, max-snippet:-1, max-image-preview:large, max-video-preview:-1\" \/>\n<link rel=\"canonical\" href=\"https:\/\/www.ull.es\/portal\/noticias\/2004\/cientficos-de-la-ull-desarrollan-un-sistema-para-mejorar-la-captacin-de-energa-solar\/\" \/>\n<meta property=\"og:locale\" content=\"es_ES\" \/>\n<meta property=\"og:type\" content=\"article\" \/>\n<meta property=\"og:title\" content=\"Cient\u00edficos de la ULL desarrollan un sistema para mejorar la captaci\u00f3n de energ\u00eda solar - ULL - Noticias\" \/>\n<meta property=\"og:description\" content=\"Un equipo de cient&iacute;ficos que lidera Ricardo Guerrero Lemus, del departamento de F&iacute;sica B&aacute;sica de la Universidad de La Laguna,...\" \/>\n<meta property=\"og:url\" content=\"https:\/\/www.ull.es\/portal\/noticias\/2004\/cientficos-de-la-ull-desarrollan-un-sistema-para-mejorar-la-captacin-de-energa-solar\/\" \/>\n<meta property=\"og:site_name\" content=\"ULL - Noticias\" \/>\n<meta property=\"article:publisher\" content=\"https:\/\/www.facebook.com\/universidaddelalaguna\/\" \/>\n<meta property=\"article:published_time\" content=\"2004-06-21T00:00:00+00:00\" \/>\n<meta property=\"og:image\" content=\"https:\/\/www.ull.es\/portal\/noticias\/wp-content\/uploads\/sites\/13\/2023\/06\/logo-redimensionado.png\" \/>\n\t<meta property=\"og:image:width\" content=\"1200\" \/>\n\t<meta property=\"og:image:height\" content=\"630\" \/>\n\t<meta property=\"og:image:type\" content=\"image\/png\" \/>\n<meta name=\"author\" content=\"prensa2\" \/>\n<meta name=\"twitter:card\" content=\"summary_large_image\" \/>\n<meta name=\"twitter:creator\" content=\"@CanalULL\" \/>\n<meta name=\"twitter:site\" content=\"@CanalULL\" \/>\n<meta name=\"twitter:label1\" content=\"Escrito por\" \/>\n\t<meta name=\"twitter:data1\" content=\"prensa2\" \/>\n\t<meta name=\"twitter:label2\" content=\"Tiempo de lectura\" \/>\n\t<meta name=\"twitter:data2\" content=\"2 minutos\" \/>\n<script type=\"application\/ld+json\" class=\"yoast-schema-graph\">{\"@context\":\"https:\/\/schema.org\",\"@graph\":[{\"@type\":\"WebPage\",\"@id\":\"https:\/\/www.ull.es\/portal\/noticias\/2004\/cientficos-de-la-ull-desarrollan-un-sistema-para-mejorar-la-captacin-de-energa-solar\/\",\"url\":\"https:\/\/www.ull.es\/portal\/noticias\/2004\/cientficos-de-la-ull-desarrollan-un-sistema-para-mejorar-la-captacin-de-energa-solar\/\",\"name\":\"Cient\u00edficos de la ULL desarrollan un sistema para mejorar la captaci\u00f3n de energ\u00eda solar - ULL - Noticias\",\"isPartOf\":{\"@id\":\"https:\/\/www.ull.es\/portal\/noticias\/#website\"},\"datePublished\":\"2004-06-21T00:00:00+00:00\",\"dateModified\":\"2004-06-21T00:00:00+00:00\",\"author\":{\"@id\":\"https:\/\/www.ull.es\/portal\/noticias\/#\/schema\/person\/c3b2aa857797592927a03740d6664376\"},\"breadcrumb\":{\"@id\":\"https:\/\/www.ull.es\/portal\/noticias\/2004\/cientficos-de-la-ull-desarrollan-un-sistema-para-mejorar-la-captacin-de-energa-solar\/#breadcrumb\"},\"inLanguage\":\"es\",\"potentialAction\":[{\"@type\":\"ReadAction\",\"target\":[\"https:\/\/www.ull.es\/portal\/noticias\/2004\/cientficos-de-la-ull-desarrollan-un-sistema-para-mejorar-la-captacin-de-energa-solar\/\"]}]},{\"@type\":\"BreadcrumbList\",\"@id\":\"https:\/\/www.ull.es\/portal\/noticias\/2004\/cientficos-de-la-ull-desarrollan-un-sistema-para-mejorar-la-captacin-de-energa-solar\/#breadcrumb\",\"itemListElement\":[{\"@type\":\"ListItem\",\"position\":1,\"name\":\"Portada\",\"item\":\"https:\/\/www.ull.es\/portal\/noticias\/\"},{\"@type\":\"ListItem\",\"position\":2,\"name\":\"Cient\u00edficos de la ULL desarrollan un sistema para mejorar la captaci\u00f3n de energ\u00eda solar\"}]},{\"@type\":\"WebSite\",\"@id\":\"https:\/\/www.ull.es\/portal\/noticias\/#website\",\"url\":\"https:\/\/www.ull.es\/portal\/noticias\/\",\"name\":\"ULL - Noticias\",\"description\":\"\",\"potentialAction\":[{\"@type\":\"SearchAction\",\"target\":{\"@type\":\"EntryPoint\",\"urlTemplate\":\"https:\/\/www.ull.es\/portal\/noticias\/?s={search_term_string}\"},\"query-input\":\"required name=search_term_string\"}],\"inLanguage\":\"es\"},{\"@type\":\"Person\",\"@id\":\"https:\/\/www.ull.es\/portal\/noticias\/#\/schema\/person\/c3b2aa857797592927a03740d6664376\",\"name\":\"prensa2\",\"image\":{\"@type\":\"ImageObject\",\"inLanguage\":\"es\",\"@id\":\"https:\/\/www.ull.es\/portal\/noticias\/#\/schema\/person\/image\/\",\"url\":\"https:\/\/secure.gravatar.com\/avatar\/b58f310a5de5feb33d1e026d2493f23c?s=96&d=mm&r=g\",\"contentUrl\":\"https:\/\/secure.gravatar.com\/avatar\/b58f310a5de5feb33d1e026d2493f23c?s=96&d=mm&r=g\",\"caption\":\"prensa2\"},\"url\":\"https:\/\/www.ull.es\/portal\/noticias\/author\/prensa2\/\"}]}<\/script>\n<!-- \/ Yoast SEO plugin. -->","yoast_head_json":{"title":"Cient\u00edficos de la ULL desarrollan un sistema para mejorar la captaci\u00f3n de energ\u00eda solar - ULL - Noticias","robots":{"index":"index","follow":"follow","max-snippet":"max-snippet:-1","max-image-preview":"max-image-preview:large","max-video-preview":"max-video-preview:-1"},"canonical":"https:\/\/www.ull.es\/portal\/noticias\/2004\/cientficos-de-la-ull-desarrollan-un-sistema-para-mejorar-la-captacin-de-energa-solar\/","og_locale":"es_ES","og_type":"article","og_title":"Cient\u00edficos de la ULL desarrollan un sistema para mejorar la captaci\u00f3n de energ\u00eda solar - ULL - Noticias","og_description":"Un equipo de cient&iacute;ficos que lidera Ricardo Guerrero Lemus, del departamento de F&iacute;sica B&aacute;sica de la Universidad de La Laguna,...","og_url":"https:\/\/www.ull.es\/portal\/noticias\/2004\/cientficos-de-la-ull-desarrollan-un-sistema-para-mejorar-la-captacin-de-energa-solar\/","og_site_name":"ULL - Noticias","article_publisher":"https:\/\/www.facebook.com\/universidaddelalaguna\/","article_published_time":"2004-06-21T00:00:00+00:00","og_image":[{"width":1200,"height":630,"url":"https:\/\/www.ull.es\/portal\/noticias\/wp-content\/uploads\/sites\/13\/2023\/06\/logo-redimensionado.png","type":"image\/png"}],"author":"prensa2","twitter_card":"summary_large_image","twitter_creator":"@CanalULL","twitter_site":"@CanalULL","twitter_misc":{"Escrito por":"prensa2","Tiempo de lectura":"2 minutos"},"schema":{"@context":"https:\/\/schema.org","@graph":[{"@type":"WebPage","@id":"https:\/\/www.ull.es\/portal\/noticias\/2004\/cientficos-de-la-ull-desarrollan-un-sistema-para-mejorar-la-captacin-de-energa-solar\/","url":"https:\/\/www.ull.es\/portal\/noticias\/2004\/cientficos-de-la-ull-desarrollan-un-sistema-para-mejorar-la-captacin-de-energa-solar\/","name":"Cient\u00edficos de la ULL desarrollan un sistema para mejorar la captaci\u00f3n de energ\u00eda solar - ULL - Noticias","isPartOf":{"@id":"https:\/\/www.ull.es\/portal\/noticias\/#website"},"datePublished":"2004-06-21T00:00:00+00:00","dateModified":"2004-06-21T00:00:00+00:00","author":{"@id":"https:\/\/www.ull.es\/portal\/noticias\/#\/schema\/person\/c3b2aa857797592927a03740d6664376"},"breadcrumb":{"@id":"https:\/\/www.ull.es\/portal\/noticias\/2004\/cientficos-de-la-ull-desarrollan-un-sistema-para-mejorar-la-captacin-de-energa-solar\/#breadcrumb"},"inLanguage":"es","potentialAction":[{"@type":"ReadAction","target":["https:\/\/www.ull.es\/portal\/noticias\/2004\/cientficos-de-la-ull-desarrollan-un-sistema-para-mejorar-la-captacin-de-energa-solar\/"]}]},{"@type":"BreadcrumbList","@id":"https:\/\/www.ull.es\/portal\/noticias\/2004\/cientficos-de-la-ull-desarrollan-un-sistema-para-mejorar-la-captacin-de-energa-solar\/#breadcrumb","itemListElement":[{"@type":"ListItem","position":1,"name":"Portada","item":"https:\/\/www.ull.es\/portal\/noticias\/"},{"@type":"ListItem","position":2,"name":"Cient\u00edficos de la ULL desarrollan un sistema para mejorar la captaci\u00f3n de energ\u00eda solar"}]},{"@type":"WebSite","@id":"https:\/\/www.ull.es\/portal\/noticias\/#website","url":"https:\/\/www.ull.es\/portal\/noticias\/","name":"ULL - Noticias","description":"","potentialAction":[{"@type":"SearchAction","target":{"@type":"EntryPoint","urlTemplate":"https:\/\/www.ull.es\/portal\/noticias\/?s={search_term_string}"},"query-input":"required name=search_term_string"}],"inLanguage":"es"},{"@type":"Person","@id":"https:\/\/www.ull.es\/portal\/noticias\/#\/schema\/person\/c3b2aa857797592927a03740d6664376","name":"prensa2","image":{"@type":"ImageObject","inLanguage":"es","@id":"https:\/\/www.ull.es\/portal\/noticias\/#\/schema\/person\/image\/","url":"https:\/\/secure.gravatar.com\/avatar\/b58f310a5de5feb33d1e026d2493f23c?s=96&d=mm&r=g","contentUrl":"https:\/\/secure.gravatar.com\/avatar\/b58f310a5de5feb33d1e026d2493f23c?s=96&d=mm&r=g","caption":"prensa2"},"url":"https:\/\/www.ull.es\/portal\/noticias\/author\/prensa2\/"}]}},"primary_category":null,"featured_image_thumbnail_url":null,"_links":{"self":[{"href":"https:\/\/www.ull.es\/portal\/noticias\/wp-json\/wp\/v2\/posts\/13775"}],"collection":[{"href":"https:\/\/www.ull.es\/portal\/noticias\/wp-json\/wp\/v2\/posts"}],"about":[{"href":"https:\/\/www.ull.es\/portal\/noticias\/wp-json\/wp\/v2\/types\/post"}],"author":[{"embeddable":true,"href":"https:\/\/www.ull.es\/portal\/noticias\/wp-json\/wp\/v2\/users\/21"}],"replies":[{"embeddable":true,"href":"https:\/\/www.ull.es\/portal\/noticias\/wp-json\/wp\/v2\/comments?post=13775"}],"version-history":[{"count":0,"href":"https:\/\/www.ull.es\/portal\/noticias\/wp-json\/wp\/v2\/posts\/13775\/revisions"}],"wp:attachment":[{"href":"https:\/\/www.ull.es\/portal\/noticias\/wp-json\/wp\/v2\/media?parent=13775"}],"wp:term":[{"taxonomy":"category","embeddable":true,"href":"https:\/\/www.ull.es\/portal\/noticias\/wp-json\/wp\/v2\/categories?post=13775"},{"taxonomy":"post_tag","embeddable":true,"href":"https:\/\/www.ull.es\/portal\/noticias\/wp-json\/wp\/v2\/tags?post=13775"}],"curies":[{"name":"wp","href":"https:\/\/api.w.org\/{rel}","templated":true}]}}