{"id":13786,"date":"2004-09-22T00:00:00","date_gmt":"2004-09-22T00:00:00","guid":{"rendered":"http:\/\/ddigital.webs.ull.es\/la-ull-organiza-una-reunin-de-especialistas-internacionales-en-tcnicas-neutrnicas\/"},"modified":"2004-09-22T00:00:00","modified_gmt":"2004-09-22T00:00:00","slug":"la-ull-organiza-una-reunin-de-especialistas-internacionales-en-tcnicas-neutrnicas","status":"publish","type":"post","link":"https:\/\/www.ull.es\/portal\/noticias\/2004\/la-ull-organiza-una-reunin-de-especialistas-internacionales-en-tcnicas-neutrnicas\/","title":{"rendered":"La ULL organiza una reuni\u00f3n de especialistas internacionales en t\u00e9cnicas neutr\u00f3nicas"},"content":{"rendered":"<p>El laboratorio de rayos X y materiales moleculares del departamento de F&iacute;sica Fundamental II de la Universidad de La Laguna organiza la II Reuni&oacute;n de la Sociedad Espa&ntilde;ola de T&eacute;cnicas Neutr&oacute;nicas y el XV Symposium del Grupo Especializado en Cristalograf&iacute;a. Ambos eventos se est&aacute;n celebrando simult&aacute;neamente entre el 20 y el 25 de septiembre de 2004, y tienen como sede el hotel Orotava Palace del Puerto de la Cruz.<\/p>\n<p><P>Estas reuniones congregan durante una semana a los cient&iacute;ficos espa&ntilde;oles que est&aacute;n utilizando en la actualidad estas t&eacute;cnicas de an&aacute;lisis, las cuales son v&aacute;lidas para diversas disciplinas: f&iacute;sica, qu&iacute;mica, biolog&iacute;a o ingenier&iacute;a de materiales, entre otras. En las sesiones plenarias tambi&eacute;n intervienen especialistas llegados de centros internacionales de investigaci&oacute;n, de pa&iacute;ses como Reino Unido, Francia, Suiza, Alemania, Italia o Ruman&iacute;a. El listado completo de participantes est&aacute; disponible en la p&aacute;gina web del simposio, <a class=\"sumario\" href=\"http:\/\/webpages.ull.es\/users\/matmol\/congreso\/\" target=\"_new\" target=\"_blank\" rel=\"noopener\">http:\/\/webpages.ull.es\/users\/matmol\/congreso\/<\/A>.<\/P><P>Seg&uacute;n explica Catalina Ruiz P&eacute;rez, presidenta del comit&eacute; organizador de los encuentros, las t&eacute;cnicas de haces de neutrones y de rayos x son \u00abuno de los instrumentos m&aacute;s &uacute;tiles que los cient&iacute;ficos tienen para poder comprender la materia y los materiales. Gracias a muchos de estos estudios se han conseguido en los &uacute;ltimos a&ntilde;os notables descubrimientos, que en algunos casos han pasado ya a la utilizaci&oacute;n cotidiana: nuevos imanes, materiales superconductores, materiales polim&eacute;ricos que conforman los nuevos tipos de pl&aacute;stico, etc.\u00bb<\/P><P>Ruiz se&ntilde;ala que una prueba de la importancia de estas t&eacute;cnicas es el hecho de que varios de los &uacute;ltimos Premios N&oacute;bel cient&iacute;ficos han ido a parar a investigadores relacionados con ellas. Espa&ntilde;a participa como miembro asociado en diversos centros europeos, incluido el Instituto Laue Langevin (Grenoble, Francia), el m&aacute;s importante en la materia. En el campo de los rayos X, la mayor&iacute;a de las universidades espa&ntilde;olas, incluida la ULL, cuenta con la instrumentaci&oacute;n necesaria para la realizaci&oacute;n de estos experimentos.<\/P><\/p>\n","protected":false},"excerpt":{"rendered":"<p>El laboratorio de rayos X y materiales moleculares del departamento de F&iacute;sica Fundamental II de la Universidad de La Laguna&#8230;<\/p>\n","protected":false},"author":21,"featured_media":0,"comment_status":"open","ping_status":"open","sticky":false,"template":"","format":"standard","meta":{"inline_featured_image":false,"footnotes":""},"categories":[350],"tags":[],"acf":[],"yoast_head":"<!-- This site is optimized with the Yoast SEO plugin v21.3 - https:\/\/yoast.com\/wordpress\/plugins\/seo\/ -->\n<title>La ULL organiza una reuni\u00f3n de especialistas internacionales en t\u00e9cnicas neutr\u00f3nicas - ULL - Noticias<\/title>\n<meta name=\"robots\" content=\"index, follow, max-snippet:-1, max-image-preview:large, max-video-preview:-1\" \/>\n<link rel=\"canonical\" href=\"https:\/\/www.ull.es\/portal\/noticias\/2004\/la-ull-organiza-una-reunin-de-especialistas-internacionales-en-tcnicas-neutrnicas\/\" \/>\n<meta property=\"og:locale\" content=\"es_ES\" \/>\n<meta property=\"og:type\" content=\"article\" \/>\n<meta property=\"og:title\" content=\"La ULL organiza una reuni\u00f3n de especialistas internacionales en t\u00e9cnicas neutr\u00f3nicas - ULL - Noticias\" \/>\n<meta property=\"og:description\" content=\"El laboratorio de rayos X y materiales moleculares del departamento de F&iacute;sica Fundamental II de la Universidad de La Laguna...\" \/>\n<meta property=\"og:url\" content=\"https:\/\/www.ull.es\/portal\/noticias\/2004\/la-ull-organiza-una-reunin-de-especialistas-internacionales-en-tcnicas-neutrnicas\/\" \/>\n<meta property=\"og:site_name\" content=\"ULL - Noticias\" \/>\n<meta property=\"article:publisher\" content=\"https:\/\/www.facebook.com\/universidaddelalaguna\/\" \/>\n<meta property=\"article:published_time\" content=\"2004-09-22T00:00:00+00:00\" \/>\n<meta property=\"og:image\" content=\"https:\/\/www.ull.es\/portal\/noticias\/wp-content\/uploads\/sites\/13\/2023\/06\/logo-redimensionado.png\" \/>\n\t<meta property=\"og:image:width\" content=\"1200\" \/>\n\t<meta property=\"og:image:height\" content=\"630\" \/>\n\t<meta property=\"og:image:type\" content=\"image\/png\" \/>\n<meta name=\"author\" content=\"prensa2\" \/>\n<meta name=\"twitter:card\" content=\"summary_large_image\" \/>\n<meta name=\"twitter:creator\" content=\"@CanalULL\" \/>\n<meta name=\"twitter:site\" content=\"@CanalULL\" \/>\n<meta name=\"twitter:label1\" content=\"Escrito por\" \/>\n\t<meta name=\"twitter:data1\" content=\"prensa2\" \/>\n\t<meta name=\"twitter:label2\" content=\"Tiempo de lectura\" \/>\n\t<meta name=\"twitter:data2\" content=\"2 minutos\" \/>\n<script type=\"application\/ld+json\" class=\"yoast-schema-graph\">{\"@context\":\"https:\/\/schema.org\",\"@graph\":[{\"@type\":\"WebPage\",\"@id\":\"https:\/\/www.ull.es\/portal\/noticias\/2004\/la-ull-organiza-una-reunin-de-especialistas-internacionales-en-tcnicas-neutrnicas\/\",\"url\":\"https:\/\/www.ull.es\/portal\/noticias\/2004\/la-ull-organiza-una-reunin-de-especialistas-internacionales-en-tcnicas-neutrnicas\/\",\"name\":\"La ULL organiza una reuni\u00f3n de especialistas internacionales en t\u00e9cnicas neutr\u00f3nicas - ULL - Noticias\",\"isPartOf\":{\"@id\":\"https:\/\/www.ull.es\/portal\/noticias\/#website\"},\"datePublished\":\"2004-09-22T00:00:00+00:00\",\"dateModified\":\"2004-09-22T00:00:00+00:00\",\"author\":{\"@id\":\"https:\/\/www.ull.es\/portal\/noticias\/#\/schema\/person\/c3b2aa857797592927a03740d6664376\"},\"breadcrumb\":{\"@id\":\"https:\/\/www.ull.es\/portal\/noticias\/2004\/la-ull-organiza-una-reunin-de-especialistas-internacionales-en-tcnicas-neutrnicas\/#breadcrumb\"},\"inLanguage\":\"es\",\"potentialAction\":[{\"@type\":\"ReadAction\",\"target\":[\"https:\/\/www.ull.es\/portal\/noticias\/2004\/la-ull-organiza-una-reunin-de-especialistas-internacionales-en-tcnicas-neutrnicas\/\"]}]},{\"@type\":\"BreadcrumbList\",\"@id\":\"https:\/\/www.ull.es\/portal\/noticias\/2004\/la-ull-organiza-una-reunin-de-especialistas-internacionales-en-tcnicas-neutrnicas\/#breadcrumb\",\"itemListElement\":[{\"@type\":\"ListItem\",\"position\":1,\"name\":\"Portada\",\"item\":\"https:\/\/www.ull.es\/portal\/noticias\/\"},{\"@type\":\"ListItem\",\"position\":2,\"name\":\"La ULL organiza una reuni\u00f3n de especialistas internacionales en t\u00e9cnicas neutr\u00f3nicas\"}]},{\"@type\":\"WebSite\",\"@id\":\"https:\/\/www.ull.es\/portal\/noticias\/#website\",\"url\":\"https:\/\/www.ull.es\/portal\/noticias\/\",\"name\":\"ULL - Noticias\",\"description\":\"\",\"potentialAction\":[{\"@type\":\"SearchAction\",\"target\":{\"@type\":\"EntryPoint\",\"urlTemplate\":\"https:\/\/www.ull.es\/portal\/noticias\/?s={search_term_string}\"},\"query-input\":\"required name=search_term_string\"}],\"inLanguage\":\"es\"},{\"@type\":\"Person\",\"@id\":\"https:\/\/www.ull.es\/portal\/noticias\/#\/schema\/person\/c3b2aa857797592927a03740d6664376\",\"name\":\"prensa2\",\"image\":{\"@type\":\"ImageObject\",\"inLanguage\":\"es\",\"@id\":\"https:\/\/www.ull.es\/portal\/noticias\/#\/schema\/person\/image\/\",\"url\":\"https:\/\/secure.gravatar.com\/avatar\/b58f310a5de5feb33d1e026d2493f23c?s=96&d=mm&r=g\",\"contentUrl\":\"https:\/\/secure.gravatar.com\/avatar\/b58f310a5de5feb33d1e026d2493f23c?s=96&d=mm&r=g\",\"caption\":\"prensa2\"},\"url\":\"https:\/\/www.ull.es\/portal\/noticias\/author\/prensa2\/\"}]}<\/script>\n<!-- \/ Yoast SEO plugin. -->","yoast_head_json":{"title":"La ULL organiza una reuni\u00f3n de especialistas internacionales en t\u00e9cnicas neutr\u00f3nicas - ULL - Noticias","robots":{"index":"index","follow":"follow","max-snippet":"max-snippet:-1","max-image-preview":"max-image-preview:large","max-video-preview":"max-video-preview:-1"},"canonical":"https:\/\/www.ull.es\/portal\/noticias\/2004\/la-ull-organiza-una-reunin-de-especialistas-internacionales-en-tcnicas-neutrnicas\/","og_locale":"es_ES","og_type":"article","og_title":"La ULL organiza una reuni\u00f3n de especialistas internacionales en t\u00e9cnicas neutr\u00f3nicas - ULL - Noticias","og_description":"El laboratorio de rayos X y materiales moleculares del departamento de F&iacute;sica Fundamental II de la Universidad de La Laguna...","og_url":"https:\/\/www.ull.es\/portal\/noticias\/2004\/la-ull-organiza-una-reunin-de-especialistas-internacionales-en-tcnicas-neutrnicas\/","og_site_name":"ULL - Noticias","article_publisher":"https:\/\/www.facebook.com\/universidaddelalaguna\/","article_published_time":"2004-09-22T00:00:00+00:00","og_image":[{"width":1200,"height":630,"url":"https:\/\/www.ull.es\/portal\/noticias\/wp-content\/uploads\/sites\/13\/2023\/06\/logo-redimensionado.png","type":"image\/png"}],"author":"prensa2","twitter_card":"summary_large_image","twitter_creator":"@CanalULL","twitter_site":"@CanalULL","twitter_misc":{"Escrito por":"prensa2","Tiempo de lectura":"2 minutos"},"schema":{"@context":"https:\/\/schema.org","@graph":[{"@type":"WebPage","@id":"https:\/\/www.ull.es\/portal\/noticias\/2004\/la-ull-organiza-una-reunin-de-especialistas-internacionales-en-tcnicas-neutrnicas\/","url":"https:\/\/www.ull.es\/portal\/noticias\/2004\/la-ull-organiza-una-reunin-de-especialistas-internacionales-en-tcnicas-neutrnicas\/","name":"La ULL organiza una reuni\u00f3n de especialistas internacionales en t\u00e9cnicas neutr\u00f3nicas - ULL - Noticias","isPartOf":{"@id":"https:\/\/www.ull.es\/portal\/noticias\/#website"},"datePublished":"2004-09-22T00:00:00+00:00","dateModified":"2004-09-22T00:00:00+00:00","author":{"@id":"https:\/\/www.ull.es\/portal\/noticias\/#\/schema\/person\/c3b2aa857797592927a03740d6664376"},"breadcrumb":{"@id":"https:\/\/www.ull.es\/portal\/noticias\/2004\/la-ull-organiza-una-reunin-de-especialistas-internacionales-en-tcnicas-neutrnicas\/#breadcrumb"},"inLanguage":"es","potentialAction":[{"@type":"ReadAction","target":["https:\/\/www.ull.es\/portal\/noticias\/2004\/la-ull-organiza-una-reunin-de-especialistas-internacionales-en-tcnicas-neutrnicas\/"]}]},{"@type":"BreadcrumbList","@id":"https:\/\/www.ull.es\/portal\/noticias\/2004\/la-ull-organiza-una-reunin-de-especialistas-internacionales-en-tcnicas-neutrnicas\/#breadcrumb","itemListElement":[{"@type":"ListItem","position":1,"name":"Portada","item":"https:\/\/www.ull.es\/portal\/noticias\/"},{"@type":"ListItem","position":2,"name":"La ULL organiza una reuni\u00f3n de especialistas internacionales en t\u00e9cnicas neutr\u00f3nicas"}]},{"@type":"WebSite","@id":"https:\/\/www.ull.es\/portal\/noticias\/#website","url":"https:\/\/www.ull.es\/portal\/noticias\/","name":"ULL - Noticias","description":"","potentialAction":[{"@type":"SearchAction","target":{"@type":"EntryPoint","urlTemplate":"https:\/\/www.ull.es\/portal\/noticias\/?s={search_term_string}"},"query-input":"required name=search_term_string"}],"inLanguage":"es"},{"@type":"Person","@id":"https:\/\/www.ull.es\/portal\/noticias\/#\/schema\/person\/c3b2aa857797592927a03740d6664376","name":"prensa2","image":{"@type":"ImageObject","inLanguage":"es","@id":"https:\/\/www.ull.es\/portal\/noticias\/#\/schema\/person\/image\/","url":"https:\/\/secure.gravatar.com\/avatar\/b58f310a5de5feb33d1e026d2493f23c?s=96&d=mm&r=g","contentUrl":"https:\/\/secure.gravatar.com\/avatar\/b58f310a5de5feb33d1e026d2493f23c?s=96&d=mm&r=g","caption":"prensa2"},"url":"https:\/\/www.ull.es\/portal\/noticias\/author\/prensa2\/"}]}},"primary_category":null,"featured_image_thumbnail_url":null,"_links":{"self":[{"href":"https:\/\/www.ull.es\/portal\/noticias\/wp-json\/wp\/v2\/posts\/13786"}],"collection":[{"href":"https:\/\/www.ull.es\/portal\/noticias\/wp-json\/wp\/v2\/posts"}],"about":[{"href":"https:\/\/www.ull.es\/portal\/noticias\/wp-json\/wp\/v2\/types\/post"}],"author":[{"embeddable":true,"href":"https:\/\/www.ull.es\/portal\/noticias\/wp-json\/wp\/v2\/users\/21"}],"replies":[{"embeddable":true,"href":"https:\/\/www.ull.es\/portal\/noticias\/wp-json\/wp\/v2\/comments?post=13786"}],"version-history":[{"count":0,"href":"https:\/\/www.ull.es\/portal\/noticias\/wp-json\/wp\/v2\/posts\/13786\/revisions"}],"wp:attachment":[{"href":"https:\/\/www.ull.es\/portal\/noticias\/wp-json\/wp\/v2\/media?parent=13786"}],"wp:term":[{"taxonomy":"category","embeddable":true,"href":"https:\/\/www.ull.es\/portal\/noticias\/wp-json\/wp\/v2\/categories?post=13786"},{"taxonomy":"post_tag","embeddable":true,"href":"https:\/\/www.ull.es\/portal\/noticias\/wp-json\/wp\/v2\/tags?post=13786"}],"curies":[{"name":"wp","href":"https:\/\/api.w.org\/{rel}","templated":true}]}}