{"id":13789,"date":"2004-10-13T00:00:00","date_gmt":"2004-10-13T00:00:00","guid":{"rendered":"http:\/\/ddigital.webs.ull.es\/la-ull-increment-su-actividad-cientfica-en-2003-segn-revela-la-memoria-de-investigacin\/"},"modified":"2004-10-13T00:00:00","modified_gmt":"2004-10-13T00:00:00","slug":"la-ull-increment-su-actividad-cientfica-en-2003-segn-revela-la-memoria-de-investigacin","status":"publish","type":"post","link":"https:\/\/www.ull.es\/portal\/noticias\/2004\/la-ull-increment-su-actividad-cientfica-en-2003-segn-revela-la-memoria-de-investigacin\/","title":{"rendered":"La ULL increment\u00f3 su actividad cient\u00edfica en 2003, seg\u00fan revela la memoria de investigaci\u00f3n"},"content":{"rendered":"<p>El Vicerrectorado de Investigaci&oacute;n y Desarrollo Tecnol&oacute;gico de la Universidad de La Laguna ha editado la Memoria de Investigaci&oacute;n correspondiente al a&ntilde;o 2003. Seg&uacute;n sus datos, la producci&oacute;n cient&iacute;fica en el centro aument&oacute; considerablemente si se comparan con los de la memoria anterior. Este documento enumera en sus 525 p&aacute;ginas las principales publicaciones, tesis doctorales, proyectos de I+D y participaciones en congresos de 234 grupos de investigaci&oacute;n. Se acompa&ntilde;a de un CD-ROM que contiene en versi&oacute;n digital la misma informaci&oacute;n, que tambi&eacute;n ha sido colgada en la web institucional: <a class=\"sumario\" href='http:\/\/www2.ull.es\/rte\/\"http:\/\/www2.ull.es\/investigacion\/2003.html\"' target=\"_new\" target=\"_blank\" rel=\"noopener\">www2.ull.es\/investigacion\/2003.html<\/A>.<\/p>\n<p><P>Los resultados globales, comparados con los de 2002, evidencian un aumento cuantitativo del volumen de actividades cient&iacute;ficas desarrolladas en la ULL. En 2003 se publicaron 111 libros cient&iacute;ficos, frente a los 56 del a&ntilde;o anterior; se elaboraron 880 art&iacute;culos de investigaci&oacute;n (613 en 2002); se redactaron 218 cap&iacute;tulos de libros colectivos (154 en el periodo anterior), se presentaron 896 comunicaciones a congresos (799 el a&ntilde;o previo) y se leyeron 64 tesis doctorales (43 en la anterior memoria). El &uacute;nico dato estable es el de patentes, que fue de una en ambos a&ntilde;os, a lo que hay que a&ntilde;adir en 2003 un &aacute;rea nueva, Exposiciones, con 6 en el periodo analizado. <\/P><P>Seg&uacute;n la vicerrectora de Investigaci&oacute;n y Desarrollo Tecnol&oacute;gico de la instituci&oacute;n, Carmen M &eacute;vora, esta memoria \u00abdebe entenderse como una fotograf&iacute;a bastante aproximada de la actividad investigadora desarrollada en 2003\u00bb. Recalca el hecho de que el 68% de la financiaci&oacute;n concedida a los grupos de investigaci&oacute;n de la ULL procede de convocatorias nacionales y europeas, lo cual es indicativo, a su juicio, de la competitividad de los cient&iacute;ficos del centro, as&iacute; como de su capacidad para atraer fondos externos. <\/P><P>En su introducci&oacute;n, la responsable del &aacute;rea cient&iacute;fica de la ULL resalta las novedades en el dise&ntilde;o de la memoria, que recoge b&aacute;sicamente la misma informaci&oacute;n que en ocasiones anteriores, pero estructurada de manera m&aacute;s racional. En este sentido, destaca la divisi&oacute;n de los datos en catorce grandes &aacute;reas cient&iacute;ficas.<\/P><P>La memoria est&aacute; disponible en las bibliotecas universitarias y los departamentos. Su publicaci&oacute;n refleja, seg&uacute;n &eacute;vora, \u00abla dedicaci&oacute;n e importante contribuci&oacute;n que hace la Universidad de La Laguna a Canarias, pero tambi&eacute;n, fiel a la tradici&oacute;n universitaria, contiene una expl&iacute;cita contribuci&oacute;n a la generaci&oacute;n, difusi&oacute;n y consolidaci&oacute;n del saber\u00bb. <BR><\/P><\/p>\n","protected":false},"excerpt":{"rendered":"<p>El Vicerrectorado de Investigaci&oacute;n y Desarrollo Tecnol&oacute;gico de la Universidad de La Laguna ha editado la Memoria de Investigaci&oacute;n correspondiente&#8230;<\/p>\n","protected":false},"author":21,"featured_media":13790,"comment_status":"open","ping_status":"open","sticky":false,"template":"","format":"standard","meta":{"inline_featured_image":false,"footnotes":""},"categories":[350],"tags":[],"acf":[],"yoast_head":"<!-- This site is optimized with the Yoast SEO plugin v21.3 - https:\/\/yoast.com\/wordpress\/plugins\/seo\/ -->\n<title>La ULL increment\u00f3 su actividad cient\u00edfica en 2003, seg\u00fan revela la memoria de investigaci\u00f3n - ULL - Noticias<\/title>\n<meta name=\"robots\" content=\"index, follow, max-snippet:-1, max-image-preview:large, max-video-preview:-1\" \/>\n<link rel=\"canonical\" href=\"https:\/\/www.ull.es\/portal\/noticias\/2004\/la-ull-increment-su-actividad-cientfica-en-2003-segn-revela-la-memoria-de-investigacin\/\" \/>\n<meta property=\"og:locale\" content=\"es_ES\" \/>\n<meta property=\"og:type\" content=\"article\" \/>\n<meta property=\"og:title\" content=\"La ULL increment\u00f3 su actividad cient\u00edfica en 2003, seg\u00fan revela la memoria de investigaci\u00f3n - ULL - Noticias\" \/>\n<meta property=\"og:description\" content=\"El Vicerrectorado de Investigaci&oacute;n y Desarrollo Tecnol&oacute;gico de la Universidad de La Laguna ha editado la Memoria de Investigaci&oacute;n correspondiente...\" \/>\n<meta property=\"og:url\" content=\"https:\/\/www.ull.es\/portal\/noticias\/2004\/la-ull-increment-su-actividad-cientfica-en-2003-segn-revela-la-memoria-de-investigacin\/\" \/>\n<meta property=\"og:site_name\" content=\"ULL - Noticias\" \/>\n<meta property=\"article:publisher\" content=\"https:\/\/www.facebook.com\/universidaddelalaguna\/\" \/>\n<meta property=\"article:published_time\" content=\"2004-10-13T00:00:00+00:00\" \/>\n<meta property=\"og:image\" content=\"https:\/\/www.ull.es\/portal\/noticias\/wp-content\/uploads\/sites\/13\/2015\/07\/memoria.jpg\" \/>\n\t<meta property=\"og:image:width\" content=\"563\" \/>\n\t<meta property=\"og:image:height\" content=\"800\" \/>\n\t<meta property=\"og:image:type\" content=\"image\/jpeg\" \/>\n<meta name=\"author\" content=\"prensa2\" \/>\n<meta name=\"twitter:card\" content=\"summary_large_image\" \/>\n<meta name=\"twitter:creator\" content=\"@CanalULL\" \/>\n<meta name=\"twitter:site\" content=\"@CanalULL\" \/>\n<meta name=\"twitter:label1\" content=\"Escrito por\" \/>\n\t<meta name=\"twitter:data1\" content=\"prensa2\" \/>\n\t<meta name=\"twitter:label2\" content=\"Tiempo de lectura\" \/>\n\t<meta name=\"twitter:data2\" content=\"2 minutos\" \/>\n<script type=\"application\/ld+json\" class=\"yoast-schema-graph\">{\"@context\":\"https:\/\/schema.org\",\"@graph\":[{\"@type\":\"WebPage\",\"@id\":\"https:\/\/www.ull.es\/portal\/noticias\/2004\/la-ull-increment-su-actividad-cientfica-en-2003-segn-revela-la-memoria-de-investigacin\/\",\"url\":\"https:\/\/www.ull.es\/portal\/noticias\/2004\/la-ull-increment-su-actividad-cientfica-en-2003-segn-revela-la-memoria-de-investigacin\/\",\"name\":\"La ULL increment\u00f3 su actividad cient\u00edfica en 2003, seg\u00fan revela la memoria de investigaci\u00f3n - ULL - Noticias\",\"isPartOf\":{\"@id\":\"https:\/\/www.ull.es\/portal\/noticias\/#website\"},\"datePublished\":\"2004-10-13T00:00:00+00:00\",\"dateModified\":\"2004-10-13T00:00:00+00:00\",\"author\":{\"@id\":\"https:\/\/www.ull.es\/portal\/noticias\/#\/schema\/person\/c3b2aa857797592927a03740d6664376\"},\"breadcrumb\":{\"@id\":\"https:\/\/www.ull.es\/portal\/noticias\/2004\/la-ull-increment-su-actividad-cientfica-en-2003-segn-revela-la-memoria-de-investigacin\/#breadcrumb\"},\"inLanguage\":\"es\",\"potentialAction\":[{\"@type\":\"ReadAction\",\"target\":[\"https:\/\/www.ull.es\/portal\/noticias\/2004\/la-ull-increment-su-actividad-cientfica-en-2003-segn-revela-la-memoria-de-investigacin\/\"]}]},{\"@type\":\"BreadcrumbList\",\"@id\":\"https:\/\/www.ull.es\/portal\/noticias\/2004\/la-ull-increment-su-actividad-cientfica-en-2003-segn-revela-la-memoria-de-investigacin\/#breadcrumb\",\"itemListElement\":[{\"@type\":\"ListItem\",\"position\":1,\"name\":\"Portada\",\"item\":\"https:\/\/www.ull.es\/portal\/noticias\/\"},{\"@type\":\"ListItem\",\"position\":2,\"name\":\"La ULL increment\u00f3 su actividad cient\u00edfica en 2003, seg\u00fan revela la memoria de investigaci\u00f3n\"}]},{\"@type\":\"WebSite\",\"@id\":\"https:\/\/www.ull.es\/portal\/noticias\/#website\",\"url\":\"https:\/\/www.ull.es\/portal\/noticias\/\",\"name\":\"ULL - Noticias\",\"description\":\"\",\"potentialAction\":[{\"@type\":\"SearchAction\",\"target\":{\"@type\":\"EntryPoint\",\"urlTemplate\":\"https:\/\/www.ull.es\/portal\/noticias\/?s={search_term_string}\"},\"query-input\":\"required name=search_term_string\"}],\"inLanguage\":\"es\"},{\"@type\":\"Person\",\"@id\":\"https:\/\/www.ull.es\/portal\/noticias\/#\/schema\/person\/c3b2aa857797592927a03740d6664376\",\"name\":\"prensa2\",\"image\":{\"@type\":\"ImageObject\",\"inLanguage\":\"es\",\"@id\":\"https:\/\/www.ull.es\/portal\/noticias\/#\/schema\/person\/image\/\",\"url\":\"https:\/\/secure.gravatar.com\/avatar\/b58f310a5de5feb33d1e026d2493f23c?s=96&d=mm&r=g\",\"contentUrl\":\"https:\/\/secure.gravatar.com\/avatar\/b58f310a5de5feb33d1e026d2493f23c?s=96&d=mm&r=g\",\"caption\":\"prensa2\"},\"url\":\"https:\/\/www.ull.es\/portal\/noticias\/author\/prensa2\/\"}]}<\/script>\n<!-- \/ Yoast SEO plugin. -->","yoast_head_json":{"title":"La ULL increment\u00f3 su actividad cient\u00edfica en 2003, seg\u00fan revela la memoria de investigaci\u00f3n - ULL - Noticias","robots":{"index":"index","follow":"follow","max-snippet":"max-snippet:-1","max-image-preview":"max-image-preview:large","max-video-preview":"max-video-preview:-1"},"canonical":"https:\/\/www.ull.es\/portal\/noticias\/2004\/la-ull-increment-su-actividad-cientfica-en-2003-segn-revela-la-memoria-de-investigacin\/","og_locale":"es_ES","og_type":"article","og_title":"La ULL increment\u00f3 su actividad cient\u00edfica en 2003, seg\u00fan revela la memoria de investigaci\u00f3n - ULL - Noticias","og_description":"El Vicerrectorado de Investigaci&oacute;n y Desarrollo Tecnol&oacute;gico de la Universidad de La Laguna ha editado la Memoria de Investigaci&oacute;n correspondiente...","og_url":"https:\/\/www.ull.es\/portal\/noticias\/2004\/la-ull-increment-su-actividad-cientfica-en-2003-segn-revela-la-memoria-de-investigacin\/","og_site_name":"ULL - Noticias","article_publisher":"https:\/\/www.facebook.com\/universidaddelalaguna\/","article_published_time":"2004-10-13T00:00:00+00:00","og_image":[{"width":563,"height":800,"url":"https:\/\/www.ull.es\/portal\/noticias\/wp-content\/uploads\/sites\/13\/2015\/07\/memoria.jpg","type":"image\/jpeg"}],"author":"prensa2","twitter_card":"summary_large_image","twitter_creator":"@CanalULL","twitter_site":"@CanalULL","twitter_misc":{"Escrito por":"prensa2","Tiempo de lectura":"2 minutos"},"schema":{"@context":"https:\/\/schema.org","@graph":[{"@type":"WebPage","@id":"https:\/\/www.ull.es\/portal\/noticias\/2004\/la-ull-increment-su-actividad-cientfica-en-2003-segn-revela-la-memoria-de-investigacin\/","url":"https:\/\/www.ull.es\/portal\/noticias\/2004\/la-ull-increment-su-actividad-cientfica-en-2003-segn-revela-la-memoria-de-investigacin\/","name":"La ULL increment\u00f3 su actividad cient\u00edfica en 2003, seg\u00fan revela la memoria de investigaci\u00f3n - ULL - Noticias","isPartOf":{"@id":"https:\/\/www.ull.es\/portal\/noticias\/#website"},"datePublished":"2004-10-13T00:00:00+00:00","dateModified":"2004-10-13T00:00:00+00:00","author":{"@id":"https:\/\/www.ull.es\/portal\/noticias\/#\/schema\/person\/c3b2aa857797592927a03740d6664376"},"breadcrumb":{"@id":"https:\/\/www.ull.es\/portal\/noticias\/2004\/la-ull-increment-su-actividad-cientfica-en-2003-segn-revela-la-memoria-de-investigacin\/#breadcrumb"},"inLanguage":"es","potentialAction":[{"@type":"ReadAction","target":["https:\/\/www.ull.es\/portal\/noticias\/2004\/la-ull-increment-su-actividad-cientfica-en-2003-segn-revela-la-memoria-de-investigacin\/"]}]},{"@type":"BreadcrumbList","@id":"https:\/\/www.ull.es\/portal\/noticias\/2004\/la-ull-increment-su-actividad-cientfica-en-2003-segn-revela-la-memoria-de-investigacin\/#breadcrumb","itemListElement":[{"@type":"ListItem","position":1,"name":"Portada","item":"https:\/\/www.ull.es\/portal\/noticias\/"},{"@type":"ListItem","position":2,"name":"La ULL increment\u00f3 su actividad cient\u00edfica en 2003, seg\u00fan revela la memoria de investigaci\u00f3n"}]},{"@type":"WebSite","@id":"https:\/\/www.ull.es\/portal\/noticias\/#website","url":"https:\/\/www.ull.es\/portal\/noticias\/","name":"ULL - Noticias","description":"","potentialAction":[{"@type":"SearchAction","target":{"@type":"EntryPoint","urlTemplate":"https:\/\/www.ull.es\/portal\/noticias\/?s={search_term_string}"},"query-input":"required name=search_term_string"}],"inLanguage":"es"},{"@type":"Person","@id":"https:\/\/www.ull.es\/portal\/noticias\/#\/schema\/person\/c3b2aa857797592927a03740d6664376","name":"prensa2","image":{"@type":"ImageObject","inLanguage":"es","@id":"https:\/\/www.ull.es\/portal\/noticias\/#\/schema\/person\/image\/","url":"https:\/\/secure.gravatar.com\/avatar\/b58f310a5de5feb33d1e026d2493f23c?s=96&d=mm&r=g","contentUrl":"https:\/\/secure.gravatar.com\/avatar\/b58f310a5de5feb33d1e026d2493f23c?s=96&d=mm&r=g","caption":"prensa2"},"url":"https:\/\/www.ull.es\/portal\/noticias\/author\/prensa2\/"}]}},"primary_category":null,"featured_image_thumbnail_url":"https:\/\/www.ull.es\/portal\/noticias\/wp-content\/uploads\/sites\/13\/2015\/07\/memoria-211x300.jpg","_links":{"self":[{"href":"https:\/\/www.ull.es\/portal\/noticias\/wp-json\/wp\/v2\/posts\/13789"}],"collection":[{"href":"https:\/\/www.ull.es\/portal\/noticias\/wp-json\/wp\/v2\/posts"}],"about":[{"href":"https:\/\/www.ull.es\/portal\/noticias\/wp-json\/wp\/v2\/types\/post"}],"author":[{"embeddable":true,"href":"https:\/\/www.ull.es\/portal\/noticias\/wp-json\/wp\/v2\/users\/21"}],"replies":[{"embeddable":true,"href":"https:\/\/www.ull.es\/portal\/noticias\/wp-json\/wp\/v2\/comments?post=13789"}],"version-history":[{"count":0,"href":"https:\/\/www.ull.es\/portal\/noticias\/wp-json\/wp\/v2\/posts\/13789\/revisions"}],"wp:featuredmedia":[{"embeddable":true,"href":"https:\/\/www.ull.es\/portal\/noticias\/wp-json\/wp\/v2\/media\/13790"}],"wp:attachment":[{"href":"https:\/\/www.ull.es\/portal\/noticias\/wp-json\/wp\/v2\/media?parent=13789"}],"wp:term":[{"taxonomy":"category","embeddable":true,"href":"https:\/\/www.ull.es\/portal\/noticias\/wp-json\/wp\/v2\/categories?post=13789"},{"taxonomy":"post_tag","embeddable":true,"href":"https:\/\/www.ull.es\/portal\/noticias\/wp-json\/wp\/v2\/tags?post=13789"}],"curies":[{"name":"wp","href":"https:\/\/api.w.org\/{rel}","templated":true}]}}