{"id":13802,"date":"2005-02-15T00:00:00","date_gmt":"2005-02-15T00:00:00","guid":{"rendered":"http:\/\/ddigital.webs.ull.es\/leda-la-primera-tesis-de-psicologa-en-la-ull-con-mencin-de-doctorado-europeo\/"},"modified":"2005-02-15T00:00:00","modified_gmt":"2005-02-15T00:00:00","slug":"leda-la-primera-tesis-de-psicologa-en-la-ull-con-mencin-de-doctorado-europeo","status":"publish","type":"post","link":"https:\/\/www.ull.es\/portal\/noticias\/2005\/leda-la-primera-tesis-de-psicologa-en-la-ull-con-mencin-de-doctorado-europeo\/","title":{"rendered":"Le\u00edda la primera tesis de Psicolog\u00eda en la ULL con menci\u00f3n de Doctorado Europeo"},"content":{"rendered":"<p>Jos&eacute; Dami&aacute;n P&eacute;rez Gonz&aacute;lez ha obtenido el grado de doctor en la Universidad de La Laguna, tras defender el pasado 22 de enero su tesis <EM>Construction Safety, a Systems Approach (Seguridad en el sector de la Construcci&oacute;n, un enfoque de Sistemas)<\/EM>. Este trabajo, calificado con un sobresaliente cum laude, es el primero de la Facultad de Psicolog&iacute;a que opta y consigue la menci&oacute;n de Doctorado Europeo, por lo que fue elaborado en su mayor parte en ingl&eacute;s.<\/p>\n<p><P>La investigaci&oacute;n presentada consiste en la puesta a prueba de un modelo de gesti&oacute;n de la seguridad dentro del &aacute;mbito de los recursos humanos en el sector de la construcci&oacute;n. Dicho modelo contempla elementos como la selecci&oacute;n, formaci&oacute;n del personal, o la comunicaci&oacute;n y auditor&iacute;a de incidentes y accidentes. Tambi&eacute;n toma en consideraci&oacute;n las actitudes y conductas de los trabajadores en relaci&oacute;n con la seguridad y el cumplimiento de la normativa de seguridad en el trabajo.<\/P><P>P&eacute;rez Gonz&aacute;lez realiz&oacute; una recogida de datos en obras de construcci&oacute;n localizadas en la Rep&uacute;blica de Irlanda y en el Ulster. Entrevist&oacute; a los supervisores y trabajadores y analiz&oacute; directamente el cumplimiento de toda la normativa de seguridad en cada recinto. Concluy&oacute;, entre otras cuestiones, que las obras m&aacute;s seguras eval&uacute;an y corrigen m&aacute;s riesgos, es decir, que generan y gestionan mayor cantidad de informaci&oacute;n acerca de la seguridad. <\/P><P>El investigador tambi&eacute;n observ&oacute; que esas empresas utilizan sistemas m&aacute;s formales para gestionar los riesgos informados por el personal laboral y comunican m&aacute;s y mejor datos sobre seguridad a sus empleados, de tal manera que ellos mismos puedan ayudar a prevenir y corregir riesgos. <\/P><P>Los codirectores de esta tesis fueron los doctores Luis D&iacute;az Vilela, del departamento de Psicolog&iacute;a Cognitiva, Social y Organizacional de la Universidad de La Laguna y Nick McDonald, del departamento de Psicolog&iacute;a del Trinity College de Dubl&iacute;n (Irlanda). El tribunal evaluador estuvo compuesto por especialistas en Gesti&oacute;n de Riesgos y Psicolog&iacute;a de las Organizaciones de centros como la Universidad de Valencia, la Universidad de Aberdeen (Dubl&iacute;n), adem&aacute;s de los citados Trinity College y Universidad de La Laguna.<\/P><\/p>\n","protected":false},"excerpt":{"rendered":"<p>Jos&eacute; Dami&aacute;n P&eacute;rez Gonz&aacute;lez ha obtenido el grado de doctor en la Universidad de La Laguna, tras defender el pasado&#8230;<\/p>\n","protected":false},"author":21,"featured_media":0,"comment_status":"open","ping_status":"open","sticky":false,"template":"","format":"standard","meta":{"inline_featured_image":false,"footnotes":""},"categories":[350,1],"tags":[],"acf":[],"yoast_head":"<!-- This site is optimized with the Yoast SEO plugin v21.3 - https:\/\/yoast.com\/wordpress\/plugins\/seo\/ -->\n<title>Le\u00edda la primera tesis de Psicolog\u00eda en la ULL con menci\u00f3n de Doctorado Europeo - ULL - Noticias<\/title>\n<meta name=\"robots\" content=\"index, follow, max-snippet:-1, max-image-preview:large, max-video-preview:-1\" \/>\n<link rel=\"canonical\" href=\"https:\/\/www.ull.es\/portal\/noticias\/2005\/leda-la-primera-tesis-de-psicologa-en-la-ull-con-mencin-de-doctorado-europeo\/\" \/>\n<meta property=\"og:locale\" content=\"es_ES\" \/>\n<meta property=\"og:type\" content=\"article\" \/>\n<meta property=\"og:title\" content=\"Le\u00edda la primera tesis de Psicolog\u00eda en la ULL con menci\u00f3n de Doctorado Europeo - ULL - Noticias\" \/>\n<meta property=\"og:description\" content=\"Jos&eacute; Dami&aacute;n P&eacute;rez Gonz&aacute;lez ha obtenido el grado de doctor en la Universidad de La Laguna, tras defender el pasado...\" \/>\n<meta property=\"og:url\" content=\"https:\/\/www.ull.es\/portal\/noticias\/2005\/leda-la-primera-tesis-de-psicologa-en-la-ull-con-mencin-de-doctorado-europeo\/\" \/>\n<meta property=\"og:site_name\" content=\"ULL - Noticias\" \/>\n<meta property=\"article:publisher\" content=\"https:\/\/www.facebook.com\/universidaddelalaguna\/\" \/>\n<meta property=\"article:published_time\" content=\"2005-02-15T00:00:00+00:00\" \/>\n<meta property=\"og:image\" content=\"https:\/\/www.ull.es\/portal\/noticias\/wp-content\/uploads\/sites\/13\/2023\/06\/logo-redimensionado.png\" \/>\n\t<meta property=\"og:image:width\" content=\"1200\" \/>\n\t<meta property=\"og:image:height\" content=\"630\" \/>\n\t<meta property=\"og:image:type\" content=\"image\/png\" \/>\n<meta name=\"author\" content=\"prensa2\" \/>\n<meta name=\"twitter:card\" content=\"summary_large_image\" \/>\n<meta name=\"twitter:creator\" content=\"@CanalULL\" \/>\n<meta name=\"twitter:site\" content=\"@CanalULL\" \/>\n<meta name=\"twitter:label1\" content=\"Escrito por\" \/>\n\t<meta name=\"twitter:data1\" content=\"prensa2\" \/>\n\t<meta name=\"twitter:label2\" content=\"Tiempo de lectura\" \/>\n\t<meta name=\"twitter:data2\" content=\"2 minutos\" \/>\n<script type=\"application\/ld+json\" class=\"yoast-schema-graph\">{\"@context\":\"https:\/\/schema.org\",\"@graph\":[{\"@type\":\"WebPage\",\"@id\":\"https:\/\/www.ull.es\/portal\/noticias\/2005\/leda-la-primera-tesis-de-psicologa-en-la-ull-con-mencin-de-doctorado-europeo\/\",\"url\":\"https:\/\/www.ull.es\/portal\/noticias\/2005\/leda-la-primera-tesis-de-psicologa-en-la-ull-con-mencin-de-doctorado-europeo\/\",\"name\":\"Le\u00edda la primera tesis de Psicolog\u00eda en la ULL con menci\u00f3n de Doctorado Europeo - ULL - Noticias\",\"isPartOf\":{\"@id\":\"https:\/\/www.ull.es\/portal\/noticias\/#website\"},\"datePublished\":\"2005-02-15T00:00:00+00:00\",\"dateModified\":\"2005-02-15T00:00:00+00:00\",\"author\":{\"@id\":\"https:\/\/www.ull.es\/portal\/noticias\/#\/schema\/person\/c3b2aa857797592927a03740d6664376\"},\"breadcrumb\":{\"@id\":\"https:\/\/www.ull.es\/portal\/noticias\/2005\/leda-la-primera-tesis-de-psicologa-en-la-ull-con-mencin-de-doctorado-europeo\/#breadcrumb\"},\"inLanguage\":\"es\",\"potentialAction\":[{\"@type\":\"ReadAction\",\"target\":[\"https:\/\/www.ull.es\/portal\/noticias\/2005\/leda-la-primera-tesis-de-psicologa-en-la-ull-con-mencin-de-doctorado-europeo\/\"]}]},{\"@type\":\"BreadcrumbList\",\"@id\":\"https:\/\/www.ull.es\/portal\/noticias\/2005\/leda-la-primera-tesis-de-psicologa-en-la-ull-con-mencin-de-doctorado-europeo\/#breadcrumb\",\"itemListElement\":[{\"@type\":\"ListItem\",\"position\":1,\"name\":\"Portada\",\"item\":\"https:\/\/www.ull.es\/portal\/noticias\/\"},{\"@type\":\"ListItem\",\"position\":2,\"name\":\"Le\u00edda la primera tesis de Psicolog\u00eda en la ULL con menci\u00f3n de Doctorado Europeo\"}]},{\"@type\":\"WebSite\",\"@id\":\"https:\/\/www.ull.es\/portal\/noticias\/#website\",\"url\":\"https:\/\/www.ull.es\/portal\/noticias\/\",\"name\":\"ULL - Noticias\",\"description\":\"\",\"potentialAction\":[{\"@type\":\"SearchAction\",\"target\":{\"@type\":\"EntryPoint\",\"urlTemplate\":\"https:\/\/www.ull.es\/portal\/noticias\/?s={search_term_string}\"},\"query-input\":\"required name=search_term_string\"}],\"inLanguage\":\"es\"},{\"@type\":\"Person\",\"@id\":\"https:\/\/www.ull.es\/portal\/noticias\/#\/schema\/person\/c3b2aa857797592927a03740d6664376\",\"name\":\"prensa2\",\"image\":{\"@type\":\"ImageObject\",\"inLanguage\":\"es\",\"@id\":\"https:\/\/www.ull.es\/portal\/noticias\/#\/schema\/person\/image\/\",\"url\":\"https:\/\/secure.gravatar.com\/avatar\/b58f310a5de5feb33d1e026d2493f23c?s=96&d=mm&r=g\",\"contentUrl\":\"https:\/\/secure.gravatar.com\/avatar\/b58f310a5de5feb33d1e026d2493f23c?s=96&d=mm&r=g\",\"caption\":\"prensa2\"},\"url\":\"https:\/\/www.ull.es\/portal\/noticias\/author\/prensa2\/\"}]}<\/script>\n<!-- \/ Yoast SEO plugin. -->","yoast_head_json":{"title":"Le\u00edda la primera tesis de Psicolog\u00eda en la ULL con menci\u00f3n de Doctorado Europeo - ULL - Noticias","robots":{"index":"index","follow":"follow","max-snippet":"max-snippet:-1","max-image-preview":"max-image-preview:large","max-video-preview":"max-video-preview:-1"},"canonical":"https:\/\/www.ull.es\/portal\/noticias\/2005\/leda-la-primera-tesis-de-psicologa-en-la-ull-con-mencin-de-doctorado-europeo\/","og_locale":"es_ES","og_type":"article","og_title":"Le\u00edda la primera tesis de Psicolog\u00eda en la ULL con menci\u00f3n de Doctorado Europeo - ULL - Noticias","og_description":"Jos&eacute; Dami&aacute;n P&eacute;rez Gonz&aacute;lez ha obtenido el grado de doctor en la Universidad de La Laguna, tras defender el pasado...","og_url":"https:\/\/www.ull.es\/portal\/noticias\/2005\/leda-la-primera-tesis-de-psicologa-en-la-ull-con-mencin-de-doctorado-europeo\/","og_site_name":"ULL - Noticias","article_publisher":"https:\/\/www.facebook.com\/universidaddelalaguna\/","article_published_time":"2005-02-15T00:00:00+00:00","og_image":[{"width":1200,"height":630,"url":"https:\/\/www.ull.es\/portal\/noticias\/wp-content\/uploads\/sites\/13\/2023\/06\/logo-redimensionado.png","type":"image\/png"}],"author":"prensa2","twitter_card":"summary_large_image","twitter_creator":"@CanalULL","twitter_site":"@CanalULL","twitter_misc":{"Escrito por":"prensa2","Tiempo de lectura":"2 minutos"},"schema":{"@context":"https:\/\/schema.org","@graph":[{"@type":"WebPage","@id":"https:\/\/www.ull.es\/portal\/noticias\/2005\/leda-la-primera-tesis-de-psicologa-en-la-ull-con-mencin-de-doctorado-europeo\/","url":"https:\/\/www.ull.es\/portal\/noticias\/2005\/leda-la-primera-tesis-de-psicologa-en-la-ull-con-mencin-de-doctorado-europeo\/","name":"Le\u00edda la primera tesis de Psicolog\u00eda en la ULL con menci\u00f3n de Doctorado Europeo - ULL - Noticias","isPartOf":{"@id":"https:\/\/www.ull.es\/portal\/noticias\/#website"},"datePublished":"2005-02-15T00:00:00+00:00","dateModified":"2005-02-15T00:00:00+00:00","author":{"@id":"https:\/\/www.ull.es\/portal\/noticias\/#\/schema\/person\/c3b2aa857797592927a03740d6664376"},"breadcrumb":{"@id":"https:\/\/www.ull.es\/portal\/noticias\/2005\/leda-la-primera-tesis-de-psicologa-en-la-ull-con-mencin-de-doctorado-europeo\/#breadcrumb"},"inLanguage":"es","potentialAction":[{"@type":"ReadAction","target":["https:\/\/www.ull.es\/portal\/noticias\/2005\/leda-la-primera-tesis-de-psicologa-en-la-ull-con-mencin-de-doctorado-europeo\/"]}]},{"@type":"BreadcrumbList","@id":"https:\/\/www.ull.es\/portal\/noticias\/2005\/leda-la-primera-tesis-de-psicologa-en-la-ull-con-mencin-de-doctorado-europeo\/#breadcrumb","itemListElement":[{"@type":"ListItem","position":1,"name":"Portada","item":"https:\/\/www.ull.es\/portal\/noticias\/"},{"@type":"ListItem","position":2,"name":"Le\u00edda la primera tesis de Psicolog\u00eda en la ULL con menci\u00f3n de Doctorado Europeo"}]},{"@type":"WebSite","@id":"https:\/\/www.ull.es\/portal\/noticias\/#website","url":"https:\/\/www.ull.es\/portal\/noticias\/","name":"ULL - Noticias","description":"","potentialAction":[{"@type":"SearchAction","target":{"@type":"EntryPoint","urlTemplate":"https:\/\/www.ull.es\/portal\/noticias\/?s={search_term_string}"},"query-input":"required name=search_term_string"}],"inLanguage":"es"},{"@type":"Person","@id":"https:\/\/www.ull.es\/portal\/noticias\/#\/schema\/person\/c3b2aa857797592927a03740d6664376","name":"prensa2","image":{"@type":"ImageObject","inLanguage":"es","@id":"https:\/\/www.ull.es\/portal\/noticias\/#\/schema\/person\/image\/","url":"https:\/\/secure.gravatar.com\/avatar\/b58f310a5de5feb33d1e026d2493f23c?s=96&d=mm&r=g","contentUrl":"https:\/\/secure.gravatar.com\/avatar\/b58f310a5de5feb33d1e026d2493f23c?s=96&d=mm&r=g","caption":"prensa2"},"url":"https:\/\/www.ull.es\/portal\/noticias\/author\/prensa2\/"}]}},"primary_category":null,"featured_image_thumbnail_url":null,"_links":{"self":[{"href":"https:\/\/www.ull.es\/portal\/noticias\/wp-json\/wp\/v2\/posts\/13802"}],"collection":[{"href":"https:\/\/www.ull.es\/portal\/noticias\/wp-json\/wp\/v2\/posts"}],"about":[{"href":"https:\/\/www.ull.es\/portal\/noticias\/wp-json\/wp\/v2\/types\/post"}],"author":[{"embeddable":true,"href":"https:\/\/www.ull.es\/portal\/noticias\/wp-json\/wp\/v2\/users\/21"}],"replies":[{"embeddable":true,"href":"https:\/\/www.ull.es\/portal\/noticias\/wp-json\/wp\/v2\/comments?post=13802"}],"version-history":[{"count":0,"href":"https:\/\/www.ull.es\/portal\/noticias\/wp-json\/wp\/v2\/posts\/13802\/revisions"}],"wp:attachment":[{"href":"https:\/\/www.ull.es\/portal\/noticias\/wp-json\/wp\/v2\/media?parent=13802"}],"wp:term":[{"taxonomy":"category","embeddable":true,"href":"https:\/\/www.ull.es\/portal\/noticias\/wp-json\/wp\/v2\/categories?post=13802"},{"taxonomy":"post_tag","embeddable":true,"href":"https:\/\/www.ull.es\/portal\/noticias\/wp-json\/wp\/v2\/tags?post=13802"}],"curies":[{"name":"wp","href":"https:\/\/api.w.org\/{rel}","templated":true}]}}