{"id":13813,"date":"2005-03-08T00:00:00","date_gmt":"2005-03-08T00:00:00","guid":{"rendered":"http:\/\/ddigital.webs.ull.es\/rafael-alonso-sols-nuevo-director-de-la-sociedad-espaola-de-ciencias-fisiolgicas\/"},"modified":"2005-03-08T00:00:00","modified_gmt":"2005-03-08T00:00:00","slug":"rafael-alonso-sols-nuevo-director-de-la-sociedad-espaola-de-ciencias-fisiolgicas","status":"publish","type":"post","link":"https:\/\/www.ull.es\/portal\/noticias\/2005\/rafael-alonso-sols-nuevo-director-de-la-sociedad-espaola-de-ciencias-fisiolgicas\/","title":{"rendered":"Rafael Alonso Sol\u00eds, nuevo director de la Sociedad Espa\u00f1ola de Ciencias Fisiol\u00f3gicas"},"content":{"rendered":"<p>El catedr&aacute;tico del departamento de Fisiolog&iacute;a de la Universidad de La Laguna Rafael Alonso Sol&iacute;s ha sido nombrado presidente de la Sociedad Espa&ntilde;ola de Ciencias Fisiol&oacute;gicas (SECF). Esta asociaci&oacute;ntiene m&aacute;sde medio siglode actividad yen la actualidad aglutina a unos 400 miembros entre profesores e investigadores en diferentes licenciaturas y diplomaturas universitarias, como Biolog&iacute;a, Bioqu&iacute;mica, Enfermer&iacute;a, Farmacia, Fisioterapia, Medicina y Veterinaria.<\/p>\n<p><P>Sol&iacute;s destaca el hecho de que dos de los tres &uacute;ltimos presidentes que ha tenido la SECF son profesores de la Universidad de La Laguna lo cual constituye, a su juicio, \u00abuna muestra del buen nivel y protagonismo de este centro en la fisiolog&iacute;a y la biomedicina nacionales\u00bb. El catedr&aacute;tico es, en la actualidad, director en funciones y promotor del Instituto Universitario de Tecnolog&iacute;as Biom&eacute;dicas, un proyecto del centro docente y el Cabildo de Tenerife para desarrollar y promocionar la investigaci&oacute;n biom&eacute;dica de calidad. <\/P><P>El nuevo presidente de la SECF se licenci&oacute; en la Universidad Complutense de Madrid y obtuvo el doctorado en La Laguna, centro al que se incorpor&oacute; como Profesor Encargado de Curso en 1973. Ha sido Vicerrector de Alumnado y Presidente de la Junta de Personal Docente e Investigador de la instituci&oacute;n. Ha dirigido 15 proyectos de investigaci&oacute;n relacionados con la fisiolog&iacute;a de la reproducci&oacute;n, la gl&aacute;ndula pineal y el papel de las hormonas sexuales como moduladoras de la actividad neuronal, y es autor de m&aacute;s de 200 art&iacute;culos y comunicaciones de su especialidad. Antes de ser nombrado presidente de la asociaci&oacute;n, ha sido vocal y tesorero de la SECF), as&iacute; como fundador y primer editor de la revista <EM>Fisiolog&iacute;a<\/EM>. <\/P><P>Al margen de su carrera cient&iacute;fica, ha sido columnista del peri&oacute;dico La Gaceta de Canarias y ha realizado algunas incursiones en el mundo literario que le han hecho acreedor del premio de relatos La Tarde, el premio \u00abCiudad de Santa Cruz\u00bb, y el premio \u00abJulio Cort&aacute;zar\u00bb de relato breve. <\/P><P>La SECF realiza un congreso cient&iacute;fico bianual, los &uacute;ltimos a&ntilde;os en colaboraci&oacute;n con la prestigiosa Sociedad Inglesa. Desde hace cuatro a&ntilde;os, y en colaboraci&oacute;n con la Fundaci&oacute;n Juan Negr&iacute;n, ha creado el Premio \u00abJuan Negr&iacute;n\u00bb para premiar una carrera de excelencia en la investigaci&oacute;n fisiol&oacute;gica, y cuyas dos primeras concesiones han reca&iacute;do en el alem&aacute;n Erwin Neher (Premio Nobel en Fisiolog&iacute;a y Medicina) y el chileno Francisco Bezanilla, autores de algunos de los descubrimientos b&aacute;sicos para entender la comunicaci&oacute;n el&eacute;ctrica y qu&iacute;mica en el sistema nervioso. <BR><\/P><\/p>\n","protected":false},"excerpt":{"rendered":"<p>El catedr&aacute;tico del departamento de Fisiolog&iacute;a de la Universidad de La Laguna Rafael Alonso Sol&iacute;s ha sido nombrado presidente de&#8230;<\/p>\n","protected":false},"author":21,"featured_media":0,"comment_status":"open","ping_status":"open","sticky":false,"template":"","format":"standard","meta":{"inline_featured_image":false,"footnotes":""},"categories":[350,1],"tags":[],"acf":[],"yoast_head":"<!-- This site is optimized with the Yoast SEO plugin v21.3 - https:\/\/yoast.com\/wordpress\/plugins\/seo\/ -->\n<title>Rafael Alonso Sol\u00eds, nuevo director de la Sociedad Espa\u00f1ola de Ciencias Fisiol\u00f3gicas - ULL - Noticias<\/title>\n<meta name=\"robots\" content=\"index, follow, max-snippet:-1, max-image-preview:large, max-video-preview:-1\" \/>\n<link rel=\"canonical\" href=\"https:\/\/www.ull.es\/portal\/noticias\/2005\/rafael-alonso-sols-nuevo-director-de-la-sociedad-espaola-de-ciencias-fisiolgicas\/\" \/>\n<meta property=\"og:locale\" content=\"es_ES\" \/>\n<meta property=\"og:type\" content=\"article\" \/>\n<meta property=\"og:title\" content=\"Rafael Alonso Sol\u00eds, nuevo director de la Sociedad Espa\u00f1ola de Ciencias Fisiol\u00f3gicas - ULL - Noticias\" \/>\n<meta property=\"og:description\" content=\"El catedr&aacute;tico del departamento de Fisiolog&iacute;a de la Universidad de La Laguna Rafael Alonso Sol&iacute;s ha sido nombrado presidente de...\" \/>\n<meta property=\"og:url\" content=\"https:\/\/www.ull.es\/portal\/noticias\/2005\/rafael-alonso-sols-nuevo-director-de-la-sociedad-espaola-de-ciencias-fisiolgicas\/\" \/>\n<meta property=\"og:site_name\" content=\"ULL - Noticias\" \/>\n<meta property=\"article:publisher\" content=\"https:\/\/www.facebook.com\/universidaddelalaguna\/\" \/>\n<meta property=\"article:published_time\" content=\"2005-03-08T00:00:00+00:00\" \/>\n<meta property=\"og:image\" content=\"https:\/\/www.ull.es\/portal\/noticias\/wp-content\/uploads\/sites\/13\/2023\/06\/logo-redimensionado.png\" \/>\n\t<meta property=\"og:image:width\" content=\"1200\" \/>\n\t<meta property=\"og:image:height\" content=\"630\" \/>\n\t<meta property=\"og:image:type\" content=\"image\/png\" \/>\n<meta name=\"author\" content=\"prensa2\" \/>\n<meta name=\"twitter:card\" content=\"summary_large_image\" \/>\n<meta name=\"twitter:creator\" content=\"@CanalULL\" \/>\n<meta name=\"twitter:site\" content=\"@CanalULL\" \/>\n<meta name=\"twitter:label1\" content=\"Escrito por\" \/>\n\t<meta name=\"twitter:data1\" content=\"prensa2\" \/>\n\t<meta name=\"twitter:label2\" content=\"Tiempo de lectura\" \/>\n\t<meta name=\"twitter:data2\" content=\"2 minutos\" \/>\n<script type=\"application\/ld+json\" class=\"yoast-schema-graph\">{\"@context\":\"https:\/\/schema.org\",\"@graph\":[{\"@type\":\"WebPage\",\"@id\":\"https:\/\/www.ull.es\/portal\/noticias\/2005\/rafael-alonso-sols-nuevo-director-de-la-sociedad-espaola-de-ciencias-fisiolgicas\/\",\"url\":\"https:\/\/www.ull.es\/portal\/noticias\/2005\/rafael-alonso-sols-nuevo-director-de-la-sociedad-espaola-de-ciencias-fisiolgicas\/\",\"name\":\"Rafael Alonso Sol\u00eds, nuevo director de la Sociedad Espa\u00f1ola de Ciencias Fisiol\u00f3gicas - ULL - Noticias\",\"isPartOf\":{\"@id\":\"https:\/\/www.ull.es\/portal\/noticias\/#website\"},\"datePublished\":\"2005-03-08T00:00:00+00:00\",\"dateModified\":\"2005-03-08T00:00:00+00:00\",\"author\":{\"@id\":\"https:\/\/www.ull.es\/portal\/noticias\/#\/schema\/person\/c3b2aa857797592927a03740d6664376\"},\"breadcrumb\":{\"@id\":\"https:\/\/www.ull.es\/portal\/noticias\/2005\/rafael-alonso-sols-nuevo-director-de-la-sociedad-espaola-de-ciencias-fisiolgicas\/#breadcrumb\"},\"inLanguage\":\"es\",\"potentialAction\":[{\"@type\":\"ReadAction\",\"target\":[\"https:\/\/www.ull.es\/portal\/noticias\/2005\/rafael-alonso-sols-nuevo-director-de-la-sociedad-espaola-de-ciencias-fisiolgicas\/\"]}]},{\"@type\":\"BreadcrumbList\",\"@id\":\"https:\/\/www.ull.es\/portal\/noticias\/2005\/rafael-alonso-sols-nuevo-director-de-la-sociedad-espaola-de-ciencias-fisiolgicas\/#breadcrumb\",\"itemListElement\":[{\"@type\":\"ListItem\",\"position\":1,\"name\":\"Portada\",\"item\":\"https:\/\/www.ull.es\/portal\/noticias\/\"},{\"@type\":\"ListItem\",\"position\":2,\"name\":\"Rafael Alonso Sol\u00eds, nuevo director de la Sociedad Espa\u00f1ola de Ciencias Fisiol\u00f3gicas\"}]},{\"@type\":\"WebSite\",\"@id\":\"https:\/\/www.ull.es\/portal\/noticias\/#website\",\"url\":\"https:\/\/www.ull.es\/portal\/noticias\/\",\"name\":\"ULL - Noticias\",\"description\":\"\",\"potentialAction\":[{\"@type\":\"SearchAction\",\"target\":{\"@type\":\"EntryPoint\",\"urlTemplate\":\"https:\/\/www.ull.es\/portal\/noticias\/?s={search_term_string}\"},\"query-input\":\"required name=search_term_string\"}],\"inLanguage\":\"es\"},{\"@type\":\"Person\",\"@id\":\"https:\/\/www.ull.es\/portal\/noticias\/#\/schema\/person\/c3b2aa857797592927a03740d6664376\",\"name\":\"prensa2\",\"image\":{\"@type\":\"ImageObject\",\"inLanguage\":\"es\",\"@id\":\"https:\/\/www.ull.es\/portal\/noticias\/#\/schema\/person\/image\/\",\"url\":\"https:\/\/secure.gravatar.com\/avatar\/b58f310a5de5feb33d1e026d2493f23c?s=96&d=mm&r=g\",\"contentUrl\":\"https:\/\/secure.gravatar.com\/avatar\/b58f310a5de5feb33d1e026d2493f23c?s=96&d=mm&r=g\",\"caption\":\"prensa2\"},\"url\":\"https:\/\/www.ull.es\/portal\/noticias\/author\/prensa2\/\"}]}<\/script>\n<!-- \/ Yoast SEO plugin. -->","yoast_head_json":{"title":"Rafael Alonso Sol\u00eds, nuevo director de la Sociedad Espa\u00f1ola de Ciencias Fisiol\u00f3gicas - ULL - Noticias","robots":{"index":"index","follow":"follow","max-snippet":"max-snippet:-1","max-image-preview":"max-image-preview:large","max-video-preview":"max-video-preview:-1"},"canonical":"https:\/\/www.ull.es\/portal\/noticias\/2005\/rafael-alonso-sols-nuevo-director-de-la-sociedad-espaola-de-ciencias-fisiolgicas\/","og_locale":"es_ES","og_type":"article","og_title":"Rafael Alonso Sol\u00eds, nuevo director de la Sociedad Espa\u00f1ola de Ciencias Fisiol\u00f3gicas - ULL - Noticias","og_description":"El catedr&aacute;tico del departamento de Fisiolog&iacute;a de la Universidad de La Laguna Rafael Alonso Sol&iacute;s ha sido nombrado presidente de...","og_url":"https:\/\/www.ull.es\/portal\/noticias\/2005\/rafael-alonso-sols-nuevo-director-de-la-sociedad-espaola-de-ciencias-fisiolgicas\/","og_site_name":"ULL - Noticias","article_publisher":"https:\/\/www.facebook.com\/universidaddelalaguna\/","article_published_time":"2005-03-08T00:00:00+00:00","og_image":[{"width":1200,"height":630,"url":"https:\/\/www.ull.es\/portal\/noticias\/wp-content\/uploads\/sites\/13\/2023\/06\/logo-redimensionado.png","type":"image\/png"}],"author":"prensa2","twitter_card":"summary_large_image","twitter_creator":"@CanalULL","twitter_site":"@CanalULL","twitter_misc":{"Escrito por":"prensa2","Tiempo de lectura":"2 minutos"},"schema":{"@context":"https:\/\/schema.org","@graph":[{"@type":"WebPage","@id":"https:\/\/www.ull.es\/portal\/noticias\/2005\/rafael-alonso-sols-nuevo-director-de-la-sociedad-espaola-de-ciencias-fisiolgicas\/","url":"https:\/\/www.ull.es\/portal\/noticias\/2005\/rafael-alonso-sols-nuevo-director-de-la-sociedad-espaola-de-ciencias-fisiolgicas\/","name":"Rafael Alonso Sol\u00eds, nuevo director de la Sociedad Espa\u00f1ola de Ciencias Fisiol\u00f3gicas - ULL - Noticias","isPartOf":{"@id":"https:\/\/www.ull.es\/portal\/noticias\/#website"},"datePublished":"2005-03-08T00:00:00+00:00","dateModified":"2005-03-08T00:00:00+00:00","author":{"@id":"https:\/\/www.ull.es\/portal\/noticias\/#\/schema\/person\/c3b2aa857797592927a03740d6664376"},"breadcrumb":{"@id":"https:\/\/www.ull.es\/portal\/noticias\/2005\/rafael-alonso-sols-nuevo-director-de-la-sociedad-espaola-de-ciencias-fisiolgicas\/#breadcrumb"},"inLanguage":"es","potentialAction":[{"@type":"ReadAction","target":["https:\/\/www.ull.es\/portal\/noticias\/2005\/rafael-alonso-sols-nuevo-director-de-la-sociedad-espaola-de-ciencias-fisiolgicas\/"]}]},{"@type":"BreadcrumbList","@id":"https:\/\/www.ull.es\/portal\/noticias\/2005\/rafael-alonso-sols-nuevo-director-de-la-sociedad-espaola-de-ciencias-fisiolgicas\/#breadcrumb","itemListElement":[{"@type":"ListItem","position":1,"name":"Portada","item":"https:\/\/www.ull.es\/portal\/noticias\/"},{"@type":"ListItem","position":2,"name":"Rafael Alonso Sol\u00eds, nuevo director de la Sociedad Espa\u00f1ola de Ciencias Fisiol\u00f3gicas"}]},{"@type":"WebSite","@id":"https:\/\/www.ull.es\/portal\/noticias\/#website","url":"https:\/\/www.ull.es\/portal\/noticias\/","name":"ULL - Noticias","description":"","potentialAction":[{"@type":"SearchAction","target":{"@type":"EntryPoint","urlTemplate":"https:\/\/www.ull.es\/portal\/noticias\/?s={search_term_string}"},"query-input":"required name=search_term_string"}],"inLanguage":"es"},{"@type":"Person","@id":"https:\/\/www.ull.es\/portal\/noticias\/#\/schema\/person\/c3b2aa857797592927a03740d6664376","name":"prensa2","image":{"@type":"ImageObject","inLanguage":"es","@id":"https:\/\/www.ull.es\/portal\/noticias\/#\/schema\/person\/image\/","url":"https:\/\/secure.gravatar.com\/avatar\/b58f310a5de5feb33d1e026d2493f23c?s=96&d=mm&r=g","contentUrl":"https:\/\/secure.gravatar.com\/avatar\/b58f310a5de5feb33d1e026d2493f23c?s=96&d=mm&r=g","caption":"prensa2"},"url":"https:\/\/www.ull.es\/portal\/noticias\/author\/prensa2\/"}]}},"primary_category":null,"featured_image_thumbnail_url":null,"_links":{"self":[{"href":"https:\/\/www.ull.es\/portal\/noticias\/wp-json\/wp\/v2\/posts\/13813"}],"collection":[{"href":"https:\/\/www.ull.es\/portal\/noticias\/wp-json\/wp\/v2\/posts"}],"about":[{"href":"https:\/\/www.ull.es\/portal\/noticias\/wp-json\/wp\/v2\/types\/post"}],"author":[{"embeddable":true,"href":"https:\/\/www.ull.es\/portal\/noticias\/wp-json\/wp\/v2\/users\/21"}],"replies":[{"embeddable":true,"href":"https:\/\/www.ull.es\/portal\/noticias\/wp-json\/wp\/v2\/comments?post=13813"}],"version-history":[{"count":0,"href":"https:\/\/www.ull.es\/portal\/noticias\/wp-json\/wp\/v2\/posts\/13813\/revisions"}],"wp:attachment":[{"href":"https:\/\/www.ull.es\/portal\/noticias\/wp-json\/wp\/v2\/media?parent=13813"}],"wp:term":[{"taxonomy":"category","embeddable":true,"href":"https:\/\/www.ull.es\/portal\/noticias\/wp-json\/wp\/v2\/categories?post=13813"},{"taxonomy":"post_tag","embeddable":true,"href":"https:\/\/www.ull.es\/portal\/noticias\/wp-json\/wp\/v2\/tags?post=13813"}],"curies":[{"name":"wp","href":"https:\/\/api.w.org\/{rel}","templated":true}]}}