{"id":13839,"date":"2005-06-23T00:00:00","date_gmt":"2005-06-23T00:00:00","guid":{"rendered":"http:\/\/ddigital.webs.ull.es\/investigadores-de-la-laguna-estudian-la-demanda-horaria-de-energa-elctrica-en-espaa\/"},"modified":"2005-06-23T00:00:00","modified_gmt":"2005-06-23T00:00:00","slug":"investigadores-de-la-laguna-estudian-la-demanda-horaria-de-energa-elctrica-en-espaa","status":"publish","type":"post","link":"https:\/\/www.ull.es\/portal\/noticias\/2005\/investigadores-de-la-laguna-estudian-la-demanda-horaria-de-energa-elctrica-en-espaa\/","title":{"rendered":"Investigadores de La Laguna estudian la demanda horaria de energ\u00eda el\u00e9ctrica en Espa\u00f1a"},"content":{"rendered":"<p>En el n&uacute;mero 22 de la revista Economic Modelling, correspondiente al a&ntilde;o 2005, se ha publicado el trabajo titulado <I>Modelling the hourly Spanish electricity demand<\/I>, realizado por los investigadores Gloria Mart&iacute;n Rodr&iacute;guez y Jos&eacute; Juan C&aacute;ceres Hern&aacute;ndez, de la Universidad de La Laguna.<\/p>\n<p><P align=\"justify\">Se trata de un estudio de la demanda horaria de energ&iacute;a el&eacute;ctrica en Espa&ntilde;a en el periodo comprendido entre 1998 y 2001. Los datos utilizados corresponden a la informaci&oacute;n p&uacute;blica proporcionada por el Operador del Mercado de Electricidad (OMEL) y disponible en <U><FONT color=\"#0000ff\"><a class=\"sumario\" href=\"http:\/\/www.omel.com\/\" target=\"_new\" target=\"_blank\" rel=\"noopener\">http:\/\/www.omel.com<\/A><\/U><\/FONT>, donde tambi&eacute;n se definen las magnitudes asociadas a la demanda de energ&iacute;a el&eacute;ctrica.<\/P><P align=\"justify\"><\/P><P align=\"justify\">En particular, el trabajo comentado pone el &eacute;nfasis en la relevancia de las fluctuaciones de corto plazo m&aacute;s que en el obvio crecimiento a largo plazo. El m&eacute;todo propuesto, basado en la introducci&oacute;n de las denominadas funciones <I>splines<\/I> en un modelo estructural de series temporales, permite aislar y describir las variaciones estacionales de alta frecuencia que pueden estar presentes en la demanda horaria y, en tal sentido, resulta ventajoso frente a otras aproximaciones en las que cada una de las variaciones estacionales se estima como si las dem&aacute;s no estuvieran presentes.<\/P><P align=\"justify\"><\/P><P align=\"justify\">La demanda de energ&iacute;a el&eacute;ctrica presenta un car&aacute;cter enormemente complejo y fluctuante, lo que, de entrada, supone un <I>handicap<\/I> para su predicci&oacute;n. En cualquier caso, y desde este mismo punto de vista, la consideraci&oacute;n por separado de las fluctuaciones estacionales de periodo diario, semanal y anual constituye una gu&iacute;a para planificar la oferta y, en particular, permite identificar los puntos &aacute;lgidos de la demanda seg&uacute;n la hora del d&iacute;a, la semana o el a&ntilde;o, as&iacute; como los momentos en los que las demandas son mucho menores. <\/P><P align=\"justify\"><\/P><P align=\"justify\">En concreto, la evoluci&oacute;n de la demanda presenta una fuerte estacionalidad en el plano anual que, posiblemente motivada por factores climatol&oacute;gicos y sociales tales como la temperatura, la luminosidad o las vacaciones, justifica las diferencias entre el invierno y el verano. A corto plazo, se aprecia que la demanda en cada una de las horas de los d&iacute;as festivos es m&aacute;s moderada que en los d&iacute;as laborables. En general, a lo largo de un d&iacute;a, la demanda es m&aacute;s baja en horas nocturnas, comenzando a subir en las primeras horas de la ma&ntilde;ana y manteni&eacute;ndose a partir del mediod&iacute;a, para crecer de nuevo por la tarde en aquellas horas en que los usos dom&eacute;sticos coinciden con los usos industriales. <\/P><P align=\"justify\"><\/P><P align=\"justify\">Finalmente, y teniendo en cuenta que el consumo de energ&iacute;a el&eacute;ctrica depende, entre otros factores, del clima -que influye en las necesidades de calefacci&oacute;n y refrigeraci&oacute;n-, de las diferencias en los usos horarios (Pen&iacute;nsula-Canarias) -que inciden en las necesidades lum&iacute;nicas- y de las principales actividades econ&oacute;micas desarrolladas, parece razonable pensar que existen diferencias en el perfil estacional anual de las distintas zonas geogr&aacute;ficas del territorio nacional.<\/P><P align=\"justify\"><\/P><P align=\"justify\">Adem&aacute;s de la relevancia del art&iacute;culo en el &aacute;mbito acad&eacute;mico, los recientes y previsibles problemas de suministro de energ&iacute;a el&eacute;ctrica en horas punta a los que aluden los medios de comunicaci&oacute;n en determinadas &eacute;pocas del a&ntilde;o y zonas geogr&aacute;ficas, ponen tambi&eacute;n de manifiesto su repercusi&oacute;n pr&aacute;ctica. Y los resultados obtenidos podr&iacute;an ser objeto de reflexi&oacute;n a la hora de adoptar medidas como las que se pretende llevar a cabo con el fin de evitar el colapso del sistema.<\/P><P align=\"justify\"><\/P><P align=\"justify\">Este trabajo es fruto de la investigaci&oacute;n iniciada con la tesis doctoral de la coautora del art&iacute;culo, titulada <I>Modelos estructurales y estacionalidad en series temporales econ&oacute;micas de alta frecuencia<\/I> (2002), y en la que se proporcionan herramientas metodol&oacute;gicas que, en el contexto de los denominados modelos estructurales de series temporales, permiten modelar apropiadamente el complejo componente estacional que caracteriza a las magnitudes econ&oacute;micas observadas cada semana, cada d&iacute;a o cada hora, mediante el recurso a funciones <I>splines<\/I>.<\/P><\/p>\n","protected":false},"excerpt":{"rendered":"<p>En el n&uacute;mero 22 de la revista Economic Modelling, correspondiente al a&ntilde;o 2005, se ha publicado el trabajo titulado Modelling&#8230;<\/p>\n","protected":false},"author":21,"featured_media":0,"comment_status":"open","ping_status":"open","sticky":false,"template":"","format":"standard","meta":{"inline_featured_image":false,"footnotes":""},"categories":[350,1],"tags":[],"acf":[],"yoast_head":"<!-- This site is optimized with the Yoast SEO plugin v21.3 - https:\/\/yoast.com\/wordpress\/plugins\/seo\/ -->\n<title>Investigadores de La Laguna estudian la demanda horaria de energ\u00eda el\u00e9ctrica en Espa\u00f1a - ULL - Noticias<\/title>\n<meta name=\"robots\" content=\"index, follow, max-snippet:-1, max-image-preview:large, max-video-preview:-1\" \/>\n<link rel=\"canonical\" href=\"https:\/\/www.ull.es\/portal\/noticias\/2005\/investigadores-de-la-laguna-estudian-la-demanda-horaria-de-energa-elctrica-en-espaa\/\" \/>\n<meta property=\"og:locale\" content=\"es_ES\" \/>\n<meta property=\"og:type\" content=\"article\" \/>\n<meta property=\"og:title\" content=\"Investigadores de La Laguna estudian la demanda horaria de energ\u00eda el\u00e9ctrica en Espa\u00f1a - ULL - Noticias\" \/>\n<meta property=\"og:description\" content=\"En el n&uacute;mero 22 de la revista Economic Modelling, correspondiente al a&ntilde;o 2005, se ha publicado el trabajo titulado Modelling...\" \/>\n<meta property=\"og:url\" content=\"https:\/\/www.ull.es\/portal\/noticias\/2005\/investigadores-de-la-laguna-estudian-la-demanda-horaria-de-energa-elctrica-en-espaa\/\" \/>\n<meta property=\"og:site_name\" content=\"ULL - Noticias\" \/>\n<meta property=\"article:publisher\" content=\"https:\/\/www.facebook.com\/universidaddelalaguna\/\" \/>\n<meta property=\"article:published_time\" content=\"2005-06-23T00:00:00+00:00\" \/>\n<meta property=\"og:image\" content=\"https:\/\/www.ull.es\/portal\/noticias\/wp-content\/uploads\/sites\/13\/2023\/06\/logo-redimensionado.png\" \/>\n\t<meta property=\"og:image:width\" content=\"1200\" \/>\n\t<meta property=\"og:image:height\" content=\"630\" \/>\n\t<meta property=\"og:image:type\" content=\"image\/png\" \/>\n<meta name=\"author\" content=\"prensa2\" \/>\n<meta name=\"twitter:card\" content=\"summary_large_image\" \/>\n<meta name=\"twitter:creator\" content=\"@CanalULL\" \/>\n<meta name=\"twitter:site\" content=\"@CanalULL\" \/>\n<meta name=\"twitter:label1\" content=\"Escrito por\" \/>\n\t<meta name=\"twitter:data1\" content=\"prensa2\" \/>\n\t<meta name=\"twitter:label2\" content=\"Tiempo de lectura\" \/>\n\t<meta name=\"twitter:data2\" content=\"4 minutos\" \/>\n<script type=\"application\/ld+json\" class=\"yoast-schema-graph\">{\"@context\":\"https:\/\/schema.org\",\"@graph\":[{\"@type\":\"WebPage\",\"@id\":\"https:\/\/www.ull.es\/portal\/noticias\/2005\/investigadores-de-la-laguna-estudian-la-demanda-horaria-de-energa-elctrica-en-espaa\/\",\"url\":\"https:\/\/www.ull.es\/portal\/noticias\/2005\/investigadores-de-la-laguna-estudian-la-demanda-horaria-de-energa-elctrica-en-espaa\/\",\"name\":\"Investigadores de La Laguna estudian la demanda horaria de energ\u00eda el\u00e9ctrica en Espa\u00f1a - ULL - Noticias\",\"isPartOf\":{\"@id\":\"https:\/\/www.ull.es\/portal\/noticias\/#website\"},\"datePublished\":\"2005-06-23T00:00:00+00:00\",\"dateModified\":\"2005-06-23T00:00:00+00:00\",\"author\":{\"@id\":\"https:\/\/www.ull.es\/portal\/noticias\/#\/schema\/person\/c3b2aa857797592927a03740d6664376\"},\"breadcrumb\":{\"@id\":\"https:\/\/www.ull.es\/portal\/noticias\/2005\/investigadores-de-la-laguna-estudian-la-demanda-horaria-de-energa-elctrica-en-espaa\/#breadcrumb\"},\"inLanguage\":\"es\",\"potentialAction\":[{\"@type\":\"ReadAction\",\"target\":[\"https:\/\/www.ull.es\/portal\/noticias\/2005\/investigadores-de-la-laguna-estudian-la-demanda-horaria-de-energa-elctrica-en-espaa\/\"]}]},{\"@type\":\"BreadcrumbList\",\"@id\":\"https:\/\/www.ull.es\/portal\/noticias\/2005\/investigadores-de-la-laguna-estudian-la-demanda-horaria-de-energa-elctrica-en-espaa\/#breadcrumb\",\"itemListElement\":[{\"@type\":\"ListItem\",\"position\":1,\"name\":\"Portada\",\"item\":\"https:\/\/www.ull.es\/portal\/noticias\/\"},{\"@type\":\"ListItem\",\"position\":2,\"name\":\"Investigadores de La Laguna estudian la demanda horaria de energ\u00eda el\u00e9ctrica en Espa\u00f1a\"}]},{\"@type\":\"WebSite\",\"@id\":\"https:\/\/www.ull.es\/portal\/noticias\/#website\",\"url\":\"https:\/\/www.ull.es\/portal\/noticias\/\",\"name\":\"ULL - Noticias\",\"description\":\"\",\"potentialAction\":[{\"@type\":\"SearchAction\",\"target\":{\"@type\":\"EntryPoint\",\"urlTemplate\":\"https:\/\/www.ull.es\/portal\/noticias\/?s={search_term_string}\"},\"query-input\":\"required name=search_term_string\"}],\"inLanguage\":\"es\"},{\"@type\":\"Person\",\"@id\":\"https:\/\/www.ull.es\/portal\/noticias\/#\/schema\/person\/c3b2aa857797592927a03740d6664376\",\"name\":\"prensa2\",\"image\":{\"@type\":\"ImageObject\",\"inLanguage\":\"es\",\"@id\":\"https:\/\/www.ull.es\/portal\/noticias\/#\/schema\/person\/image\/\",\"url\":\"https:\/\/secure.gravatar.com\/avatar\/b58f310a5de5feb33d1e026d2493f23c?s=96&d=mm&r=g\",\"contentUrl\":\"https:\/\/secure.gravatar.com\/avatar\/b58f310a5de5feb33d1e026d2493f23c?s=96&d=mm&r=g\",\"caption\":\"prensa2\"},\"url\":\"https:\/\/www.ull.es\/portal\/noticias\/author\/prensa2\/\"}]}<\/script>\n<!-- \/ Yoast SEO plugin. -->","yoast_head_json":{"title":"Investigadores de La Laguna estudian la demanda horaria de energ\u00eda el\u00e9ctrica en Espa\u00f1a - ULL - Noticias","robots":{"index":"index","follow":"follow","max-snippet":"max-snippet:-1","max-image-preview":"max-image-preview:large","max-video-preview":"max-video-preview:-1"},"canonical":"https:\/\/www.ull.es\/portal\/noticias\/2005\/investigadores-de-la-laguna-estudian-la-demanda-horaria-de-energa-elctrica-en-espaa\/","og_locale":"es_ES","og_type":"article","og_title":"Investigadores de La Laguna estudian la demanda horaria de energ\u00eda el\u00e9ctrica en Espa\u00f1a - ULL - Noticias","og_description":"En el n&uacute;mero 22 de la revista Economic Modelling, correspondiente al a&ntilde;o 2005, se ha publicado el trabajo titulado Modelling...","og_url":"https:\/\/www.ull.es\/portal\/noticias\/2005\/investigadores-de-la-laguna-estudian-la-demanda-horaria-de-energa-elctrica-en-espaa\/","og_site_name":"ULL - Noticias","article_publisher":"https:\/\/www.facebook.com\/universidaddelalaguna\/","article_published_time":"2005-06-23T00:00:00+00:00","og_image":[{"width":1200,"height":630,"url":"https:\/\/www.ull.es\/portal\/noticias\/wp-content\/uploads\/sites\/13\/2023\/06\/logo-redimensionado.png","type":"image\/png"}],"author":"prensa2","twitter_card":"summary_large_image","twitter_creator":"@CanalULL","twitter_site":"@CanalULL","twitter_misc":{"Escrito por":"prensa2","Tiempo de lectura":"4 minutos"},"schema":{"@context":"https:\/\/schema.org","@graph":[{"@type":"WebPage","@id":"https:\/\/www.ull.es\/portal\/noticias\/2005\/investigadores-de-la-laguna-estudian-la-demanda-horaria-de-energa-elctrica-en-espaa\/","url":"https:\/\/www.ull.es\/portal\/noticias\/2005\/investigadores-de-la-laguna-estudian-la-demanda-horaria-de-energa-elctrica-en-espaa\/","name":"Investigadores de La Laguna estudian la demanda horaria de energ\u00eda el\u00e9ctrica en Espa\u00f1a - ULL - Noticias","isPartOf":{"@id":"https:\/\/www.ull.es\/portal\/noticias\/#website"},"datePublished":"2005-06-23T00:00:00+00:00","dateModified":"2005-06-23T00:00:00+00:00","author":{"@id":"https:\/\/www.ull.es\/portal\/noticias\/#\/schema\/person\/c3b2aa857797592927a03740d6664376"},"breadcrumb":{"@id":"https:\/\/www.ull.es\/portal\/noticias\/2005\/investigadores-de-la-laguna-estudian-la-demanda-horaria-de-energa-elctrica-en-espaa\/#breadcrumb"},"inLanguage":"es","potentialAction":[{"@type":"ReadAction","target":["https:\/\/www.ull.es\/portal\/noticias\/2005\/investigadores-de-la-laguna-estudian-la-demanda-horaria-de-energa-elctrica-en-espaa\/"]}]},{"@type":"BreadcrumbList","@id":"https:\/\/www.ull.es\/portal\/noticias\/2005\/investigadores-de-la-laguna-estudian-la-demanda-horaria-de-energa-elctrica-en-espaa\/#breadcrumb","itemListElement":[{"@type":"ListItem","position":1,"name":"Portada","item":"https:\/\/www.ull.es\/portal\/noticias\/"},{"@type":"ListItem","position":2,"name":"Investigadores de La Laguna estudian la demanda horaria de energ\u00eda el\u00e9ctrica en Espa\u00f1a"}]},{"@type":"WebSite","@id":"https:\/\/www.ull.es\/portal\/noticias\/#website","url":"https:\/\/www.ull.es\/portal\/noticias\/","name":"ULL - Noticias","description":"","potentialAction":[{"@type":"SearchAction","target":{"@type":"EntryPoint","urlTemplate":"https:\/\/www.ull.es\/portal\/noticias\/?s={search_term_string}"},"query-input":"required name=search_term_string"}],"inLanguage":"es"},{"@type":"Person","@id":"https:\/\/www.ull.es\/portal\/noticias\/#\/schema\/person\/c3b2aa857797592927a03740d6664376","name":"prensa2","image":{"@type":"ImageObject","inLanguage":"es","@id":"https:\/\/www.ull.es\/portal\/noticias\/#\/schema\/person\/image\/","url":"https:\/\/secure.gravatar.com\/avatar\/b58f310a5de5feb33d1e026d2493f23c?s=96&d=mm&r=g","contentUrl":"https:\/\/secure.gravatar.com\/avatar\/b58f310a5de5feb33d1e026d2493f23c?s=96&d=mm&r=g","caption":"prensa2"},"url":"https:\/\/www.ull.es\/portal\/noticias\/author\/prensa2\/"}]}},"primary_category":null,"featured_image_thumbnail_url":null,"_links":{"self":[{"href":"https:\/\/www.ull.es\/portal\/noticias\/wp-json\/wp\/v2\/posts\/13839"}],"collection":[{"href":"https:\/\/www.ull.es\/portal\/noticias\/wp-json\/wp\/v2\/posts"}],"about":[{"href":"https:\/\/www.ull.es\/portal\/noticias\/wp-json\/wp\/v2\/types\/post"}],"author":[{"embeddable":true,"href":"https:\/\/www.ull.es\/portal\/noticias\/wp-json\/wp\/v2\/users\/21"}],"replies":[{"embeddable":true,"href":"https:\/\/www.ull.es\/portal\/noticias\/wp-json\/wp\/v2\/comments?post=13839"}],"version-history":[{"count":0,"href":"https:\/\/www.ull.es\/portal\/noticias\/wp-json\/wp\/v2\/posts\/13839\/revisions"}],"wp:attachment":[{"href":"https:\/\/www.ull.es\/portal\/noticias\/wp-json\/wp\/v2\/media?parent=13839"}],"wp:term":[{"taxonomy":"category","embeddable":true,"href":"https:\/\/www.ull.es\/portal\/noticias\/wp-json\/wp\/v2\/categories?post=13839"},{"taxonomy":"post_tag","embeddable":true,"href":"https:\/\/www.ull.es\/portal\/noticias\/wp-json\/wp\/v2\/tags?post=13839"}],"curies":[{"name":"wp","href":"https:\/\/api.w.org\/{rel}","templated":true}]}}