{"id":13840,"date":"2005-07-01T00:00:00","date_gmt":"2005-07-01T00:00:00","guid":{"rendered":"http:\/\/ddigital.webs.ull.es\/espaa-es-lder-en-factores-medioambientales-y-humanos-en-turismo-pero-es-la-ltima-en-precios\/"},"modified":"2005-07-01T00:00:00","modified_gmt":"2005-07-01T00:00:00","slug":"espaa-es-lder-en-factores-medioambientales-y-humanos-en-turismo-pero-es-la-ltima-en-precios","status":"publish","type":"post","link":"https:\/\/www.ull.es\/portal\/noticias\/2005\/espaa-es-lder-en-factores-medioambientales-y-humanos-en-turismo-pero-es-la-ltima-en-precios\/","title":{"rendered":"Espa\u00f1a es l\u00edder en factores medioambientales y humanos en turismo pero es la \u00faltima en precios"},"content":{"rendered":"<p>Espa&ntilde;a ocupa el puesto l&iacute;der en aplicaci&oacute;n de factores medioambientales, de recursos humanos y sociales (seguridad, sobre todo) en el sector tur&iacute;stico frente al resto de pa&iacute;ses con los que compite, pero sin embargo se sit&uacute;a en el &uacute;ltimo puesto en cuanto al factor precio, ya que no puede equiparar sus costes con pa&iacute;ses como Marruecos o T&uacute;nez.<\/p>\n<p><P align=\"justify\">Esta es una de las conclusiones extra&iacute;das hoy viernes 1 de julio en el V Seminario de Econom&iacute;a Regional, organizado por las dos universidades del archipi&eacute;lago y celebrado en la Facultad de Ciencias Econ&oacute;micas y Empresariales de la Universidad de La Laguna. En este trabajo, suscrito por los profesores Jos&eacute; Ignacio Gonz&aacute;lez, Sandra Morini y Teresa Rodr&iacute;guez, han pretendido medir la competitividad en el sector tur&iacute;stico de Canarias y de todo el conjunto espa&ntilde;ol utilizando modelos de varios te&oacute;ricos.<\/P><P align=\"justify\"><\/P><P align=\"justify\">Para ello, han tenido en cuenta qui&eacute;nes son los pa&iacute;ses de origen (Reino Unido, Alemana y pa&iacute;ses n&oacute;rdicos) y cu&aacute;les son los pa&iacute;ses de destino con los que compite (Bulgaria, Chipre, Malta, Egipto, Croacia, T&uacute;nez, Turqu&iacute;a y Marruecos). Los expertos llegaron a la conclusi&oacute;n de que Bulgaria es el pa&iacute;s m&aacute;s barato de los que compiten con Canarias, seguido de Marruecos, Turqu&iacute;a y T&uacute;nez. De este modo, Chipre, Grecia y Malta resultan menos competitivos. Los pa&iacute;ses mejor posicionados seg&uacute;n los ingresos son Bulgaria, Ruman&iacute;a y Turqu&iacute;a. <\/P><P align=\"justify\"><\/P><P align=\"justify\">Desglosado por categor&iacute;as, las mejores posiciones en establecimientos de tres estrellas la ocupan Bulgaria, Malta y T&uacute;nez, mientras que en esta categor&iacute;a salen peor parados Chipre, Egipto y Grecia, y Canarias se situar&iacute;a en una posici&oacute;n intermedia.<\/P><P align=\"justify\"><\/P><P align=\"justify\">En el caso de las cuatro estrellas las posiciones se mantienen pr&aacute;cticamente igual, salvo el caso de Canarias, que pasar&iacute;a a la cola junto con Chipre y Grecia. Para cinco estrellas, Bulgaria, T&uacute;nez y Turqu&iacute;a estar&iacute;an en los primeros puestos, mientras que en los &uacute;ltimos figurar&iacute;an Chipre, Malta y Grecia.<\/P><P align=\"justify\"><\/P><P align=\"justify\">El &iacute;ndice de competitividad tur&iacute;stica total indica que los pa&iacute;ses mejor posicionados son Espa&ntilde;a, Malta y Chipre, y los peores, Marruecos, Turqu&iacute;a y T&uacute;nez. Una de las docentes autoras del estudio, Teresa Rodr&iacute;guez, destac&oacute; que los pa&iacute;ses m&aacute;s competitivos en precios tienen una competencia global m&aacute;s baja, ya que en este punto se incorpora en el an&aacute;lisis otro tipo de variables, como puede ser el desarrollo tecnol&oacute;gico.<\/P><P align=\"justify\"><\/P><P align=\"justify\">La profesora estableci&oacute; al final de su intervenci&oacute;n tres grupos de pa&iacute;ses. El primero lo configuran los del &aacute;frica del norte, el segundo abarcar&iacute;a los destinos europeos consolidados y el tercero los destinos europeos en expansi&oacute;n. \u00abCanarias deber&aacute; controlar la actuaci&oacute;n de los primeros y de los terceros\u00bb, subray&oacute; la experta, quien a&ntilde;adi&oacute; que \u00abhay que apostar pro la calidad de los servicios y de las infraestructuras, ya que en precios no podemos competir\u00bb.<\/P><B><P><\/P><P>Presentaci&oacute;n<\/P><\/B><P align=\"justify\">En la presentaci&oacute;n del seminario que se desarrollar&aacute; hoy viernes durante todo el d&iacute;a en la Universidad de La Laguna estuvo presente el rector, &aacute;ngel M Guti&eacute;rrez, y el presidente del Gobierno de Canarias, Ad&aacute;n Mart&iacute;n. Mientras que el primero destac&oacute; el empe&ntilde;o de las dos universidades del archipi&eacute;lago por colaborar, como muestra la celebraci&oacute;n de este seminario regional, el segundo realiz&oacute; un pormenorizado an&aacute;lisis de la situaci&oacute;n econ&oacute;mica de Canarias y de sus principales retos.<\/P><P align=\"justify\"><\/P><P align=\"justify\">Para Ad&aacute;n Mart&iacute;n, Canarias debe seguir siendo una econom&iacute;a abierta insertada en el panorama internacional. Los doce millones de turistas al a&ntilde;o con una estancia media de nueve d&iacute;as demuestra, en su opini&oacute;n, la necesidad de rentabilizar el sector tur&iacute;stico tanto desde el punto de vista econ&oacute;mico como social, \u00abmediante un turismo que no pase de moda y permanezca d&eacute;cada tras d&eacute;cada\u00bb. Renovar y crear nuevas infraestructuras e incentivar la innovaci&oacute;n, a la vez que afianzar el capital humano, son \u00abpasos imprescindibles\u00bb que las islas deben dar para consolidarse en el mercado.<\/P><FONT size=\"4\"><P align=\"justify\"><\/P><\/FONT><\/p>\n","protected":false},"excerpt":{"rendered":"<p>Espa&ntilde;a ocupa el puesto l&iacute;der en aplicaci&oacute;n de factores medioambientales, de recursos humanos y sociales (seguridad, sobre todo) en el&#8230;<\/p>\n","protected":false},"author":21,"featured_media":13841,"comment_status":"open","ping_status":"open","sticky":false,"template":"","format":"standard","meta":{"inline_featured_image":false,"footnotes":""},"categories":[350,1],"tags":[],"acf":[],"yoast_head":"<!-- This site is optimized with the Yoast SEO plugin v21.3 - https:\/\/yoast.com\/wordpress\/plugins\/seo\/ -->\n<title>Espa\u00f1a es l\u00edder en factores medioambientales y humanos en turismo pero es la \u00faltima en precios - ULL - Noticias<\/title>\n<meta name=\"robots\" content=\"index, follow, max-snippet:-1, max-image-preview:large, max-video-preview:-1\" \/>\n<link rel=\"canonical\" href=\"https:\/\/www.ull.es\/portal\/noticias\/2005\/espaa-es-lder-en-factores-medioambientales-y-humanos-en-turismo-pero-es-la-ltima-en-precios\/\" \/>\n<meta property=\"og:locale\" content=\"es_ES\" \/>\n<meta property=\"og:type\" content=\"article\" \/>\n<meta property=\"og:title\" content=\"Espa\u00f1a es l\u00edder en factores medioambientales y humanos en turismo pero es la \u00faltima en precios - ULL - Noticias\" \/>\n<meta property=\"og:description\" content=\"Espa&ntilde;a ocupa el puesto l&iacute;der en aplicaci&oacute;n de factores medioambientales, de recursos humanos y sociales (seguridad, sobre todo) en el...\" \/>\n<meta property=\"og:url\" content=\"https:\/\/www.ull.es\/portal\/noticias\/2005\/espaa-es-lder-en-factores-medioambientales-y-humanos-en-turismo-pero-es-la-ltima-en-precios\/\" \/>\n<meta property=\"og:site_name\" content=\"ULL - Noticias\" \/>\n<meta property=\"article:publisher\" content=\"https:\/\/www.facebook.com\/universidaddelalaguna\/\" \/>\n<meta property=\"article:published_time\" content=\"2005-07-01T00:00:00+00:00\" \/>\n<meta property=\"og:image\" content=\"https:\/\/www.ull.es\/portal\/noticias\/wp-content\/uploads\/sites\/13\/2015\/07\/ecocanaria.jpg\" \/>\n\t<meta property=\"og:image:width\" content=\"800\" \/>\n\t<meta property=\"og:image:height\" content=\"534\" \/>\n\t<meta property=\"og:image:type\" content=\"image\/jpeg\" \/>\n<meta name=\"author\" content=\"prensa2\" \/>\n<meta name=\"twitter:card\" content=\"summary_large_image\" \/>\n<meta name=\"twitter:creator\" content=\"@CanalULL\" \/>\n<meta name=\"twitter:site\" content=\"@CanalULL\" \/>\n<meta name=\"twitter:label1\" content=\"Escrito por\" \/>\n\t<meta name=\"twitter:data1\" content=\"prensa2\" \/>\n\t<meta name=\"twitter:label2\" content=\"Tiempo de lectura\" \/>\n\t<meta name=\"twitter:data2\" content=\"4 minutos\" \/>\n<script type=\"application\/ld+json\" class=\"yoast-schema-graph\">{\"@context\":\"https:\/\/schema.org\",\"@graph\":[{\"@type\":\"WebPage\",\"@id\":\"https:\/\/www.ull.es\/portal\/noticias\/2005\/espaa-es-lder-en-factores-medioambientales-y-humanos-en-turismo-pero-es-la-ltima-en-precios\/\",\"url\":\"https:\/\/www.ull.es\/portal\/noticias\/2005\/espaa-es-lder-en-factores-medioambientales-y-humanos-en-turismo-pero-es-la-ltima-en-precios\/\",\"name\":\"Espa\u00f1a es l\u00edder en factores medioambientales y humanos en turismo pero es la \u00faltima en precios - ULL - Noticias\",\"isPartOf\":{\"@id\":\"https:\/\/www.ull.es\/portal\/noticias\/#website\"},\"datePublished\":\"2005-07-01T00:00:00+00:00\",\"dateModified\":\"2005-07-01T00:00:00+00:00\",\"author\":{\"@id\":\"https:\/\/www.ull.es\/portal\/noticias\/#\/schema\/person\/c3b2aa857797592927a03740d6664376\"},\"breadcrumb\":{\"@id\":\"https:\/\/www.ull.es\/portal\/noticias\/2005\/espaa-es-lder-en-factores-medioambientales-y-humanos-en-turismo-pero-es-la-ltima-en-precios\/#breadcrumb\"},\"inLanguage\":\"es\",\"potentialAction\":[{\"@type\":\"ReadAction\",\"target\":[\"https:\/\/www.ull.es\/portal\/noticias\/2005\/espaa-es-lder-en-factores-medioambientales-y-humanos-en-turismo-pero-es-la-ltima-en-precios\/\"]}]},{\"@type\":\"BreadcrumbList\",\"@id\":\"https:\/\/www.ull.es\/portal\/noticias\/2005\/espaa-es-lder-en-factores-medioambientales-y-humanos-en-turismo-pero-es-la-ltima-en-precios\/#breadcrumb\",\"itemListElement\":[{\"@type\":\"ListItem\",\"position\":1,\"name\":\"Portada\",\"item\":\"https:\/\/www.ull.es\/portal\/noticias\/\"},{\"@type\":\"ListItem\",\"position\":2,\"name\":\"Espa\u00f1a es l\u00edder en factores medioambientales y humanos en turismo pero es la \u00faltima en precios\"}]},{\"@type\":\"WebSite\",\"@id\":\"https:\/\/www.ull.es\/portal\/noticias\/#website\",\"url\":\"https:\/\/www.ull.es\/portal\/noticias\/\",\"name\":\"ULL - Noticias\",\"description\":\"\",\"potentialAction\":[{\"@type\":\"SearchAction\",\"target\":{\"@type\":\"EntryPoint\",\"urlTemplate\":\"https:\/\/www.ull.es\/portal\/noticias\/?s={search_term_string}\"},\"query-input\":\"required name=search_term_string\"}],\"inLanguage\":\"es\"},{\"@type\":\"Person\",\"@id\":\"https:\/\/www.ull.es\/portal\/noticias\/#\/schema\/person\/c3b2aa857797592927a03740d6664376\",\"name\":\"prensa2\",\"image\":{\"@type\":\"ImageObject\",\"inLanguage\":\"es\",\"@id\":\"https:\/\/www.ull.es\/portal\/noticias\/#\/schema\/person\/image\/\",\"url\":\"https:\/\/secure.gravatar.com\/avatar\/b58f310a5de5feb33d1e026d2493f23c?s=96&d=mm&r=g\",\"contentUrl\":\"https:\/\/secure.gravatar.com\/avatar\/b58f310a5de5feb33d1e026d2493f23c?s=96&d=mm&r=g\",\"caption\":\"prensa2\"},\"url\":\"https:\/\/www.ull.es\/portal\/noticias\/author\/prensa2\/\"}]}<\/script>\n<!-- \/ Yoast SEO plugin. -->","yoast_head_json":{"title":"Espa\u00f1a es l\u00edder en factores medioambientales y humanos en turismo pero es la \u00faltima en precios - ULL - Noticias","robots":{"index":"index","follow":"follow","max-snippet":"max-snippet:-1","max-image-preview":"max-image-preview:large","max-video-preview":"max-video-preview:-1"},"canonical":"https:\/\/www.ull.es\/portal\/noticias\/2005\/espaa-es-lder-en-factores-medioambientales-y-humanos-en-turismo-pero-es-la-ltima-en-precios\/","og_locale":"es_ES","og_type":"article","og_title":"Espa\u00f1a es l\u00edder en factores medioambientales y humanos en turismo pero es la \u00faltima en precios - ULL - Noticias","og_description":"Espa&ntilde;a ocupa el puesto l&iacute;der en aplicaci&oacute;n de factores medioambientales, de recursos humanos y sociales (seguridad, sobre todo) en el...","og_url":"https:\/\/www.ull.es\/portal\/noticias\/2005\/espaa-es-lder-en-factores-medioambientales-y-humanos-en-turismo-pero-es-la-ltima-en-precios\/","og_site_name":"ULL - Noticias","article_publisher":"https:\/\/www.facebook.com\/universidaddelalaguna\/","article_published_time":"2005-07-01T00:00:00+00:00","og_image":[{"width":800,"height":534,"url":"https:\/\/www.ull.es\/portal\/noticias\/wp-content\/uploads\/sites\/13\/2015\/07\/ecocanaria.jpg","type":"image\/jpeg"}],"author":"prensa2","twitter_card":"summary_large_image","twitter_creator":"@CanalULL","twitter_site":"@CanalULL","twitter_misc":{"Escrito por":"prensa2","Tiempo de lectura":"4 minutos"},"schema":{"@context":"https:\/\/schema.org","@graph":[{"@type":"WebPage","@id":"https:\/\/www.ull.es\/portal\/noticias\/2005\/espaa-es-lder-en-factores-medioambientales-y-humanos-en-turismo-pero-es-la-ltima-en-precios\/","url":"https:\/\/www.ull.es\/portal\/noticias\/2005\/espaa-es-lder-en-factores-medioambientales-y-humanos-en-turismo-pero-es-la-ltima-en-precios\/","name":"Espa\u00f1a es l\u00edder en factores medioambientales y humanos en turismo pero es la \u00faltima en precios - ULL - Noticias","isPartOf":{"@id":"https:\/\/www.ull.es\/portal\/noticias\/#website"},"datePublished":"2005-07-01T00:00:00+00:00","dateModified":"2005-07-01T00:00:00+00:00","author":{"@id":"https:\/\/www.ull.es\/portal\/noticias\/#\/schema\/person\/c3b2aa857797592927a03740d6664376"},"breadcrumb":{"@id":"https:\/\/www.ull.es\/portal\/noticias\/2005\/espaa-es-lder-en-factores-medioambientales-y-humanos-en-turismo-pero-es-la-ltima-en-precios\/#breadcrumb"},"inLanguage":"es","potentialAction":[{"@type":"ReadAction","target":["https:\/\/www.ull.es\/portal\/noticias\/2005\/espaa-es-lder-en-factores-medioambientales-y-humanos-en-turismo-pero-es-la-ltima-en-precios\/"]}]},{"@type":"BreadcrumbList","@id":"https:\/\/www.ull.es\/portal\/noticias\/2005\/espaa-es-lder-en-factores-medioambientales-y-humanos-en-turismo-pero-es-la-ltima-en-precios\/#breadcrumb","itemListElement":[{"@type":"ListItem","position":1,"name":"Portada","item":"https:\/\/www.ull.es\/portal\/noticias\/"},{"@type":"ListItem","position":2,"name":"Espa\u00f1a es l\u00edder en factores medioambientales y humanos en turismo pero es la \u00faltima en precios"}]},{"@type":"WebSite","@id":"https:\/\/www.ull.es\/portal\/noticias\/#website","url":"https:\/\/www.ull.es\/portal\/noticias\/","name":"ULL - Noticias","description":"","potentialAction":[{"@type":"SearchAction","target":{"@type":"EntryPoint","urlTemplate":"https:\/\/www.ull.es\/portal\/noticias\/?s={search_term_string}"},"query-input":"required name=search_term_string"}],"inLanguage":"es"},{"@type":"Person","@id":"https:\/\/www.ull.es\/portal\/noticias\/#\/schema\/person\/c3b2aa857797592927a03740d6664376","name":"prensa2","image":{"@type":"ImageObject","inLanguage":"es","@id":"https:\/\/www.ull.es\/portal\/noticias\/#\/schema\/person\/image\/","url":"https:\/\/secure.gravatar.com\/avatar\/b58f310a5de5feb33d1e026d2493f23c?s=96&d=mm&r=g","contentUrl":"https:\/\/secure.gravatar.com\/avatar\/b58f310a5de5feb33d1e026d2493f23c?s=96&d=mm&r=g","caption":"prensa2"},"url":"https:\/\/www.ull.es\/portal\/noticias\/author\/prensa2\/"}]}},"primary_category":null,"featured_image_thumbnail_url":"https:\/\/www.ull.es\/portal\/noticias\/wp-content\/uploads\/sites\/13\/2015\/07\/ecocanaria-300x200.jpg","_links":{"self":[{"href":"https:\/\/www.ull.es\/portal\/noticias\/wp-json\/wp\/v2\/posts\/13840"}],"collection":[{"href":"https:\/\/www.ull.es\/portal\/noticias\/wp-json\/wp\/v2\/posts"}],"about":[{"href":"https:\/\/www.ull.es\/portal\/noticias\/wp-json\/wp\/v2\/types\/post"}],"author":[{"embeddable":true,"href":"https:\/\/www.ull.es\/portal\/noticias\/wp-json\/wp\/v2\/users\/21"}],"replies":[{"embeddable":true,"href":"https:\/\/www.ull.es\/portal\/noticias\/wp-json\/wp\/v2\/comments?post=13840"}],"version-history":[{"count":0,"href":"https:\/\/www.ull.es\/portal\/noticias\/wp-json\/wp\/v2\/posts\/13840\/revisions"}],"wp:featuredmedia":[{"embeddable":true,"href":"https:\/\/www.ull.es\/portal\/noticias\/wp-json\/wp\/v2\/media\/13841"}],"wp:attachment":[{"href":"https:\/\/www.ull.es\/portal\/noticias\/wp-json\/wp\/v2\/media?parent=13840"}],"wp:term":[{"taxonomy":"category","embeddable":true,"href":"https:\/\/www.ull.es\/portal\/noticias\/wp-json\/wp\/v2\/categories?post=13840"},{"taxonomy":"post_tag","embeddable":true,"href":"https:\/\/www.ull.es\/portal\/noticias\/wp-json\/wp\/v2\/tags?post=13840"}],"curies":[{"name":"wp","href":"https:\/\/api.w.org\/{rel}","templated":true}]}}