{"id":14640,"date":"2005-05-04T00:00:00","date_gmt":"2005-05-04T00:00:00","guid":{"rendered":"http:\/\/ddigital.webs.ull.es\/la-revista-tmpora-homenajea-al-profesor-lvaro-de-mello-por-su-jubilacin\/"},"modified":"2005-05-04T00:00:00","modified_gmt":"2005-05-04T00:00:00","slug":"la-revista-tmpora-homenajea-al-profesor-lvaro-de-mello-por-su-jubilacin","status":"publish","type":"post","link":"https:\/\/www.ull.es\/portal\/noticias\/2005\/la-revista-tmpora-homenajea-al-profesor-lvaro-de-mello-por-su-jubilacin\/","title":{"rendered":"La revista T\u00e9mpora homenajea al profesor \u00e1lvaro de Mello por su jubilaci\u00f3n"},"content":{"rendered":"<p>El Servicio de Publicaciones de la Universidad de La Laguna (SPULL) acaba de editar el n&uacute;mero 7 de<EM> T&eacute;mpora. Revista de historia y sociolog&iacute;a de la educaci&oacute;n<\/EM>. Esta entrega modifica su estructura habitual para convertirse en un homenaje al profesor &aacute;lvaro J. De Mello Sousa Nevoa, recientemente jubilado. Por ello, gran parte de este n&uacute;mero recopila las lecciones magistrales que varios profesores del departamento de Sociolog&iacute;a ofrecieron en sus respectivas oposiciones para obtener la titularidad, en todas las cuales el homenajeado actu&oacute; como presidente de tribunal.<\/p>\n<p><P>Abre el volumen el propio De Mello, con un escrito titulado <EM>En defensa de la Universidad<\/EM>, en el que hace balance de las diferentes etapas que vivi&oacute; durante los veintis&eacute;is a&ntilde;os en los que ejerci&oacute; como docente. En el volumen tambi&eacute;n participa Jos&eacute; Abu Tarbush, que fue secretario del departamento de Sociolog&iacute;a cuando el profesor homenajeado lo dirig&iacute;a, con un texto que analiza la actual supremac&iacute;a pol&iacute;tica de los Estado Unidos.<\/P><P>El resto de aportaciones es de muy variada tem&aacute;tica, aunque siempre con una orientaci&oacute;n claramente sociol&oacute;gica. As&iacute;, por citar algunos ejemplos, Leopoldo Cabrera estudia el comportamiento pol&iacute;tico del alumnado de la ULL; Jos&eacute; Luis Castilla diserta sobre <EM>La izquierda y el giro cultural<\/EM>; y M del Mar Noda analiza la interrelaci&oacute;n entre la sociedad y la educaci&oacute;n. <\/P><P>El homenaje se inserta en la secci&oacute;n denominada Estudios de Sociolog&iacute;a. Contiene ocho art&iacute;culos y supone la pr&aacute;ctica totalidad del volumen, pues fuera de ella solamente hay una recensi&oacute;n de una obra de Pierre Bourdieu, firmada por Jos&eacute; Saturnino Mart&iacute;nez. La revista T&eacute;mpora se vende a 14 euros en las propias dependencias del SPULL, ubicadas en el edificio central de la universidad, y en librer&iacute;as especializadas.<BR><\/P><\/p>\n","protected":false},"excerpt":{"rendered":"<p>El Servicio de Publicaciones de la Universidad de La Laguna (SPULL) acaba de editar el n&uacute;mero 7 de T&eacute;mpora. Revista&#8230;<\/p>\n","protected":false},"author":21,"featured_media":14641,"comment_status":"open","ping_status":"open","sticky":false,"template":"","format":"standard","meta":{"inline_featured_image":false,"footnotes":""},"categories":[344,1],"tags":[],"acf":[],"yoast_head":"<!-- This site is optimized with the Yoast SEO plugin v21.3 - https:\/\/yoast.com\/wordpress\/plugins\/seo\/ -->\n<title>La revista T\u00e9mpora homenajea al profesor \u00e1lvaro de Mello por su jubilaci\u00f3n - ULL - Noticias<\/title>\n<meta name=\"robots\" content=\"index, follow, max-snippet:-1, max-image-preview:large, max-video-preview:-1\" \/>\n<link rel=\"canonical\" href=\"https:\/\/www.ull.es\/portal\/noticias\/2005\/la-revista-tmpora-homenajea-al-profesor-lvaro-de-mello-por-su-jubilacin\/\" \/>\n<meta property=\"og:locale\" content=\"es_ES\" \/>\n<meta property=\"og:type\" content=\"article\" \/>\n<meta property=\"og:title\" content=\"La revista T\u00e9mpora homenajea al profesor \u00e1lvaro de Mello por su jubilaci\u00f3n - ULL - Noticias\" \/>\n<meta property=\"og:description\" content=\"El Servicio de Publicaciones de la Universidad de La Laguna (SPULL) acaba de editar el n&uacute;mero 7 de T&eacute;mpora. Revista...\" \/>\n<meta property=\"og:url\" content=\"https:\/\/www.ull.es\/portal\/noticias\/2005\/la-revista-tmpora-homenajea-al-profesor-lvaro-de-mello-por-su-jubilacin\/\" \/>\n<meta property=\"og:site_name\" content=\"ULL - Noticias\" \/>\n<meta property=\"article:publisher\" content=\"https:\/\/www.facebook.com\/universidaddelalaguna\/\" \/>\n<meta property=\"article:published_time\" content=\"2005-05-04T00:00:00+00:00\" \/>\n<meta property=\"og:image\" content=\"https:\/\/www.ull.es\/portal\/noticias\/wp-content\/uploads\/sites\/13\/2015\/07\/tempora7.jpg\" \/>\n\t<meta property=\"og:image:width\" content=\"563\" \/>\n\t<meta property=\"og:image:height\" content=\"800\" \/>\n\t<meta property=\"og:image:type\" content=\"image\/jpeg\" \/>\n<meta name=\"author\" content=\"prensa2\" \/>\n<meta name=\"twitter:card\" content=\"summary_large_image\" \/>\n<meta name=\"twitter:creator\" content=\"@CanalULL\" \/>\n<meta name=\"twitter:site\" content=\"@CanalULL\" \/>\n<meta name=\"twitter:label1\" content=\"Escrito por\" \/>\n\t<meta name=\"twitter:data1\" content=\"prensa2\" \/>\n\t<meta name=\"twitter:label2\" content=\"Tiempo de lectura\" \/>\n\t<meta name=\"twitter:data2\" content=\"2 minutos\" \/>\n<script type=\"application\/ld+json\" class=\"yoast-schema-graph\">{\"@context\":\"https:\/\/schema.org\",\"@graph\":[{\"@type\":\"WebPage\",\"@id\":\"https:\/\/www.ull.es\/portal\/noticias\/2005\/la-revista-tmpora-homenajea-al-profesor-lvaro-de-mello-por-su-jubilacin\/\",\"url\":\"https:\/\/www.ull.es\/portal\/noticias\/2005\/la-revista-tmpora-homenajea-al-profesor-lvaro-de-mello-por-su-jubilacin\/\",\"name\":\"La revista T\u00e9mpora homenajea al profesor \u00e1lvaro de Mello por su jubilaci\u00f3n - ULL - Noticias\",\"isPartOf\":{\"@id\":\"https:\/\/www.ull.es\/portal\/noticias\/#website\"},\"datePublished\":\"2005-05-04T00:00:00+00:00\",\"dateModified\":\"2005-05-04T00:00:00+00:00\",\"author\":{\"@id\":\"https:\/\/www.ull.es\/portal\/noticias\/#\/schema\/person\/c3b2aa857797592927a03740d6664376\"},\"breadcrumb\":{\"@id\":\"https:\/\/www.ull.es\/portal\/noticias\/2005\/la-revista-tmpora-homenajea-al-profesor-lvaro-de-mello-por-su-jubilacin\/#breadcrumb\"},\"inLanguage\":\"es\",\"potentialAction\":[{\"@type\":\"ReadAction\",\"target\":[\"https:\/\/www.ull.es\/portal\/noticias\/2005\/la-revista-tmpora-homenajea-al-profesor-lvaro-de-mello-por-su-jubilacin\/\"]}]},{\"@type\":\"BreadcrumbList\",\"@id\":\"https:\/\/www.ull.es\/portal\/noticias\/2005\/la-revista-tmpora-homenajea-al-profesor-lvaro-de-mello-por-su-jubilacin\/#breadcrumb\",\"itemListElement\":[{\"@type\":\"ListItem\",\"position\":1,\"name\":\"Portada\",\"item\":\"https:\/\/www.ull.es\/portal\/noticias\/\"},{\"@type\":\"ListItem\",\"position\":2,\"name\":\"La revista T\u00e9mpora homenajea al profesor \u00e1lvaro de Mello por su jubilaci\u00f3n\"}]},{\"@type\":\"WebSite\",\"@id\":\"https:\/\/www.ull.es\/portal\/noticias\/#website\",\"url\":\"https:\/\/www.ull.es\/portal\/noticias\/\",\"name\":\"ULL - Noticias\",\"description\":\"\",\"potentialAction\":[{\"@type\":\"SearchAction\",\"target\":{\"@type\":\"EntryPoint\",\"urlTemplate\":\"https:\/\/www.ull.es\/portal\/noticias\/?s={search_term_string}\"},\"query-input\":\"required name=search_term_string\"}],\"inLanguage\":\"es\"},{\"@type\":\"Person\",\"@id\":\"https:\/\/www.ull.es\/portal\/noticias\/#\/schema\/person\/c3b2aa857797592927a03740d6664376\",\"name\":\"prensa2\",\"image\":{\"@type\":\"ImageObject\",\"inLanguage\":\"es\",\"@id\":\"https:\/\/www.ull.es\/portal\/noticias\/#\/schema\/person\/image\/\",\"url\":\"https:\/\/secure.gravatar.com\/avatar\/b58f310a5de5feb33d1e026d2493f23c?s=96&d=mm&r=g\",\"contentUrl\":\"https:\/\/secure.gravatar.com\/avatar\/b58f310a5de5feb33d1e026d2493f23c?s=96&d=mm&r=g\",\"caption\":\"prensa2\"},\"url\":\"https:\/\/www.ull.es\/portal\/noticias\/author\/prensa2\/\"}]}<\/script>\n<!-- \/ Yoast SEO plugin. -->","yoast_head_json":{"title":"La revista T\u00e9mpora homenajea al profesor \u00e1lvaro de Mello por su jubilaci\u00f3n - ULL - Noticias","robots":{"index":"index","follow":"follow","max-snippet":"max-snippet:-1","max-image-preview":"max-image-preview:large","max-video-preview":"max-video-preview:-1"},"canonical":"https:\/\/www.ull.es\/portal\/noticias\/2005\/la-revista-tmpora-homenajea-al-profesor-lvaro-de-mello-por-su-jubilacin\/","og_locale":"es_ES","og_type":"article","og_title":"La revista T\u00e9mpora homenajea al profesor \u00e1lvaro de Mello por su jubilaci\u00f3n - ULL - Noticias","og_description":"El Servicio de Publicaciones de la Universidad de La Laguna (SPULL) acaba de editar el n&uacute;mero 7 de T&eacute;mpora. Revista...","og_url":"https:\/\/www.ull.es\/portal\/noticias\/2005\/la-revista-tmpora-homenajea-al-profesor-lvaro-de-mello-por-su-jubilacin\/","og_site_name":"ULL - Noticias","article_publisher":"https:\/\/www.facebook.com\/universidaddelalaguna\/","article_published_time":"2005-05-04T00:00:00+00:00","og_image":[{"width":563,"height":800,"url":"https:\/\/www.ull.es\/portal\/noticias\/wp-content\/uploads\/sites\/13\/2015\/07\/tempora7.jpg","type":"image\/jpeg"}],"author":"prensa2","twitter_card":"summary_large_image","twitter_creator":"@CanalULL","twitter_site":"@CanalULL","twitter_misc":{"Escrito por":"prensa2","Tiempo de lectura":"2 minutos"},"schema":{"@context":"https:\/\/schema.org","@graph":[{"@type":"WebPage","@id":"https:\/\/www.ull.es\/portal\/noticias\/2005\/la-revista-tmpora-homenajea-al-profesor-lvaro-de-mello-por-su-jubilacin\/","url":"https:\/\/www.ull.es\/portal\/noticias\/2005\/la-revista-tmpora-homenajea-al-profesor-lvaro-de-mello-por-su-jubilacin\/","name":"La revista T\u00e9mpora homenajea al profesor \u00e1lvaro de Mello por su jubilaci\u00f3n - ULL - Noticias","isPartOf":{"@id":"https:\/\/www.ull.es\/portal\/noticias\/#website"},"datePublished":"2005-05-04T00:00:00+00:00","dateModified":"2005-05-04T00:00:00+00:00","author":{"@id":"https:\/\/www.ull.es\/portal\/noticias\/#\/schema\/person\/c3b2aa857797592927a03740d6664376"},"breadcrumb":{"@id":"https:\/\/www.ull.es\/portal\/noticias\/2005\/la-revista-tmpora-homenajea-al-profesor-lvaro-de-mello-por-su-jubilacin\/#breadcrumb"},"inLanguage":"es","potentialAction":[{"@type":"ReadAction","target":["https:\/\/www.ull.es\/portal\/noticias\/2005\/la-revista-tmpora-homenajea-al-profesor-lvaro-de-mello-por-su-jubilacin\/"]}]},{"@type":"BreadcrumbList","@id":"https:\/\/www.ull.es\/portal\/noticias\/2005\/la-revista-tmpora-homenajea-al-profesor-lvaro-de-mello-por-su-jubilacin\/#breadcrumb","itemListElement":[{"@type":"ListItem","position":1,"name":"Portada","item":"https:\/\/www.ull.es\/portal\/noticias\/"},{"@type":"ListItem","position":2,"name":"La revista T\u00e9mpora homenajea al profesor \u00e1lvaro de Mello por su jubilaci\u00f3n"}]},{"@type":"WebSite","@id":"https:\/\/www.ull.es\/portal\/noticias\/#website","url":"https:\/\/www.ull.es\/portal\/noticias\/","name":"ULL - Noticias","description":"","potentialAction":[{"@type":"SearchAction","target":{"@type":"EntryPoint","urlTemplate":"https:\/\/www.ull.es\/portal\/noticias\/?s={search_term_string}"},"query-input":"required name=search_term_string"}],"inLanguage":"es"},{"@type":"Person","@id":"https:\/\/www.ull.es\/portal\/noticias\/#\/schema\/person\/c3b2aa857797592927a03740d6664376","name":"prensa2","image":{"@type":"ImageObject","inLanguage":"es","@id":"https:\/\/www.ull.es\/portal\/noticias\/#\/schema\/person\/image\/","url":"https:\/\/secure.gravatar.com\/avatar\/b58f310a5de5feb33d1e026d2493f23c?s=96&d=mm&r=g","contentUrl":"https:\/\/secure.gravatar.com\/avatar\/b58f310a5de5feb33d1e026d2493f23c?s=96&d=mm&r=g","caption":"prensa2"},"url":"https:\/\/www.ull.es\/portal\/noticias\/author\/prensa2\/"}]}},"primary_category":null,"featured_image_thumbnail_url":"https:\/\/www.ull.es\/portal\/noticias\/wp-content\/uploads\/sites\/13\/2015\/07\/tempora7-211x300.jpg","_links":{"self":[{"href":"https:\/\/www.ull.es\/portal\/noticias\/wp-json\/wp\/v2\/posts\/14640"}],"collection":[{"href":"https:\/\/www.ull.es\/portal\/noticias\/wp-json\/wp\/v2\/posts"}],"about":[{"href":"https:\/\/www.ull.es\/portal\/noticias\/wp-json\/wp\/v2\/types\/post"}],"author":[{"embeddable":true,"href":"https:\/\/www.ull.es\/portal\/noticias\/wp-json\/wp\/v2\/users\/21"}],"replies":[{"embeddable":true,"href":"https:\/\/www.ull.es\/portal\/noticias\/wp-json\/wp\/v2\/comments?post=14640"}],"version-history":[{"count":0,"href":"https:\/\/www.ull.es\/portal\/noticias\/wp-json\/wp\/v2\/posts\/14640\/revisions"}],"wp:featuredmedia":[{"embeddable":true,"href":"https:\/\/www.ull.es\/portal\/noticias\/wp-json\/wp\/v2\/media\/14641"}],"wp:attachment":[{"href":"https:\/\/www.ull.es\/portal\/noticias\/wp-json\/wp\/v2\/media?parent=14640"}],"wp:term":[{"taxonomy":"category","embeddable":true,"href":"https:\/\/www.ull.es\/portal\/noticias\/wp-json\/wp\/v2\/categories?post=14640"},{"taxonomy":"post_tag","embeddable":true,"href":"https:\/\/www.ull.es\/portal\/noticias\/wp-json\/wp\/v2\/tags?post=14640"}],"curies":[{"name":"wp","href":"https:\/\/api.w.org\/{rel}","templated":true}]}}