{"id":14913,"date":"2006-11-24T00:00:00","date_gmt":"2006-11-24T00:00:00","guid":{"rendered":"http:\/\/ddigital.webs.ull.es\/la-universidad-inaugura-sus-jornadas-sobre-francofona-homenajeando-al-poeta-y-poltico-lopold-sedar-senghor\/"},"modified":"2006-11-24T00:00:00","modified_gmt":"2006-11-24T00:00:00","slug":"la-universidad-inaugura-sus-jornadas-sobre-francofona-homenajeando-al-poeta-y-poltico-lopold-sedar-senghor","status":"publish","type":"post","link":"https:\/\/www.ull.es\/portal\/noticias\/2006\/la-universidad-inaugura-sus-jornadas-sobre-francofona-homenajeando-al-poeta-y-poltico-lopold-sedar-senghor\/","title":{"rendered":"La universidad inaugura sus jornadas sobre francofon\u00eda homenajeando al poeta y pol\u00edtico L\u00e9opold-Sedar Senghor"},"content":{"rendered":"<p>La Universidad de La Laguna inaugura el pr&oacute;ximo lunes 27 de noviembre sus primeras jornadas dedicadas a la francofon&iacute;a, que se desarrollar&aacute;n durante toda la semana en la sala de conferencias de la Biblioteca Universitaria en Guajara. Esta iniciativa est&aacute; dedicada monogr&aacute;ficamente a la figura del poeta y pol&iacute;tico senegal&eacute;s L&eacute;opold-S&eacute;dar Senghor con motivo del centenario de su nacimiento.<\/p>\n<p><P>L&eacute;opold Sedar Senghor fue acad&eacute;mico de la lengua francesa y presidente de Senegal entre 1960 y 1980. Fue co-creador del concepto cultural de \u00abNegritud\u00bb, junto a los poetas Aim&eacute; C&eacute;saire de Martinica y L&eacute;on-Gontran Damas de Guayana, en el ambiente estudiantil del Par&iacute;s de los a&ntilde;os 1930. Los tres coinciden en afirmar la grandeza de la historia y la civilizaci&oacute;n negra frente a un Occidente que las desde&ntilde;aba. Para los creadores de la Negritud no exist&iacute;a una esencia negra, pero ve&iacute;an en la identidad negra y el conjunto de valores culturales del mundo negro un motivo de orgullo. El eco de las voces de la Negritud traspasar&iacute;a progresivamente las fronteras del mundo negro y franc&oacute;fono.<\/P><P>Senghor fue tambi&eacute;n promotor en la creaci&oacute;n de la Francofon&iacute;a y sus instituciones. Se trata de una figura puente entre Europa y &aacute;frica, que apost&oacute; por una sociedad senegalesa plural y respetuosa con todas las creencias e intent&oacute; estrechar lazos con el viejo continente ala vez que reivindicaba los valores de &aacute;frica y sus gentes. Este ambicioso evento est&aacute; auspiciado por el Centro de Estudios Africanos de la ULL, y en &eacute;l colaboran varias entidades de la instituci&oacute;n acad&eacute;mica: la Biblioteca Universitaria, la Facultad de Filolog&iacute;a, el Departamento de Filolog&iacute;a Francesa y Rom&aacute;nica y, ya fuera del &aacute;mbito de la ULL, &aacute;frica Infomarket. <\/P><P>Este encuentro es de matr&iacute;cula gratuita y convalidable por un cr&eacute;dito de libre elecci&oacute;n, pero es necesario formalizar la inscripci&oacute;n ya que sus plazas est&aacute;n limitadas a 60. Durante las jornadas intervendr&aacute;n seis conferenciantes de &aacute;mbito nacional y senegal&eacute;s, se inaugurar&aacute; una muestra bibliogr&aacute;fica sobre la obra de Senghor, se presentar&aacute; una traducci&oacute;n de una selecci&oacute;n de obras po&eacute;ticas del homenajeado, y la Agrupaci&oacute;n de Teatro de Filolog&iacute;a representar&aacute; un poema dram&aacute;tico del autor.<\/P><P>El programa se abrir&aacute; el lunes 27 de noviembre con un acto a las 12:30 horas, al que seguir&aacute; una conferencia de Javier del Prado Biezma, de la Universidad Complutense de Madrid, sobre la obra po&eacute;tica de Senghor. El martes 28 intervendr&aacute; a las 12 horas el profesor de la ULL Antonio &aacute;lvarez de a Rosa, con la conferencia titulada \u00abLiteratura y Mestizaje\u00bb.<\/P><P>El mi&eacute;rcoles 29 las jornadas comenzar&aacute;n a las 11 horas con la intervenci&oacute;n de Patricia Pareja R&iacute;os, de la ULL, acerca de los conceptos de Negritud y Surrealismo en la obra del autor homenajeado. A las 12:30 Gustave Voltaire Diouss&eacute;, doctorando de la ULL procedente de Senegal, hablar&aacute; acerca de la pol&iacute;tica ling&iacute;stica en Senegal desde 1960 hasta nuestros d&iacute;as.<\/P><P>El jueves 30 la primera intervenci&oacute;n, a las 11 horas, correr&aacute; a cargo del profesor de la ULL Jos&eacute; Manuel Cruz Rodr&iacute;guez, que se ocupar&aacute; del concepto de negritud y las convergencias y divergencias entre Senghor y Aim&eacute; C&eacute;saire. A las 12 horas, la Agrupaci&oacute;n de Teatro de Filolog&iacute;a representar&aacute; en el Aula Magna de la Escuela Universitaria de Ciencias Empresariales el poema dram&aacute;tico \u00abChaka\u00bb.<\/P><P>El viernes 1 de diciembre la conferencia de clausura, a las 12 horas, estar&aacute; dictada por Begong Bodoli Betina, de la Universidad Gaston Berger de Saint-Louis (Senegal), en la que relalizar&aacute; una semblanza de \u00abLopold-S&eacute;dar Senghor: un hombre universal\u00bb.<\/P><\/p>\n","protected":false},"excerpt":{"rendered":"<p>La Universidad de La Laguna inaugura el pr&oacute;ximo lunes 27 de noviembre sus primeras jornadas dedicadas a la francofon&iacute;a, que&#8230;<\/p>\n","protected":false},"author":21,"featured_media":14914,"comment_status":"open","ping_status":"open","sticky":false,"template":"","format":"standard","meta":{"inline_featured_image":false,"footnotes":""},"categories":[344,1],"tags":[],"acf":[],"yoast_head":"<!-- This site is optimized with the Yoast SEO plugin v21.3 - https:\/\/yoast.com\/wordpress\/plugins\/seo\/ -->\n<title>La universidad inaugura sus jornadas sobre francofon\u00eda homenajeando al poeta y pol\u00edtico L\u00e9opold-Sedar Senghor - ULL - Noticias<\/title>\n<meta name=\"robots\" content=\"index, follow, max-snippet:-1, max-image-preview:large, max-video-preview:-1\" \/>\n<link rel=\"canonical\" href=\"https:\/\/www.ull.es\/portal\/noticias\/2006\/la-universidad-inaugura-sus-jornadas-sobre-francofona-homenajeando-al-poeta-y-poltico-lopold-sedar-senghor\/\" \/>\n<meta property=\"og:locale\" content=\"es_ES\" \/>\n<meta property=\"og:type\" content=\"article\" \/>\n<meta property=\"og:title\" content=\"La universidad inaugura sus jornadas sobre francofon\u00eda homenajeando al poeta y pol\u00edtico L\u00e9opold-Sedar Senghor - ULL - Noticias\" \/>\n<meta property=\"og:description\" content=\"La Universidad de La Laguna inaugura el pr&oacute;ximo lunes 27 de noviembre sus primeras jornadas dedicadas a la francofon&iacute;a, que...\" \/>\n<meta property=\"og:url\" content=\"https:\/\/www.ull.es\/portal\/noticias\/2006\/la-universidad-inaugura-sus-jornadas-sobre-francofona-homenajeando-al-poeta-y-poltico-lopold-sedar-senghor\/\" \/>\n<meta property=\"og:site_name\" content=\"ULL - Noticias\" \/>\n<meta property=\"article:publisher\" content=\"https:\/\/www.facebook.com\/universidaddelalaguna\/\" \/>\n<meta property=\"article:published_time\" content=\"2006-11-24T00:00:00+00:00\" \/>\n<meta property=\"og:image\" content=\"https:\/\/www.ull.es\/portal\/noticias\/wp-content\/uploads\/sites\/13\/2015\/07\/senghor.jpg\" \/>\n\t<meta property=\"og:image:width\" content=\"800\" \/>\n\t<meta property=\"og:image:height\" content=\"380\" \/>\n\t<meta property=\"og:image:type\" content=\"image\/jpeg\" \/>\n<meta name=\"author\" content=\"prensa2\" \/>\n<meta name=\"twitter:card\" content=\"summary_large_image\" \/>\n<meta name=\"twitter:creator\" content=\"@CanalULL\" \/>\n<meta name=\"twitter:site\" content=\"@CanalULL\" \/>\n<meta name=\"twitter:label1\" content=\"Escrito por\" \/>\n\t<meta name=\"twitter:data1\" content=\"prensa2\" \/>\n\t<meta name=\"twitter:label2\" content=\"Tiempo de lectura\" \/>\n\t<meta name=\"twitter:data2\" content=\"4 minutos\" \/>\n<script type=\"application\/ld+json\" class=\"yoast-schema-graph\">{\"@context\":\"https:\/\/schema.org\",\"@graph\":[{\"@type\":\"WebPage\",\"@id\":\"https:\/\/www.ull.es\/portal\/noticias\/2006\/la-universidad-inaugura-sus-jornadas-sobre-francofona-homenajeando-al-poeta-y-poltico-lopold-sedar-senghor\/\",\"url\":\"https:\/\/www.ull.es\/portal\/noticias\/2006\/la-universidad-inaugura-sus-jornadas-sobre-francofona-homenajeando-al-poeta-y-poltico-lopold-sedar-senghor\/\",\"name\":\"La universidad inaugura sus jornadas sobre francofon\u00eda homenajeando al poeta y pol\u00edtico L\u00e9opold-Sedar Senghor - ULL - Noticias\",\"isPartOf\":{\"@id\":\"https:\/\/www.ull.es\/portal\/noticias\/#website\"},\"datePublished\":\"2006-11-24T00:00:00+00:00\",\"dateModified\":\"2006-11-24T00:00:00+00:00\",\"author\":{\"@id\":\"https:\/\/www.ull.es\/portal\/noticias\/#\/schema\/person\/c3b2aa857797592927a03740d6664376\"},\"breadcrumb\":{\"@id\":\"https:\/\/www.ull.es\/portal\/noticias\/2006\/la-universidad-inaugura-sus-jornadas-sobre-francofona-homenajeando-al-poeta-y-poltico-lopold-sedar-senghor\/#breadcrumb\"},\"inLanguage\":\"es\",\"potentialAction\":[{\"@type\":\"ReadAction\",\"target\":[\"https:\/\/www.ull.es\/portal\/noticias\/2006\/la-universidad-inaugura-sus-jornadas-sobre-francofona-homenajeando-al-poeta-y-poltico-lopold-sedar-senghor\/\"]}]},{\"@type\":\"BreadcrumbList\",\"@id\":\"https:\/\/www.ull.es\/portal\/noticias\/2006\/la-universidad-inaugura-sus-jornadas-sobre-francofona-homenajeando-al-poeta-y-poltico-lopold-sedar-senghor\/#breadcrumb\",\"itemListElement\":[{\"@type\":\"ListItem\",\"position\":1,\"name\":\"Portada\",\"item\":\"https:\/\/www.ull.es\/portal\/noticias\/\"},{\"@type\":\"ListItem\",\"position\":2,\"name\":\"La universidad inaugura sus jornadas sobre francofon\u00eda homenajeando al poeta y pol\u00edtico L\u00e9opold-Sedar Senghor\"}]},{\"@type\":\"WebSite\",\"@id\":\"https:\/\/www.ull.es\/portal\/noticias\/#website\",\"url\":\"https:\/\/www.ull.es\/portal\/noticias\/\",\"name\":\"ULL - Noticias\",\"description\":\"\",\"potentialAction\":[{\"@type\":\"SearchAction\",\"target\":{\"@type\":\"EntryPoint\",\"urlTemplate\":\"https:\/\/www.ull.es\/portal\/noticias\/?s={search_term_string}\"},\"query-input\":\"required name=search_term_string\"}],\"inLanguage\":\"es\"},{\"@type\":\"Person\",\"@id\":\"https:\/\/www.ull.es\/portal\/noticias\/#\/schema\/person\/c3b2aa857797592927a03740d6664376\",\"name\":\"prensa2\",\"image\":{\"@type\":\"ImageObject\",\"inLanguage\":\"es\",\"@id\":\"https:\/\/www.ull.es\/portal\/noticias\/#\/schema\/person\/image\/\",\"url\":\"https:\/\/secure.gravatar.com\/avatar\/b58f310a5de5feb33d1e026d2493f23c?s=96&d=mm&r=g\",\"contentUrl\":\"https:\/\/secure.gravatar.com\/avatar\/b58f310a5de5feb33d1e026d2493f23c?s=96&d=mm&r=g\",\"caption\":\"prensa2\"},\"url\":\"https:\/\/www.ull.es\/portal\/noticias\/author\/prensa2\/\"}]}<\/script>\n<!-- \/ Yoast SEO plugin. -->","yoast_head_json":{"title":"La universidad inaugura sus jornadas sobre francofon\u00eda homenajeando al poeta y pol\u00edtico L\u00e9opold-Sedar Senghor - ULL - Noticias","robots":{"index":"index","follow":"follow","max-snippet":"max-snippet:-1","max-image-preview":"max-image-preview:large","max-video-preview":"max-video-preview:-1"},"canonical":"https:\/\/www.ull.es\/portal\/noticias\/2006\/la-universidad-inaugura-sus-jornadas-sobre-francofona-homenajeando-al-poeta-y-poltico-lopold-sedar-senghor\/","og_locale":"es_ES","og_type":"article","og_title":"La universidad inaugura sus jornadas sobre francofon\u00eda homenajeando al poeta y pol\u00edtico L\u00e9opold-Sedar Senghor - ULL - Noticias","og_description":"La Universidad de La Laguna inaugura el pr&oacute;ximo lunes 27 de noviembre sus primeras jornadas dedicadas a la francofon&iacute;a, que...","og_url":"https:\/\/www.ull.es\/portal\/noticias\/2006\/la-universidad-inaugura-sus-jornadas-sobre-francofona-homenajeando-al-poeta-y-poltico-lopold-sedar-senghor\/","og_site_name":"ULL - Noticias","article_publisher":"https:\/\/www.facebook.com\/universidaddelalaguna\/","article_published_time":"2006-11-24T00:00:00+00:00","og_image":[{"width":800,"height":380,"url":"https:\/\/www.ull.es\/portal\/noticias\/wp-content\/uploads\/sites\/13\/2015\/07\/senghor.jpg","type":"image\/jpeg"}],"author":"prensa2","twitter_card":"summary_large_image","twitter_creator":"@CanalULL","twitter_site":"@CanalULL","twitter_misc":{"Escrito por":"prensa2","Tiempo de lectura":"4 minutos"},"schema":{"@context":"https:\/\/schema.org","@graph":[{"@type":"WebPage","@id":"https:\/\/www.ull.es\/portal\/noticias\/2006\/la-universidad-inaugura-sus-jornadas-sobre-francofona-homenajeando-al-poeta-y-poltico-lopold-sedar-senghor\/","url":"https:\/\/www.ull.es\/portal\/noticias\/2006\/la-universidad-inaugura-sus-jornadas-sobre-francofona-homenajeando-al-poeta-y-poltico-lopold-sedar-senghor\/","name":"La universidad inaugura sus jornadas sobre francofon\u00eda homenajeando al poeta y pol\u00edtico L\u00e9opold-Sedar Senghor - ULL - Noticias","isPartOf":{"@id":"https:\/\/www.ull.es\/portal\/noticias\/#website"},"datePublished":"2006-11-24T00:00:00+00:00","dateModified":"2006-11-24T00:00:00+00:00","author":{"@id":"https:\/\/www.ull.es\/portal\/noticias\/#\/schema\/person\/c3b2aa857797592927a03740d6664376"},"breadcrumb":{"@id":"https:\/\/www.ull.es\/portal\/noticias\/2006\/la-universidad-inaugura-sus-jornadas-sobre-francofona-homenajeando-al-poeta-y-poltico-lopold-sedar-senghor\/#breadcrumb"},"inLanguage":"es","potentialAction":[{"@type":"ReadAction","target":["https:\/\/www.ull.es\/portal\/noticias\/2006\/la-universidad-inaugura-sus-jornadas-sobre-francofona-homenajeando-al-poeta-y-poltico-lopold-sedar-senghor\/"]}]},{"@type":"BreadcrumbList","@id":"https:\/\/www.ull.es\/portal\/noticias\/2006\/la-universidad-inaugura-sus-jornadas-sobre-francofona-homenajeando-al-poeta-y-poltico-lopold-sedar-senghor\/#breadcrumb","itemListElement":[{"@type":"ListItem","position":1,"name":"Portada","item":"https:\/\/www.ull.es\/portal\/noticias\/"},{"@type":"ListItem","position":2,"name":"La universidad inaugura sus jornadas sobre francofon\u00eda homenajeando al poeta y pol\u00edtico L\u00e9opold-Sedar Senghor"}]},{"@type":"WebSite","@id":"https:\/\/www.ull.es\/portal\/noticias\/#website","url":"https:\/\/www.ull.es\/portal\/noticias\/","name":"ULL - Noticias","description":"","potentialAction":[{"@type":"SearchAction","target":{"@type":"EntryPoint","urlTemplate":"https:\/\/www.ull.es\/portal\/noticias\/?s={search_term_string}"},"query-input":"required name=search_term_string"}],"inLanguage":"es"},{"@type":"Person","@id":"https:\/\/www.ull.es\/portal\/noticias\/#\/schema\/person\/c3b2aa857797592927a03740d6664376","name":"prensa2","image":{"@type":"ImageObject","inLanguage":"es","@id":"https:\/\/www.ull.es\/portal\/noticias\/#\/schema\/person\/image\/","url":"https:\/\/secure.gravatar.com\/avatar\/b58f310a5de5feb33d1e026d2493f23c?s=96&d=mm&r=g","contentUrl":"https:\/\/secure.gravatar.com\/avatar\/b58f310a5de5feb33d1e026d2493f23c?s=96&d=mm&r=g","caption":"prensa2"},"url":"https:\/\/www.ull.es\/portal\/noticias\/author\/prensa2\/"}]}},"primary_category":null,"featured_image_thumbnail_url":"https:\/\/www.ull.es\/portal\/noticias\/wp-content\/uploads\/sites\/13\/2015\/07\/senghor-300x143.jpg","_links":{"self":[{"href":"https:\/\/www.ull.es\/portal\/noticias\/wp-json\/wp\/v2\/posts\/14913"}],"collection":[{"href":"https:\/\/www.ull.es\/portal\/noticias\/wp-json\/wp\/v2\/posts"}],"about":[{"href":"https:\/\/www.ull.es\/portal\/noticias\/wp-json\/wp\/v2\/types\/post"}],"author":[{"embeddable":true,"href":"https:\/\/www.ull.es\/portal\/noticias\/wp-json\/wp\/v2\/users\/21"}],"replies":[{"embeddable":true,"href":"https:\/\/www.ull.es\/portal\/noticias\/wp-json\/wp\/v2\/comments?post=14913"}],"version-history":[{"count":0,"href":"https:\/\/www.ull.es\/portal\/noticias\/wp-json\/wp\/v2\/posts\/14913\/revisions"}],"wp:featuredmedia":[{"embeddable":true,"href":"https:\/\/www.ull.es\/portal\/noticias\/wp-json\/wp\/v2\/media\/14914"}],"wp:attachment":[{"href":"https:\/\/www.ull.es\/portal\/noticias\/wp-json\/wp\/v2\/media?parent=14913"}],"wp:term":[{"taxonomy":"category","embeddable":true,"href":"https:\/\/www.ull.es\/portal\/noticias\/wp-json\/wp\/v2\/categories?post=14913"},{"taxonomy":"post_tag","embeddable":true,"href":"https:\/\/www.ull.es\/portal\/noticias\/wp-json\/wp\/v2\/tags?post=14913"}],"curies":[{"name":"wp","href":"https:\/\/api.w.org\/{rel}","templated":true}]}}