{"id":15094,"date":"2008-03-17T00:00:00","date_gmt":"2008-03-17T00:00:00","guid":{"rendered":"http:\/\/ddigital.webs.ull.es\/una-exposicin-muestra-a-los-ganadores-y-finalistas-en-el-premio-de-fotografa-de-la-ull-rafael-ramos-garca\/"},"modified":"2008-03-17T00:00:00","modified_gmt":"2008-03-17T00:00:00","slug":"una-exposicin-muestra-a-los-ganadores-y-finalistas-en-el-premio-de-fotografa-de-la-ull-rafael-ramos-garca","status":"publish","type":"post","link":"https:\/\/www.ull.es\/portal\/noticias\/2008\/una-exposicin-muestra-a-los-ganadores-y-finalistas-en-el-premio-de-fotografa-de-la-ull-rafael-ramos-garca\/","title":{"rendered":"Una exposici\u00f3n muestra a los ganadores y finalistas en el Premio de Fotograf\u00eda de la ULL Rafael Ramos Garc\u00eda"},"content":{"rendered":"<p>El XII Premio Internacional de Fotograf&iacute;a Rafael Ramos Garc&iacute;a, que organiza anualmente el Vicerrectorado de Relaciones Universidad y Sociedad de la ULL, se ha convertido en un galard&oacute;n con cada vez m&aacute;s proyecci&oacute;n y prestigio, como lo demuestra su creciente n&oacute;mina de participantes de varias nacionalidades. El pasado viernes, 14 de marzo de 2008 a las 20:30 horas, se inaugur&oacute; en el Centro de Fotograf&iacute;a Isla de Tenerife una exposici&oacute;n en la que se muestran las obras ganadoras y una selecci&oacute;n de trabajos presentados, la cual permanecer&aacute; abierta hasta el 5 de abril, en horario de 11 a 13 y de 18 a 21 horas, de lunes a s&aacute;bados.<\/p>\n<p><P>En total se exponen 74 fotograf&iacute;as, divididas en 15 series y 14 obras individuales, de un total de 234 trabajos presentados a concurso, procedentes de Brasil, Argentina, Portugal y Espa&ntilde;a. El premio abrir&aacute; pr&oacute;ximamente su d&eacute;cimo tercer convocatoria, cuyo plazo para presentar trabajos expira el viernes 27 de junio de 2008.<\/P><P>El premio a la mejor fotograf&iacute;a individual recay&oacute; en la obra Calima, de Carlos de Saa Gonz&aacute;lez, residente en Tuineje (Fuerteventura), mientras que el galard&oacute;n correspondiente a la mejor serie fue para el trabajo Sue&ntilde;os de gloria, de Jos&eacute; Ram&oacute;n Oller Gonz&aacute;lez, residente en Santa Cruz de Tenerife. El jurado estuvo compuesto por la Vicerrectora de Relaciones Universidad y Sociedad, M Gracia Rodr&iacute;guez Brito, que actu&oacute; como presidenta y Carmelo Vega de La Rosa, Francisco Acosta Torres y Antonio Vela de La Torre. como vocales.<\/P><P>La muestra tambi&eacute;n incluye trabajos de Dami&aacute;n Borges, Marco Antonio Toledo Oval, D&aacute;maso &aacute;vila Plasencia, Francisco Jos&eacute; Hern&aacute;ndez Dom&iacute;nguez, Alicia Gonz&aacute;lez  Calimano Espinosa, Manuel Fuentes Hurtado, Eduardo Jos&eacute; Rodr&iacute;guez Naya, Manuel Agust&iacute;n Exp&oacute;sito Garc&iacute;a, Juan P&eacute;rez Guamer, Antonio Ben&iacute;tez Barrios, Iv&aacute;n Carlos Franco Fraga, Francisco Javier Riego, Juan Le&oacute;n Marichal, Felix Dario Ruggeri, Guacimara Vela Calder&oacute;n, M del Carmen N&uacute;&ntilde;ez Afonso, Manuel Trujillo Le&oacute;n, Margarita Rojas D&iacute;ez, Felipe Gonz&aacute;lez de Mesa Ponte, Vanesa Ortoll Hern&aacute;ndez, Francisco Plasencia y Guillermo Gallego Gonz&aacute;lez.<\/P><P>Estos autores formar&aacute;n parte tambi&eacute;n del cat&aacute;logo que se ha editado. El vicerrectorado organizador estudia, adem&aacute;s, la posibilidad de que la muestra itinere por otros puntos de la isla y de Canarias, como ya ha sucedido en ediciones anteriores.<BR><\/P><\/p>\n","protected":false},"excerpt":{"rendered":"<p>El XII Premio Internacional de Fotograf&iacute;a Rafael Ramos Garc&iacute;a, que organiza anualmente el Vicerrectorado de Relaciones Universidad y Sociedad de&#8230;<\/p>\n","protected":false},"author":21,"featured_media":15095,"comment_status":"open","ping_status":"open","sticky":false,"template":"","format":"standard","meta":{"inline_featured_image":false,"footnotes":""},"categories":[344],"tags":[],"acf":[],"yoast_head":"<!-- This site is optimized with the Yoast SEO plugin v21.3 - https:\/\/yoast.com\/wordpress\/plugins\/seo\/ -->\n<title>Una exposici\u00f3n muestra a los ganadores y finalistas en el Premio de Fotograf\u00eda de la ULL Rafael Ramos Garc\u00eda - ULL - Noticias<\/title>\n<meta name=\"robots\" content=\"index, follow, max-snippet:-1, max-image-preview:large, max-video-preview:-1\" \/>\n<link rel=\"canonical\" href=\"https:\/\/www.ull.es\/portal\/noticias\/2008\/una-exposicin-muestra-a-los-ganadores-y-finalistas-en-el-premio-de-fotografa-de-la-ull-rafael-ramos-garca\/\" \/>\n<meta property=\"og:locale\" content=\"es_ES\" \/>\n<meta property=\"og:type\" content=\"article\" \/>\n<meta property=\"og:title\" content=\"Una exposici\u00f3n muestra a los ganadores y finalistas en el Premio de Fotograf\u00eda de la ULL Rafael Ramos Garc\u00eda - ULL - Noticias\" \/>\n<meta property=\"og:description\" content=\"El XII Premio Internacional de Fotograf&iacute;a Rafael Ramos Garc&iacute;a, que organiza anualmente el Vicerrectorado de Relaciones Universidad y Sociedad de...\" \/>\n<meta property=\"og:url\" content=\"https:\/\/www.ull.es\/portal\/noticias\/2008\/una-exposicin-muestra-a-los-ganadores-y-finalistas-en-el-premio-de-fotografa-de-la-ull-rafael-ramos-garca\/\" \/>\n<meta property=\"og:site_name\" content=\"ULL - Noticias\" \/>\n<meta property=\"article:publisher\" content=\"https:\/\/www.facebook.com\/universidaddelalaguna\/\" \/>\n<meta property=\"article:published_time\" content=\"2008-03-17T00:00:00+00:00\" \/>\n<meta property=\"og:image\" content=\"https:\/\/www.ull.es\/portal\/noticias\/wp-content\/uploads\/sites\/13\/2015\/07\/rafael_ramos.jpg\" \/>\n\t<meta property=\"og:image:width\" content=\"800\" \/>\n\t<meta property=\"og:image:height\" content=\"533\" \/>\n\t<meta property=\"og:image:type\" content=\"image\/jpeg\" \/>\n<meta name=\"author\" content=\"prensa2\" \/>\n<meta name=\"twitter:card\" content=\"summary_large_image\" \/>\n<meta name=\"twitter:creator\" content=\"@CanalULL\" \/>\n<meta name=\"twitter:site\" content=\"@CanalULL\" \/>\n<meta name=\"twitter:label1\" content=\"Escrito por\" \/>\n\t<meta name=\"twitter:data1\" content=\"prensa2\" \/>\n\t<meta name=\"twitter:label2\" content=\"Tiempo de lectura\" \/>\n\t<meta name=\"twitter:data2\" content=\"2 minutos\" \/>\n<script type=\"application\/ld+json\" class=\"yoast-schema-graph\">{\"@context\":\"https:\/\/schema.org\",\"@graph\":[{\"@type\":\"WebPage\",\"@id\":\"https:\/\/www.ull.es\/portal\/noticias\/2008\/una-exposicin-muestra-a-los-ganadores-y-finalistas-en-el-premio-de-fotografa-de-la-ull-rafael-ramos-garca\/\",\"url\":\"https:\/\/www.ull.es\/portal\/noticias\/2008\/una-exposicin-muestra-a-los-ganadores-y-finalistas-en-el-premio-de-fotografa-de-la-ull-rafael-ramos-garca\/\",\"name\":\"Una exposici\u00f3n muestra a los ganadores y finalistas en el Premio de Fotograf\u00eda de la ULL Rafael Ramos Garc\u00eda - ULL - Noticias\",\"isPartOf\":{\"@id\":\"https:\/\/www.ull.es\/portal\/noticias\/#website\"},\"datePublished\":\"2008-03-17T00:00:00+00:00\",\"dateModified\":\"2008-03-17T00:00:00+00:00\",\"author\":{\"@id\":\"https:\/\/www.ull.es\/portal\/noticias\/#\/schema\/person\/c3b2aa857797592927a03740d6664376\"},\"breadcrumb\":{\"@id\":\"https:\/\/www.ull.es\/portal\/noticias\/2008\/una-exposicin-muestra-a-los-ganadores-y-finalistas-en-el-premio-de-fotografa-de-la-ull-rafael-ramos-garca\/#breadcrumb\"},\"inLanguage\":\"es\",\"potentialAction\":[{\"@type\":\"ReadAction\",\"target\":[\"https:\/\/www.ull.es\/portal\/noticias\/2008\/una-exposicin-muestra-a-los-ganadores-y-finalistas-en-el-premio-de-fotografa-de-la-ull-rafael-ramos-garca\/\"]}]},{\"@type\":\"BreadcrumbList\",\"@id\":\"https:\/\/www.ull.es\/portal\/noticias\/2008\/una-exposicin-muestra-a-los-ganadores-y-finalistas-en-el-premio-de-fotografa-de-la-ull-rafael-ramos-garca\/#breadcrumb\",\"itemListElement\":[{\"@type\":\"ListItem\",\"position\":1,\"name\":\"Portada\",\"item\":\"https:\/\/www.ull.es\/portal\/noticias\/\"},{\"@type\":\"ListItem\",\"position\":2,\"name\":\"Una exposici\u00f3n muestra a los ganadores y finalistas en el Premio de Fotograf\u00eda de la ULL Rafael Ramos Garc\u00eda\"}]},{\"@type\":\"WebSite\",\"@id\":\"https:\/\/www.ull.es\/portal\/noticias\/#website\",\"url\":\"https:\/\/www.ull.es\/portal\/noticias\/\",\"name\":\"ULL - Noticias\",\"description\":\"\",\"potentialAction\":[{\"@type\":\"SearchAction\",\"target\":{\"@type\":\"EntryPoint\",\"urlTemplate\":\"https:\/\/www.ull.es\/portal\/noticias\/?s={search_term_string}\"},\"query-input\":\"required name=search_term_string\"}],\"inLanguage\":\"es\"},{\"@type\":\"Person\",\"@id\":\"https:\/\/www.ull.es\/portal\/noticias\/#\/schema\/person\/c3b2aa857797592927a03740d6664376\",\"name\":\"prensa2\",\"image\":{\"@type\":\"ImageObject\",\"inLanguage\":\"es\",\"@id\":\"https:\/\/www.ull.es\/portal\/noticias\/#\/schema\/person\/image\/\",\"url\":\"https:\/\/secure.gravatar.com\/avatar\/b58f310a5de5feb33d1e026d2493f23c?s=96&d=mm&r=g\",\"contentUrl\":\"https:\/\/secure.gravatar.com\/avatar\/b58f310a5de5feb33d1e026d2493f23c?s=96&d=mm&r=g\",\"caption\":\"prensa2\"},\"url\":\"https:\/\/www.ull.es\/portal\/noticias\/author\/prensa2\/\"}]}<\/script>\n<!-- \/ Yoast SEO plugin. -->","yoast_head_json":{"title":"Una exposici\u00f3n muestra a los ganadores y finalistas en el Premio de Fotograf\u00eda de la ULL Rafael Ramos Garc\u00eda - ULL - Noticias","robots":{"index":"index","follow":"follow","max-snippet":"max-snippet:-1","max-image-preview":"max-image-preview:large","max-video-preview":"max-video-preview:-1"},"canonical":"https:\/\/www.ull.es\/portal\/noticias\/2008\/una-exposicin-muestra-a-los-ganadores-y-finalistas-en-el-premio-de-fotografa-de-la-ull-rafael-ramos-garca\/","og_locale":"es_ES","og_type":"article","og_title":"Una exposici\u00f3n muestra a los ganadores y finalistas en el Premio de Fotograf\u00eda de la ULL Rafael Ramos Garc\u00eda - ULL - Noticias","og_description":"El XII Premio Internacional de Fotograf&iacute;a Rafael Ramos Garc&iacute;a, que organiza anualmente el Vicerrectorado de Relaciones Universidad y Sociedad de...","og_url":"https:\/\/www.ull.es\/portal\/noticias\/2008\/una-exposicin-muestra-a-los-ganadores-y-finalistas-en-el-premio-de-fotografa-de-la-ull-rafael-ramos-garca\/","og_site_name":"ULL - Noticias","article_publisher":"https:\/\/www.facebook.com\/universidaddelalaguna\/","article_published_time":"2008-03-17T00:00:00+00:00","og_image":[{"width":800,"height":533,"url":"https:\/\/www.ull.es\/portal\/noticias\/wp-content\/uploads\/sites\/13\/2015\/07\/rafael_ramos.jpg","type":"image\/jpeg"}],"author":"prensa2","twitter_card":"summary_large_image","twitter_creator":"@CanalULL","twitter_site":"@CanalULL","twitter_misc":{"Escrito por":"prensa2","Tiempo de lectura":"2 minutos"},"schema":{"@context":"https:\/\/schema.org","@graph":[{"@type":"WebPage","@id":"https:\/\/www.ull.es\/portal\/noticias\/2008\/una-exposicin-muestra-a-los-ganadores-y-finalistas-en-el-premio-de-fotografa-de-la-ull-rafael-ramos-garca\/","url":"https:\/\/www.ull.es\/portal\/noticias\/2008\/una-exposicin-muestra-a-los-ganadores-y-finalistas-en-el-premio-de-fotografa-de-la-ull-rafael-ramos-garca\/","name":"Una exposici\u00f3n muestra a los ganadores y finalistas en el Premio de Fotograf\u00eda de la ULL Rafael Ramos Garc\u00eda - ULL - Noticias","isPartOf":{"@id":"https:\/\/www.ull.es\/portal\/noticias\/#website"},"datePublished":"2008-03-17T00:00:00+00:00","dateModified":"2008-03-17T00:00:00+00:00","author":{"@id":"https:\/\/www.ull.es\/portal\/noticias\/#\/schema\/person\/c3b2aa857797592927a03740d6664376"},"breadcrumb":{"@id":"https:\/\/www.ull.es\/portal\/noticias\/2008\/una-exposicin-muestra-a-los-ganadores-y-finalistas-en-el-premio-de-fotografa-de-la-ull-rafael-ramos-garca\/#breadcrumb"},"inLanguage":"es","potentialAction":[{"@type":"ReadAction","target":["https:\/\/www.ull.es\/portal\/noticias\/2008\/una-exposicin-muestra-a-los-ganadores-y-finalistas-en-el-premio-de-fotografa-de-la-ull-rafael-ramos-garca\/"]}]},{"@type":"BreadcrumbList","@id":"https:\/\/www.ull.es\/portal\/noticias\/2008\/una-exposicin-muestra-a-los-ganadores-y-finalistas-en-el-premio-de-fotografa-de-la-ull-rafael-ramos-garca\/#breadcrumb","itemListElement":[{"@type":"ListItem","position":1,"name":"Portada","item":"https:\/\/www.ull.es\/portal\/noticias\/"},{"@type":"ListItem","position":2,"name":"Una exposici\u00f3n muestra a los ganadores y finalistas en el Premio de Fotograf\u00eda de la ULL Rafael Ramos Garc\u00eda"}]},{"@type":"WebSite","@id":"https:\/\/www.ull.es\/portal\/noticias\/#website","url":"https:\/\/www.ull.es\/portal\/noticias\/","name":"ULL - Noticias","description":"","potentialAction":[{"@type":"SearchAction","target":{"@type":"EntryPoint","urlTemplate":"https:\/\/www.ull.es\/portal\/noticias\/?s={search_term_string}"},"query-input":"required name=search_term_string"}],"inLanguage":"es"},{"@type":"Person","@id":"https:\/\/www.ull.es\/portal\/noticias\/#\/schema\/person\/c3b2aa857797592927a03740d6664376","name":"prensa2","image":{"@type":"ImageObject","inLanguage":"es","@id":"https:\/\/www.ull.es\/portal\/noticias\/#\/schema\/person\/image\/","url":"https:\/\/secure.gravatar.com\/avatar\/b58f310a5de5feb33d1e026d2493f23c?s=96&d=mm&r=g","contentUrl":"https:\/\/secure.gravatar.com\/avatar\/b58f310a5de5feb33d1e026d2493f23c?s=96&d=mm&r=g","caption":"prensa2"},"url":"https:\/\/www.ull.es\/portal\/noticias\/author\/prensa2\/"}]}},"primary_category":null,"featured_image_thumbnail_url":"https:\/\/www.ull.es\/portal\/noticias\/wp-content\/uploads\/sites\/13\/2015\/07\/rafael_ramos-300x200.jpg","_links":{"self":[{"href":"https:\/\/www.ull.es\/portal\/noticias\/wp-json\/wp\/v2\/posts\/15094"}],"collection":[{"href":"https:\/\/www.ull.es\/portal\/noticias\/wp-json\/wp\/v2\/posts"}],"about":[{"href":"https:\/\/www.ull.es\/portal\/noticias\/wp-json\/wp\/v2\/types\/post"}],"author":[{"embeddable":true,"href":"https:\/\/www.ull.es\/portal\/noticias\/wp-json\/wp\/v2\/users\/21"}],"replies":[{"embeddable":true,"href":"https:\/\/www.ull.es\/portal\/noticias\/wp-json\/wp\/v2\/comments?post=15094"}],"version-history":[{"count":0,"href":"https:\/\/www.ull.es\/portal\/noticias\/wp-json\/wp\/v2\/posts\/15094\/revisions"}],"wp:featuredmedia":[{"embeddable":true,"href":"https:\/\/www.ull.es\/portal\/noticias\/wp-json\/wp\/v2\/media\/15095"}],"wp:attachment":[{"href":"https:\/\/www.ull.es\/portal\/noticias\/wp-json\/wp\/v2\/media?parent=15094"}],"wp:term":[{"taxonomy":"category","embeddable":true,"href":"https:\/\/www.ull.es\/portal\/noticias\/wp-json\/wp\/v2\/categories?post=15094"},{"taxonomy":"post_tag","embeddable":true,"href":"https:\/\/www.ull.es\/portal\/noticias\/wp-json\/wp\/v2\/tags?post=15094"}],"curies":[{"name":"wp","href":"https:\/\/api.w.org\/{rel}","templated":true}]}}