{"id":15099,"date":"2008-03-25T00:00:00","date_gmt":"2008-03-25T00:00:00","guid":{"rendered":"http:\/\/ddigital.webs.ull.es\/la-v-muestra-internacional-de-cortometrajes-de-la-ull-se-inaugurar-maana-con-la-proyeccin-de-6-trabajos\/"},"modified":"2008-03-25T00:00:00","modified_gmt":"2008-03-25T00:00:00","slug":"la-v-muestra-internacional-de-cortometrajes-de-la-ull-se-inaugurar-maana-con-la-proyeccin-de-6-trabajos","status":"publish","type":"post","link":"https:\/\/www.ull.es\/portal\/noticias\/2008\/la-v-muestra-internacional-de-cortometrajes-de-la-ull-se-inaugurar-maana-con-la-proyeccin-de-6-trabajos\/","title":{"rendered":"La V Muestra Internacional de Cortometrajes de la ULL se inaugurar\u00e1 ma\u00f1ana con la proyecci\u00f3n de 6 trabajos"},"content":{"rendered":"<p><P align=\"justify\">La V Muestra Internacional de Cortometrajes de la Universidad de La Laguna, MIDEC 08, se abre ma&ntilde;ana mi&eacute;rcoles 26 de marzo con la presencia de la vicerrectora de Relaciones Universidad y Sociedad de la instituci&oacute;n, Mar&iacute;a Gracia Rodr&iacute;guez Brito. El acto dar&aacute; comienzo a las 20.30 horas en la Facultad de Educaci&oacute;n (antigua escuela de Magisterio), en La Laguna, con entrada libre y gratuita. En su primer d&iacute;a de sesi&oacute;n se proyectar&aacute;n seis trabajos f&iacute;lmicos.<\/P><\/p>\n<p><P align=\"justify\">La MIDEC 08 est&aacute; organizada por el Vicerrectorado de Relaciones Universidad y Sociedad de la ULL, producida por Digital 104 y, este a&ntilde;o, cuenta con la participaci&oacute;n de los miembros de la Agrupaci&oacute;n de Teatro de Filolog&iacute;a de la Universidad de La Laguna como presentadores.<\/P><P align=\"justify\">Esta primera jornada de proyecciones se abrir&aacute; con <I>Acu&eacute;rdate<\/I> <I>de m&iacute;<\/I>, cortometraje dirigido por Diego Arjona y protagonizado por Diana Palaz&oacute;n y Antonio Zabalburu, populares actores de series de televisi&oacute;n como <I>Hospital Central<\/I>. Le seguir&aacute; <I>Espiral<\/I>, de Javier Rubio y Carolina Serrano, una reflexi&oacute;n de c&oacute;mo la violencia puede esconderse detr&aacute;s de las situaciones m&aacute;s cotidianas. <\/P><P align=\"justify\">A continuaci&oacute;n, otro popular actor televisivo, el argentino Fabi&aacute;n Mazzei (<I>Un paso adelante<\/I>) protagoniza una alocada comedia de acci&oacute;n, <I>McGuffin<\/I>, dirigida por Juanma Pach&oacute;n. <I>Infierno,<\/I> dirigido por &oacute;scar Andr&eacute;s y que se adentra en una historia de malos tratos preceder&aacute; a <I>Botones<\/I>, de Julio Mazarico, un nuevo cortometraje con actores conocidos, entre los que destaca Ruth Gabriel (<I>D&iacute;as contados<\/I>). El broche de oro a la primera jornada de la MIDEC 08 lo pondr&aacute; <I>Cornamusa<\/I>. Ganador de una Menci&oacute;n Especial en el Premio de Cortometrajes de la ULL<I>, <\/I><FONT face=\"Helvetica\">este cortometraje<\/FONT> dirigido por Nacho Albert, es un agobiante relato de terror creado a partir de hechos reales.<\/P><P align=\"justify\">Este a&ntilde;o la MIDEC vuelve a contar con la colaboraci&oacute;n de algunas de las aulas culturales de la Universidad de La Laguna, que conceden menciones especiales a la Mejor Direcci&oacute;n (Aula de Cine), Mejor Gui&oacute;n (Aula de Lengua y Literatura), Mejor Banda Sonora Original (Aula de M&uacute;sica) y a los Valores Art&iacute;sticos (Aula de Pensamiento Art&iacute;stico Contempor&aacute;neo). En cualquiera de las cuatro jornadas de proyecci&oacute;n puede aparecer una de estas menciones sorpresa, presentadas por los directores de las Aulas que las conceden. Adem&aacute;s, los asistentes podr&aacute;n votar cada d&iacute;a por su cortometraje favorito, participando as&iacute; en el Premio del P&uacute;blico, que se proclamar&aacute; al t&eacute;rmino de la &uacute;ltima jornada de proyecci&oacute;n, el s&aacute;bado 29 de marzo.<\/P><P align=\"justify\">La programaci&oacute;n completa de la muestra puede consultarse en: <U><FONT face=\"Helvetica\" color=\"#0000ff\"><a class=\"sumario\" href=\"http:\/\/www.digital104.com\/midec\" target=\"_new\" target=\"_blank\" rel=\"noopener\">www.digital104.com\/midec<\/A><\/P><\/U><\/FONT><\/p>\n","protected":false},"excerpt":{"rendered":"<p>La V Muestra Internacional de Cortometrajes de la Universidad de La Laguna, MIDEC 08, se abre ma&ntilde;ana mi&eacute;rcoles 26 de&#8230;<\/p>\n","protected":false},"author":21,"featured_media":15100,"comment_status":"open","ping_status":"open","sticky":false,"template":"","format":"standard","meta":{"inline_featured_image":false,"footnotes":""},"categories":[344],"tags":[],"acf":[],"yoast_head":"<!-- This site is optimized with the Yoast SEO plugin v21.3 - https:\/\/yoast.com\/wordpress\/plugins\/seo\/ -->\n<title>La V Muestra Internacional de Cortometrajes de la ULL se inaugurar\u00e1 ma\u00f1ana con la proyecci\u00f3n de 6 trabajos - ULL - Noticias<\/title>\n<meta name=\"robots\" content=\"index, follow, max-snippet:-1, max-image-preview:large, max-video-preview:-1\" \/>\n<link rel=\"canonical\" href=\"https:\/\/www.ull.es\/portal\/noticias\/2008\/la-v-muestra-internacional-de-cortometrajes-de-la-ull-se-inaugurar-maana-con-la-proyeccin-de-6-trabajos\/\" \/>\n<meta property=\"og:locale\" content=\"es_ES\" \/>\n<meta property=\"og:type\" content=\"article\" \/>\n<meta property=\"og:title\" content=\"La V Muestra Internacional de Cortometrajes de la ULL se inaugurar\u00e1 ma\u00f1ana con la proyecci\u00f3n de 6 trabajos - ULL - Noticias\" \/>\n<meta property=\"og:description\" content=\"La V Muestra Internacional de Cortometrajes de la Universidad de La Laguna, MIDEC 08, se abre ma&ntilde;ana mi&eacute;rcoles 26 de...\" \/>\n<meta property=\"og:url\" content=\"https:\/\/www.ull.es\/portal\/noticias\/2008\/la-v-muestra-internacional-de-cortometrajes-de-la-ull-se-inaugurar-maana-con-la-proyeccin-de-6-trabajos\/\" \/>\n<meta property=\"og:site_name\" content=\"ULL - Noticias\" \/>\n<meta property=\"article:publisher\" content=\"https:\/\/www.facebook.com\/universidaddelalaguna\/\" \/>\n<meta property=\"article:published_time\" content=\"2008-03-25T00:00:00+00:00\" \/>\n<meta property=\"og:image\" content=\"https:\/\/www.ull.es\/portal\/noticias\/wp-content\/uploads\/sites\/13\/2015\/07\/midec01.jpg\" \/>\n\t<meta property=\"og:image:width\" content=\"719\" \/>\n\t<meta property=\"og:image:height\" content=\"323\" \/>\n\t<meta property=\"og:image:type\" content=\"image\/jpeg\" \/>\n<meta name=\"author\" content=\"prensa2\" \/>\n<meta name=\"twitter:card\" content=\"summary_large_image\" \/>\n<meta name=\"twitter:creator\" content=\"@CanalULL\" \/>\n<meta name=\"twitter:site\" content=\"@CanalULL\" \/>\n<meta name=\"twitter:label1\" content=\"Escrito por\" \/>\n\t<meta name=\"twitter:data1\" content=\"prensa2\" \/>\n\t<meta name=\"twitter:label2\" content=\"Tiempo de lectura\" \/>\n\t<meta name=\"twitter:data2\" content=\"3 minutos\" \/>\n<script type=\"application\/ld+json\" class=\"yoast-schema-graph\">{\"@context\":\"https:\/\/schema.org\",\"@graph\":[{\"@type\":\"WebPage\",\"@id\":\"https:\/\/www.ull.es\/portal\/noticias\/2008\/la-v-muestra-internacional-de-cortometrajes-de-la-ull-se-inaugurar-maana-con-la-proyeccin-de-6-trabajos\/\",\"url\":\"https:\/\/www.ull.es\/portal\/noticias\/2008\/la-v-muestra-internacional-de-cortometrajes-de-la-ull-se-inaugurar-maana-con-la-proyeccin-de-6-trabajos\/\",\"name\":\"La V Muestra Internacional de Cortometrajes de la ULL se inaugurar\u00e1 ma\u00f1ana con la proyecci\u00f3n de 6 trabajos - ULL - Noticias\",\"isPartOf\":{\"@id\":\"https:\/\/www.ull.es\/portal\/noticias\/#website\"},\"datePublished\":\"2008-03-25T00:00:00+00:00\",\"dateModified\":\"2008-03-25T00:00:00+00:00\",\"author\":{\"@id\":\"https:\/\/www.ull.es\/portal\/noticias\/#\/schema\/person\/c3b2aa857797592927a03740d6664376\"},\"breadcrumb\":{\"@id\":\"https:\/\/www.ull.es\/portal\/noticias\/2008\/la-v-muestra-internacional-de-cortometrajes-de-la-ull-se-inaugurar-maana-con-la-proyeccin-de-6-trabajos\/#breadcrumb\"},\"inLanguage\":\"es\",\"potentialAction\":[{\"@type\":\"ReadAction\",\"target\":[\"https:\/\/www.ull.es\/portal\/noticias\/2008\/la-v-muestra-internacional-de-cortometrajes-de-la-ull-se-inaugurar-maana-con-la-proyeccin-de-6-trabajos\/\"]}]},{\"@type\":\"BreadcrumbList\",\"@id\":\"https:\/\/www.ull.es\/portal\/noticias\/2008\/la-v-muestra-internacional-de-cortometrajes-de-la-ull-se-inaugurar-maana-con-la-proyeccin-de-6-trabajos\/#breadcrumb\",\"itemListElement\":[{\"@type\":\"ListItem\",\"position\":1,\"name\":\"Portada\",\"item\":\"https:\/\/www.ull.es\/portal\/noticias\/\"},{\"@type\":\"ListItem\",\"position\":2,\"name\":\"La V Muestra Internacional de Cortometrajes de la ULL se inaugurar\u00e1 ma\u00f1ana con la proyecci\u00f3n de 6 trabajos\"}]},{\"@type\":\"WebSite\",\"@id\":\"https:\/\/www.ull.es\/portal\/noticias\/#website\",\"url\":\"https:\/\/www.ull.es\/portal\/noticias\/\",\"name\":\"ULL - Noticias\",\"description\":\"\",\"potentialAction\":[{\"@type\":\"SearchAction\",\"target\":{\"@type\":\"EntryPoint\",\"urlTemplate\":\"https:\/\/www.ull.es\/portal\/noticias\/?s={search_term_string}\"},\"query-input\":\"required name=search_term_string\"}],\"inLanguage\":\"es\"},{\"@type\":\"Person\",\"@id\":\"https:\/\/www.ull.es\/portal\/noticias\/#\/schema\/person\/c3b2aa857797592927a03740d6664376\",\"name\":\"prensa2\",\"image\":{\"@type\":\"ImageObject\",\"inLanguage\":\"es\",\"@id\":\"https:\/\/www.ull.es\/portal\/noticias\/#\/schema\/person\/image\/\",\"url\":\"https:\/\/secure.gravatar.com\/avatar\/b58f310a5de5feb33d1e026d2493f23c?s=96&d=mm&r=g\",\"contentUrl\":\"https:\/\/secure.gravatar.com\/avatar\/b58f310a5de5feb33d1e026d2493f23c?s=96&d=mm&r=g\",\"caption\":\"prensa2\"},\"url\":\"https:\/\/www.ull.es\/portal\/noticias\/author\/prensa2\/\"}]}<\/script>\n<!-- \/ Yoast SEO plugin. -->","yoast_head_json":{"title":"La V Muestra Internacional de Cortometrajes de la ULL se inaugurar\u00e1 ma\u00f1ana con la proyecci\u00f3n de 6 trabajos - ULL - Noticias","robots":{"index":"index","follow":"follow","max-snippet":"max-snippet:-1","max-image-preview":"max-image-preview:large","max-video-preview":"max-video-preview:-1"},"canonical":"https:\/\/www.ull.es\/portal\/noticias\/2008\/la-v-muestra-internacional-de-cortometrajes-de-la-ull-se-inaugurar-maana-con-la-proyeccin-de-6-trabajos\/","og_locale":"es_ES","og_type":"article","og_title":"La V Muestra Internacional de Cortometrajes de la ULL se inaugurar\u00e1 ma\u00f1ana con la proyecci\u00f3n de 6 trabajos - ULL - Noticias","og_description":"La V Muestra Internacional de Cortometrajes de la Universidad de La Laguna, MIDEC 08, se abre ma&ntilde;ana mi&eacute;rcoles 26 de...","og_url":"https:\/\/www.ull.es\/portal\/noticias\/2008\/la-v-muestra-internacional-de-cortometrajes-de-la-ull-se-inaugurar-maana-con-la-proyeccin-de-6-trabajos\/","og_site_name":"ULL - Noticias","article_publisher":"https:\/\/www.facebook.com\/universidaddelalaguna\/","article_published_time":"2008-03-25T00:00:00+00:00","og_image":[{"width":719,"height":323,"url":"https:\/\/www.ull.es\/portal\/noticias\/wp-content\/uploads\/sites\/13\/2015\/07\/midec01.jpg","type":"image\/jpeg"}],"author":"prensa2","twitter_card":"summary_large_image","twitter_creator":"@CanalULL","twitter_site":"@CanalULL","twitter_misc":{"Escrito por":"prensa2","Tiempo de lectura":"3 minutos"},"schema":{"@context":"https:\/\/schema.org","@graph":[{"@type":"WebPage","@id":"https:\/\/www.ull.es\/portal\/noticias\/2008\/la-v-muestra-internacional-de-cortometrajes-de-la-ull-se-inaugurar-maana-con-la-proyeccin-de-6-trabajos\/","url":"https:\/\/www.ull.es\/portal\/noticias\/2008\/la-v-muestra-internacional-de-cortometrajes-de-la-ull-se-inaugurar-maana-con-la-proyeccin-de-6-trabajos\/","name":"La V Muestra Internacional de Cortometrajes de la ULL se inaugurar\u00e1 ma\u00f1ana con la proyecci\u00f3n de 6 trabajos - ULL - Noticias","isPartOf":{"@id":"https:\/\/www.ull.es\/portal\/noticias\/#website"},"datePublished":"2008-03-25T00:00:00+00:00","dateModified":"2008-03-25T00:00:00+00:00","author":{"@id":"https:\/\/www.ull.es\/portal\/noticias\/#\/schema\/person\/c3b2aa857797592927a03740d6664376"},"breadcrumb":{"@id":"https:\/\/www.ull.es\/portal\/noticias\/2008\/la-v-muestra-internacional-de-cortometrajes-de-la-ull-se-inaugurar-maana-con-la-proyeccin-de-6-trabajos\/#breadcrumb"},"inLanguage":"es","potentialAction":[{"@type":"ReadAction","target":["https:\/\/www.ull.es\/portal\/noticias\/2008\/la-v-muestra-internacional-de-cortometrajes-de-la-ull-se-inaugurar-maana-con-la-proyeccin-de-6-trabajos\/"]}]},{"@type":"BreadcrumbList","@id":"https:\/\/www.ull.es\/portal\/noticias\/2008\/la-v-muestra-internacional-de-cortometrajes-de-la-ull-se-inaugurar-maana-con-la-proyeccin-de-6-trabajos\/#breadcrumb","itemListElement":[{"@type":"ListItem","position":1,"name":"Portada","item":"https:\/\/www.ull.es\/portal\/noticias\/"},{"@type":"ListItem","position":2,"name":"La V Muestra Internacional de Cortometrajes de la ULL se inaugurar\u00e1 ma\u00f1ana con la proyecci\u00f3n de 6 trabajos"}]},{"@type":"WebSite","@id":"https:\/\/www.ull.es\/portal\/noticias\/#website","url":"https:\/\/www.ull.es\/portal\/noticias\/","name":"ULL - Noticias","description":"","potentialAction":[{"@type":"SearchAction","target":{"@type":"EntryPoint","urlTemplate":"https:\/\/www.ull.es\/portal\/noticias\/?s={search_term_string}"},"query-input":"required name=search_term_string"}],"inLanguage":"es"},{"@type":"Person","@id":"https:\/\/www.ull.es\/portal\/noticias\/#\/schema\/person\/c3b2aa857797592927a03740d6664376","name":"prensa2","image":{"@type":"ImageObject","inLanguage":"es","@id":"https:\/\/www.ull.es\/portal\/noticias\/#\/schema\/person\/image\/","url":"https:\/\/secure.gravatar.com\/avatar\/b58f310a5de5feb33d1e026d2493f23c?s=96&d=mm&r=g","contentUrl":"https:\/\/secure.gravatar.com\/avatar\/b58f310a5de5feb33d1e026d2493f23c?s=96&d=mm&r=g","caption":"prensa2"},"url":"https:\/\/www.ull.es\/portal\/noticias\/author\/prensa2\/"}]}},"primary_category":null,"featured_image_thumbnail_url":"https:\/\/www.ull.es\/portal\/noticias\/wp-content\/uploads\/sites\/13\/2015\/07\/midec01-300x135.jpg","_links":{"self":[{"href":"https:\/\/www.ull.es\/portal\/noticias\/wp-json\/wp\/v2\/posts\/15099"}],"collection":[{"href":"https:\/\/www.ull.es\/portal\/noticias\/wp-json\/wp\/v2\/posts"}],"about":[{"href":"https:\/\/www.ull.es\/portal\/noticias\/wp-json\/wp\/v2\/types\/post"}],"author":[{"embeddable":true,"href":"https:\/\/www.ull.es\/portal\/noticias\/wp-json\/wp\/v2\/users\/21"}],"replies":[{"embeddable":true,"href":"https:\/\/www.ull.es\/portal\/noticias\/wp-json\/wp\/v2\/comments?post=15099"}],"version-history":[{"count":0,"href":"https:\/\/www.ull.es\/portal\/noticias\/wp-json\/wp\/v2\/posts\/15099\/revisions"}],"wp:featuredmedia":[{"embeddable":true,"href":"https:\/\/www.ull.es\/portal\/noticias\/wp-json\/wp\/v2\/media\/15100"}],"wp:attachment":[{"href":"https:\/\/www.ull.es\/portal\/noticias\/wp-json\/wp\/v2\/media?parent=15099"}],"wp:term":[{"taxonomy":"category","embeddable":true,"href":"https:\/\/www.ull.es\/portal\/noticias\/wp-json\/wp\/v2\/categories?post=15099"},{"taxonomy":"post_tag","embeddable":true,"href":"https:\/\/www.ull.es\/portal\/noticias\/wp-json\/wp\/v2\/tags?post=15099"}],"curies":[{"name":"wp","href":"https:\/\/api.w.org\/{rel}","templated":true}]}}