{"id":15162,"date":"2008-08-01T00:00:00","date_gmt":"2008-08-01T00:00:00","guid":{"rendered":"http:\/\/ddigital.webs.ull.es\/la-fundacin-pedro-garca-cabrera-present-en-la-ull-el-iii-curso-superior-de-planificacin-y-gestin-cultural\/"},"modified":"2008-08-01T00:00:00","modified_gmt":"2008-08-01T00:00:00","slug":"la-fundacin-pedro-garca-cabrera-present-en-la-ull-el-iii-curso-superior-de-planificacin-y-gestin-cultural","status":"publish","type":"post","link":"https:\/\/www.ull.es\/portal\/noticias\/2008\/la-fundacin-pedro-garca-cabrera-present-en-la-ull-el-iii-curso-superior-de-planificacin-y-gestin-cultural\/","title":{"rendered":"La Fundaci\u00f3n Pedro Garc\u00eda Cabrera present\u00f3 en la ULL el III Curso Superior de Planificaci\u00f3n y Gesti\u00f3n Cultural"},"content":{"rendered":"<p>El Vicerrectorado de Relaciones Universidad Sociedad de la ULL fue sede hoy, viernes 1 de agosto de 2008, de la presentaci&oacute;n del III Curso Superior Universitario en Planificaci&oacute;n y Gesti&oacute;n Cultural. Esta oferta formativa est&aacute; organizada por la Fundaci&oacute;n Pedro Garc&iacute;a Cabrera y, adem&aacute;s del aval de la instituci&oacute;n de educaci&oacute;n superior, cuenta con el apoyo del Gobierno de Canarias y el Cabildo Insular de Tenerife.<\/p>\n<p><P>En el acto estuvieron presentes la vicerrectora de Relaciones Universidad Sociedad de la ULL, M Gracia Rodr&iacute;guez Brito; el viceconsejero de Cultura y Deportes del Gobierno de Canarias, Alberto Delgado; y el presidente de la Fundaci&oacute;n Pedro Garc&iacute;a Cabrera, Jos&eacute; Luis Rivero Ceballos.<\/P><P>La matr&iacute;cula para este curso ya est&aacute; abierta, y asciende a 1.900 euros que podr&aacute;n pagarse de manera fraccionada. Las clases se desarrollar&aacute;n entre el 27 de octubre de 2008 y el 2 de julio de 2009 en horario de tarde, y sumar&aacute;n un total de 310 horas lectivas. Las lecciones estar&aacute;n impartidas por profesorado de varias universidades espa&ntilde;olas, as&iacute; como reconocidos profesionales del &aacute;mbito de la gesti&oacute;n cultural. El programa de materias se divide en cinco bloques: Elementos de organizaci&oacute;n de empresas; Gesti&oacute;n de recursos culturales; Perspectivas del sector cultural canario; Estrategias para la planificaci&oacute;n cultural; y Experiencia de los agentes culturales canarios.<\/P><P>Para la vicerrectora, este curso responde a una demanda cada vez mayor de profesionales y t&eacute;cnicos especializados en cultura, ya que la oferta en este &aacute;mbito que se ha dado en Canarias los &uacute;ltimos a&ntilde;os ha ido en aumento. Explic&oacute; que se ha optado por un modelo de curso superior, en lugar de master o experto, para facilitar el acceso no s&oacute;lo a universitarios, sino a profesionales que, sin tener la titulaci&oacute;n acad&eacute;mica, trabajan y tienen experiencia en el &aacute;mbito de la gesti&oacute;n cultural.<\/P><P>El viceconsejero tambi&eacute;n record&oacute; la importancia de la cultura en Canarias, ya que, seg&uacute;n afirm&oacute;, por primera vez en la historia de la autonom&iacute;a, un presidente lo ha considerado un sector estrat&eacute;gico. Se&ntilde;al&oacute; que en las islas trabajan en este &aacute;mbito, directa o indirectamente, unas 20.000 personas, y que se trata de un campo claramente emergente que precisa de t&eacute;cnicos especialistas, de ah&iacute; la necesidad de un curso como este.<\/P><P>Por su parte, Jos&eacute; Luis Rivero reflexion&oacute; que Canarias ha logrado unos buenos &iacute;ndices de bienestar gracias a su capital humano, el cual le ha permitido medrar como sociedad a pesar de la escasez de recursos de otro tipo. Por ello, cree fundamental ofrecer formaci&oacute;n de calidad, ya que es la &uacute;nica manera de revalorizar a los profesionales. El presidente de la fundaci&oacute;n organizadora record&oacute;, adem&aacute;s, que la inserci&oacute;n laboral de las pasadas ediciones de este curso ha sido del 100%, y que, como novedad, este a&ntilde;o parte del alumnado podr&aacute; desarrollar pr&aacute;cticas en el &aacute;rea de Cultura del Cabildo Insular de Tenerife.<\/P><P><\/P><\/p>\n","protected":false},"excerpt":{"rendered":"<p>El Vicerrectorado de Relaciones Universidad Sociedad de la ULL fue sede hoy, viernes 1 de agosto de 2008, de la&#8230;<\/p>\n","protected":false},"author":21,"featured_media":15163,"comment_status":"open","ping_status":"open","sticky":false,"template":"","format":"standard","meta":{"inline_featured_image":false,"footnotes":""},"categories":[344],"tags":[],"acf":[],"yoast_head":"<!-- This site is optimized with the Yoast SEO plugin v21.3 - https:\/\/yoast.com\/wordpress\/plugins\/seo\/ -->\n<title>La Fundaci\u00f3n Pedro Garc\u00eda Cabrera present\u00f3 en la ULL el III Curso Superior de Planificaci\u00f3n y Gesti\u00f3n Cultural - ULL - Noticias<\/title>\n<meta name=\"robots\" content=\"index, follow, max-snippet:-1, max-image-preview:large, max-video-preview:-1\" \/>\n<link rel=\"canonical\" href=\"https:\/\/www.ull.es\/portal\/noticias\/2008\/la-fundacin-pedro-garca-cabrera-present-en-la-ull-el-iii-curso-superior-de-planificacin-y-gestin-cultural\/\" \/>\n<meta property=\"og:locale\" content=\"es_ES\" \/>\n<meta property=\"og:type\" content=\"article\" \/>\n<meta property=\"og:title\" content=\"La Fundaci\u00f3n Pedro Garc\u00eda Cabrera present\u00f3 en la ULL el III Curso Superior de Planificaci\u00f3n y Gesti\u00f3n Cultural - ULL - Noticias\" \/>\n<meta property=\"og:description\" content=\"El Vicerrectorado de Relaciones Universidad Sociedad de la ULL fue sede hoy, viernes 1 de agosto de 2008, de la...\" \/>\n<meta property=\"og:url\" content=\"https:\/\/www.ull.es\/portal\/noticias\/2008\/la-fundacin-pedro-garca-cabrera-present-en-la-ull-el-iii-curso-superior-de-planificacin-y-gestin-cultural\/\" \/>\n<meta property=\"og:site_name\" content=\"ULL - Noticias\" \/>\n<meta property=\"article:publisher\" content=\"https:\/\/www.facebook.com\/universidaddelalaguna\/\" \/>\n<meta property=\"article:published_time\" content=\"2008-08-01T00:00:00+00:00\" \/>\n<meta property=\"og:image\" content=\"https:\/\/www.ull.es\/portal\/noticias\/wp-content\/uploads\/sites\/13\/2015\/07\/gestion_cultural.jpg\" \/>\n\t<meta property=\"og:image:width\" content=\"800\" \/>\n\t<meta property=\"og:image:height\" content=\"534\" \/>\n\t<meta property=\"og:image:type\" content=\"image\/jpeg\" \/>\n<meta name=\"author\" content=\"prensa2\" \/>\n<meta name=\"twitter:card\" content=\"summary_large_image\" \/>\n<meta name=\"twitter:creator\" content=\"@CanalULL\" \/>\n<meta name=\"twitter:site\" content=\"@CanalULL\" \/>\n<meta name=\"twitter:label1\" content=\"Escrito por\" \/>\n\t<meta name=\"twitter:data1\" content=\"prensa2\" \/>\n\t<meta name=\"twitter:label2\" content=\"Tiempo de lectura\" \/>\n\t<meta name=\"twitter:data2\" content=\"3 minutos\" \/>\n<script type=\"application\/ld+json\" class=\"yoast-schema-graph\">{\"@context\":\"https:\/\/schema.org\",\"@graph\":[{\"@type\":\"WebPage\",\"@id\":\"https:\/\/www.ull.es\/portal\/noticias\/2008\/la-fundacin-pedro-garca-cabrera-present-en-la-ull-el-iii-curso-superior-de-planificacin-y-gestin-cultural\/\",\"url\":\"https:\/\/www.ull.es\/portal\/noticias\/2008\/la-fundacin-pedro-garca-cabrera-present-en-la-ull-el-iii-curso-superior-de-planificacin-y-gestin-cultural\/\",\"name\":\"La Fundaci\u00f3n Pedro Garc\u00eda Cabrera present\u00f3 en la ULL el III Curso Superior de Planificaci\u00f3n y Gesti\u00f3n Cultural - ULL - Noticias\",\"isPartOf\":{\"@id\":\"https:\/\/www.ull.es\/portal\/noticias\/#website\"},\"datePublished\":\"2008-08-01T00:00:00+00:00\",\"dateModified\":\"2008-08-01T00:00:00+00:00\",\"author\":{\"@id\":\"https:\/\/www.ull.es\/portal\/noticias\/#\/schema\/person\/c3b2aa857797592927a03740d6664376\"},\"breadcrumb\":{\"@id\":\"https:\/\/www.ull.es\/portal\/noticias\/2008\/la-fundacin-pedro-garca-cabrera-present-en-la-ull-el-iii-curso-superior-de-planificacin-y-gestin-cultural\/#breadcrumb\"},\"inLanguage\":\"es\",\"potentialAction\":[{\"@type\":\"ReadAction\",\"target\":[\"https:\/\/www.ull.es\/portal\/noticias\/2008\/la-fundacin-pedro-garca-cabrera-present-en-la-ull-el-iii-curso-superior-de-planificacin-y-gestin-cultural\/\"]}]},{\"@type\":\"BreadcrumbList\",\"@id\":\"https:\/\/www.ull.es\/portal\/noticias\/2008\/la-fundacin-pedro-garca-cabrera-present-en-la-ull-el-iii-curso-superior-de-planificacin-y-gestin-cultural\/#breadcrumb\",\"itemListElement\":[{\"@type\":\"ListItem\",\"position\":1,\"name\":\"Portada\",\"item\":\"https:\/\/www.ull.es\/portal\/noticias\/\"},{\"@type\":\"ListItem\",\"position\":2,\"name\":\"La Fundaci\u00f3n Pedro Garc\u00eda Cabrera present\u00f3 en la ULL el III Curso Superior de Planificaci\u00f3n y Gesti\u00f3n Cultural\"}]},{\"@type\":\"WebSite\",\"@id\":\"https:\/\/www.ull.es\/portal\/noticias\/#website\",\"url\":\"https:\/\/www.ull.es\/portal\/noticias\/\",\"name\":\"ULL - Noticias\",\"description\":\"\",\"potentialAction\":[{\"@type\":\"SearchAction\",\"target\":{\"@type\":\"EntryPoint\",\"urlTemplate\":\"https:\/\/www.ull.es\/portal\/noticias\/?s={search_term_string}\"},\"query-input\":\"required name=search_term_string\"}],\"inLanguage\":\"es\"},{\"@type\":\"Person\",\"@id\":\"https:\/\/www.ull.es\/portal\/noticias\/#\/schema\/person\/c3b2aa857797592927a03740d6664376\",\"name\":\"prensa2\",\"image\":{\"@type\":\"ImageObject\",\"inLanguage\":\"es\",\"@id\":\"https:\/\/www.ull.es\/portal\/noticias\/#\/schema\/person\/image\/\",\"url\":\"https:\/\/secure.gravatar.com\/avatar\/b58f310a5de5feb33d1e026d2493f23c?s=96&d=mm&r=g\",\"contentUrl\":\"https:\/\/secure.gravatar.com\/avatar\/b58f310a5de5feb33d1e026d2493f23c?s=96&d=mm&r=g\",\"caption\":\"prensa2\"},\"url\":\"https:\/\/www.ull.es\/portal\/noticias\/author\/prensa2\/\"}]}<\/script>\n<!-- \/ Yoast SEO plugin. -->","yoast_head_json":{"title":"La Fundaci\u00f3n Pedro Garc\u00eda Cabrera present\u00f3 en la ULL el III Curso Superior de Planificaci\u00f3n y Gesti\u00f3n Cultural - ULL - Noticias","robots":{"index":"index","follow":"follow","max-snippet":"max-snippet:-1","max-image-preview":"max-image-preview:large","max-video-preview":"max-video-preview:-1"},"canonical":"https:\/\/www.ull.es\/portal\/noticias\/2008\/la-fundacin-pedro-garca-cabrera-present-en-la-ull-el-iii-curso-superior-de-planificacin-y-gestin-cultural\/","og_locale":"es_ES","og_type":"article","og_title":"La Fundaci\u00f3n Pedro Garc\u00eda Cabrera present\u00f3 en la ULL el III Curso Superior de Planificaci\u00f3n y Gesti\u00f3n Cultural - ULL - Noticias","og_description":"El Vicerrectorado de Relaciones Universidad Sociedad de la ULL fue sede hoy, viernes 1 de agosto de 2008, de la...","og_url":"https:\/\/www.ull.es\/portal\/noticias\/2008\/la-fundacin-pedro-garca-cabrera-present-en-la-ull-el-iii-curso-superior-de-planificacin-y-gestin-cultural\/","og_site_name":"ULL - Noticias","article_publisher":"https:\/\/www.facebook.com\/universidaddelalaguna\/","article_published_time":"2008-08-01T00:00:00+00:00","og_image":[{"width":800,"height":534,"url":"https:\/\/www.ull.es\/portal\/noticias\/wp-content\/uploads\/sites\/13\/2015\/07\/gestion_cultural.jpg","type":"image\/jpeg"}],"author":"prensa2","twitter_card":"summary_large_image","twitter_creator":"@CanalULL","twitter_site":"@CanalULL","twitter_misc":{"Escrito por":"prensa2","Tiempo de lectura":"3 minutos"},"schema":{"@context":"https:\/\/schema.org","@graph":[{"@type":"WebPage","@id":"https:\/\/www.ull.es\/portal\/noticias\/2008\/la-fundacin-pedro-garca-cabrera-present-en-la-ull-el-iii-curso-superior-de-planificacin-y-gestin-cultural\/","url":"https:\/\/www.ull.es\/portal\/noticias\/2008\/la-fundacin-pedro-garca-cabrera-present-en-la-ull-el-iii-curso-superior-de-planificacin-y-gestin-cultural\/","name":"La Fundaci\u00f3n Pedro Garc\u00eda Cabrera present\u00f3 en la ULL el III Curso Superior de Planificaci\u00f3n y Gesti\u00f3n Cultural - ULL - Noticias","isPartOf":{"@id":"https:\/\/www.ull.es\/portal\/noticias\/#website"},"datePublished":"2008-08-01T00:00:00+00:00","dateModified":"2008-08-01T00:00:00+00:00","author":{"@id":"https:\/\/www.ull.es\/portal\/noticias\/#\/schema\/person\/c3b2aa857797592927a03740d6664376"},"breadcrumb":{"@id":"https:\/\/www.ull.es\/portal\/noticias\/2008\/la-fundacin-pedro-garca-cabrera-present-en-la-ull-el-iii-curso-superior-de-planificacin-y-gestin-cultural\/#breadcrumb"},"inLanguage":"es","potentialAction":[{"@type":"ReadAction","target":["https:\/\/www.ull.es\/portal\/noticias\/2008\/la-fundacin-pedro-garca-cabrera-present-en-la-ull-el-iii-curso-superior-de-planificacin-y-gestin-cultural\/"]}]},{"@type":"BreadcrumbList","@id":"https:\/\/www.ull.es\/portal\/noticias\/2008\/la-fundacin-pedro-garca-cabrera-present-en-la-ull-el-iii-curso-superior-de-planificacin-y-gestin-cultural\/#breadcrumb","itemListElement":[{"@type":"ListItem","position":1,"name":"Portada","item":"https:\/\/www.ull.es\/portal\/noticias\/"},{"@type":"ListItem","position":2,"name":"La Fundaci\u00f3n Pedro Garc\u00eda Cabrera present\u00f3 en la ULL el III Curso Superior de Planificaci\u00f3n y Gesti\u00f3n Cultural"}]},{"@type":"WebSite","@id":"https:\/\/www.ull.es\/portal\/noticias\/#website","url":"https:\/\/www.ull.es\/portal\/noticias\/","name":"ULL - Noticias","description":"","potentialAction":[{"@type":"SearchAction","target":{"@type":"EntryPoint","urlTemplate":"https:\/\/www.ull.es\/portal\/noticias\/?s={search_term_string}"},"query-input":"required name=search_term_string"}],"inLanguage":"es"},{"@type":"Person","@id":"https:\/\/www.ull.es\/portal\/noticias\/#\/schema\/person\/c3b2aa857797592927a03740d6664376","name":"prensa2","image":{"@type":"ImageObject","inLanguage":"es","@id":"https:\/\/www.ull.es\/portal\/noticias\/#\/schema\/person\/image\/","url":"https:\/\/secure.gravatar.com\/avatar\/b58f310a5de5feb33d1e026d2493f23c?s=96&d=mm&r=g","contentUrl":"https:\/\/secure.gravatar.com\/avatar\/b58f310a5de5feb33d1e026d2493f23c?s=96&d=mm&r=g","caption":"prensa2"},"url":"https:\/\/www.ull.es\/portal\/noticias\/author\/prensa2\/"}]}},"primary_category":null,"featured_image_thumbnail_url":"https:\/\/www.ull.es\/portal\/noticias\/wp-content\/uploads\/sites\/13\/2015\/07\/gestion_cultural-300x200.jpg","_links":{"self":[{"href":"https:\/\/www.ull.es\/portal\/noticias\/wp-json\/wp\/v2\/posts\/15162"}],"collection":[{"href":"https:\/\/www.ull.es\/portal\/noticias\/wp-json\/wp\/v2\/posts"}],"about":[{"href":"https:\/\/www.ull.es\/portal\/noticias\/wp-json\/wp\/v2\/types\/post"}],"author":[{"embeddable":true,"href":"https:\/\/www.ull.es\/portal\/noticias\/wp-json\/wp\/v2\/users\/21"}],"replies":[{"embeddable":true,"href":"https:\/\/www.ull.es\/portal\/noticias\/wp-json\/wp\/v2\/comments?post=15162"}],"version-history":[{"count":0,"href":"https:\/\/www.ull.es\/portal\/noticias\/wp-json\/wp\/v2\/posts\/15162\/revisions"}],"wp:featuredmedia":[{"embeddable":true,"href":"https:\/\/www.ull.es\/portal\/noticias\/wp-json\/wp\/v2\/media\/15163"}],"wp:attachment":[{"href":"https:\/\/www.ull.es\/portal\/noticias\/wp-json\/wp\/v2\/media?parent=15162"}],"wp:term":[{"taxonomy":"category","embeddable":true,"href":"https:\/\/www.ull.es\/portal\/noticias\/wp-json\/wp\/v2\/categories?post=15162"},{"taxonomy":"post_tag","embeddable":true,"href":"https:\/\/www.ull.es\/portal\/noticias\/wp-json\/wp\/v2\/tags?post=15162"}],"curies":[{"name":"wp","href":"https:\/\/api.w.org\/{rel}","templated":true}]}}