{"id":15166,"date":"2008-09-26T00:00:00","date_gmt":"2008-09-26T00:00:00","guid":{"rendered":"http:\/\/ddigital.webs.ull.es\/la-biblioteca-de-la-ull-homenajea-a-po-baroja-con-una-exposicin-bibliogrfica-y-artstica\/"},"modified":"2008-09-26T00:00:00","modified_gmt":"2008-09-26T00:00:00","slug":"la-biblioteca-de-la-ull-homenajea-a-po-baroja-con-una-exposicin-bibliogrfica-y-artstica","status":"publish","type":"post","link":"https:\/\/www.ull.es\/portal\/noticias\/2008\/la-biblioteca-de-la-ull-homenajea-a-po-baroja-con-una-exposicin-bibliogrfica-y-artstica\/","title":{"rendered":"La Biblioteca de la ULL homenajea a P\u00edo Baroja con una exposici\u00f3n bibliogr\u00e1fica y art\u00edstica"},"content":{"rendered":"<p>La Biblioteca General y de Humanidades de la Universidad de La Laguna acoge desde hoy, viernes 26 de septiembre, y hasta el 17 de octubre de 2008, la exposici&oacute;n Miradas al universo de P&iacute;o Baroja, muestra itinerante promovida en 2006 por la Universidad P&uacute;blica de Navarra para conmemorar el cincuentenario de la muerte de este escritor, que ha visitado varias instituciones acad&eacute;micas espa&ntilde;olas. En ella se exhiben cuarenta y tres piezas de obra pl&aacute;stica creadas por otros tantos artistas navarros, y una selecci&oacute;n de ejemplares de obras de Baroja que se pueden consultar en el servicio bibliogr&aacute;fico de la ULL.<\/p>\n<p><P>La inauguraci&oacute;n estuvo presidida por el rector de la ULL, Eduardo Dom&eacute;nech Mart&iacute;nez; la vicerrectora de Relaciones Universidad y Sociedad de la ULL, M Gracia Rodr&iacute;guez Brito; y el director del Servicio de Biblioteca de la ULL, Luis Gonzalo Rey Pinz&oacute;n.<\/P><P>El acto estuvo amenizado por el profesor de la Facultad de Educaci&oacute;n Ernesto Rodr&iacute;guez Abad, quien realiz&oacute; una lectura dramatizada de conocidos pasajes de la obra de Baroja, como sus elogios de los caballos del tiovivo y al viejo acorde&oacute;n. Al viol&iacute;n lo acompa&ntilde;o Nicol&aacute;s Kovac, profesor de este instrumento en el Conservatorio de Santa Cruz de Tenerife, que interpret&oacute; piezas de Bach, Purcell, Wieniawski y Fibich.<\/P><P>Para el rector de la ULL, esta muestra es un ejemplo dela buena sinton&iacute;a que existe entre las universidades p&uacute;blicas espa&ntilde;olas, pues este tipo de intercambios de exposiciones y otras actividades es cada vez m&aacute;s frecuente. Dom&eacute;nech realiz&oacute; una breve semblanza de Baroja, autor ya admirado en vida por contempor&aacute;neos como Gald&oacute;s, Azor&iacute;n o Unamuno.<\/P><P>Las obras expuestas est&aacute;n organizadas en torno a ocho ejes tem&aacute;ticos relacionados con las publicaciones escogidas por los artistas como inspiraci&oacute;n: El &aacute;rbol de la ciencia; La lucha por la vida, La Busca y Aurora Roja; Tierra Vasca, Zalaca&iacute;n el aventurero y El mayorazgo de Labran; Las ciudades y La sensualidad pervertida; El mar, Las inquietudes de Shanti And&iacute;a y El laberinto de las sirenas; Escritos, Ensayos, Novelas, Memorias y Autobiograf&iacute;a; Cuentos y Vidas sombr&iacute;as; y Poes&iacute;a y Canciones del suburbio.<\/P><\/p>\n","protected":false},"excerpt":{"rendered":"<p>La Biblioteca General y de Humanidades de la Universidad de La Laguna acoge desde hoy, viernes 26 de septiembre, y&#8230;<\/p>\n","protected":false},"author":21,"featured_media":15169,"comment_status":"open","ping_status":"open","sticky":false,"template":"","format":"standard","meta":{"inline_featured_image":false,"footnotes":""},"categories":[344],"tags":[],"acf":[],"yoast_head":"<!-- This site is optimized with the Yoast SEO plugin v21.3 - https:\/\/yoast.com\/wordpress\/plugins\/seo\/ -->\n<title>La Biblioteca de la ULL homenajea a P\u00edo Baroja con una exposici\u00f3n bibliogr\u00e1fica y art\u00edstica - ULL - Noticias<\/title>\n<meta name=\"robots\" content=\"index, follow, max-snippet:-1, max-image-preview:large, max-video-preview:-1\" \/>\n<link rel=\"canonical\" href=\"https:\/\/www.ull.es\/portal\/noticias\/2008\/la-biblioteca-de-la-ull-homenajea-a-po-baroja-con-una-exposicin-bibliogrfica-y-artstica\/\" \/>\n<meta property=\"og:locale\" content=\"es_ES\" \/>\n<meta property=\"og:type\" content=\"article\" \/>\n<meta property=\"og:title\" content=\"La Biblioteca de la ULL homenajea a P\u00edo Baroja con una exposici\u00f3n bibliogr\u00e1fica y art\u00edstica - ULL - Noticias\" \/>\n<meta property=\"og:description\" content=\"La Biblioteca General y de Humanidades de la Universidad de La Laguna acoge desde hoy, viernes 26 de septiembre, y...\" \/>\n<meta property=\"og:url\" content=\"https:\/\/www.ull.es\/portal\/noticias\/2008\/la-biblioteca-de-la-ull-homenajea-a-po-baroja-con-una-exposicin-bibliogrfica-y-artstica\/\" \/>\n<meta property=\"og:site_name\" content=\"ULL - Noticias\" \/>\n<meta property=\"article:publisher\" content=\"https:\/\/www.facebook.com\/universidaddelalaguna\/\" \/>\n<meta property=\"article:published_time\" content=\"2008-09-26T00:00:00+00:00\" \/>\n<meta property=\"og:image\" content=\"https:\/\/www.ull.es\/portal\/noticias\/wp-content\/uploads\/sites\/13\/2015\/07\/baroja2.jpg\" \/>\n\t<meta property=\"og:image:width\" content=\"800\" \/>\n\t<meta property=\"og:image:height\" content=\"534\" \/>\n\t<meta property=\"og:image:type\" content=\"image\/jpeg\" \/>\n<meta name=\"author\" content=\"prensa2\" \/>\n<meta name=\"twitter:card\" content=\"summary_large_image\" \/>\n<meta name=\"twitter:creator\" content=\"@CanalULL\" \/>\n<meta name=\"twitter:site\" content=\"@CanalULL\" \/>\n<meta name=\"twitter:label1\" content=\"Escrito por\" \/>\n\t<meta name=\"twitter:data1\" content=\"prensa2\" \/>\n\t<meta name=\"twitter:label2\" content=\"Tiempo de lectura\" \/>\n\t<meta name=\"twitter:data2\" content=\"2 minutos\" \/>\n<script type=\"application\/ld+json\" class=\"yoast-schema-graph\">{\"@context\":\"https:\/\/schema.org\",\"@graph\":[{\"@type\":\"WebPage\",\"@id\":\"https:\/\/www.ull.es\/portal\/noticias\/2008\/la-biblioteca-de-la-ull-homenajea-a-po-baroja-con-una-exposicin-bibliogrfica-y-artstica\/\",\"url\":\"https:\/\/www.ull.es\/portal\/noticias\/2008\/la-biblioteca-de-la-ull-homenajea-a-po-baroja-con-una-exposicin-bibliogrfica-y-artstica\/\",\"name\":\"La Biblioteca de la ULL homenajea a P\u00edo Baroja con una exposici\u00f3n bibliogr\u00e1fica y art\u00edstica - ULL - Noticias\",\"isPartOf\":{\"@id\":\"https:\/\/www.ull.es\/portal\/noticias\/#website\"},\"datePublished\":\"2008-09-26T00:00:00+00:00\",\"dateModified\":\"2008-09-26T00:00:00+00:00\",\"author\":{\"@id\":\"https:\/\/www.ull.es\/portal\/noticias\/#\/schema\/person\/c3b2aa857797592927a03740d6664376\"},\"breadcrumb\":{\"@id\":\"https:\/\/www.ull.es\/portal\/noticias\/2008\/la-biblioteca-de-la-ull-homenajea-a-po-baroja-con-una-exposicin-bibliogrfica-y-artstica\/#breadcrumb\"},\"inLanguage\":\"es\",\"potentialAction\":[{\"@type\":\"ReadAction\",\"target\":[\"https:\/\/www.ull.es\/portal\/noticias\/2008\/la-biblioteca-de-la-ull-homenajea-a-po-baroja-con-una-exposicin-bibliogrfica-y-artstica\/\"]}]},{\"@type\":\"BreadcrumbList\",\"@id\":\"https:\/\/www.ull.es\/portal\/noticias\/2008\/la-biblioteca-de-la-ull-homenajea-a-po-baroja-con-una-exposicin-bibliogrfica-y-artstica\/#breadcrumb\",\"itemListElement\":[{\"@type\":\"ListItem\",\"position\":1,\"name\":\"Portada\",\"item\":\"https:\/\/www.ull.es\/portal\/noticias\/\"},{\"@type\":\"ListItem\",\"position\":2,\"name\":\"La Biblioteca de la ULL homenajea a P\u00edo Baroja con una exposici\u00f3n bibliogr\u00e1fica y art\u00edstica\"}]},{\"@type\":\"WebSite\",\"@id\":\"https:\/\/www.ull.es\/portal\/noticias\/#website\",\"url\":\"https:\/\/www.ull.es\/portal\/noticias\/\",\"name\":\"ULL - Noticias\",\"description\":\"\",\"potentialAction\":[{\"@type\":\"SearchAction\",\"target\":{\"@type\":\"EntryPoint\",\"urlTemplate\":\"https:\/\/www.ull.es\/portal\/noticias\/?s={search_term_string}\"},\"query-input\":\"required name=search_term_string\"}],\"inLanguage\":\"es\"},{\"@type\":\"Person\",\"@id\":\"https:\/\/www.ull.es\/portal\/noticias\/#\/schema\/person\/c3b2aa857797592927a03740d6664376\",\"name\":\"prensa2\",\"image\":{\"@type\":\"ImageObject\",\"inLanguage\":\"es\",\"@id\":\"https:\/\/www.ull.es\/portal\/noticias\/#\/schema\/person\/image\/\",\"url\":\"https:\/\/secure.gravatar.com\/avatar\/b58f310a5de5feb33d1e026d2493f23c?s=96&d=mm&r=g\",\"contentUrl\":\"https:\/\/secure.gravatar.com\/avatar\/b58f310a5de5feb33d1e026d2493f23c?s=96&d=mm&r=g\",\"caption\":\"prensa2\"},\"url\":\"https:\/\/www.ull.es\/portal\/noticias\/author\/prensa2\/\"}]}<\/script>\n<!-- \/ Yoast SEO plugin. -->","yoast_head_json":{"title":"La Biblioteca de la ULL homenajea a P\u00edo Baroja con una exposici\u00f3n bibliogr\u00e1fica y art\u00edstica - ULL - Noticias","robots":{"index":"index","follow":"follow","max-snippet":"max-snippet:-1","max-image-preview":"max-image-preview:large","max-video-preview":"max-video-preview:-1"},"canonical":"https:\/\/www.ull.es\/portal\/noticias\/2008\/la-biblioteca-de-la-ull-homenajea-a-po-baroja-con-una-exposicin-bibliogrfica-y-artstica\/","og_locale":"es_ES","og_type":"article","og_title":"La Biblioteca de la ULL homenajea a P\u00edo Baroja con una exposici\u00f3n bibliogr\u00e1fica y art\u00edstica - ULL - Noticias","og_description":"La Biblioteca General y de Humanidades de la Universidad de La Laguna acoge desde hoy, viernes 26 de septiembre, y...","og_url":"https:\/\/www.ull.es\/portal\/noticias\/2008\/la-biblioteca-de-la-ull-homenajea-a-po-baroja-con-una-exposicin-bibliogrfica-y-artstica\/","og_site_name":"ULL - Noticias","article_publisher":"https:\/\/www.facebook.com\/universidaddelalaguna\/","article_published_time":"2008-09-26T00:00:00+00:00","og_image":[{"width":800,"height":534,"url":"https:\/\/www.ull.es\/portal\/noticias\/wp-content\/uploads\/sites\/13\/2015\/07\/baroja2.jpg","type":"image\/jpeg"}],"author":"prensa2","twitter_card":"summary_large_image","twitter_creator":"@CanalULL","twitter_site":"@CanalULL","twitter_misc":{"Escrito por":"prensa2","Tiempo de lectura":"2 minutos"},"schema":{"@context":"https:\/\/schema.org","@graph":[{"@type":"WebPage","@id":"https:\/\/www.ull.es\/portal\/noticias\/2008\/la-biblioteca-de-la-ull-homenajea-a-po-baroja-con-una-exposicin-bibliogrfica-y-artstica\/","url":"https:\/\/www.ull.es\/portal\/noticias\/2008\/la-biblioteca-de-la-ull-homenajea-a-po-baroja-con-una-exposicin-bibliogrfica-y-artstica\/","name":"La Biblioteca de la ULL homenajea a P\u00edo Baroja con una exposici\u00f3n bibliogr\u00e1fica y art\u00edstica - ULL - Noticias","isPartOf":{"@id":"https:\/\/www.ull.es\/portal\/noticias\/#website"},"datePublished":"2008-09-26T00:00:00+00:00","dateModified":"2008-09-26T00:00:00+00:00","author":{"@id":"https:\/\/www.ull.es\/portal\/noticias\/#\/schema\/person\/c3b2aa857797592927a03740d6664376"},"breadcrumb":{"@id":"https:\/\/www.ull.es\/portal\/noticias\/2008\/la-biblioteca-de-la-ull-homenajea-a-po-baroja-con-una-exposicin-bibliogrfica-y-artstica\/#breadcrumb"},"inLanguage":"es","potentialAction":[{"@type":"ReadAction","target":["https:\/\/www.ull.es\/portal\/noticias\/2008\/la-biblioteca-de-la-ull-homenajea-a-po-baroja-con-una-exposicin-bibliogrfica-y-artstica\/"]}]},{"@type":"BreadcrumbList","@id":"https:\/\/www.ull.es\/portal\/noticias\/2008\/la-biblioteca-de-la-ull-homenajea-a-po-baroja-con-una-exposicin-bibliogrfica-y-artstica\/#breadcrumb","itemListElement":[{"@type":"ListItem","position":1,"name":"Portada","item":"https:\/\/www.ull.es\/portal\/noticias\/"},{"@type":"ListItem","position":2,"name":"La Biblioteca de la ULL homenajea a P\u00edo Baroja con una exposici\u00f3n bibliogr\u00e1fica y art\u00edstica"}]},{"@type":"WebSite","@id":"https:\/\/www.ull.es\/portal\/noticias\/#website","url":"https:\/\/www.ull.es\/portal\/noticias\/","name":"ULL - Noticias","description":"","potentialAction":[{"@type":"SearchAction","target":{"@type":"EntryPoint","urlTemplate":"https:\/\/www.ull.es\/portal\/noticias\/?s={search_term_string}"},"query-input":"required name=search_term_string"}],"inLanguage":"es"},{"@type":"Person","@id":"https:\/\/www.ull.es\/portal\/noticias\/#\/schema\/person\/c3b2aa857797592927a03740d6664376","name":"prensa2","image":{"@type":"ImageObject","inLanguage":"es","@id":"https:\/\/www.ull.es\/portal\/noticias\/#\/schema\/person\/image\/","url":"https:\/\/secure.gravatar.com\/avatar\/b58f310a5de5feb33d1e026d2493f23c?s=96&d=mm&r=g","contentUrl":"https:\/\/secure.gravatar.com\/avatar\/b58f310a5de5feb33d1e026d2493f23c?s=96&d=mm&r=g","caption":"prensa2"},"url":"https:\/\/www.ull.es\/portal\/noticias\/author\/prensa2\/"}]}},"primary_category":null,"featured_image_thumbnail_url":"https:\/\/www.ull.es\/portal\/noticias\/wp-content\/uploads\/sites\/13\/2015\/07\/baroja2-300x200.jpg","_links":{"self":[{"href":"https:\/\/www.ull.es\/portal\/noticias\/wp-json\/wp\/v2\/posts\/15166"}],"collection":[{"href":"https:\/\/www.ull.es\/portal\/noticias\/wp-json\/wp\/v2\/posts"}],"about":[{"href":"https:\/\/www.ull.es\/portal\/noticias\/wp-json\/wp\/v2\/types\/post"}],"author":[{"embeddable":true,"href":"https:\/\/www.ull.es\/portal\/noticias\/wp-json\/wp\/v2\/users\/21"}],"replies":[{"embeddable":true,"href":"https:\/\/www.ull.es\/portal\/noticias\/wp-json\/wp\/v2\/comments?post=15166"}],"version-history":[{"count":0,"href":"https:\/\/www.ull.es\/portal\/noticias\/wp-json\/wp\/v2\/posts\/15166\/revisions"}],"wp:featuredmedia":[{"embeddable":true,"href":"https:\/\/www.ull.es\/portal\/noticias\/wp-json\/wp\/v2\/media\/15169"}],"wp:attachment":[{"href":"https:\/\/www.ull.es\/portal\/noticias\/wp-json\/wp\/v2\/media?parent=15166"}],"wp:term":[{"taxonomy":"category","embeddable":true,"href":"https:\/\/www.ull.es\/portal\/noticias\/wp-json\/wp\/v2\/categories?post=15166"},{"taxonomy":"post_tag","embeddable":true,"href":"https:\/\/www.ull.es\/portal\/noticias\/wp-json\/wp\/v2\/tags?post=15166"}],"curies":[{"name":"wp","href":"https:\/\/api.w.org\/{rel}","templated":true}]}}