{"id":15196,"date":"2008-11-19T00:00:00","date_gmt":"2008-11-19T00:00:00","guid":{"rendered":"http:\/\/ddigital.webs.ull.es\/siete-grupos-participarn-el-prximo-viernes-en-el-festival-universitario-de-msica-ull-rock\/"},"modified":"2008-11-19T00:00:00","modified_gmt":"2008-11-19T00:00:00","slug":"siete-grupos-participarn-el-prximo-viernes-en-el-festival-universitario-de-msica-ull-rock","status":"publish","type":"post","link":"https:\/\/www.ull.es\/portal\/noticias\/2008\/siete-grupos-participarn-el-prximo-viernes-en-el-festival-universitario-de-msica-ull-rock\/","title":{"rendered":"Siete grupos participar\u00e1n el pr\u00f3ximo viernes en el festival universitario de m\u00fasica ULL Rock"},"content":{"rendered":"<p>El sal&oacute;n de actos de la Facultad de Educaci&oacute;n de la Universidad de La Laguna acoger&aacute; el pr&oacute;ximo viernes, 21 de noviembre de 2008 a partir de las 20:30 horas, el festival ULL Rock 2008. En &eacute;l participar&aacute;n los seis grupos y solistas seleccionados como finalistas en el Premio de M&uacute;sica de la instituci&oacute;n acad&eacute;mica, y tras la velada se dar&aacute; a conocer el ganador del certamen. Adem&aacute;s, durante la deliberaci&oacute;n del jurado, se ha invitado a actuar al grupo ganador en la pasada edici&oacute;n de esta competici&oacute;n, Marvel Hill. La entrada en este evento es libre y gratuita hasta completar el aforo de la sala.<\/p>\n<p><P>Los grupos finalistas en esta competici&oacute;n son Line, Clayseed, Ekade, Los Contratiempos, PSGgirl y The Cover, los cuales abarcan una amplia variedad de estilos contempor&aacute;neos de m&uacute;sica popular, especialmente rock, electr&oacute;nica y las denominadas m&uacute;sicas del mundo. El programa completo y m&aacute;s informaci&oacute;n sobre cada conjunto, est&aacute;n disponibles en una secci&oacute;n especial de la web de la ULL, a la cual se accede desde el banner publicitario de ULL ubicado en la p&aacute;gina principal (<a href='http:\/\/www2.ull.es\/rte\/\"http:\/\/www.ull.es\"' target=\"_blank\" rel=\"noopener\">www.ull.es<\/A>).<\/P><P><STRONG>Participantes<\/STRONG><BR><BR>El primero de los grupos finalistas es Line, creado a finales de 2007 tras la ruptura del alabado grupo tinerfe&ntilde;o de m&uacute;sica electr&oacute;nica Re\/move. Liderado por Manuel P&eacute;rez, esta agrupaci&oacute;n apuesta por la electr&oacute;nica de vanguardia. Sus influencias b&aacute;sicas son el Trance, Dance, Industrial, Electro Rock. En 2008 sali&oacute; su primera demo, Mutation, y han trabajado en consolidar su directo y buscar la homogeneidad y la compenetraci&oacute;n de varios estilos. Su p&aacute;gina web es <a href='http:\/\/www2.ull.es\/rte\/\"http:\/\/www.myspace.com\/linemutacion\"' target=\"_blank\" rel=\"noopener\">www.myspace.com\/linemutacion<\/A>.<BR><BR>Clayseed es una creada en 2004 que se enmarca, seg&uacute;n sus responsables, en el mundo del rock progresivo-alternativo. Para ello se nutre de diferentes tendencias y estilos musicales como el jazz, la m&uacute;sica cl&aacute;sica, el rock, el metal, y las m&uacute;sicas ex&oacute;ticas de diferentes culturas (&aacute;rabe, japonesa&#8230;). Actualmente est&aacute; formado por Mar&iacute;a Celia Montelongo Valdivia (Voz y Viol&iacute;n), Manuel Agust&iacute;n Exp&oacute;sito Garc&iacute;a (Guitarra), Carlos Montes de Oca (Bajo) y Juan del Mar Su&aacute;rez Rufino (Bater&iacute;a). Su p&aacute;gina web es <a href='http:\/\/www2.ull.es\/rte\/\"http:\/\/www.myspace.com\/theothersideroom\"' target=\"_blank\" rel=\"noopener\">www.myspace.com\/theothersideroom<\/A>.<BR><BR>Ekade toma su nombre del t&eacute;rmino aborigen canario que significa piedra, un elemento que representa lo s&oacute;lido, lo simple, lo esencial, lo que est&aacute; arraigado a la tierra. De esta manera define el grupo su m&uacute;sica, con ra&iacute;ces populares y &eacute;tnicas de diferentes regiones del mundo: desde ritmos balc&aacute;nicos hasta melod&iacute;as sudamericanas. Mario Engler Medvecki (viol&iacute;n). Sus componentes son Diego P&eacute;rez Gonz&aacute;lez (violonchelo), Raquel Garc&iacute;a Cabrera (teclados), Daniel Ferreira Padilla (guitarras), Juan Carlos Baeza Cardarello (bajo el&eacute;ctrico) y Ataman Herrera L&oacute;pez (bater&iacute;a), y su p&aacute;gina web es <a href='http:\/\/www2.ull.es\/rte\/\"http:\/\/www.myspace.com\/ekade\"' target=\"_blank\" rel=\"noopener\">www.myspace.com\/ekade<\/A>.<BR><BR>Los Contratiempos es un grupo en cuyo proyecto musical tienen cabida estilos como el swing, country, yodel, skiffle, surf, western o hawaiano, sin perder nunca el referente integrador de la m&uacute;sica Rock and Roll de los a&ntilde;os 50 e inicios de los 60. Llevan en activo desde 2006 y lo componen Javier Rodr&iacute;guez (voz y guitarra), Dani Ferreira (guitarra), Sergio Ortega (bajo) y Julio Molina (bater&iacute;a). Su p&aacute;gina web es <a href='http:\/\/www2.ull.es\/rte\/\"http:\/\/www.myspace.com\/loscontratiempos\"' target=\"_blank\" rel=\"noopener\">http:\/\/www.myspace.com\/loscontratiempos<\/A>.<BR><BR>PSGirl es el alter ego de Silvia Alonso, amante de la creaci&oacute;n de sonidos sintetizados y la composici&oacute;n de m&uacute;sica electr&oacute;nica en la que mezcla influencias y experimenta tanto en estructuras musicales como en sonidos. Ya fue finalista en ULL Rock 2007. Sus influencias tienen claras ra&iacute;ces en los a&ntilde;os 80 (Pet Shop Boys, OMD, Depeche Mode) y el sonido de grupos como Ladytron, Miss Kittin o Anthony Rother, entre otros. Su p&aacute;gina de Internet es <a href='http:\/\/www2.ull.es\/rte\/\"http:\/\/www.psgirl-music.com\/\"' target=\"_blank\" rel=\"noopener\">http:\/\/www.psgirl-music.com\/<\/A>.<BR><BR>El &uacute;ltimo grupo que compite The Cover es un grupo de reciente formaci&oacute;n , integrado por Jos&eacute; Manuel del Arco Delgado (bajo), V&iacute;ctor C&aacute;ceres &aacute;lvarez (voces y saxof&oacute;n), Alejandro David Gonz&aacute;lez Castro (teclado y voces), Javier Guerrero Peral (bater&iacute;a), Juan Rodolfo Guti&eacute;rrez Arocha (voces y guitarra) y &aacute;lvaro J. Jim&eacute;nez Calero (guitarra y voces). Comenz&oacute; realizando versiones de todas las &eacute;pocas y estilos, abarcando las d&eacute;cadas de los 60 a los 90 en pop, rock, soul o rhythmnblues, pero poco a poco transforma su repertorio y empieza a incluir composiciones propias, principalmente cantadas en ingl&eacute;s.<BR><BR>Como artista invitado acudir&aacute; a la velada Mavel Hill, ganador de la pasada edici&oacute;n de Ull Rock que actuar&aacute; durante el periodo de reflexi&oacute;n del jurado del Premio de m&uacute;sica de la ULL. Nacido en 2006, este grupo ha irrumpido con fuerza en el panorama canario y ha llegad a actuar en Madrid. Recientemente ha firmado con la compa&ntilde;&iacute;a independiente de Florida Poverty Records, por lo cual su m&uacute;sica se oir&aacute; en EE.UU. y Canad&aacute;. Los integrantes del grupo son Jon Ramsden (guitarra, voz), Ulises Rodr&iacute;guez (guitarra), Carlos V (bajo, coros) y Oliver Guerrero y Guillermo Lecuona (bater&iacute;a). Su web es <a href='http:\/\/www2.ull.es\/rte\/\"http:\/\/www.myspace.com\/marvelhilltenerife\"' target=\"_blank\" rel=\"noopener\">http:\/\/www.myspace.com\/marvelhilltenerife<\/A>.<\/P><\/p>\n","protected":false},"excerpt":{"rendered":"<p>El sal&oacute;n de actos de la Facultad de Educaci&oacute;n de la Universidad de La Laguna acoger&aacute; el pr&oacute;ximo viernes, 21&#8230;<\/p>\n","protected":false},"author":21,"featured_media":14983,"comment_status":"open","ping_status":"open","sticky":false,"template":"","format":"standard","meta":{"inline_featured_image":false,"footnotes":""},"categories":[344],"tags":[],"acf":[],"yoast_head":"<!-- This site is optimized with the Yoast SEO plugin v21.3 - https:\/\/yoast.com\/wordpress\/plugins\/seo\/ -->\n<title>Siete grupos participar\u00e1n el pr\u00f3ximo viernes en el festival universitario de m\u00fasica ULL Rock - ULL - Noticias<\/title>\n<meta name=\"robots\" content=\"index, follow, max-snippet:-1, max-image-preview:large, max-video-preview:-1\" \/>\n<link rel=\"canonical\" href=\"https:\/\/www.ull.es\/portal\/noticias\/2008\/siete-grupos-participarn-el-prximo-viernes-en-el-festival-universitario-de-msica-ull-rock\/\" \/>\n<meta property=\"og:locale\" content=\"es_ES\" \/>\n<meta property=\"og:type\" content=\"article\" \/>\n<meta property=\"og:title\" content=\"Siete grupos participar\u00e1n el pr\u00f3ximo viernes en el festival universitario de m\u00fasica ULL Rock - ULL - Noticias\" \/>\n<meta property=\"og:description\" content=\"El sal&oacute;n de actos de la Facultad de Educaci&oacute;n de la Universidad de La Laguna acoger&aacute; el pr&oacute;ximo viernes, 21...\" \/>\n<meta property=\"og:url\" content=\"https:\/\/www.ull.es\/portal\/noticias\/2008\/siete-grupos-participarn-el-prximo-viernes-en-el-festival-universitario-de-msica-ull-rock\/\" \/>\n<meta property=\"og:site_name\" content=\"ULL - Noticias\" \/>\n<meta property=\"article:publisher\" content=\"https:\/\/www.facebook.com\/universidaddelalaguna\/\" \/>\n<meta property=\"article:published_time\" content=\"2008-11-19T00:00:00+00:00\" \/>\n<meta property=\"og:image\" content=\"https:\/\/www.ull.es\/portal\/noticias\/wp-content\/uploads\/sites\/13\/2015\/07\/ullrock.jpg\" \/>\n\t<meta property=\"og:image:width\" content=\"800\" \/>\n\t<meta property=\"og:image:height\" content=\"534\" \/>\n\t<meta property=\"og:image:type\" content=\"image\/jpeg\" \/>\n<meta name=\"author\" content=\"prensa2\" \/>\n<meta name=\"twitter:card\" content=\"summary_large_image\" \/>\n<meta name=\"twitter:creator\" content=\"@CanalULL\" \/>\n<meta name=\"twitter:site\" content=\"@CanalULL\" \/>\n<meta name=\"twitter:label1\" content=\"Escrito por\" \/>\n\t<meta name=\"twitter:data1\" content=\"prensa2\" \/>\n\t<meta name=\"twitter:label2\" content=\"Tiempo de lectura\" \/>\n\t<meta name=\"twitter:data2\" content=\"5 minutos\" \/>\n<script type=\"application\/ld+json\" class=\"yoast-schema-graph\">{\"@context\":\"https:\/\/schema.org\",\"@graph\":[{\"@type\":\"WebPage\",\"@id\":\"https:\/\/www.ull.es\/portal\/noticias\/2008\/siete-grupos-participarn-el-prximo-viernes-en-el-festival-universitario-de-msica-ull-rock\/\",\"url\":\"https:\/\/www.ull.es\/portal\/noticias\/2008\/siete-grupos-participarn-el-prximo-viernes-en-el-festival-universitario-de-msica-ull-rock\/\",\"name\":\"Siete grupos participar\u00e1n el pr\u00f3ximo viernes en el festival universitario de m\u00fasica ULL Rock - ULL - Noticias\",\"isPartOf\":{\"@id\":\"https:\/\/www.ull.es\/portal\/noticias\/#website\"},\"datePublished\":\"2008-11-19T00:00:00+00:00\",\"dateModified\":\"2008-11-19T00:00:00+00:00\",\"author\":{\"@id\":\"https:\/\/www.ull.es\/portal\/noticias\/#\/schema\/person\/c3b2aa857797592927a03740d6664376\"},\"breadcrumb\":{\"@id\":\"https:\/\/www.ull.es\/portal\/noticias\/2008\/siete-grupos-participarn-el-prximo-viernes-en-el-festival-universitario-de-msica-ull-rock\/#breadcrumb\"},\"inLanguage\":\"es\",\"potentialAction\":[{\"@type\":\"ReadAction\",\"target\":[\"https:\/\/www.ull.es\/portal\/noticias\/2008\/siete-grupos-participarn-el-prximo-viernes-en-el-festival-universitario-de-msica-ull-rock\/\"]}]},{\"@type\":\"BreadcrumbList\",\"@id\":\"https:\/\/www.ull.es\/portal\/noticias\/2008\/siete-grupos-participarn-el-prximo-viernes-en-el-festival-universitario-de-msica-ull-rock\/#breadcrumb\",\"itemListElement\":[{\"@type\":\"ListItem\",\"position\":1,\"name\":\"Portada\",\"item\":\"https:\/\/www.ull.es\/portal\/noticias\/\"},{\"@type\":\"ListItem\",\"position\":2,\"name\":\"Siete grupos participar\u00e1n el pr\u00f3ximo viernes en el festival universitario de m\u00fasica ULL Rock\"}]},{\"@type\":\"WebSite\",\"@id\":\"https:\/\/www.ull.es\/portal\/noticias\/#website\",\"url\":\"https:\/\/www.ull.es\/portal\/noticias\/\",\"name\":\"ULL - Noticias\",\"description\":\"\",\"potentialAction\":[{\"@type\":\"SearchAction\",\"target\":{\"@type\":\"EntryPoint\",\"urlTemplate\":\"https:\/\/www.ull.es\/portal\/noticias\/?s={search_term_string}\"},\"query-input\":\"required name=search_term_string\"}],\"inLanguage\":\"es\"},{\"@type\":\"Person\",\"@id\":\"https:\/\/www.ull.es\/portal\/noticias\/#\/schema\/person\/c3b2aa857797592927a03740d6664376\",\"name\":\"prensa2\",\"image\":{\"@type\":\"ImageObject\",\"inLanguage\":\"es\",\"@id\":\"https:\/\/www.ull.es\/portal\/noticias\/#\/schema\/person\/image\/\",\"url\":\"https:\/\/secure.gravatar.com\/avatar\/b58f310a5de5feb33d1e026d2493f23c?s=96&d=mm&r=g\",\"contentUrl\":\"https:\/\/secure.gravatar.com\/avatar\/b58f310a5de5feb33d1e026d2493f23c?s=96&d=mm&r=g\",\"caption\":\"prensa2\"},\"url\":\"https:\/\/www.ull.es\/portal\/noticias\/author\/prensa2\/\"}]}<\/script>\n<!-- \/ Yoast SEO plugin. -->","yoast_head_json":{"title":"Siete grupos participar\u00e1n el pr\u00f3ximo viernes en el festival universitario de m\u00fasica ULL Rock - ULL - Noticias","robots":{"index":"index","follow":"follow","max-snippet":"max-snippet:-1","max-image-preview":"max-image-preview:large","max-video-preview":"max-video-preview:-1"},"canonical":"https:\/\/www.ull.es\/portal\/noticias\/2008\/siete-grupos-participarn-el-prximo-viernes-en-el-festival-universitario-de-msica-ull-rock\/","og_locale":"es_ES","og_type":"article","og_title":"Siete grupos participar\u00e1n el pr\u00f3ximo viernes en el festival universitario de m\u00fasica ULL Rock - ULL - Noticias","og_description":"El sal&oacute;n de actos de la Facultad de Educaci&oacute;n de la Universidad de La Laguna acoger&aacute; el pr&oacute;ximo viernes, 21...","og_url":"https:\/\/www.ull.es\/portal\/noticias\/2008\/siete-grupos-participarn-el-prximo-viernes-en-el-festival-universitario-de-msica-ull-rock\/","og_site_name":"ULL - Noticias","article_publisher":"https:\/\/www.facebook.com\/universidaddelalaguna\/","article_published_time":"2008-11-19T00:00:00+00:00","og_image":[{"width":800,"height":534,"url":"https:\/\/www.ull.es\/portal\/noticias\/wp-content\/uploads\/sites\/13\/2015\/07\/ullrock.jpg","type":"image\/jpeg"}],"author":"prensa2","twitter_card":"summary_large_image","twitter_creator":"@CanalULL","twitter_site":"@CanalULL","twitter_misc":{"Escrito por":"prensa2","Tiempo de lectura":"5 minutos"},"schema":{"@context":"https:\/\/schema.org","@graph":[{"@type":"WebPage","@id":"https:\/\/www.ull.es\/portal\/noticias\/2008\/siete-grupos-participarn-el-prximo-viernes-en-el-festival-universitario-de-msica-ull-rock\/","url":"https:\/\/www.ull.es\/portal\/noticias\/2008\/siete-grupos-participarn-el-prximo-viernes-en-el-festival-universitario-de-msica-ull-rock\/","name":"Siete grupos participar\u00e1n el pr\u00f3ximo viernes en el festival universitario de m\u00fasica ULL Rock - ULL - Noticias","isPartOf":{"@id":"https:\/\/www.ull.es\/portal\/noticias\/#website"},"datePublished":"2008-11-19T00:00:00+00:00","dateModified":"2008-11-19T00:00:00+00:00","author":{"@id":"https:\/\/www.ull.es\/portal\/noticias\/#\/schema\/person\/c3b2aa857797592927a03740d6664376"},"breadcrumb":{"@id":"https:\/\/www.ull.es\/portal\/noticias\/2008\/siete-grupos-participarn-el-prximo-viernes-en-el-festival-universitario-de-msica-ull-rock\/#breadcrumb"},"inLanguage":"es","potentialAction":[{"@type":"ReadAction","target":["https:\/\/www.ull.es\/portal\/noticias\/2008\/siete-grupos-participarn-el-prximo-viernes-en-el-festival-universitario-de-msica-ull-rock\/"]}]},{"@type":"BreadcrumbList","@id":"https:\/\/www.ull.es\/portal\/noticias\/2008\/siete-grupos-participarn-el-prximo-viernes-en-el-festival-universitario-de-msica-ull-rock\/#breadcrumb","itemListElement":[{"@type":"ListItem","position":1,"name":"Portada","item":"https:\/\/www.ull.es\/portal\/noticias\/"},{"@type":"ListItem","position":2,"name":"Siete grupos participar\u00e1n el pr\u00f3ximo viernes en el festival universitario de m\u00fasica ULL Rock"}]},{"@type":"WebSite","@id":"https:\/\/www.ull.es\/portal\/noticias\/#website","url":"https:\/\/www.ull.es\/portal\/noticias\/","name":"ULL - Noticias","description":"","potentialAction":[{"@type":"SearchAction","target":{"@type":"EntryPoint","urlTemplate":"https:\/\/www.ull.es\/portal\/noticias\/?s={search_term_string}"},"query-input":"required name=search_term_string"}],"inLanguage":"es"},{"@type":"Person","@id":"https:\/\/www.ull.es\/portal\/noticias\/#\/schema\/person\/c3b2aa857797592927a03740d6664376","name":"prensa2","image":{"@type":"ImageObject","inLanguage":"es","@id":"https:\/\/www.ull.es\/portal\/noticias\/#\/schema\/person\/image\/","url":"https:\/\/secure.gravatar.com\/avatar\/b58f310a5de5feb33d1e026d2493f23c?s=96&d=mm&r=g","contentUrl":"https:\/\/secure.gravatar.com\/avatar\/b58f310a5de5feb33d1e026d2493f23c?s=96&d=mm&r=g","caption":"prensa2"},"url":"https:\/\/www.ull.es\/portal\/noticias\/author\/prensa2\/"}]}},"primary_category":null,"featured_image_thumbnail_url":"https:\/\/www.ull.es\/portal\/noticias\/wp-content\/uploads\/sites\/13\/2015\/07\/ullrock-300x200.jpg","_links":{"self":[{"href":"https:\/\/www.ull.es\/portal\/noticias\/wp-json\/wp\/v2\/posts\/15196"}],"collection":[{"href":"https:\/\/www.ull.es\/portal\/noticias\/wp-json\/wp\/v2\/posts"}],"about":[{"href":"https:\/\/www.ull.es\/portal\/noticias\/wp-json\/wp\/v2\/types\/post"}],"author":[{"embeddable":true,"href":"https:\/\/www.ull.es\/portal\/noticias\/wp-json\/wp\/v2\/users\/21"}],"replies":[{"embeddable":true,"href":"https:\/\/www.ull.es\/portal\/noticias\/wp-json\/wp\/v2\/comments?post=15196"}],"version-history":[{"count":0,"href":"https:\/\/www.ull.es\/portal\/noticias\/wp-json\/wp\/v2\/posts\/15196\/revisions"}],"wp:featuredmedia":[{"embeddable":true,"href":"https:\/\/www.ull.es\/portal\/noticias\/wp-json\/wp\/v2\/media\/14983"}],"wp:attachment":[{"href":"https:\/\/www.ull.es\/portal\/noticias\/wp-json\/wp\/v2\/media?parent=15196"}],"wp:term":[{"taxonomy":"category","embeddable":true,"href":"https:\/\/www.ull.es\/portal\/noticias\/wp-json\/wp\/v2\/categories?post=15196"},{"taxonomy":"post_tag","embeddable":true,"href":"https:\/\/www.ull.es\/portal\/noticias\/wp-json\/wp\/v2\/tags?post=15196"}],"curies":[{"name":"wp","href":"https:\/\/api.w.org\/{rel}","templated":true}]}}