{"id":15197,"date":"2008-11-21T00:00:00","date_gmt":"2008-11-21T00:00:00","guid":{"rendered":"http:\/\/ddigital.webs.ull.es\/la-universidad-de-la-laguna-celebra-un-curso-sobre-lan-entralgo-y-la-tradicin-humanstica\/"},"modified":"2008-11-21T00:00:00","modified_gmt":"2008-11-21T00:00:00","slug":"la-universidad-de-la-laguna-celebra-un-curso-sobre-lan-entralgo-y-la-tradicin-humanstica","status":"publish","type":"post","link":"https:\/\/www.ull.es\/portal\/noticias\/2008\/la-universidad-de-la-laguna-celebra-un-curso-sobre-lan-entralgo-y-la-tradicin-humanstica\/","title":{"rendered":"La Universidad de La Laguna celebra un curso sobre La\u00edn Entralgo y la Tradici\u00f3n Human\u00edstica"},"content":{"rendered":"<p>La Universidad de la Laguna celebrar&aacute; a partir del lunes 24 de noviembre un curso sobre la figura de Pedro La&iacute;n Entralgo y la tradici&oacute;n human&iacute;stica en Espa&ntilde;a. Auspiciado por la Fundaci&oacute;n Fernando Rielo, esta iniciativa se desarrollar&aacute; en el sal&oacute;n de Grados del Aulario de Guajara en horario de tarde, donde se extender&aacute; hasta el viernes 28.<\/p>\n<p><P>Con dos cr&eacute;ditos de libre elecci&oacute;n, el curso est&aacute; dirigido por el profesor de Filolog&iacute;a Griega Luis Miguel Pino, y coordinado por la responsable del Aula de Pensamiento de la Fundaci&oacute;n Fernando Rielo y profesora titular de la Universidad Aut&oacute;noma de Madrid, Juana S&aacute;nchez-Gey.<\/P><P>Esta actividad pretende ser un homenaje a la figura de La&iacute;n Entralgo a trav&eacute;s del acercamiento a diversas disciplinas como la filosof&iacute;a, la pedagog&iacute;a, la teolog&iacute;a, la literatura, la historia y la medicina.<\/P><P>La&iacute;n Entralgo obtuvo la c&aacute;tedra de Historia de la Medicina en la Universidad Complutense de Madrid, que ocup&oacute; entre 1942 y 1978, y fue rector de dicha Universidad de 1951 a 1956, llevando a cabo el intento m&aacute;s serio de apertura intelectual en la universidad producido durante la &eacute;poca franquista. <\/P><P>En 1943 fund&oacute; el Instituto Arnau de Vilanova de Historia de la Medicina, dentro del CSIC. Fue miembro de la Real Academia Nacional de Medicina, desde 1946; de la de Historia, desde 1956; y de la Real Academia Espa&ntilde;ola de la Lengua desde 1954. De esta &uacute;ltima fue director entre 1982 y 1987. <\/P><P>Pedro La&iacute;n Entralgo se ha definido intelectualmente a s&iacute; mismo como \u00abhistoriador de medicina, antrop&oacute;logo, y ensayista y dramaturgo de domingo, y por supuesto profesor universitario. Su obra m&aacute;s voluminosa se centra en dos aspectos, la Historia de la Medicina y el \u00abproblema de Espa&ntilde;a\u00bb y su cultura. A todo ello hay que a&ntilde;adir su labor como articulista en prensa. Por todo este ingente trabajo recibi&oacute; en 1976 el Premio Montaigne, que destac&oacute; la trascendencia de su obra para la cultura europea. Otros reconocimientos han sido el Premio Nacional de Teatro por sus cr&iacute;ticas en la prensa peri&oacute;dica en el per&iacute;odo 1970-1971 y el Premio Aznar de Periodismo en 1980. <\/P><P>El curso de la Universidad de la Universidad de La Laguna ahonda en el pensamiento de este destacado humanista, sus implicaciones en los procesos educativos, la docencia de la Historia de la Medicina, los estudios de medicina desarrollados por La&iacute;n, la actualidad de su visi&oacute;n del cristianismo o la aproximaci&oacute;n a la teor&iacute;a del lenguaje desarrollada por &eacute;l.<BR><a href=\"http:\/\/www.ull.es\/Private\/folder\/wull\/agenda\/2008\/noviembre\/triptico_lain.pdf\" target=\"_blank\" rel=\"noopener\">http:\/\/www.ull.es\/Private\/folder\/wull\/agenda\/2008\/noviembre\/triptico_lain.pdf<\/A><BR><\/P><\/p>\n","protected":false},"excerpt":{"rendered":"<p>La Universidad de la Laguna celebrar&aacute; a partir del lunes 24 de noviembre un curso sobre la figura de Pedro&#8230;<\/p>\n","protected":false},"author":21,"featured_media":15198,"comment_status":"open","ping_status":"open","sticky":false,"template":"","format":"standard","meta":{"inline_featured_image":false,"footnotes":""},"categories":[344],"tags":[],"acf":[],"yoast_head":"<!-- This site is optimized with the Yoast SEO plugin v21.3 - https:\/\/yoast.com\/wordpress\/plugins\/seo\/ -->\n<title>La Universidad de La Laguna celebra un curso sobre La\u00edn Entralgo y la Tradici\u00f3n Human\u00edstica - ULL - Noticias<\/title>\n<meta name=\"robots\" content=\"index, follow, max-snippet:-1, max-image-preview:large, max-video-preview:-1\" \/>\n<link rel=\"canonical\" href=\"https:\/\/www.ull.es\/portal\/noticias\/2008\/la-universidad-de-la-laguna-celebra-un-curso-sobre-lan-entralgo-y-la-tradicin-humanstica\/\" \/>\n<meta property=\"og:locale\" content=\"es_ES\" \/>\n<meta property=\"og:type\" content=\"article\" \/>\n<meta property=\"og:title\" content=\"La Universidad de La Laguna celebra un curso sobre La\u00edn Entralgo y la Tradici\u00f3n Human\u00edstica - ULL - Noticias\" \/>\n<meta property=\"og:description\" content=\"La Universidad de la Laguna celebrar&aacute; a partir del lunes 24 de noviembre un curso sobre la figura de Pedro...\" \/>\n<meta property=\"og:url\" content=\"https:\/\/www.ull.es\/portal\/noticias\/2008\/la-universidad-de-la-laguna-celebra-un-curso-sobre-lan-entralgo-y-la-tradicin-humanstica\/\" \/>\n<meta property=\"og:site_name\" content=\"ULL - Noticias\" \/>\n<meta property=\"article:publisher\" content=\"https:\/\/www.facebook.com\/universidaddelalaguna\/\" \/>\n<meta property=\"article:published_time\" content=\"2008-11-21T00:00:00+00:00\" \/>\n<meta property=\"og:image\" content=\"https:\/\/www.ull.es\/portal\/noticias\/wp-content\/uploads\/sites\/13\/2015\/07\/lain.jpg\" \/>\n\t<meta property=\"og:image:width\" content=\"800\" \/>\n\t<meta property=\"og:image:height\" content=\"557\" \/>\n\t<meta property=\"og:image:type\" content=\"image\/jpeg\" \/>\n<meta name=\"author\" content=\"prensa2\" \/>\n<meta name=\"twitter:card\" content=\"summary_large_image\" \/>\n<meta name=\"twitter:creator\" content=\"@CanalULL\" \/>\n<meta name=\"twitter:site\" content=\"@CanalULL\" \/>\n<meta name=\"twitter:label1\" content=\"Escrito por\" \/>\n\t<meta name=\"twitter:data1\" content=\"prensa2\" \/>\n\t<meta name=\"twitter:label2\" content=\"Tiempo de lectura\" \/>\n\t<meta name=\"twitter:data2\" content=\"2 minutos\" \/>\n<script type=\"application\/ld+json\" class=\"yoast-schema-graph\">{\"@context\":\"https:\/\/schema.org\",\"@graph\":[{\"@type\":\"WebPage\",\"@id\":\"https:\/\/www.ull.es\/portal\/noticias\/2008\/la-universidad-de-la-laguna-celebra-un-curso-sobre-lan-entralgo-y-la-tradicin-humanstica\/\",\"url\":\"https:\/\/www.ull.es\/portal\/noticias\/2008\/la-universidad-de-la-laguna-celebra-un-curso-sobre-lan-entralgo-y-la-tradicin-humanstica\/\",\"name\":\"La Universidad de La Laguna celebra un curso sobre La\u00edn Entralgo y la Tradici\u00f3n Human\u00edstica - ULL - Noticias\",\"isPartOf\":{\"@id\":\"https:\/\/www.ull.es\/portal\/noticias\/#website\"},\"datePublished\":\"2008-11-21T00:00:00+00:00\",\"dateModified\":\"2008-11-21T00:00:00+00:00\",\"author\":{\"@id\":\"https:\/\/www.ull.es\/portal\/noticias\/#\/schema\/person\/c3b2aa857797592927a03740d6664376\"},\"breadcrumb\":{\"@id\":\"https:\/\/www.ull.es\/portal\/noticias\/2008\/la-universidad-de-la-laguna-celebra-un-curso-sobre-lan-entralgo-y-la-tradicin-humanstica\/#breadcrumb\"},\"inLanguage\":\"es\",\"potentialAction\":[{\"@type\":\"ReadAction\",\"target\":[\"https:\/\/www.ull.es\/portal\/noticias\/2008\/la-universidad-de-la-laguna-celebra-un-curso-sobre-lan-entralgo-y-la-tradicin-humanstica\/\"]}]},{\"@type\":\"BreadcrumbList\",\"@id\":\"https:\/\/www.ull.es\/portal\/noticias\/2008\/la-universidad-de-la-laguna-celebra-un-curso-sobre-lan-entralgo-y-la-tradicin-humanstica\/#breadcrumb\",\"itemListElement\":[{\"@type\":\"ListItem\",\"position\":1,\"name\":\"Portada\",\"item\":\"https:\/\/www.ull.es\/portal\/noticias\/\"},{\"@type\":\"ListItem\",\"position\":2,\"name\":\"La Universidad de La Laguna celebra un curso sobre La\u00edn Entralgo y la Tradici\u00f3n Human\u00edstica\"}]},{\"@type\":\"WebSite\",\"@id\":\"https:\/\/www.ull.es\/portal\/noticias\/#website\",\"url\":\"https:\/\/www.ull.es\/portal\/noticias\/\",\"name\":\"ULL - Noticias\",\"description\":\"\",\"potentialAction\":[{\"@type\":\"SearchAction\",\"target\":{\"@type\":\"EntryPoint\",\"urlTemplate\":\"https:\/\/www.ull.es\/portal\/noticias\/?s={search_term_string}\"},\"query-input\":\"required name=search_term_string\"}],\"inLanguage\":\"es\"},{\"@type\":\"Person\",\"@id\":\"https:\/\/www.ull.es\/portal\/noticias\/#\/schema\/person\/c3b2aa857797592927a03740d6664376\",\"name\":\"prensa2\",\"image\":{\"@type\":\"ImageObject\",\"inLanguage\":\"es\",\"@id\":\"https:\/\/www.ull.es\/portal\/noticias\/#\/schema\/person\/image\/\",\"url\":\"https:\/\/secure.gravatar.com\/avatar\/b58f310a5de5feb33d1e026d2493f23c?s=96&d=mm&r=g\",\"contentUrl\":\"https:\/\/secure.gravatar.com\/avatar\/b58f310a5de5feb33d1e026d2493f23c?s=96&d=mm&r=g\",\"caption\":\"prensa2\"},\"url\":\"https:\/\/www.ull.es\/portal\/noticias\/author\/prensa2\/\"}]}<\/script>\n<!-- \/ Yoast SEO plugin. -->","yoast_head_json":{"title":"La Universidad de La Laguna celebra un curso sobre La\u00edn Entralgo y la Tradici\u00f3n Human\u00edstica - ULL - Noticias","robots":{"index":"index","follow":"follow","max-snippet":"max-snippet:-1","max-image-preview":"max-image-preview:large","max-video-preview":"max-video-preview:-1"},"canonical":"https:\/\/www.ull.es\/portal\/noticias\/2008\/la-universidad-de-la-laguna-celebra-un-curso-sobre-lan-entralgo-y-la-tradicin-humanstica\/","og_locale":"es_ES","og_type":"article","og_title":"La Universidad de La Laguna celebra un curso sobre La\u00edn Entralgo y la Tradici\u00f3n Human\u00edstica - ULL - Noticias","og_description":"La Universidad de la Laguna celebrar&aacute; a partir del lunes 24 de noviembre un curso sobre la figura de Pedro...","og_url":"https:\/\/www.ull.es\/portal\/noticias\/2008\/la-universidad-de-la-laguna-celebra-un-curso-sobre-lan-entralgo-y-la-tradicin-humanstica\/","og_site_name":"ULL - Noticias","article_publisher":"https:\/\/www.facebook.com\/universidaddelalaguna\/","article_published_time":"2008-11-21T00:00:00+00:00","og_image":[{"width":800,"height":557,"url":"https:\/\/www.ull.es\/portal\/noticias\/wp-content\/uploads\/sites\/13\/2015\/07\/lain.jpg","type":"image\/jpeg"}],"author":"prensa2","twitter_card":"summary_large_image","twitter_creator":"@CanalULL","twitter_site":"@CanalULL","twitter_misc":{"Escrito por":"prensa2","Tiempo de lectura":"2 minutos"},"schema":{"@context":"https:\/\/schema.org","@graph":[{"@type":"WebPage","@id":"https:\/\/www.ull.es\/portal\/noticias\/2008\/la-universidad-de-la-laguna-celebra-un-curso-sobre-lan-entralgo-y-la-tradicin-humanstica\/","url":"https:\/\/www.ull.es\/portal\/noticias\/2008\/la-universidad-de-la-laguna-celebra-un-curso-sobre-lan-entralgo-y-la-tradicin-humanstica\/","name":"La Universidad de La Laguna celebra un curso sobre La\u00edn Entralgo y la Tradici\u00f3n Human\u00edstica - ULL - Noticias","isPartOf":{"@id":"https:\/\/www.ull.es\/portal\/noticias\/#website"},"datePublished":"2008-11-21T00:00:00+00:00","dateModified":"2008-11-21T00:00:00+00:00","author":{"@id":"https:\/\/www.ull.es\/portal\/noticias\/#\/schema\/person\/c3b2aa857797592927a03740d6664376"},"breadcrumb":{"@id":"https:\/\/www.ull.es\/portal\/noticias\/2008\/la-universidad-de-la-laguna-celebra-un-curso-sobre-lan-entralgo-y-la-tradicin-humanstica\/#breadcrumb"},"inLanguage":"es","potentialAction":[{"@type":"ReadAction","target":["https:\/\/www.ull.es\/portal\/noticias\/2008\/la-universidad-de-la-laguna-celebra-un-curso-sobre-lan-entralgo-y-la-tradicin-humanstica\/"]}]},{"@type":"BreadcrumbList","@id":"https:\/\/www.ull.es\/portal\/noticias\/2008\/la-universidad-de-la-laguna-celebra-un-curso-sobre-lan-entralgo-y-la-tradicin-humanstica\/#breadcrumb","itemListElement":[{"@type":"ListItem","position":1,"name":"Portada","item":"https:\/\/www.ull.es\/portal\/noticias\/"},{"@type":"ListItem","position":2,"name":"La Universidad de La Laguna celebra un curso sobre La\u00edn Entralgo y la Tradici\u00f3n Human\u00edstica"}]},{"@type":"WebSite","@id":"https:\/\/www.ull.es\/portal\/noticias\/#website","url":"https:\/\/www.ull.es\/portal\/noticias\/","name":"ULL - Noticias","description":"","potentialAction":[{"@type":"SearchAction","target":{"@type":"EntryPoint","urlTemplate":"https:\/\/www.ull.es\/portal\/noticias\/?s={search_term_string}"},"query-input":"required name=search_term_string"}],"inLanguage":"es"},{"@type":"Person","@id":"https:\/\/www.ull.es\/portal\/noticias\/#\/schema\/person\/c3b2aa857797592927a03740d6664376","name":"prensa2","image":{"@type":"ImageObject","inLanguage":"es","@id":"https:\/\/www.ull.es\/portal\/noticias\/#\/schema\/person\/image\/","url":"https:\/\/secure.gravatar.com\/avatar\/b58f310a5de5feb33d1e026d2493f23c?s=96&d=mm&r=g","contentUrl":"https:\/\/secure.gravatar.com\/avatar\/b58f310a5de5feb33d1e026d2493f23c?s=96&d=mm&r=g","caption":"prensa2"},"url":"https:\/\/www.ull.es\/portal\/noticias\/author\/prensa2\/"}]}},"primary_category":null,"featured_image_thumbnail_url":"https:\/\/www.ull.es\/portal\/noticias\/wp-content\/uploads\/sites\/13\/2015\/07\/lain-300x209.jpg","_links":{"self":[{"href":"https:\/\/www.ull.es\/portal\/noticias\/wp-json\/wp\/v2\/posts\/15197"}],"collection":[{"href":"https:\/\/www.ull.es\/portal\/noticias\/wp-json\/wp\/v2\/posts"}],"about":[{"href":"https:\/\/www.ull.es\/portal\/noticias\/wp-json\/wp\/v2\/types\/post"}],"author":[{"embeddable":true,"href":"https:\/\/www.ull.es\/portal\/noticias\/wp-json\/wp\/v2\/users\/21"}],"replies":[{"embeddable":true,"href":"https:\/\/www.ull.es\/portal\/noticias\/wp-json\/wp\/v2\/comments?post=15197"}],"version-history":[{"count":0,"href":"https:\/\/www.ull.es\/portal\/noticias\/wp-json\/wp\/v2\/posts\/15197\/revisions"}],"wp:featuredmedia":[{"embeddable":true,"href":"https:\/\/www.ull.es\/portal\/noticias\/wp-json\/wp\/v2\/media\/15198"}],"wp:attachment":[{"href":"https:\/\/www.ull.es\/portal\/noticias\/wp-json\/wp\/v2\/media?parent=15197"}],"wp:term":[{"taxonomy":"category","embeddable":true,"href":"https:\/\/www.ull.es\/portal\/noticias\/wp-json\/wp\/v2\/categories?post=15197"},{"taxonomy":"post_tag","embeddable":true,"href":"https:\/\/www.ull.es\/portal\/noticias\/wp-json\/wp\/v2\/tags?post=15197"}],"curies":[{"name":"wp","href":"https:\/\/api.w.org\/{rel}","templated":true}]}}