{"id":15231,"date":"2009-03-03T00:00:00","date_gmt":"2009-03-03T00:00:00","guid":{"rendered":"http:\/\/ddigital.webs.ull.es\/nestor-torres-darias-nuevo-director-del-aula-cultural-de-divulgacion-cientifica-de-la-universidad-de-la-laguna\/"},"modified":"2009-03-03T00:00:00","modified_gmt":"2009-03-03T00:00:00","slug":"nestor-torres-darias-nuevo-director-del-aula-cultural-de-divulgacion-cientifica-de-la-universidad-de-la-laguna","status":"publish","type":"post","link":"https:\/\/www.ull.es\/portal\/noticias\/2009\/nestor-torres-darias-nuevo-director-del-aula-cultural-de-divulgacion-cientifica-de-la-universidad-de-la-laguna\/","title":{"rendered":"N\u00e9stor Torres Darias, nuevo director del Aula cultural de Divulgaci\u00f3n Cient\u00edfica de la Universidad de La Laguna"},"content":{"rendered":"<p>El profesor del departamento de Bioqu&iacute;mica y Biolog&iacute;a molecular de la Universidad de La Laguna N&eacute;stor V. Torres Darias, ha sido nombrado recientemente director del Aula Cultural de Divulgaci&oacute;n Cient&iacute;fica (ACDC) de la ULL, dependiente del Vicerrectorado de Relaciones Universidad y Sociedad. Sustituye a Jos&eacute; Mar&iacute;a Riol Cimas, docente del mismo departamento que ha dirigido la organizaci&oacute;n desde su creaci&oacute;n hasta la fecha.<\/p>\n<p>Entre los objetivos m&aacute;s destacables del ACDC se encuentran divulgar la ciencia (m&eacute;todo, historia, avances, repercusi&oacute;n social, etc.) en los &aacute;mbitos universitarios y extrauniversitarios, as&iacute; como promover el pensamiento cr&iacute;tico y la cr&iacute;tica cient&iacute;fica a las pseudociencias.<\/p>\n<p> El Equipo de Direcci&oacute;n del ACDC est&aacute; constituido, adem&aacute;s, por Teresa Gonz&aacute;lez de la Fe, del departamento de Sociolog&iacute;a, en calidad de secretaria, as&iacute; como por un consejo asesor constituido por el anterior director, Jos&eacute; Maria Riol, la actual directora del Museo de la Ciencia de Valladolid y hasta hace poco profesora del Departamento de Astrof&iacute;sica de la ULL, In&eacute;s Rodr&iacute;guez Hidalgo; y el profesor del Departamento de Psicolog&iacute;a Cognitiva, Social y Organizacional de la ULL Carlos &Aacute;lvarez Gonz&aacute;lez.<\/p>\n<p> Torres Darias present&oacute; en su momento, ante la asamblea de miembros del ACDC, un programa de actuaciones para los pr&oacute;ximos dos a&ntilde;os articulado en torno a un objetivo estrat&eacute;gico central: conseguir que la divulgaci&oacute;n cient&iacute;fica sea asumida por la ULL como un componente fundamental, junto con la docencia, la investigaci&oacute;n y la prestaci&oacute;n de servicios, de su compromiso con la sociedad canaria. <\/p>\n<p> A juicio del nuevo director, la instituci&oacute;n acad&eacute;mica tiene que incorporar a su programa base de actuaciones la divulgaci&oacute;n cient&iacute;fica, por lo cual ha de dotarse de estructuras y recursos humanos y materiales suficientes que le permitan sostener una permanente en el tiempo. <\/p>\n<p> Para lograrlo, propone tres l&iacute;neas de actuaci&oacute;n: capitalizar el potencial de la ULL en t&eacute;rminos de divulgaci&oacute;n cient&iacute;fica, promoviendo la incorporaci&oacute;n al ACDC de miembros de la comunidad universitaria interesados en sus fines; promover la realizaci&oacute;n de actividades de formaci&oacute;n en divulgaci&oacute;n cient&iacute;fica; y apostar por Internet como medio de difusi&oacute;n, para lo cual se insta a la ULL a dotarse de un portal estable y actualizado dedicado esta materia.<\/p>\n","protected":false},"excerpt":{"rendered":"<p>El profesor del departamento de Bioqu&iacute;mica y Biolog&iacute;a molecular de la Universidad de La Laguna N&eacute;stor V. Torres Darias, ha&#8230;<\/p>\n","protected":false},"author":21,"featured_media":0,"comment_status":"open","ping_status":"open","sticky":false,"template":"","format":"standard","meta":{"inline_featured_image":false,"footnotes":""},"categories":[344],"tags":[],"acf":[],"yoast_head":"<!-- This site is optimized with the Yoast SEO plugin v21.3 - https:\/\/yoast.com\/wordpress\/plugins\/seo\/ -->\n<title>N\u00e9stor Torres Darias, nuevo director del Aula cultural de Divulgaci\u00f3n Cient\u00edfica de la Universidad de La Laguna - ULL - Noticias<\/title>\n<meta name=\"robots\" content=\"index, follow, max-snippet:-1, max-image-preview:large, max-video-preview:-1\" \/>\n<link rel=\"canonical\" href=\"https:\/\/www.ull.es\/portal\/noticias\/2009\/nestor-torres-darias-nuevo-director-del-aula-cultural-de-divulgacion-cientifica-de-la-universidad-de-la-laguna\/\" \/>\n<meta property=\"og:locale\" content=\"es_ES\" \/>\n<meta property=\"og:type\" content=\"article\" \/>\n<meta property=\"og:title\" content=\"N\u00e9stor Torres Darias, nuevo director del Aula cultural de Divulgaci\u00f3n Cient\u00edfica de la Universidad de La Laguna - ULL - Noticias\" \/>\n<meta property=\"og:description\" content=\"El profesor del departamento de Bioqu&iacute;mica y Biolog&iacute;a molecular de la Universidad de La Laguna N&eacute;stor V. Torres Darias, ha...\" \/>\n<meta property=\"og:url\" content=\"https:\/\/www.ull.es\/portal\/noticias\/2009\/nestor-torres-darias-nuevo-director-del-aula-cultural-de-divulgacion-cientifica-de-la-universidad-de-la-laguna\/\" \/>\n<meta property=\"og:site_name\" content=\"ULL - Noticias\" \/>\n<meta property=\"article:publisher\" content=\"https:\/\/www.facebook.com\/universidaddelalaguna\/\" \/>\n<meta property=\"article:published_time\" content=\"2009-03-03T00:00:00+00:00\" \/>\n<meta property=\"og:image\" content=\"https:\/\/www.ull.es\/portal\/noticias\/wp-content\/uploads\/sites\/13\/2023\/06\/logo-redimensionado.png\" \/>\n\t<meta property=\"og:image:width\" content=\"1200\" \/>\n\t<meta property=\"og:image:height\" content=\"630\" \/>\n\t<meta property=\"og:image:type\" content=\"image\/png\" \/>\n<meta name=\"author\" content=\"prensa2\" \/>\n<meta name=\"twitter:card\" content=\"summary_large_image\" \/>\n<meta name=\"twitter:creator\" content=\"@CanalULL\" \/>\n<meta name=\"twitter:site\" content=\"@CanalULL\" \/>\n<meta name=\"twitter:label1\" content=\"Escrito por\" \/>\n\t<meta name=\"twitter:data1\" content=\"prensa2\" \/>\n\t<meta name=\"twitter:label2\" content=\"Tiempo de lectura\" \/>\n\t<meta name=\"twitter:data2\" content=\"2 minutos\" \/>\n<script type=\"application\/ld+json\" class=\"yoast-schema-graph\">{\"@context\":\"https:\/\/schema.org\",\"@graph\":[{\"@type\":\"WebPage\",\"@id\":\"https:\/\/www.ull.es\/portal\/noticias\/2009\/nestor-torres-darias-nuevo-director-del-aula-cultural-de-divulgacion-cientifica-de-la-universidad-de-la-laguna\/\",\"url\":\"https:\/\/www.ull.es\/portal\/noticias\/2009\/nestor-torres-darias-nuevo-director-del-aula-cultural-de-divulgacion-cientifica-de-la-universidad-de-la-laguna\/\",\"name\":\"N\u00e9stor Torres Darias, nuevo director del Aula cultural de Divulgaci\u00f3n Cient\u00edfica de la Universidad de La Laguna - ULL - Noticias\",\"isPartOf\":{\"@id\":\"https:\/\/www.ull.es\/portal\/noticias\/#website\"},\"datePublished\":\"2009-03-03T00:00:00+00:00\",\"dateModified\":\"2009-03-03T00:00:00+00:00\",\"author\":{\"@id\":\"https:\/\/www.ull.es\/portal\/noticias\/#\/schema\/person\/c3b2aa857797592927a03740d6664376\"},\"breadcrumb\":{\"@id\":\"https:\/\/www.ull.es\/portal\/noticias\/2009\/nestor-torres-darias-nuevo-director-del-aula-cultural-de-divulgacion-cientifica-de-la-universidad-de-la-laguna\/#breadcrumb\"},\"inLanguage\":\"es\",\"potentialAction\":[{\"@type\":\"ReadAction\",\"target\":[\"https:\/\/www.ull.es\/portal\/noticias\/2009\/nestor-torres-darias-nuevo-director-del-aula-cultural-de-divulgacion-cientifica-de-la-universidad-de-la-laguna\/\"]}]},{\"@type\":\"BreadcrumbList\",\"@id\":\"https:\/\/www.ull.es\/portal\/noticias\/2009\/nestor-torres-darias-nuevo-director-del-aula-cultural-de-divulgacion-cientifica-de-la-universidad-de-la-laguna\/#breadcrumb\",\"itemListElement\":[{\"@type\":\"ListItem\",\"position\":1,\"name\":\"Portada\",\"item\":\"https:\/\/www.ull.es\/portal\/noticias\/\"},{\"@type\":\"ListItem\",\"position\":2,\"name\":\"N\u00e9stor Torres Darias, nuevo director del Aula cultural de Divulgaci\u00f3n Cient\u00edfica de la Universidad de La Laguna\"}]},{\"@type\":\"WebSite\",\"@id\":\"https:\/\/www.ull.es\/portal\/noticias\/#website\",\"url\":\"https:\/\/www.ull.es\/portal\/noticias\/\",\"name\":\"ULL - Noticias\",\"description\":\"\",\"potentialAction\":[{\"@type\":\"SearchAction\",\"target\":{\"@type\":\"EntryPoint\",\"urlTemplate\":\"https:\/\/www.ull.es\/portal\/noticias\/?s={search_term_string}\"},\"query-input\":\"required name=search_term_string\"}],\"inLanguage\":\"es\"},{\"@type\":\"Person\",\"@id\":\"https:\/\/www.ull.es\/portal\/noticias\/#\/schema\/person\/c3b2aa857797592927a03740d6664376\",\"name\":\"prensa2\",\"image\":{\"@type\":\"ImageObject\",\"inLanguage\":\"es\",\"@id\":\"https:\/\/www.ull.es\/portal\/noticias\/#\/schema\/person\/image\/\",\"url\":\"https:\/\/secure.gravatar.com\/avatar\/b58f310a5de5feb33d1e026d2493f23c?s=96&d=mm&r=g\",\"contentUrl\":\"https:\/\/secure.gravatar.com\/avatar\/b58f310a5de5feb33d1e026d2493f23c?s=96&d=mm&r=g\",\"caption\":\"prensa2\"},\"url\":\"https:\/\/www.ull.es\/portal\/noticias\/author\/prensa2\/\"}]}<\/script>\n<!-- \/ Yoast SEO plugin. -->","yoast_head_json":{"title":"N\u00e9stor Torres Darias, nuevo director del Aula cultural de Divulgaci\u00f3n Cient\u00edfica de la Universidad de La Laguna - ULL - Noticias","robots":{"index":"index","follow":"follow","max-snippet":"max-snippet:-1","max-image-preview":"max-image-preview:large","max-video-preview":"max-video-preview:-1"},"canonical":"https:\/\/www.ull.es\/portal\/noticias\/2009\/nestor-torres-darias-nuevo-director-del-aula-cultural-de-divulgacion-cientifica-de-la-universidad-de-la-laguna\/","og_locale":"es_ES","og_type":"article","og_title":"N\u00e9stor Torres Darias, nuevo director del Aula cultural de Divulgaci\u00f3n Cient\u00edfica de la Universidad de La Laguna - ULL - Noticias","og_description":"El profesor del departamento de Bioqu&iacute;mica y Biolog&iacute;a molecular de la Universidad de La Laguna N&eacute;stor V. Torres Darias, ha...","og_url":"https:\/\/www.ull.es\/portal\/noticias\/2009\/nestor-torres-darias-nuevo-director-del-aula-cultural-de-divulgacion-cientifica-de-la-universidad-de-la-laguna\/","og_site_name":"ULL - Noticias","article_publisher":"https:\/\/www.facebook.com\/universidaddelalaguna\/","article_published_time":"2009-03-03T00:00:00+00:00","og_image":[{"width":1200,"height":630,"url":"https:\/\/www.ull.es\/portal\/noticias\/wp-content\/uploads\/sites\/13\/2023\/06\/logo-redimensionado.png","type":"image\/png"}],"author":"prensa2","twitter_card":"summary_large_image","twitter_creator":"@CanalULL","twitter_site":"@CanalULL","twitter_misc":{"Escrito por":"prensa2","Tiempo de lectura":"2 minutos"},"schema":{"@context":"https:\/\/schema.org","@graph":[{"@type":"WebPage","@id":"https:\/\/www.ull.es\/portal\/noticias\/2009\/nestor-torres-darias-nuevo-director-del-aula-cultural-de-divulgacion-cientifica-de-la-universidad-de-la-laguna\/","url":"https:\/\/www.ull.es\/portal\/noticias\/2009\/nestor-torres-darias-nuevo-director-del-aula-cultural-de-divulgacion-cientifica-de-la-universidad-de-la-laguna\/","name":"N\u00e9stor Torres Darias, nuevo director del Aula cultural de Divulgaci\u00f3n Cient\u00edfica de la Universidad de La Laguna - ULL - Noticias","isPartOf":{"@id":"https:\/\/www.ull.es\/portal\/noticias\/#website"},"datePublished":"2009-03-03T00:00:00+00:00","dateModified":"2009-03-03T00:00:00+00:00","author":{"@id":"https:\/\/www.ull.es\/portal\/noticias\/#\/schema\/person\/c3b2aa857797592927a03740d6664376"},"breadcrumb":{"@id":"https:\/\/www.ull.es\/portal\/noticias\/2009\/nestor-torres-darias-nuevo-director-del-aula-cultural-de-divulgacion-cientifica-de-la-universidad-de-la-laguna\/#breadcrumb"},"inLanguage":"es","potentialAction":[{"@type":"ReadAction","target":["https:\/\/www.ull.es\/portal\/noticias\/2009\/nestor-torres-darias-nuevo-director-del-aula-cultural-de-divulgacion-cientifica-de-la-universidad-de-la-laguna\/"]}]},{"@type":"BreadcrumbList","@id":"https:\/\/www.ull.es\/portal\/noticias\/2009\/nestor-torres-darias-nuevo-director-del-aula-cultural-de-divulgacion-cientifica-de-la-universidad-de-la-laguna\/#breadcrumb","itemListElement":[{"@type":"ListItem","position":1,"name":"Portada","item":"https:\/\/www.ull.es\/portal\/noticias\/"},{"@type":"ListItem","position":2,"name":"N\u00e9stor Torres Darias, nuevo director del Aula cultural de Divulgaci\u00f3n Cient\u00edfica de la Universidad de La Laguna"}]},{"@type":"WebSite","@id":"https:\/\/www.ull.es\/portal\/noticias\/#website","url":"https:\/\/www.ull.es\/portal\/noticias\/","name":"ULL - Noticias","description":"","potentialAction":[{"@type":"SearchAction","target":{"@type":"EntryPoint","urlTemplate":"https:\/\/www.ull.es\/portal\/noticias\/?s={search_term_string}"},"query-input":"required name=search_term_string"}],"inLanguage":"es"},{"@type":"Person","@id":"https:\/\/www.ull.es\/portal\/noticias\/#\/schema\/person\/c3b2aa857797592927a03740d6664376","name":"prensa2","image":{"@type":"ImageObject","inLanguage":"es","@id":"https:\/\/www.ull.es\/portal\/noticias\/#\/schema\/person\/image\/","url":"https:\/\/secure.gravatar.com\/avatar\/b58f310a5de5feb33d1e026d2493f23c?s=96&d=mm&r=g","contentUrl":"https:\/\/secure.gravatar.com\/avatar\/b58f310a5de5feb33d1e026d2493f23c?s=96&d=mm&r=g","caption":"prensa2"},"url":"https:\/\/www.ull.es\/portal\/noticias\/author\/prensa2\/"}]}},"primary_category":null,"featured_image_thumbnail_url":null,"_links":{"self":[{"href":"https:\/\/www.ull.es\/portal\/noticias\/wp-json\/wp\/v2\/posts\/15231"}],"collection":[{"href":"https:\/\/www.ull.es\/portal\/noticias\/wp-json\/wp\/v2\/posts"}],"about":[{"href":"https:\/\/www.ull.es\/portal\/noticias\/wp-json\/wp\/v2\/types\/post"}],"author":[{"embeddable":true,"href":"https:\/\/www.ull.es\/portal\/noticias\/wp-json\/wp\/v2\/users\/21"}],"replies":[{"embeddable":true,"href":"https:\/\/www.ull.es\/portal\/noticias\/wp-json\/wp\/v2\/comments?post=15231"}],"version-history":[{"count":0,"href":"https:\/\/www.ull.es\/portal\/noticias\/wp-json\/wp\/v2\/posts\/15231\/revisions"}],"wp:attachment":[{"href":"https:\/\/www.ull.es\/portal\/noticias\/wp-json\/wp\/v2\/media?parent=15231"}],"wp:term":[{"taxonomy":"category","embeddable":true,"href":"https:\/\/www.ull.es\/portal\/noticias\/wp-json\/wp\/v2\/categories?post=15231"},{"taxonomy":"post_tag","embeddable":true,"href":"https:\/\/www.ull.es\/portal\/noticias\/wp-json\/wp\/v2\/tags?post=15231"}],"curies":[{"name":"wp","href":"https:\/\/api.w.org\/{rel}","templated":true}]}}