{"id":15234,"date":"2009-04-23T00:00:00","date_gmt":"2009-04-23T00:00:00","guid":{"rendered":"http:\/\/ddigital.webs.ull.es\/la-universidad-dedica-su-exposicion-del-dia-del-libro-al-legado-del-periodista-juan-antonio-padron-albornoz\/"},"modified":"2009-04-23T00:00:00","modified_gmt":"2009-04-23T00:00:00","slug":"la-universidad-dedica-su-exposicion-del-dia-del-libro-al-legado-del-periodista-juan-antonio-padron-albornoz","status":"publish","type":"post","link":"https:\/\/www.ull.es\/portal\/noticias\/2009\/la-universidad-dedica-su-exposicion-del-dia-del-libro-al-legado-del-periodista-juan-antonio-padron-albornoz\/","title":{"rendered":"La Universidad dedica su exposici\u00f3n del D\u00eda del Libro al legado del periodista Juan Antonio Padr\u00f3n ALbornoz"},"content":{"rendered":"<div>La Universidad de La Laguna ha organizado una serie de actos con motivo del D&iacute;a del Libro durante toda la jornada del d&iacute;a 23 de abril de 2009. Por la ma&ntilde;ana los eventos conmemorativos se celebraron en la Escuela T&eacute;cnica Superior de N&aacute;utica, M&aacute;quinas y Radioelectr&oacute;nica Naval, y han girado en torno a la figura del periodista especializado en asuntos mar&iacute;timos Juan Antonio Padr&oacute;n Albornoz, cuya pasi&oacute;n por el mar le vali&oacute; el sobrenombre de &ldquo;El almirante&rdquo;, a quien se ha dedicado una exposici&oacute;n bibliogr&aacute;fica y fotogr&aacute;fica sobre su vida y obra.<\/div>\n<div>\n<p>En el acto de inauguraci&oacute;n estuvieron presentes el rector de la ULL, Eduardo Dom&eacute;nech Mart&iacute;nez; el director general de Universidades del Gobierno de Canarias, Juan Jos&eacute; Mart&iacute;nez; el subdelegado del Gobierno Vicente Oliva; el presidente de la Autoridad Portuaria de Santa Cruz de Tenerife, Pedro Rodr&iacute;guez Zaragoza; la vicerrectora de Servicios Universitarios de la ULL, Rosa M&ordf; Aguilar Chinea; el director de la Escuela T&eacute;cnica Superior de N&aacute;utica, M&aacute;quinas y Radioelectr&oacute;nica Naval, Alexis Dionis; el director del Servicio de Biblioteca de la ULL, Luis Gonzalo Rey Pinz&oacute;n; y el presidente de la Asociaci&oacute;n de Antiguos Alumnos y Amigos de la ULL, Zenaido Hern&aacute;ndez.<\/p>\n<p><span>El rector record&oacute; que para una instituci&oacute;n consagrada al conocimiento como es el caso de la ULL, celebrar el d&iacute;a del libro es reconocer el valor de algo m&aacute;s que un simple objeto, y que supone un elemento esencial para mantener viva la memoria del pasado en las generaciones venideras. Recalc&oacute; que la exposici&oacute;n que se inauguraba ten&iacute;a ese componente de memoria colectiva, por cuanto sirve para recordar im&aacute;genes de la vida portuaria de Santa Cruz de Tenerife en &eacute;pocas pret&eacute;ritas.<\/span><\/p>\n<p>La muestra permanecer&aacute; abierta hasta el 22 de mayo de 2009, y en ella se exhibe apenas 160 de fotos del archivo personal de Padr&oacute;n Albornoz, compuesto por m&aacute;s de 1.700 im&aacute;genes que ya han sido digitalizadas gracias a la colaboraci&oacute;n de la Fundaci&oacute;n Correillo de La Palma, y que pr&oacute;ximamente se podr&aacute;n consultar en Internet. Adem&aacute;s, se exhiben otros documentos, como art&iacute;culos elaborados por el propio homenajeado, objetos personales y paneles ilustrativos.<\/p>\n<p>Como explic&oacute; la bibliotecaria del centro y comisaria de la muestra, M&ordf; Dolores Alberto, la exposici&oacute;n repasa la personalidad polifac&eacute;tica de Padr&oacute;n Albornoz, que fue periodista y redactor jefe de EL D&iacute;a; concejal del Ayuntamiento de Santa Cruz de Tenerife; investigador reputado; fot&oacute;grafo y coleccionista de postales.<\/p>\n<\/p><\/div>\n<div><strong>&nbsp;<\/strong><\/div>\n<div><strong>Donaci&oacute;n de libros<\/strong><\/div>\n<div>&nbsp;<\/div>\n<div>Durante este acto tambi&eacute;n se firmaron las actas que cerifican las dos donaciones de libros que el Servicio de Biblioteca de la ULL ha recibido durante la jornada. Una de ellas es la ya tradicional que anualmente entrega la Asociaci&oacute;n de Antiguos Alumnos y Amigos con motivo del D&iacute;a del Libro, acompa&ntilde;ado por una aportaci&oacute;n econ&oacute;mica para restaurar el patrimonio bibliogr&aacute;fico universitario. La segunda donaci&oacute;n fue la de la biblioteca particular del profesor Enrique Tortosa Cerezo, que a partir de ahora pasar&aacute; a engrosar el patrimonio documental universitario.<\/div>\n<div>\n<p>Tras las donaciones, se hizo p&uacute;blico el fallo del jurado del concurso de fotograf&iacute;a mar&iacute;tima &ldquo;Juan Antonio Padr&oacute;n Albornoz&rdquo;, en el cual result&oacute; ganador Sebasti&aacute;n Guzm&aacute;n con la fotograf&iacute;a &ldquo;Flotando en la oscuridad&rdquo;, seguido por Daniel Rodr&iacute;guez y su obra &ldquo;Bien atado&rdquo; en segunda posici&oacute;n y, como tercer premiado, D&aacute;maso &Aacute;vila con &ldquo;Barca y barco&rdquo;.<\/p>\n<p>Durante la jornada de la ma&ntilde;ana, los asistentes al acto pudieron contemplar el inicio de un ejercicio de supervivencia mar&iacute;tima en el que participaron una veintena de alumnos de la escuela, que permanecer&aacute;n varias horas en alta mar sin comida y agua, supervisados por unidades de la Guardia Civil y Salvamento Mar&iacute;timo.<\/p>\n<p>Como cierre de la jornada de ma&ntilde;ana, el periodista Jos&eacute; Luis Torregosa dict&oacute; una conferencia en la que rememor&oacute; la figura de su amigo Padr&oacute;n Albornoz.<\/p>\n<\/p><\/div>\n<div>Los actos institucionales del D&iacute;a del Libro en la ULL se cerrar&aacute;n esta noche con el espect&aacute;culo &ldquo;De boca en boca versos&rdquo;, en el cual el actor Manuel Navarro pondr&aacute; en escena textos de Le&oacute;n Felipe, Rub&eacute;n Dar&iacute;o, Zorrilla, B&eacute;cquer, Miguel Hern&aacute;ndez, Espronceda, Vicente Medina, Rafael Le&oacute;n y Manuel Machado. Se celebrar&aacute; a partir de las 20:30 horas en el sal&oacute;n de actos de la Facultad de Educaci&oacute;n.<\/div>\n","protected":false},"excerpt":{"rendered":"<p>La Universidad de La Laguna ha organizado una serie de actos con motivo del D&iacute;a del Libro durante toda la&#8230;<\/p>\n","protected":false},"author":21,"featured_media":0,"comment_status":"open","ping_status":"open","sticky":false,"template":"","format":"standard","meta":{"inline_featured_image":false,"footnotes":""},"categories":[344,1],"tags":[],"acf":[],"yoast_head":"<!-- This site is optimized with the Yoast SEO plugin v21.3 - https:\/\/yoast.com\/wordpress\/plugins\/seo\/ -->\n<title>La Universidad dedica su exposici\u00f3n del D\u00eda del Libro al legado del periodista Juan Antonio Padr\u00f3n ALbornoz - ULL - Noticias<\/title>\n<meta name=\"robots\" content=\"index, follow, max-snippet:-1, max-image-preview:large, max-video-preview:-1\" \/>\n<link rel=\"canonical\" href=\"https:\/\/www.ull.es\/portal\/noticias\/2009\/la-universidad-dedica-su-exposicion-del-dia-del-libro-al-legado-del-periodista-juan-antonio-padron-albornoz\/\" \/>\n<meta property=\"og:locale\" content=\"es_ES\" \/>\n<meta property=\"og:type\" content=\"article\" \/>\n<meta property=\"og:title\" content=\"La Universidad dedica su exposici\u00f3n del D\u00eda del Libro al legado del periodista Juan Antonio Padr\u00f3n ALbornoz - ULL - Noticias\" \/>\n<meta property=\"og:description\" content=\"La Universidad de La Laguna ha organizado una serie de actos con motivo del D&iacute;a del Libro durante toda la...\" \/>\n<meta property=\"og:url\" content=\"https:\/\/www.ull.es\/portal\/noticias\/2009\/la-universidad-dedica-su-exposicion-del-dia-del-libro-al-legado-del-periodista-juan-antonio-padron-albornoz\/\" \/>\n<meta property=\"og:site_name\" content=\"ULL - Noticias\" \/>\n<meta property=\"article:publisher\" content=\"https:\/\/www.facebook.com\/universidaddelalaguna\/\" \/>\n<meta property=\"article:published_time\" content=\"2009-04-23T00:00:00+00:00\" \/>\n<meta property=\"og:image\" content=\"https:\/\/www.ull.es\/portal\/noticias\/wp-content\/uploads\/sites\/13\/2023\/06\/logo-redimensionado.png\" \/>\n\t<meta property=\"og:image:width\" content=\"1200\" \/>\n\t<meta property=\"og:image:height\" content=\"630\" \/>\n\t<meta property=\"og:image:type\" content=\"image\/png\" \/>\n<meta name=\"author\" content=\"prensa2\" \/>\n<meta name=\"twitter:card\" content=\"summary_large_image\" \/>\n<meta name=\"twitter:creator\" content=\"@CanalULL\" \/>\n<meta name=\"twitter:site\" content=\"@CanalULL\" \/>\n<meta name=\"twitter:label1\" content=\"Escrito por\" \/>\n\t<meta name=\"twitter:data1\" content=\"prensa2\" \/>\n\t<meta name=\"twitter:label2\" content=\"Tiempo de lectura\" \/>\n\t<meta name=\"twitter:data2\" content=\"4 minutos\" \/>\n<script type=\"application\/ld+json\" class=\"yoast-schema-graph\">{\"@context\":\"https:\/\/schema.org\",\"@graph\":[{\"@type\":\"WebPage\",\"@id\":\"https:\/\/www.ull.es\/portal\/noticias\/2009\/la-universidad-dedica-su-exposicion-del-dia-del-libro-al-legado-del-periodista-juan-antonio-padron-albornoz\/\",\"url\":\"https:\/\/www.ull.es\/portal\/noticias\/2009\/la-universidad-dedica-su-exposicion-del-dia-del-libro-al-legado-del-periodista-juan-antonio-padron-albornoz\/\",\"name\":\"La Universidad dedica su exposici\u00f3n del D\u00eda del Libro al legado del periodista Juan Antonio Padr\u00f3n ALbornoz - ULL - Noticias\",\"isPartOf\":{\"@id\":\"https:\/\/www.ull.es\/portal\/noticias\/#website\"},\"datePublished\":\"2009-04-23T00:00:00+00:00\",\"dateModified\":\"2009-04-23T00:00:00+00:00\",\"author\":{\"@id\":\"https:\/\/www.ull.es\/portal\/noticias\/#\/schema\/person\/c3b2aa857797592927a03740d6664376\"},\"breadcrumb\":{\"@id\":\"https:\/\/www.ull.es\/portal\/noticias\/2009\/la-universidad-dedica-su-exposicion-del-dia-del-libro-al-legado-del-periodista-juan-antonio-padron-albornoz\/#breadcrumb\"},\"inLanguage\":\"es\",\"potentialAction\":[{\"@type\":\"ReadAction\",\"target\":[\"https:\/\/www.ull.es\/portal\/noticias\/2009\/la-universidad-dedica-su-exposicion-del-dia-del-libro-al-legado-del-periodista-juan-antonio-padron-albornoz\/\"]}]},{\"@type\":\"BreadcrumbList\",\"@id\":\"https:\/\/www.ull.es\/portal\/noticias\/2009\/la-universidad-dedica-su-exposicion-del-dia-del-libro-al-legado-del-periodista-juan-antonio-padron-albornoz\/#breadcrumb\",\"itemListElement\":[{\"@type\":\"ListItem\",\"position\":1,\"name\":\"Portada\",\"item\":\"https:\/\/www.ull.es\/portal\/noticias\/\"},{\"@type\":\"ListItem\",\"position\":2,\"name\":\"La Universidad dedica su exposici\u00f3n del D\u00eda del Libro al legado del periodista Juan Antonio Padr\u00f3n ALbornoz\"}]},{\"@type\":\"WebSite\",\"@id\":\"https:\/\/www.ull.es\/portal\/noticias\/#website\",\"url\":\"https:\/\/www.ull.es\/portal\/noticias\/\",\"name\":\"ULL - Noticias\",\"description\":\"\",\"potentialAction\":[{\"@type\":\"SearchAction\",\"target\":{\"@type\":\"EntryPoint\",\"urlTemplate\":\"https:\/\/www.ull.es\/portal\/noticias\/?s={search_term_string}\"},\"query-input\":\"required name=search_term_string\"}],\"inLanguage\":\"es\"},{\"@type\":\"Person\",\"@id\":\"https:\/\/www.ull.es\/portal\/noticias\/#\/schema\/person\/c3b2aa857797592927a03740d6664376\",\"name\":\"prensa2\",\"image\":{\"@type\":\"ImageObject\",\"inLanguage\":\"es\",\"@id\":\"https:\/\/www.ull.es\/portal\/noticias\/#\/schema\/person\/image\/\",\"url\":\"https:\/\/secure.gravatar.com\/avatar\/b58f310a5de5feb33d1e026d2493f23c?s=96&d=mm&r=g\",\"contentUrl\":\"https:\/\/secure.gravatar.com\/avatar\/b58f310a5de5feb33d1e026d2493f23c?s=96&d=mm&r=g\",\"caption\":\"prensa2\"},\"url\":\"https:\/\/www.ull.es\/portal\/noticias\/author\/prensa2\/\"}]}<\/script>\n<!-- \/ Yoast SEO plugin. -->","yoast_head_json":{"title":"La Universidad dedica su exposici\u00f3n del D\u00eda del Libro al legado del periodista Juan Antonio Padr\u00f3n ALbornoz - ULL - Noticias","robots":{"index":"index","follow":"follow","max-snippet":"max-snippet:-1","max-image-preview":"max-image-preview:large","max-video-preview":"max-video-preview:-1"},"canonical":"https:\/\/www.ull.es\/portal\/noticias\/2009\/la-universidad-dedica-su-exposicion-del-dia-del-libro-al-legado-del-periodista-juan-antonio-padron-albornoz\/","og_locale":"es_ES","og_type":"article","og_title":"La Universidad dedica su exposici\u00f3n del D\u00eda del Libro al legado del periodista Juan Antonio Padr\u00f3n ALbornoz - ULL - Noticias","og_description":"La Universidad de La Laguna ha organizado una serie de actos con motivo del D&iacute;a del Libro durante toda la...","og_url":"https:\/\/www.ull.es\/portal\/noticias\/2009\/la-universidad-dedica-su-exposicion-del-dia-del-libro-al-legado-del-periodista-juan-antonio-padron-albornoz\/","og_site_name":"ULL - Noticias","article_publisher":"https:\/\/www.facebook.com\/universidaddelalaguna\/","article_published_time":"2009-04-23T00:00:00+00:00","og_image":[{"width":1200,"height":630,"url":"https:\/\/www.ull.es\/portal\/noticias\/wp-content\/uploads\/sites\/13\/2023\/06\/logo-redimensionado.png","type":"image\/png"}],"author":"prensa2","twitter_card":"summary_large_image","twitter_creator":"@CanalULL","twitter_site":"@CanalULL","twitter_misc":{"Escrito por":"prensa2","Tiempo de lectura":"4 minutos"},"schema":{"@context":"https:\/\/schema.org","@graph":[{"@type":"WebPage","@id":"https:\/\/www.ull.es\/portal\/noticias\/2009\/la-universidad-dedica-su-exposicion-del-dia-del-libro-al-legado-del-periodista-juan-antonio-padron-albornoz\/","url":"https:\/\/www.ull.es\/portal\/noticias\/2009\/la-universidad-dedica-su-exposicion-del-dia-del-libro-al-legado-del-periodista-juan-antonio-padron-albornoz\/","name":"La Universidad dedica su exposici\u00f3n del D\u00eda del Libro al legado del periodista Juan Antonio Padr\u00f3n ALbornoz - ULL - Noticias","isPartOf":{"@id":"https:\/\/www.ull.es\/portal\/noticias\/#website"},"datePublished":"2009-04-23T00:00:00+00:00","dateModified":"2009-04-23T00:00:00+00:00","author":{"@id":"https:\/\/www.ull.es\/portal\/noticias\/#\/schema\/person\/c3b2aa857797592927a03740d6664376"},"breadcrumb":{"@id":"https:\/\/www.ull.es\/portal\/noticias\/2009\/la-universidad-dedica-su-exposicion-del-dia-del-libro-al-legado-del-periodista-juan-antonio-padron-albornoz\/#breadcrumb"},"inLanguage":"es","potentialAction":[{"@type":"ReadAction","target":["https:\/\/www.ull.es\/portal\/noticias\/2009\/la-universidad-dedica-su-exposicion-del-dia-del-libro-al-legado-del-periodista-juan-antonio-padron-albornoz\/"]}]},{"@type":"BreadcrumbList","@id":"https:\/\/www.ull.es\/portal\/noticias\/2009\/la-universidad-dedica-su-exposicion-del-dia-del-libro-al-legado-del-periodista-juan-antonio-padron-albornoz\/#breadcrumb","itemListElement":[{"@type":"ListItem","position":1,"name":"Portada","item":"https:\/\/www.ull.es\/portal\/noticias\/"},{"@type":"ListItem","position":2,"name":"La Universidad dedica su exposici\u00f3n del D\u00eda del Libro al legado del periodista Juan Antonio Padr\u00f3n ALbornoz"}]},{"@type":"WebSite","@id":"https:\/\/www.ull.es\/portal\/noticias\/#website","url":"https:\/\/www.ull.es\/portal\/noticias\/","name":"ULL - Noticias","description":"","potentialAction":[{"@type":"SearchAction","target":{"@type":"EntryPoint","urlTemplate":"https:\/\/www.ull.es\/portal\/noticias\/?s={search_term_string}"},"query-input":"required name=search_term_string"}],"inLanguage":"es"},{"@type":"Person","@id":"https:\/\/www.ull.es\/portal\/noticias\/#\/schema\/person\/c3b2aa857797592927a03740d6664376","name":"prensa2","image":{"@type":"ImageObject","inLanguage":"es","@id":"https:\/\/www.ull.es\/portal\/noticias\/#\/schema\/person\/image\/","url":"https:\/\/secure.gravatar.com\/avatar\/b58f310a5de5feb33d1e026d2493f23c?s=96&d=mm&r=g","contentUrl":"https:\/\/secure.gravatar.com\/avatar\/b58f310a5de5feb33d1e026d2493f23c?s=96&d=mm&r=g","caption":"prensa2"},"url":"https:\/\/www.ull.es\/portal\/noticias\/author\/prensa2\/"}]}},"primary_category":null,"featured_image_thumbnail_url":null,"_links":{"self":[{"href":"https:\/\/www.ull.es\/portal\/noticias\/wp-json\/wp\/v2\/posts\/15234"}],"collection":[{"href":"https:\/\/www.ull.es\/portal\/noticias\/wp-json\/wp\/v2\/posts"}],"about":[{"href":"https:\/\/www.ull.es\/portal\/noticias\/wp-json\/wp\/v2\/types\/post"}],"author":[{"embeddable":true,"href":"https:\/\/www.ull.es\/portal\/noticias\/wp-json\/wp\/v2\/users\/21"}],"replies":[{"embeddable":true,"href":"https:\/\/www.ull.es\/portal\/noticias\/wp-json\/wp\/v2\/comments?post=15234"}],"version-history":[{"count":0,"href":"https:\/\/www.ull.es\/portal\/noticias\/wp-json\/wp\/v2\/posts\/15234\/revisions"}],"wp:attachment":[{"href":"https:\/\/www.ull.es\/portal\/noticias\/wp-json\/wp\/v2\/media?parent=15234"}],"wp:term":[{"taxonomy":"category","embeddable":true,"href":"https:\/\/www.ull.es\/portal\/noticias\/wp-json\/wp\/v2\/categories?post=15234"},{"taxonomy":"post_tag","embeddable":true,"href":"https:\/\/www.ull.es\/portal\/noticias\/wp-json\/wp\/v2\/tags?post=15234"}],"curies":[{"name":"wp","href":"https:\/\/api.w.org\/{rel}","templated":true}]}}