{"id":15247,"date":"2009-05-14T00:00:00","date_gmt":"2009-05-14T00:00:00","guid":{"rendered":"http:\/\/ddigital.webs.ull.es\/el-ultimo-cortometraje-de-daniel-sanchez-arevalo-cierra-la-midec-09\/"},"modified":"2009-05-14T00:00:00","modified_gmt":"2009-05-14T00:00:00","slug":"el-ultimo-cortometraje-de-daniel-sanchez-arevalo-cierra-la-midec-09","status":"publish","type":"post","link":"https:\/\/www.ull.es\/portal\/noticias\/2009\/el-ultimo-cortometraje-de-daniel-sanchez-arevalo-cierra-la-midec-09\/","title":{"rendered":"El \u00faltimo cortometraje de Daniel S\u00e1nchez Ar\u00e9valo cierra la Midec 09"},"content":{"rendered":"<p>La VI Muestra Internacional de Cortometrajes de la Universidad de La Laguna (MIDEC 09) se despide ma&ntilde;ana, viernes 15 de mayo, con la proyecci&oacute;n de los &uacute;ltimos nueve finalistas del Premio Internacional de Cortometrajes de la ULL y la proclamaci&oacute;n del Premio del P&uacute;blico de la Muestra. La sesi&oacute;n tendr&aacute; lugar en el Sal&oacute;n de Actos de la Facultad de Educaci&oacute;n a partir de las 20.30 horas, y que tendr&aacute; entrada gratuita hasta completar aforo.<\/p>\n<p>&nbsp;&nbsp;&nbsp; Abre la sesi&oacute;n la comedia negra Liquidaci&oacute;n total, dirigida por David Maci&aacute;n y protagonizada por Bruto Pomeroy (El milagro de P. Tinto). Le seguir&aacute; el drama Jingle Bells, de David Casademunt, sobre un adolescente que no acepta que su madre (Emma Vilarasau) haya iniciado una nueva vida tras la muerte de su padre. E finita la comedia es el segundo cortometraje de los belgas Jean-Julien Collette y Olivier Tollet incluido en la selecci&oacute;n de la MIDEC 09 y anteceder&aacute; a otra comedia negra Eso es f&aacute;cil (El remake), rodado por Sayago Ayuso en los locales del metro de Usera en Madrid.&nbsp;&nbsp;&nbsp; <\/p>\n<p> &nbsp;&nbsp;&nbsp; A continuaci&oacute;n se proyectar&aacute;n el multipremiado Nasija del tinerfe&ntilde;o Guillermo R&iacute;os, Menci&oacute;n Especial del jurado del Premio de Cortometrajes, y un trabajo de animaci&oacute;n de ambientaci&oacute;n futurista, Atenci&oacute;n al cliente, dirigido por Marcos Valin y David Alonso.<\/p>\n<p> &nbsp;&nbsp;&nbsp; El &uacute;ltimo tramo de la MIDEC 09 se abrir&aacute; con Catharsis, de Daniel Chamorro, la historia de una complicada relaci&oacute;n a lo largo del tiempo, que fue merecedor de otra de las Menciones Especiales del jurado.<\/p>\n<p> &nbsp;&nbsp;&nbsp; Columba Palumbus es el impactante cortometraje del vasco Koldo Almandoz que anteceder&aacute; al cierre de las proyecciones: Traumalog&iacute;a, &uacute;ltimo cortometraje de Daniel S&aacute;nchez Ar&eacute;valo (Azuloscurocasinegro), que cuenta con un espectacular reparto que incluye a Antonio de la Torre, Natalia Mateo, Quim Guti&eacute;rrez, Ra&uacute;l Ar&eacute;valo o Javier Pereira.<\/p>\n<p> &nbsp;&nbsp;&nbsp; La MIDEC 09, organizada por el Vicerrectorado de Relaciones Universidad y Sociedad de la ULL con el apoyo en la organizaci&oacute;n de la productora Digital 104, se cerrar&aacute; con la proclamaci&oacute;n del Premio del P&uacute;blico, que habr&aacute;n otorgado los asistentes a los tres d&iacute;as de proyecci&oacute;n con su voto. Ser&aacute; el broche de oro a la VI edici&oacute;n de una Muestra que re&uacute;ne los mejores trabajos presentados al Premio Internacional de Cortometrajes que convoca todos los a&ntilde;os la Universidad de La Laguna.<\/p>\n","protected":false},"excerpt":{"rendered":"<p>La VI Muestra Internacional de Cortometrajes de la Universidad de La Laguna (MIDEC 09) se despide ma&ntilde;ana, viernes 15 de&#8230;<\/p>\n","protected":false},"author":21,"featured_media":0,"comment_status":"open","ping_status":"open","sticky":false,"template":"","format":"standard","meta":{"inline_featured_image":false,"footnotes":""},"categories":[344,1],"tags":[],"acf":[],"yoast_head":"<!-- This site is optimized with the Yoast SEO plugin v21.3 - https:\/\/yoast.com\/wordpress\/plugins\/seo\/ -->\n<title>El \u00faltimo cortometraje de Daniel S\u00e1nchez Ar\u00e9valo cierra la Midec 09 - ULL - Noticias<\/title>\n<meta name=\"robots\" content=\"index, follow, max-snippet:-1, max-image-preview:large, max-video-preview:-1\" \/>\n<link rel=\"canonical\" href=\"https:\/\/www.ull.es\/portal\/noticias\/2009\/el-ultimo-cortometraje-de-daniel-sanchez-arevalo-cierra-la-midec-09\/\" \/>\n<meta property=\"og:locale\" content=\"es_ES\" \/>\n<meta property=\"og:type\" content=\"article\" \/>\n<meta property=\"og:title\" content=\"El \u00faltimo cortometraje de Daniel S\u00e1nchez Ar\u00e9valo cierra la Midec 09 - ULL - Noticias\" \/>\n<meta property=\"og:description\" content=\"La VI Muestra Internacional de Cortometrajes de la Universidad de La Laguna (MIDEC 09) se despide ma&ntilde;ana, viernes 15 de...\" \/>\n<meta property=\"og:url\" content=\"https:\/\/www.ull.es\/portal\/noticias\/2009\/el-ultimo-cortometraje-de-daniel-sanchez-arevalo-cierra-la-midec-09\/\" \/>\n<meta property=\"og:site_name\" content=\"ULL - Noticias\" \/>\n<meta property=\"article:publisher\" content=\"https:\/\/www.facebook.com\/universidaddelalaguna\/\" \/>\n<meta property=\"article:published_time\" content=\"2009-05-14T00:00:00+00:00\" \/>\n<meta property=\"og:image\" content=\"https:\/\/www.ull.es\/portal\/noticias\/wp-content\/uploads\/sites\/13\/2023\/06\/logo-redimensionado.png\" \/>\n\t<meta property=\"og:image:width\" content=\"1200\" \/>\n\t<meta property=\"og:image:height\" content=\"630\" \/>\n\t<meta property=\"og:image:type\" content=\"image\/png\" \/>\n<meta name=\"author\" content=\"prensa2\" \/>\n<meta name=\"twitter:card\" content=\"summary_large_image\" \/>\n<meta name=\"twitter:creator\" content=\"@CanalULL\" \/>\n<meta name=\"twitter:site\" content=\"@CanalULL\" \/>\n<meta name=\"twitter:label1\" content=\"Escrito por\" \/>\n\t<meta name=\"twitter:data1\" content=\"prensa2\" \/>\n\t<meta name=\"twitter:label2\" content=\"Tiempo de lectura\" \/>\n\t<meta name=\"twitter:data2\" content=\"2 minutos\" \/>\n<script type=\"application\/ld+json\" class=\"yoast-schema-graph\">{\"@context\":\"https:\/\/schema.org\",\"@graph\":[{\"@type\":\"WebPage\",\"@id\":\"https:\/\/www.ull.es\/portal\/noticias\/2009\/el-ultimo-cortometraje-de-daniel-sanchez-arevalo-cierra-la-midec-09\/\",\"url\":\"https:\/\/www.ull.es\/portal\/noticias\/2009\/el-ultimo-cortometraje-de-daniel-sanchez-arevalo-cierra-la-midec-09\/\",\"name\":\"El \u00faltimo cortometraje de Daniel S\u00e1nchez Ar\u00e9valo cierra la Midec 09 - ULL - Noticias\",\"isPartOf\":{\"@id\":\"https:\/\/www.ull.es\/portal\/noticias\/#website\"},\"datePublished\":\"2009-05-14T00:00:00+00:00\",\"dateModified\":\"2009-05-14T00:00:00+00:00\",\"author\":{\"@id\":\"https:\/\/www.ull.es\/portal\/noticias\/#\/schema\/person\/c3b2aa857797592927a03740d6664376\"},\"breadcrumb\":{\"@id\":\"https:\/\/www.ull.es\/portal\/noticias\/2009\/el-ultimo-cortometraje-de-daniel-sanchez-arevalo-cierra-la-midec-09\/#breadcrumb\"},\"inLanguage\":\"es\",\"potentialAction\":[{\"@type\":\"ReadAction\",\"target\":[\"https:\/\/www.ull.es\/portal\/noticias\/2009\/el-ultimo-cortometraje-de-daniel-sanchez-arevalo-cierra-la-midec-09\/\"]}]},{\"@type\":\"BreadcrumbList\",\"@id\":\"https:\/\/www.ull.es\/portal\/noticias\/2009\/el-ultimo-cortometraje-de-daniel-sanchez-arevalo-cierra-la-midec-09\/#breadcrumb\",\"itemListElement\":[{\"@type\":\"ListItem\",\"position\":1,\"name\":\"Portada\",\"item\":\"https:\/\/www.ull.es\/portal\/noticias\/\"},{\"@type\":\"ListItem\",\"position\":2,\"name\":\"El \u00faltimo cortometraje de Daniel S\u00e1nchez Ar\u00e9valo cierra la Midec 09\"}]},{\"@type\":\"WebSite\",\"@id\":\"https:\/\/www.ull.es\/portal\/noticias\/#website\",\"url\":\"https:\/\/www.ull.es\/portal\/noticias\/\",\"name\":\"ULL - Noticias\",\"description\":\"\",\"potentialAction\":[{\"@type\":\"SearchAction\",\"target\":{\"@type\":\"EntryPoint\",\"urlTemplate\":\"https:\/\/www.ull.es\/portal\/noticias\/?s={search_term_string}\"},\"query-input\":\"required name=search_term_string\"}],\"inLanguage\":\"es\"},{\"@type\":\"Person\",\"@id\":\"https:\/\/www.ull.es\/portal\/noticias\/#\/schema\/person\/c3b2aa857797592927a03740d6664376\",\"name\":\"prensa2\",\"image\":{\"@type\":\"ImageObject\",\"inLanguage\":\"es\",\"@id\":\"https:\/\/www.ull.es\/portal\/noticias\/#\/schema\/person\/image\/\",\"url\":\"https:\/\/secure.gravatar.com\/avatar\/b58f310a5de5feb33d1e026d2493f23c?s=96&d=mm&r=g\",\"contentUrl\":\"https:\/\/secure.gravatar.com\/avatar\/b58f310a5de5feb33d1e026d2493f23c?s=96&d=mm&r=g\",\"caption\":\"prensa2\"},\"url\":\"https:\/\/www.ull.es\/portal\/noticias\/author\/prensa2\/\"}]}<\/script>\n<!-- \/ Yoast SEO plugin. -->","yoast_head_json":{"title":"El \u00faltimo cortometraje de Daniel S\u00e1nchez Ar\u00e9valo cierra la Midec 09 - ULL - Noticias","robots":{"index":"index","follow":"follow","max-snippet":"max-snippet:-1","max-image-preview":"max-image-preview:large","max-video-preview":"max-video-preview:-1"},"canonical":"https:\/\/www.ull.es\/portal\/noticias\/2009\/el-ultimo-cortometraje-de-daniel-sanchez-arevalo-cierra-la-midec-09\/","og_locale":"es_ES","og_type":"article","og_title":"El \u00faltimo cortometraje de Daniel S\u00e1nchez Ar\u00e9valo cierra la Midec 09 - ULL - Noticias","og_description":"La VI Muestra Internacional de Cortometrajes de la Universidad de La Laguna (MIDEC 09) se despide ma&ntilde;ana, viernes 15 de...","og_url":"https:\/\/www.ull.es\/portal\/noticias\/2009\/el-ultimo-cortometraje-de-daniel-sanchez-arevalo-cierra-la-midec-09\/","og_site_name":"ULL - Noticias","article_publisher":"https:\/\/www.facebook.com\/universidaddelalaguna\/","article_published_time":"2009-05-14T00:00:00+00:00","og_image":[{"width":1200,"height":630,"url":"https:\/\/www.ull.es\/portal\/noticias\/wp-content\/uploads\/sites\/13\/2023\/06\/logo-redimensionado.png","type":"image\/png"}],"author":"prensa2","twitter_card":"summary_large_image","twitter_creator":"@CanalULL","twitter_site":"@CanalULL","twitter_misc":{"Escrito por":"prensa2","Tiempo de lectura":"2 minutos"},"schema":{"@context":"https:\/\/schema.org","@graph":[{"@type":"WebPage","@id":"https:\/\/www.ull.es\/portal\/noticias\/2009\/el-ultimo-cortometraje-de-daniel-sanchez-arevalo-cierra-la-midec-09\/","url":"https:\/\/www.ull.es\/portal\/noticias\/2009\/el-ultimo-cortometraje-de-daniel-sanchez-arevalo-cierra-la-midec-09\/","name":"El \u00faltimo cortometraje de Daniel S\u00e1nchez Ar\u00e9valo cierra la Midec 09 - ULL - Noticias","isPartOf":{"@id":"https:\/\/www.ull.es\/portal\/noticias\/#website"},"datePublished":"2009-05-14T00:00:00+00:00","dateModified":"2009-05-14T00:00:00+00:00","author":{"@id":"https:\/\/www.ull.es\/portal\/noticias\/#\/schema\/person\/c3b2aa857797592927a03740d6664376"},"breadcrumb":{"@id":"https:\/\/www.ull.es\/portal\/noticias\/2009\/el-ultimo-cortometraje-de-daniel-sanchez-arevalo-cierra-la-midec-09\/#breadcrumb"},"inLanguage":"es","potentialAction":[{"@type":"ReadAction","target":["https:\/\/www.ull.es\/portal\/noticias\/2009\/el-ultimo-cortometraje-de-daniel-sanchez-arevalo-cierra-la-midec-09\/"]}]},{"@type":"BreadcrumbList","@id":"https:\/\/www.ull.es\/portal\/noticias\/2009\/el-ultimo-cortometraje-de-daniel-sanchez-arevalo-cierra-la-midec-09\/#breadcrumb","itemListElement":[{"@type":"ListItem","position":1,"name":"Portada","item":"https:\/\/www.ull.es\/portal\/noticias\/"},{"@type":"ListItem","position":2,"name":"El \u00faltimo cortometraje de Daniel S\u00e1nchez Ar\u00e9valo cierra la Midec 09"}]},{"@type":"WebSite","@id":"https:\/\/www.ull.es\/portal\/noticias\/#website","url":"https:\/\/www.ull.es\/portal\/noticias\/","name":"ULL - Noticias","description":"","potentialAction":[{"@type":"SearchAction","target":{"@type":"EntryPoint","urlTemplate":"https:\/\/www.ull.es\/portal\/noticias\/?s={search_term_string}"},"query-input":"required name=search_term_string"}],"inLanguage":"es"},{"@type":"Person","@id":"https:\/\/www.ull.es\/portal\/noticias\/#\/schema\/person\/c3b2aa857797592927a03740d6664376","name":"prensa2","image":{"@type":"ImageObject","inLanguage":"es","@id":"https:\/\/www.ull.es\/portal\/noticias\/#\/schema\/person\/image\/","url":"https:\/\/secure.gravatar.com\/avatar\/b58f310a5de5feb33d1e026d2493f23c?s=96&d=mm&r=g","contentUrl":"https:\/\/secure.gravatar.com\/avatar\/b58f310a5de5feb33d1e026d2493f23c?s=96&d=mm&r=g","caption":"prensa2"},"url":"https:\/\/www.ull.es\/portal\/noticias\/author\/prensa2\/"}]}},"primary_category":null,"featured_image_thumbnail_url":null,"_links":{"self":[{"href":"https:\/\/www.ull.es\/portal\/noticias\/wp-json\/wp\/v2\/posts\/15247"}],"collection":[{"href":"https:\/\/www.ull.es\/portal\/noticias\/wp-json\/wp\/v2\/posts"}],"about":[{"href":"https:\/\/www.ull.es\/portal\/noticias\/wp-json\/wp\/v2\/types\/post"}],"author":[{"embeddable":true,"href":"https:\/\/www.ull.es\/portal\/noticias\/wp-json\/wp\/v2\/users\/21"}],"replies":[{"embeddable":true,"href":"https:\/\/www.ull.es\/portal\/noticias\/wp-json\/wp\/v2\/comments?post=15247"}],"version-history":[{"count":0,"href":"https:\/\/www.ull.es\/portal\/noticias\/wp-json\/wp\/v2\/posts\/15247\/revisions"}],"wp:attachment":[{"href":"https:\/\/www.ull.es\/portal\/noticias\/wp-json\/wp\/v2\/media?parent=15247"}],"wp:term":[{"taxonomy":"category","embeddable":true,"href":"https:\/\/www.ull.es\/portal\/noticias\/wp-json\/wp\/v2\/categories?post=15247"},{"taxonomy":"post_tag","embeddable":true,"href":"https:\/\/www.ull.es\/portal\/noticias\/wp-json\/wp\/v2\/tags?post=15247"}],"curies":[{"name":"wp","href":"https:\/\/api.w.org\/{rel}","templated":true}]}}