{"id":15260,"date":"2009-06-24T00:00:00","date_gmt":"2009-06-24T00:00:00","guid":{"rendered":"http:\/\/ddigital.webs.ull.es\/la-consejeria-de-educacion-y-la-ull-fomentan-la-cultura-cientifica-en-canarias-a-traves-del-proyecto-los-imprescindibles-de-la-ciencia\/"},"modified":"2009-06-24T00:00:00","modified_gmt":"2009-06-24T00:00:00","slug":"la-consejeria-de-educacion-y-la-ull-fomentan-la-cultura-cientifica-en-canarias-a-traves-del-proyecto-los-imprescindibles-de-la-ciencia","status":"publish","type":"post","link":"https:\/\/www.ull.es\/portal\/noticias\/2009\/la-consejeria-de-educacion-y-la-ull-fomentan-la-cultura-cientifica-en-canarias-a-traves-del-proyecto-los-imprescindibles-de-la-ciencia\/","title":{"rendered":"La Consejer\u00eda de Educaci\u00f3n y la ULL fomentan la cultura cient\u00edfica en Canarias a trav\u00e9s del proyecto Los Imprescindibles de la Ciencia"},"content":{"rendered":"<p>La Consejer&iacute;a de Educaci&oacute;n, Universidades, Cultura y Deportes del Gobierno de Canarias, a trav&eacute;s de su Direcci&oacute;n General de Ordenaci&oacute;n e Innovaci&oacute;n Educativa, present&oacute; ayer, martes 23 de junio, el proyecto denominado Los Imprescindibles de la Ciencia, orientado al fomento de la cultura cient&iacute;fica de la poblaci&oacute;n canaria en general, y de los alumnos de Ense&ntilde;anza Secundaria, Bachillerato y Universidad en particular. La directora general de Ordenaci&oacute;n e Innovaci&oacute;n Educativa, Victoria Gonz&aacute;lez Ares, estuvo acompa&ntilde;ada por sus autores, los profesores de la Universidad de La Laguna (ULL), Jos&eacute; Mar&iacute;a Riol Cimas y Luis Vega Mart&iacute;n, respectivamente.<\/p>\n<p>El Proyecto de Los imprescindibles de la Ciencia consta de dos fases. La primera, realizada en 2008, estuvo dirigida al p&uacute;blico en general (divulgaci&oacute;n cient&iacute;fica) y al profesorado de Ense&ntilde;anza Secundaria Obligatoria (E.S.O) y Bachillerato de Ciencias de Canarias (divulgaci&oacute;n cient&iacute;fica e innovaci&oacute;n educativa). Se publicaron una serie de art&iacute;culos orientados al fomento de la cultura cient&iacute;fica de la sociedad, que llevaba el mismo t&iacute;tulo del proyecto y pretend&iacute;an alcanzar varios objetivos: contribuir a acercar la ciencia al p&uacute;blico de Canarias; &quot;poner cara&quot; a los cient&iacute;ficos m&aacute;s importantes de la historia, los grandes desconocidos para el p&uacute;blico en general, as&iacute; como mostrar al p&uacute;blico a los 40 principales de la ciencia, aquellos cient&iacute;ficos imprescindibles sobre los que cualquier persona culta debe tener un m&iacute;nimo de informaci&oacute;n.<\/p>\n<p>Esta acci&oacute;n pretend&iacute;a mantener una presencia continuada de la ciencia en suplementos culturales en medios de comunicaci&oacute;n, con el convencimiento de que la ciencia es un pilar fundamental de la cultura, que debe figurar en los suplementos culturales en pie de igualdad con cualquier otro art&iacute;culo o reportaje relacionado con otras &aacute;reas de la cultura como la pintura, la literatura, la m&uacute;sica, el cine.<\/p>\n<p> Esta primera fase se materializ&oacute; en dos acciones: la primera fue la publicaci&oacute;n de 40 art&iacute;culos de divulgaci&oacute;n cient&iacute;fica, y la segunda acci&oacute;n consisti&oacute; en la elaboraci&oacute;n y edici&oacute;n de 1.500 ejemplares de un CD-ROM, dirigido al profesorado de E.S.O. y de Bachillerato de Ciencias de Canarias. El contenido del CD- ROM consta de 257 diapositivas acerca de los cuarenta cient&iacute;ficos en los que se basa este proyecto; se dedican 6 diapositivas a cada cient&iacute;fico, ilustradas con numerosas im&aacute;genes, y se pretende hacer as&iacute; un sucinto recorrido por su vida y obra.<\/p>\n<p> Adem&aacute;s, se incluyen los 40 art&iacute;culos period&iacute;sticos en formato PDF, tal como se publicaron en el prensa, as&iacute; como informaci&oacute;n sobre la presencia en Internet de los cuarenta art&iacute;culos; un archivo bibliogr&aacute;fico conteniendo 89 art&iacute;culos recomendados en relaci&oacute;n con la divulgaci&oacute;n de la historia de la ciencia, la divulgaci&oacute;n cient&iacute;fica en general y acerca del papel de la ciencia en la sociedad (en formato PDF), publicados en los &uacute;ltimos a&ntilde;os por los miembros del equipo de trabajo de este proyecto. Tambi&eacute;n se adjunta un archivo bibliogr&aacute;fico conteniendo fichas e im&aacute;genes de 74 libros de ciencia y divulgaci&oacute;n cient&iacute;fica, recomendados por los miembros del equipo de trabajo de este proyecto.<\/p>\n<p> La segunda fase de Los Imprescindibles de la Ciencia se est&aacute; llevando a cabo a lo largo de 2009, y est&aacute; dirigida espec&iacute;ficamente a los estudiantes de E.S.O. y Bachillerato de Canarias (divulgaci&oacute;n cient&iacute;fica e innovaci&oacute;n educativa). Consta de tres acciones: la primera se centra en la elaboraci&oacute;n y montaje de una exposici&oacute;n itinerante por diversos Institutos de Ense&ntilde;anza Secundaria (I.E.S.) de Canarias. La exposici&oacute;n contiene 40 paneles elaborados a partir de la adaptaci&oacute;n de los contenidos de los cuarenta art&iacute;culos publicados en prensa, m&aacute;s 6 paneles explicativos. La exposici&oacute;n se dividir&aacute; en dos, una estar&aacute; dedicada a los cient&iacute;ficos relacionados con la Biolog&iacute;a, la Geolog&iacute;a y la Qu&iacute;mica, y otra a los cient&iacute;ficos de las &aacute;reas de la F&iacute;sica y las Matem&aacute;ticas.<\/p>\n<p> Por otra parte, la segunda acci&oacute;n consiste en la elaboraci&oacute;n y publicaci&oacute;n de 1.000 ejemplares de un cat&aacute;logo de la exposici&oacute;n recogiendo los contenidos de los cuarenta y seis paneles, para su distribuci&oacute;n en todos los I.E.S. y a todo el profesorado de Bachillerato de Ciencias de Canarias.<\/p>\n<p> Por &uacute;ltimo, la tercera acci&oacute;n elaborar&aacute; y publicar&aacute; 1.000 ejemplares de un libro recogiendo los textos completos de los cuarenta art&iacute;culos publicados para su distribuci&oacute;n en todos los I.E.S. y a todo el profesorado de E.S.O y Bachillerato de Ciencias de Canarias.<br \/> <strong><br \/> Autores del proyecto<br \/> <\/strong><br \/> Los autores, Luis Vega Mart&iacute;n y Jos&eacute; Mar&iacute;a Riol Cimas, han liderado la parte t&eacute;cnica de este proyecto. Luis Vega es licenciado en F&iacute;sica. Desde 1981 es Profesor de F&iacute;sica en la Universidad de La Laguna (ULL). Es especialista en F&iacute;sica Molecular, con especial inter&eacute;s en el estudio de las interacciones moleculares de sustancias de importancia biol&oacute;gica, especialmente de las que presentan comportamiento quiral. Ha ocupado diversos cargos en la administraci&oacute;n universitaria, y desarrolla una notable actividad en el campo de la divulgaci&oacute;n de la ciencia, en particular en la comprensi&oacute;n y la explicaci&oacute;n precisa de las teor&iacute;as f&iacute;sicas. Ha participado en varios proyectos de divulgaci&oacute;n cient&iacute;fica, con financiaci&oacute;n obtenida en convocatorias del Ministerio de Ciencia e Innovaci&oacute;n del Gobierno de Espa&ntilde;a y de la Agencia Canaria de Investigaci&oacute;n, Innovaci&oacute;n y Sociedad de la Informaci&oacute;n del Gobierno de Canarias.<\/p>\n<p> Jos&eacute; Mar&iacute;a Riol Cimas, es licenciado y Doctor en Ciencias Biol&oacute;gicas por la Universidad de La Laguna (ULL). Investigador post-doctoral en la Universidad Complutense de Madrid (1985 y 1986) y en la Unidad de Metabolismo de los Laboratorios Farmac&eacute;uticos Wellcome (Beckenham, Londres, 1988). Investigador en la Universidad T&eacute;cnica de Viena (1994 y 1995). Autor de publicaciones internacionales sobre el metabolismo de los hidratos de carbono, y sobre mecanismos de transporte de nutrientes a trav&eacute;s de la membrana celular. Investigador en proyectos de investigaci&oacute;n financiados con fondos europeos, estatales y auton&oacute;micos. Secretario del Comit&eacute; Cient&iacute;fico y Organizador de dos congresos internacionales de Bioqu&iacute;mica. Fue miembro de The Biochemical Society (Londres). Es Profesor Titular de Universidad en el Departamento de Bioqu&iacute;mica y Biolog&iacute;a Molecular de la ULL desde 1990.<\/p>\n<p>Puerde consultar este material en el enlace <a href=\"http:\/\/www.imprescindiblesdelaciencia.es\/\" target=\"_blank\" target=\"_blank\" rel=\"noopener\">http:\/\/www.imprescindiblesdelaciencia.es\/<\/a> .<\/p>\n<p>(Nota cedida por el Gobierno de Canarias)<\/p>\n","protected":false},"excerpt":{"rendered":"<p>La Consejer&iacute;a de Educaci&oacute;n, Universidades, Cultura y Deportes del Gobierno de Canarias, a trav&eacute;s de su Direcci&oacute;n General de Ordenaci&oacute;n&#8230;<\/p>\n","protected":false},"author":21,"featured_media":0,"comment_status":"open","ping_status":"open","sticky":false,"template":"","format":"standard","meta":{"inline_featured_image":false,"footnotes":""},"categories":[344,1],"tags":[],"acf":[],"yoast_head":"<!-- This site is optimized with the Yoast SEO plugin v21.3 - https:\/\/yoast.com\/wordpress\/plugins\/seo\/ -->\n<title>La Consejer\u00eda de Educaci\u00f3n y la ULL fomentan la cultura cient\u00edfica en Canarias a trav\u00e9s del proyecto Los Imprescindibles de la Ciencia - ULL - Noticias<\/title>\n<meta name=\"robots\" content=\"index, follow, max-snippet:-1, max-image-preview:large, max-video-preview:-1\" \/>\n<link rel=\"canonical\" href=\"https:\/\/www.ull.es\/portal\/noticias\/2009\/la-consejeria-de-educacion-y-la-ull-fomentan-la-cultura-cientifica-en-canarias-a-traves-del-proyecto-los-imprescindibles-de-la-ciencia\/\" \/>\n<meta property=\"og:locale\" content=\"es_ES\" \/>\n<meta property=\"og:type\" content=\"article\" \/>\n<meta property=\"og:title\" content=\"La Consejer\u00eda de Educaci\u00f3n y la ULL fomentan la cultura cient\u00edfica en Canarias a trav\u00e9s del proyecto Los Imprescindibles de la Ciencia - ULL - Noticias\" \/>\n<meta property=\"og:description\" content=\"La Consejer&iacute;a de Educaci&oacute;n, Universidades, Cultura y Deportes del Gobierno de Canarias, a trav&eacute;s de su Direcci&oacute;n General de Ordenaci&oacute;n...\" \/>\n<meta property=\"og:url\" content=\"https:\/\/www.ull.es\/portal\/noticias\/2009\/la-consejeria-de-educacion-y-la-ull-fomentan-la-cultura-cientifica-en-canarias-a-traves-del-proyecto-los-imprescindibles-de-la-ciencia\/\" \/>\n<meta property=\"og:site_name\" content=\"ULL - Noticias\" \/>\n<meta property=\"article:publisher\" content=\"https:\/\/www.facebook.com\/universidaddelalaguna\/\" \/>\n<meta property=\"article:published_time\" content=\"2009-06-24T00:00:00+00:00\" \/>\n<meta property=\"og:image\" content=\"https:\/\/www.ull.es\/portal\/noticias\/wp-content\/uploads\/sites\/13\/2023\/06\/logo-redimensionado.png\" \/>\n\t<meta property=\"og:image:width\" content=\"1200\" \/>\n\t<meta property=\"og:image:height\" content=\"630\" \/>\n\t<meta property=\"og:image:type\" content=\"image\/png\" \/>\n<meta name=\"author\" content=\"prensa2\" \/>\n<meta name=\"twitter:card\" content=\"summary_large_image\" \/>\n<meta name=\"twitter:creator\" content=\"@CanalULL\" \/>\n<meta name=\"twitter:site\" content=\"@CanalULL\" \/>\n<meta name=\"twitter:label1\" content=\"Escrito por\" \/>\n\t<meta name=\"twitter:data1\" content=\"prensa2\" \/>\n\t<meta name=\"twitter:label2\" content=\"Tiempo de lectura\" \/>\n\t<meta name=\"twitter:data2\" content=\"6 minutos\" \/>\n<script type=\"application\/ld+json\" class=\"yoast-schema-graph\">{\"@context\":\"https:\/\/schema.org\",\"@graph\":[{\"@type\":\"WebPage\",\"@id\":\"https:\/\/www.ull.es\/portal\/noticias\/2009\/la-consejeria-de-educacion-y-la-ull-fomentan-la-cultura-cientifica-en-canarias-a-traves-del-proyecto-los-imprescindibles-de-la-ciencia\/\",\"url\":\"https:\/\/www.ull.es\/portal\/noticias\/2009\/la-consejeria-de-educacion-y-la-ull-fomentan-la-cultura-cientifica-en-canarias-a-traves-del-proyecto-los-imprescindibles-de-la-ciencia\/\",\"name\":\"La Consejer\u00eda de Educaci\u00f3n y la ULL fomentan la cultura cient\u00edfica en Canarias a trav\u00e9s del proyecto Los Imprescindibles de la Ciencia - ULL - Noticias\",\"isPartOf\":{\"@id\":\"https:\/\/www.ull.es\/portal\/noticias\/#website\"},\"datePublished\":\"2009-06-24T00:00:00+00:00\",\"dateModified\":\"2009-06-24T00:00:00+00:00\",\"author\":{\"@id\":\"https:\/\/www.ull.es\/portal\/noticias\/#\/schema\/person\/c3b2aa857797592927a03740d6664376\"},\"breadcrumb\":{\"@id\":\"https:\/\/www.ull.es\/portal\/noticias\/2009\/la-consejeria-de-educacion-y-la-ull-fomentan-la-cultura-cientifica-en-canarias-a-traves-del-proyecto-los-imprescindibles-de-la-ciencia\/#breadcrumb\"},\"inLanguage\":\"es\",\"potentialAction\":[{\"@type\":\"ReadAction\",\"target\":[\"https:\/\/www.ull.es\/portal\/noticias\/2009\/la-consejeria-de-educacion-y-la-ull-fomentan-la-cultura-cientifica-en-canarias-a-traves-del-proyecto-los-imprescindibles-de-la-ciencia\/\"]}]},{\"@type\":\"BreadcrumbList\",\"@id\":\"https:\/\/www.ull.es\/portal\/noticias\/2009\/la-consejeria-de-educacion-y-la-ull-fomentan-la-cultura-cientifica-en-canarias-a-traves-del-proyecto-los-imprescindibles-de-la-ciencia\/#breadcrumb\",\"itemListElement\":[{\"@type\":\"ListItem\",\"position\":1,\"name\":\"Portada\",\"item\":\"https:\/\/www.ull.es\/portal\/noticias\/\"},{\"@type\":\"ListItem\",\"position\":2,\"name\":\"La Consejer\u00eda de Educaci\u00f3n y la ULL fomentan la cultura cient\u00edfica en Canarias a trav\u00e9s del proyecto Los Imprescindibles de la Ciencia\"}]},{\"@type\":\"WebSite\",\"@id\":\"https:\/\/www.ull.es\/portal\/noticias\/#website\",\"url\":\"https:\/\/www.ull.es\/portal\/noticias\/\",\"name\":\"ULL - Noticias\",\"description\":\"\",\"potentialAction\":[{\"@type\":\"SearchAction\",\"target\":{\"@type\":\"EntryPoint\",\"urlTemplate\":\"https:\/\/www.ull.es\/portal\/noticias\/?s={search_term_string}\"},\"query-input\":\"required name=search_term_string\"}],\"inLanguage\":\"es\"},{\"@type\":\"Person\",\"@id\":\"https:\/\/www.ull.es\/portal\/noticias\/#\/schema\/person\/c3b2aa857797592927a03740d6664376\",\"name\":\"prensa2\",\"image\":{\"@type\":\"ImageObject\",\"inLanguage\":\"es\",\"@id\":\"https:\/\/www.ull.es\/portal\/noticias\/#\/schema\/person\/image\/\",\"url\":\"https:\/\/secure.gravatar.com\/avatar\/b58f310a5de5feb33d1e026d2493f23c?s=96&d=mm&r=g\",\"contentUrl\":\"https:\/\/secure.gravatar.com\/avatar\/b58f310a5de5feb33d1e026d2493f23c?s=96&d=mm&r=g\",\"caption\":\"prensa2\"},\"url\":\"https:\/\/www.ull.es\/portal\/noticias\/author\/prensa2\/\"}]}<\/script>\n<!-- \/ Yoast SEO plugin. -->","yoast_head_json":{"title":"La Consejer\u00eda de Educaci\u00f3n y la ULL fomentan la cultura cient\u00edfica en Canarias a trav\u00e9s del proyecto Los Imprescindibles de la Ciencia - ULL - Noticias","robots":{"index":"index","follow":"follow","max-snippet":"max-snippet:-1","max-image-preview":"max-image-preview:large","max-video-preview":"max-video-preview:-1"},"canonical":"https:\/\/www.ull.es\/portal\/noticias\/2009\/la-consejeria-de-educacion-y-la-ull-fomentan-la-cultura-cientifica-en-canarias-a-traves-del-proyecto-los-imprescindibles-de-la-ciencia\/","og_locale":"es_ES","og_type":"article","og_title":"La Consejer\u00eda de Educaci\u00f3n y la ULL fomentan la cultura cient\u00edfica en Canarias a trav\u00e9s del proyecto Los Imprescindibles de la Ciencia - ULL - Noticias","og_description":"La Consejer&iacute;a de Educaci&oacute;n, Universidades, Cultura y Deportes del Gobierno de Canarias, a trav&eacute;s de su Direcci&oacute;n General de Ordenaci&oacute;n...","og_url":"https:\/\/www.ull.es\/portal\/noticias\/2009\/la-consejeria-de-educacion-y-la-ull-fomentan-la-cultura-cientifica-en-canarias-a-traves-del-proyecto-los-imprescindibles-de-la-ciencia\/","og_site_name":"ULL - Noticias","article_publisher":"https:\/\/www.facebook.com\/universidaddelalaguna\/","article_published_time":"2009-06-24T00:00:00+00:00","og_image":[{"width":1200,"height":630,"url":"https:\/\/www.ull.es\/portal\/noticias\/wp-content\/uploads\/sites\/13\/2023\/06\/logo-redimensionado.png","type":"image\/png"}],"author":"prensa2","twitter_card":"summary_large_image","twitter_creator":"@CanalULL","twitter_site":"@CanalULL","twitter_misc":{"Escrito por":"prensa2","Tiempo de lectura":"6 minutos"},"schema":{"@context":"https:\/\/schema.org","@graph":[{"@type":"WebPage","@id":"https:\/\/www.ull.es\/portal\/noticias\/2009\/la-consejeria-de-educacion-y-la-ull-fomentan-la-cultura-cientifica-en-canarias-a-traves-del-proyecto-los-imprescindibles-de-la-ciencia\/","url":"https:\/\/www.ull.es\/portal\/noticias\/2009\/la-consejeria-de-educacion-y-la-ull-fomentan-la-cultura-cientifica-en-canarias-a-traves-del-proyecto-los-imprescindibles-de-la-ciencia\/","name":"La Consejer\u00eda de Educaci\u00f3n y la ULL fomentan la cultura cient\u00edfica en Canarias a trav\u00e9s del proyecto Los Imprescindibles de la Ciencia - ULL - Noticias","isPartOf":{"@id":"https:\/\/www.ull.es\/portal\/noticias\/#website"},"datePublished":"2009-06-24T00:00:00+00:00","dateModified":"2009-06-24T00:00:00+00:00","author":{"@id":"https:\/\/www.ull.es\/portal\/noticias\/#\/schema\/person\/c3b2aa857797592927a03740d6664376"},"breadcrumb":{"@id":"https:\/\/www.ull.es\/portal\/noticias\/2009\/la-consejeria-de-educacion-y-la-ull-fomentan-la-cultura-cientifica-en-canarias-a-traves-del-proyecto-los-imprescindibles-de-la-ciencia\/#breadcrumb"},"inLanguage":"es","potentialAction":[{"@type":"ReadAction","target":["https:\/\/www.ull.es\/portal\/noticias\/2009\/la-consejeria-de-educacion-y-la-ull-fomentan-la-cultura-cientifica-en-canarias-a-traves-del-proyecto-los-imprescindibles-de-la-ciencia\/"]}]},{"@type":"BreadcrumbList","@id":"https:\/\/www.ull.es\/portal\/noticias\/2009\/la-consejeria-de-educacion-y-la-ull-fomentan-la-cultura-cientifica-en-canarias-a-traves-del-proyecto-los-imprescindibles-de-la-ciencia\/#breadcrumb","itemListElement":[{"@type":"ListItem","position":1,"name":"Portada","item":"https:\/\/www.ull.es\/portal\/noticias\/"},{"@type":"ListItem","position":2,"name":"La Consejer\u00eda de Educaci\u00f3n y la ULL fomentan la cultura cient\u00edfica en Canarias a trav\u00e9s del proyecto Los Imprescindibles de la Ciencia"}]},{"@type":"WebSite","@id":"https:\/\/www.ull.es\/portal\/noticias\/#website","url":"https:\/\/www.ull.es\/portal\/noticias\/","name":"ULL - Noticias","description":"","potentialAction":[{"@type":"SearchAction","target":{"@type":"EntryPoint","urlTemplate":"https:\/\/www.ull.es\/portal\/noticias\/?s={search_term_string}"},"query-input":"required name=search_term_string"}],"inLanguage":"es"},{"@type":"Person","@id":"https:\/\/www.ull.es\/portal\/noticias\/#\/schema\/person\/c3b2aa857797592927a03740d6664376","name":"prensa2","image":{"@type":"ImageObject","inLanguage":"es","@id":"https:\/\/www.ull.es\/portal\/noticias\/#\/schema\/person\/image\/","url":"https:\/\/secure.gravatar.com\/avatar\/b58f310a5de5feb33d1e026d2493f23c?s=96&d=mm&r=g","contentUrl":"https:\/\/secure.gravatar.com\/avatar\/b58f310a5de5feb33d1e026d2493f23c?s=96&d=mm&r=g","caption":"prensa2"},"url":"https:\/\/www.ull.es\/portal\/noticias\/author\/prensa2\/"}]}},"primary_category":null,"featured_image_thumbnail_url":null,"_links":{"self":[{"href":"https:\/\/www.ull.es\/portal\/noticias\/wp-json\/wp\/v2\/posts\/15260"}],"collection":[{"href":"https:\/\/www.ull.es\/portal\/noticias\/wp-json\/wp\/v2\/posts"}],"about":[{"href":"https:\/\/www.ull.es\/portal\/noticias\/wp-json\/wp\/v2\/types\/post"}],"author":[{"embeddable":true,"href":"https:\/\/www.ull.es\/portal\/noticias\/wp-json\/wp\/v2\/users\/21"}],"replies":[{"embeddable":true,"href":"https:\/\/www.ull.es\/portal\/noticias\/wp-json\/wp\/v2\/comments?post=15260"}],"version-history":[{"count":0,"href":"https:\/\/www.ull.es\/portal\/noticias\/wp-json\/wp\/v2\/posts\/15260\/revisions"}],"wp:attachment":[{"href":"https:\/\/www.ull.es\/portal\/noticias\/wp-json\/wp\/v2\/media?parent=15260"}],"wp:term":[{"taxonomy":"category","embeddable":true,"href":"https:\/\/www.ull.es\/portal\/noticias\/wp-json\/wp\/v2\/categories?post=15260"},{"taxonomy":"post_tag","embeddable":true,"href":"https:\/\/www.ull.es\/portal\/noticias\/wp-json\/wp\/v2\/tags?post=15260"}],"curies":[{"name":"wp","href":"https:\/\/api.w.org\/{rel}","templated":true}]}}