{"id":15261,"date":"2009-07-01T00:00:00","date_gmt":"2009-07-01T00:00:00","guid":{"rendered":"http:\/\/ddigital.webs.ull.es\/la-universidad-de-la-laguna-y-el-festival-de-musica-de-cine-fimucite-2009-colaboran-en-la-creacion-de-unas-jornadas\/"},"modified":"2009-07-01T00:00:00","modified_gmt":"2009-07-01T00:00:00","slug":"la-universidad-de-la-laguna-y-el-festival-de-musica-de-cine-fimucite-2009-colaboran-en-la-creacion-de-unas-jornadas","status":"publish","type":"post","link":"https:\/\/www.ull.es\/portal\/noticias\/2009\/la-universidad-de-la-laguna-y-el-festival-de-musica-de-cine-fimucite-2009-colaboran-en-la-creacion-de-unas-jornadas\/","title":{"rendered":"La Universidad de La Laguna y el festival de m\u00fasica de cine Fimucit\u00e9 2009 colaboran en la creaci\u00f3n de unas jornadas"},"content":{"rendered":"<p>Dentro de las actividades que conforman el III Festival de M&uacute;sica de Cine de Tenerife (FIMUCIT&Eacute;), se ha organizado en colaboraci&oacute;n con la Universidad de La Laguna unas jornadas que pretenden ilustrar la funci&oacute;n que cumple el m&uacute;sica en el desarrollo la est&eacute;tica de las pel&iacute;culas, y el proceso creativo que conlleva la elaboraci&oacute;n de una banda sonora. En ellas participar&aacute;n los mismos compositores cuya m&uacute;sica ser&aacute; interpretada durante los conciertos de este evento, varios profesionales de la industria de Hollywood, cr&iacute;ticos y periodistas. El programa completo de conciertos y actividades puede consultarse en la web <a href=\"http:\/\/www.fimucite.com\/f3_2009\/\" target=\"_blank\" target=\"_blank\" rel=\"noopener\">www.fimucite.com<\/a>.<\/p>\n<p>&nbsp;&nbsp;&nbsp; Las jornadas, que se celebrar&aacute;n en la sala de audiovisuales de TEA entre el 20 y el 26 de julio, est&aacute;n organizadas por la Tenerife Film Orchestra &amp; Choir (TFO), bajo la direcci&oacute;n del compositor Diego Navarro y cuenta con el patrocinio del Cabildo de Tenerife, el Ayuntamiento de Santa Cruz de Tenerife, el Ayuntamiento de San Crist&oacute;bal de la Laguna, el Gobierno de Canarias, Atlantia Canarias y Cinegames.<\/p>\n<p> &nbsp;&nbsp;&nbsp; Las jornadas son de acceso libre y gratuito, pero los alumnos de la ULL podr&aacute;n convalidarlas por dos cr&eacute;ditos de libre elecci&oacute;n externos a la oferta oficial de la universidad (es decir, que su reconocimiento o no depender&aacute; de cada facultad). Para ello, deber&aacute;n inscribirse en las dependencias del Vicerrectorado de Relaciones Universidad y Sociedad, en la calle Viana 50, o bien por correo electr&oacute;nico dirigido a la directora de las jornadas, la profesora del departamento de Filolog&iacute;a Inglesa y Alemana M&ordf; del Pino Montesdeoca Cubas (<a href=\"mailto:mapimont@ull.es\" target=\"_blank\" rel=\"noopener\">mapimont@ull.es<\/a>), en el que se incluya el formulario de inscripci&oacute;n y una copia del DNI. Los inscritos deben acreditar su asistencia mediante firma al menos al 80% de las actividades y presentar un resumen cr&iacute;tico de las jornadas a la misma direcci&oacute;n de correo antes del viernes 31 de julio.<\/p>\n<p> &nbsp;&nbsp;&nbsp; Las jornadas estar&aacute;n compuestas por diferentes apartados centrados en las dos tem&aacute;ticas principales que se abordar&aacute;n durante el festival: la m&uacute;sica en las pel&iacute;culas de la saga Alien, con motivo del 30 aniversario del estreno de su primera parte, y el 80 aniversario del nacimiento de Jerry Goldsmith, uno de los m&aacute;s importantes compositores que ha dado el cine. Para esto se contar&aacute; con la presencia de Carol Goldsmith, viuda del compositor, y Robert Townson, quien no s&oacute;lo produjo la edici&oacute;n musical de muchas de sus obras, sino que adem&aacute;s era un amigo personal del homenajeado.<\/p>\n<p> &nbsp;&nbsp;&nbsp; Las jornadas tambi&eacute;n incluyen un tercer eje tem&aacute;tico, centrado en explicar los pormenores de la creaci&oacute;n de una banda sonora desde el punto de vista de los profesionales. Para ello se contar&aacute; con la presencia de destacados profesionales pertenecientes a distintos &aacute;mbitos. Los compositores Joel McNeely (&ldquo;Los vengadores&rdquo;), Jan A. P. Kaczmarek (ganador de un Oscar por &ldquo;Descubriendo Nunca Jam&aacute;s&rdquo;), Clint Mansell (&ldquo;R&eacute;quiem por un sue&ntilde;o&rdquo;), John Ottman (&ldquo;Superman Returns&rdquo;) y Mark Snow (&ldquo;Expediente X&rdquo;) hablar&aacute;n de sus experiencias, mientras que otros invitados como Nancy Knutsen (vicepresidenta de la organizaci&oacute;n de compositores de cine ASCAP), Robert Townson (productor del sello discogr&aacute;fico Var&egrave;se Sarabande), Robert Messinger (agente musical) o Ray Costa (publicista) nos dar&aacute;n su perspectiva desde otros &aacute;ngulos de la industria.<\/p>\n","protected":false},"excerpt":{"rendered":"<p>Dentro de las actividades que conforman el III Festival de M&uacute;sica de Cine de Tenerife (FIMUCIT&Eacute;), se ha organizado en&#8230;<\/p>\n","protected":false},"author":21,"featured_media":0,"comment_status":"open","ping_status":"open","sticky":false,"template":"","format":"standard","meta":{"inline_featured_image":false,"footnotes":""},"categories":[344,1],"tags":[],"acf":[],"yoast_head":"<!-- This site is optimized with the Yoast SEO plugin v21.3 - https:\/\/yoast.com\/wordpress\/plugins\/seo\/ -->\n<title>La Universidad de La Laguna y el festival de m\u00fasica de cine Fimucit\u00e9 2009 colaboran en la creaci\u00f3n de unas jornadas - ULL - Noticias<\/title>\n<meta name=\"robots\" content=\"index, follow, max-snippet:-1, max-image-preview:large, max-video-preview:-1\" \/>\n<link rel=\"canonical\" href=\"https:\/\/www.ull.es\/portal\/noticias\/2009\/la-universidad-de-la-laguna-y-el-festival-de-musica-de-cine-fimucite-2009-colaboran-en-la-creacion-de-unas-jornadas\/\" \/>\n<meta property=\"og:locale\" content=\"es_ES\" \/>\n<meta property=\"og:type\" content=\"article\" \/>\n<meta property=\"og:title\" content=\"La Universidad de La Laguna y el festival de m\u00fasica de cine Fimucit\u00e9 2009 colaboran en la creaci\u00f3n de unas jornadas - ULL - Noticias\" \/>\n<meta property=\"og:description\" content=\"Dentro de las actividades que conforman el III Festival de M&uacute;sica de Cine de Tenerife (FIMUCIT&Eacute;), se ha organizado en...\" \/>\n<meta property=\"og:url\" content=\"https:\/\/www.ull.es\/portal\/noticias\/2009\/la-universidad-de-la-laguna-y-el-festival-de-musica-de-cine-fimucite-2009-colaboran-en-la-creacion-de-unas-jornadas\/\" \/>\n<meta property=\"og:site_name\" content=\"ULL - Noticias\" \/>\n<meta property=\"article:publisher\" content=\"https:\/\/www.facebook.com\/universidaddelalaguna\/\" \/>\n<meta property=\"article:published_time\" content=\"2009-07-01T00:00:00+00:00\" \/>\n<meta property=\"og:image\" content=\"https:\/\/www.ull.es\/portal\/noticias\/wp-content\/uploads\/sites\/13\/2023\/06\/logo-redimensionado.png\" \/>\n\t<meta property=\"og:image:width\" content=\"1200\" \/>\n\t<meta property=\"og:image:height\" content=\"630\" \/>\n\t<meta property=\"og:image:type\" content=\"image\/png\" \/>\n<meta name=\"author\" content=\"prensa2\" \/>\n<meta name=\"twitter:card\" content=\"summary_large_image\" \/>\n<meta name=\"twitter:creator\" content=\"@CanalULL\" \/>\n<meta name=\"twitter:site\" content=\"@CanalULL\" \/>\n<meta name=\"twitter:label1\" content=\"Escrito por\" \/>\n\t<meta name=\"twitter:data1\" content=\"prensa2\" \/>\n\t<meta name=\"twitter:label2\" content=\"Tiempo de lectura\" \/>\n\t<meta name=\"twitter:data2\" content=\"3 minutos\" \/>\n<script type=\"application\/ld+json\" class=\"yoast-schema-graph\">{\"@context\":\"https:\/\/schema.org\",\"@graph\":[{\"@type\":\"WebPage\",\"@id\":\"https:\/\/www.ull.es\/portal\/noticias\/2009\/la-universidad-de-la-laguna-y-el-festival-de-musica-de-cine-fimucite-2009-colaboran-en-la-creacion-de-unas-jornadas\/\",\"url\":\"https:\/\/www.ull.es\/portal\/noticias\/2009\/la-universidad-de-la-laguna-y-el-festival-de-musica-de-cine-fimucite-2009-colaboran-en-la-creacion-de-unas-jornadas\/\",\"name\":\"La Universidad de La Laguna y el festival de m\u00fasica de cine Fimucit\u00e9 2009 colaboran en la creaci\u00f3n de unas jornadas - ULL - Noticias\",\"isPartOf\":{\"@id\":\"https:\/\/www.ull.es\/portal\/noticias\/#website\"},\"datePublished\":\"2009-07-01T00:00:00+00:00\",\"dateModified\":\"2009-07-01T00:00:00+00:00\",\"author\":{\"@id\":\"https:\/\/www.ull.es\/portal\/noticias\/#\/schema\/person\/c3b2aa857797592927a03740d6664376\"},\"breadcrumb\":{\"@id\":\"https:\/\/www.ull.es\/portal\/noticias\/2009\/la-universidad-de-la-laguna-y-el-festival-de-musica-de-cine-fimucite-2009-colaboran-en-la-creacion-de-unas-jornadas\/#breadcrumb\"},\"inLanguage\":\"es\",\"potentialAction\":[{\"@type\":\"ReadAction\",\"target\":[\"https:\/\/www.ull.es\/portal\/noticias\/2009\/la-universidad-de-la-laguna-y-el-festival-de-musica-de-cine-fimucite-2009-colaboran-en-la-creacion-de-unas-jornadas\/\"]}]},{\"@type\":\"BreadcrumbList\",\"@id\":\"https:\/\/www.ull.es\/portal\/noticias\/2009\/la-universidad-de-la-laguna-y-el-festival-de-musica-de-cine-fimucite-2009-colaboran-en-la-creacion-de-unas-jornadas\/#breadcrumb\",\"itemListElement\":[{\"@type\":\"ListItem\",\"position\":1,\"name\":\"Portada\",\"item\":\"https:\/\/www.ull.es\/portal\/noticias\/\"},{\"@type\":\"ListItem\",\"position\":2,\"name\":\"La Universidad de La Laguna y el festival de m\u00fasica de cine Fimucit\u00e9 2009 colaboran en la creaci\u00f3n de unas jornadas\"}]},{\"@type\":\"WebSite\",\"@id\":\"https:\/\/www.ull.es\/portal\/noticias\/#website\",\"url\":\"https:\/\/www.ull.es\/portal\/noticias\/\",\"name\":\"ULL - Noticias\",\"description\":\"\",\"potentialAction\":[{\"@type\":\"SearchAction\",\"target\":{\"@type\":\"EntryPoint\",\"urlTemplate\":\"https:\/\/www.ull.es\/portal\/noticias\/?s={search_term_string}\"},\"query-input\":\"required name=search_term_string\"}],\"inLanguage\":\"es\"},{\"@type\":\"Person\",\"@id\":\"https:\/\/www.ull.es\/portal\/noticias\/#\/schema\/person\/c3b2aa857797592927a03740d6664376\",\"name\":\"prensa2\",\"image\":{\"@type\":\"ImageObject\",\"inLanguage\":\"es\",\"@id\":\"https:\/\/www.ull.es\/portal\/noticias\/#\/schema\/person\/image\/\",\"url\":\"https:\/\/secure.gravatar.com\/avatar\/b58f310a5de5feb33d1e026d2493f23c?s=96&d=mm&r=g\",\"contentUrl\":\"https:\/\/secure.gravatar.com\/avatar\/b58f310a5de5feb33d1e026d2493f23c?s=96&d=mm&r=g\",\"caption\":\"prensa2\"},\"url\":\"https:\/\/www.ull.es\/portal\/noticias\/author\/prensa2\/\"}]}<\/script>\n<!-- \/ Yoast SEO plugin. -->","yoast_head_json":{"title":"La Universidad de La Laguna y el festival de m\u00fasica de cine Fimucit\u00e9 2009 colaboran en la creaci\u00f3n de unas jornadas - ULL - Noticias","robots":{"index":"index","follow":"follow","max-snippet":"max-snippet:-1","max-image-preview":"max-image-preview:large","max-video-preview":"max-video-preview:-1"},"canonical":"https:\/\/www.ull.es\/portal\/noticias\/2009\/la-universidad-de-la-laguna-y-el-festival-de-musica-de-cine-fimucite-2009-colaboran-en-la-creacion-de-unas-jornadas\/","og_locale":"es_ES","og_type":"article","og_title":"La Universidad de La Laguna y el festival de m\u00fasica de cine Fimucit\u00e9 2009 colaboran en la creaci\u00f3n de unas jornadas - ULL - Noticias","og_description":"Dentro de las actividades que conforman el III Festival de M&uacute;sica de Cine de Tenerife (FIMUCIT&Eacute;), se ha organizado en...","og_url":"https:\/\/www.ull.es\/portal\/noticias\/2009\/la-universidad-de-la-laguna-y-el-festival-de-musica-de-cine-fimucite-2009-colaboran-en-la-creacion-de-unas-jornadas\/","og_site_name":"ULL - Noticias","article_publisher":"https:\/\/www.facebook.com\/universidaddelalaguna\/","article_published_time":"2009-07-01T00:00:00+00:00","og_image":[{"width":1200,"height":630,"url":"https:\/\/www.ull.es\/portal\/noticias\/wp-content\/uploads\/sites\/13\/2023\/06\/logo-redimensionado.png","type":"image\/png"}],"author":"prensa2","twitter_card":"summary_large_image","twitter_creator":"@CanalULL","twitter_site":"@CanalULL","twitter_misc":{"Escrito por":"prensa2","Tiempo de lectura":"3 minutos"},"schema":{"@context":"https:\/\/schema.org","@graph":[{"@type":"WebPage","@id":"https:\/\/www.ull.es\/portal\/noticias\/2009\/la-universidad-de-la-laguna-y-el-festival-de-musica-de-cine-fimucite-2009-colaboran-en-la-creacion-de-unas-jornadas\/","url":"https:\/\/www.ull.es\/portal\/noticias\/2009\/la-universidad-de-la-laguna-y-el-festival-de-musica-de-cine-fimucite-2009-colaboran-en-la-creacion-de-unas-jornadas\/","name":"La Universidad de La Laguna y el festival de m\u00fasica de cine Fimucit\u00e9 2009 colaboran en la creaci\u00f3n de unas jornadas - ULL - Noticias","isPartOf":{"@id":"https:\/\/www.ull.es\/portal\/noticias\/#website"},"datePublished":"2009-07-01T00:00:00+00:00","dateModified":"2009-07-01T00:00:00+00:00","author":{"@id":"https:\/\/www.ull.es\/portal\/noticias\/#\/schema\/person\/c3b2aa857797592927a03740d6664376"},"breadcrumb":{"@id":"https:\/\/www.ull.es\/portal\/noticias\/2009\/la-universidad-de-la-laguna-y-el-festival-de-musica-de-cine-fimucite-2009-colaboran-en-la-creacion-de-unas-jornadas\/#breadcrumb"},"inLanguage":"es","potentialAction":[{"@type":"ReadAction","target":["https:\/\/www.ull.es\/portal\/noticias\/2009\/la-universidad-de-la-laguna-y-el-festival-de-musica-de-cine-fimucite-2009-colaboran-en-la-creacion-de-unas-jornadas\/"]}]},{"@type":"BreadcrumbList","@id":"https:\/\/www.ull.es\/portal\/noticias\/2009\/la-universidad-de-la-laguna-y-el-festival-de-musica-de-cine-fimucite-2009-colaboran-en-la-creacion-de-unas-jornadas\/#breadcrumb","itemListElement":[{"@type":"ListItem","position":1,"name":"Portada","item":"https:\/\/www.ull.es\/portal\/noticias\/"},{"@type":"ListItem","position":2,"name":"La Universidad de La Laguna y el festival de m\u00fasica de cine Fimucit\u00e9 2009 colaboran en la creaci\u00f3n de unas jornadas"}]},{"@type":"WebSite","@id":"https:\/\/www.ull.es\/portal\/noticias\/#website","url":"https:\/\/www.ull.es\/portal\/noticias\/","name":"ULL - Noticias","description":"","potentialAction":[{"@type":"SearchAction","target":{"@type":"EntryPoint","urlTemplate":"https:\/\/www.ull.es\/portal\/noticias\/?s={search_term_string}"},"query-input":"required name=search_term_string"}],"inLanguage":"es"},{"@type":"Person","@id":"https:\/\/www.ull.es\/portal\/noticias\/#\/schema\/person\/c3b2aa857797592927a03740d6664376","name":"prensa2","image":{"@type":"ImageObject","inLanguage":"es","@id":"https:\/\/www.ull.es\/portal\/noticias\/#\/schema\/person\/image\/","url":"https:\/\/secure.gravatar.com\/avatar\/b58f310a5de5feb33d1e026d2493f23c?s=96&d=mm&r=g","contentUrl":"https:\/\/secure.gravatar.com\/avatar\/b58f310a5de5feb33d1e026d2493f23c?s=96&d=mm&r=g","caption":"prensa2"},"url":"https:\/\/www.ull.es\/portal\/noticias\/author\/prensa2\/"}]}},"primary_category":null,"featured_image_thumbnail_url":null,"_links":{"self":[{"href":"https:\/\/www.ull.es\/portal\/noticias\/wp-json\/wp\/v2\/posts\/15261"}],"collection":[{"href":"https:\/\/www.ull.es\/portal\/noticias\/wp-json\/wp\/v2\/posts"}],"about":[{"href":"https:\/\/www.ull.es\/portal\/noticias\/wp-json\/wp\/v2\/types\/post"}],"author":[{"embeddable":true,"href":"https:\/\/www.ull.es\/portal\/noticias\/wp-json\/wp\/v2\/users\/21"}],"replies":[{"embeddable":true,"href":"https:\/\/www.ull.es\/portal\/noticias\/wp-json\/wp\/v2\/comments?post=15261"}],"version-history":[{"count":0,"href":"https:\/\/www.ull.es\/portal\/noticias\/wp-json\/wp\/v2\/posts\/15261\/revisions"}],"wp:attachment":[{"href":"https:\/\/www.ull.es\/portal\/noticias\/wp-json\/wp\/v2\/media?parent=15261"}],"wp:term":[{"taxonomy":"category","embeddable":true,"href":"https:\/\/www.ull.es\/portal\/noticias\/wp-json\/wp\/v2\/categories?post=15261"},{"taxonomy":"post_tag","embeddable":true,"href":"https:\/\/www.ull.es\/portal\/noticias\/wp-json\/wp\/v2\/tags?post=15261"}],"curies":[{"name":"wp","href":"https:\/\/api.w.org\/{rel}","templated":true}]}}