{"id":15285,"date":"2009-11-19T00:00:00","date_gmt":"2009-11-19T00:00:00","guid":{"rendered":"http:\/\/ddigital.webs.ull.es\/josema-yuste-y-felix-alvarez-felisuco-estrenan-en-el-paraninfo-de-la-ull-su-nuevo-espectaculo\/"},"modified":"2009-11-19T00:00:00","modified_gmt":"2009-11-19T00:00:00","slug":"josema-yuste-y-felix-alvarez-felisuco-estrenan-en-el-paraninfo-de-la-ull-su-nuevo-espectaculo","status":"publish","type":"post","link":"https:\/\/www.ull.es\/portal\/noticias\/2009\/josema-yuste-y-felix-alvarez-felisuco-estrenan-en-el-paraninfo-de-la-ull-su-nuevo-espectaculo\/","title":{"rendered":"Josema Yuste y F\u00e9lix \u00c1lvarez &#8216;Felisuco&#8217; estrenan en el Paraninfo de la ULL su nuevo espect\u00e1culo"},"content":{"rendered":"<p>El Paraninfo de la Universidad de La Laguna acoger&aacute; hoy, jueves 19, y ma&ntilde;ana, viernes 20 de noviembre, a partir de las 20:30 horas, el espect&aacute;culo De ligues y de crisis, protagonizado por Josema Yuste y F&eacute;lix &Aacute;lvarez, &#8216;Felisuco&#8217;. Aunque la pareja lleva mas de un a&ntilde;o de gira por Espa&ntilde;a con otra obra de teatro, para su llegada a Tenerife han preparado una velada basada en mon&oacute;logos que ser&aacute; estreno absoluto, por lo que sus responsables aseguraron estar con &ldquo;la adrenalina a tope&rdquo; y sentirse a punto de dar &ldquo;un triple salto mortal&rdquo;.<\/p>\n<p>El espect&aacute;culo ser&aacute; de acceso libre y gratuito, aunque para poder controlar el aforo, ser&aacute; necesario retirar unas invitaciones a partir de las 19 horas en la entrada del Paraninfo los d&iacute;as de actuaci&oacute;n. Esta funci&oacute;n forma parte del amplio programa de actos que desde el 12 de noviembre, y hasta el 19 de diciembre, celebra la reapertura de la principal infraestructura cultural universitaria, y que puede consultarse en la web <a href=\"http:\/\/www.ull.es\/paraninfo\" target=\"_blank\" target=\"_blank\" rel=\"noopener\">www.ull.es\/paraninfo<\/a>.<\/p>\n<p> F&eacute;lix &Aacute;lvarez revel&oacute; que su mon&oacute;logo abordar&aacute; las relaciones entre hombres y mujeres, y c&oacute;mo se mienten mutuamente, mientras que Josema Yuste realizar&aacute; una reflexi&oacute;n sobre sociedad de consumo. Los humoristas consideran que este nuevo espect&aacute;culo es &ldquo;m&aacute;s intimista&rdquo; que su otra obra, en la que hay escenograf&iacute;a y vestuario, pero lo consideran muy adecuado para el p&uacute;blico universitario. En todo caso, quisieron recalcar que a pesar de la tem&aacute;tica y la sencillez escenogr&aacute;fica, se trata de una velada divertida con la que pretenden lograr, por encima de todo, que los espectadores r&iacute;an.<\/p>\n<p> En opini&oacute;n de &Aacute;lvarez, el p&uacute;blico es especialmente receptivo en &eacute;pocas de crisis, ya sea para llorar o re&iacute;r, por lo que cree que el teatro c&oacute;mico suele tener un predicamento especial durante momentos tan dif&iacute;ciles como los actuales. Yuste coincidi&oacute; en el diagn&oacute;stico, calificando su labor como la de terapeutas que dan &ldquo;pildoritas de risa&rdquo;.<\/p>\n<p> Preguntados sobre el g&eacute;nero del mon&oacute;logo, ambos coincidieron en se&ntilde;alar que ya se ha convertido en un est&aacute;ndar del teatro c&oacute;mico, si bien la explosi&oacute;n que vivi&oacute; hace unos a&ntilde;os ha empezado a remitir &ldquo;desde que ha dejado de salir en la televisi&oacute;n, como todo&rdquo;. <\/p>\n<p> &nbsp;Para &Aacute;lvarez, el &eacute;xito de este tipo de comedia reside es su inmediatez, puesto que suele abordar problemas muy actuales, y ello provoca que la identificaci&oacute;n del p&uacute;blico con el texto sea inmediata Aunque sus or&iacute;genes est&aacute;n en Estados Unidos, donde se lo conoce como &ldquo;stand up comedy&rdquo;, la pareja de actores se&ntilde;al&oacute; referentes importantes del g&eacute;nero en Espa&ntilde;a, como Pepe Da Rosa o, sobre todo, Miguel Gila.<\/p>\n","protected":false},"excerpt":{"rendered":"<p>El Paraninfo de la Universidad de La Laguna acoger&aacute; hoy, jueves 19, y ma&ntilde;ana, viernes 20 de noviembre, a partir&#8230;<\/p>\n","protected":false},"author":21,"featured_media":0,"comment_status":"open","ping_status":"open","sticky":false,"template":"","format":"standard","meta":{"inline_featured_image":false,"footnotes":""},"categories":[344,1],"tags":[],"acf":[],"yoast_head":"<!-- This site is optimized with the Yoast SEO plugin v21.3 - https:\/\/yoast.com\/wordpress\/plugins\/seo\/ -->\n<title>Josema Yuste y F\u00e9lix \u00c1lvarez &#039;Felisuco&#039; estrenan en el Paraninfo de la ULL su nuevo espect\u00e1culo - ULL - Noticias<\/title>\n<meta name=\"robots\" content=\"index, follow, max-snippet:-1, max-image-preview:large, max-video-preview:-1\" \/>\n<link rel=\"canonical\" href=\"https:\/\/www.ull.es\/portal\/noticias\/2009\/josema-yuste-y-felix-alvarez-felisuco-estrenan-en-el-paraninfo-de-la-ull-su-nuevo-espectaculo\/\" \/>\n<meta property=\"og:locale\" content=\"es_ES\" \/>\n<meta property=\"og:type\" content=\"article\" \/>\n<meta property=\"og:title\" content=\"Josema Yuste y F\u00e9lix \u00c1lvarez &#039;Felisuco&#039; estrenan en el Paraninfo de la ULL su nuevo espect\u00e1culo - ULL - Noticias\" \/>\n<meta property=\"og:description\" content=\"El Paraninfo de la Universidad de La Laguna acoger&aacute; hoy, jueves 19, y ma&ntilde;ana, viernes 20 de noviembre, a partir...\" \/>\n<meta property=\"og:url\" content=\"https:\/\/www.ull.es\/portal\/noticias\/2009\/josema-yuste-y-felix-alvarez-felisuco-estrenan-en-el-paraninfo-de-la-ull-su-nuevo-espectaculo\/\" \/>\n<meta property=\"og:site_name\" content=\"ULL - Noticias\" \/>\n<meta property=\"article:publisher\" content=\"https:\/\/www.facebook.com\/universidaddelalaguna\/\" \/>\n<meta property=\"article:published_time\" content=\"2009-11-19T00:00:00+00:00\" \/>\n<meta property=\"og:image\" content=\"https:\/\/www.ull.es\/portal\/noticias\/wp-content\/uploads\/sites\/13\/2023\/06\/logo-redimensionado.png\" \/>\n\t<meta property=\"og:image:width\" content=\"1200\" \/>\n\t<meta property=\"og:image:height\" content=\"630\" \/>\n\t<meta property=\"og:image:type\" content=\"image\/png\" \/>\n<meta name=\"author\" content=\"prensa2\" \/>\n<meta name=\"twitter:card\" content=\"summary_large_image\" \/>\n<meta name=\"twitter:creator\" content=\"@CanalULL\" \/>\n<meta name=\"twitter:site\" content=\"@CanalULL\" \/>\n<meta name=\"twitter:label1\" content=\"Escrito por\" \/>\n\t<meta name=\"twitter:data1\" content=\"prensa2\" \/>\n\t<meta name=\"twitter:label2\" content=\"Tiempo de lectura\" \/>\n\t<meta name=\"twitter:data2\" content=\"3 minutos\" \/>\n<script type=\"application\/ld+json\" class=\"yoast-schema-graph\">{\"@context\":\"https:\/\/schema.org\",\"@graph\":[{\"@type\":\"WebPage\",\"@id\":\"https:\/\/www.ull.es\/portal\/noticias\/2009\/josema-yuste-y-felix-alvarez-felisuco-estrenan-en-el-paraninfo-de-la-ull-su-nuevo-espectaculo\/\",\"url\":\"https:\/\/www.ull.es\/portal\/noticias\/2009\/josema-yuste-y-felix-alvarez-felisuco-estrenan-en-el-paraninfo-de-la-ull-su-nuevo-espectaculo\/\",\"name\":\"Josema Yuste y F\u00e9lix \u00c1lvarez 'Felisuco' estrenan en el Paraninfo de la ULL su nuevo espect\u00e1culo - ULL - Noticias\",\"isPartOf\":{\"@id\":\"https:\/\/www.ull.es\/portal\/noticias\/#website\"},\"datePublished\":\"2009-11-19T00:00:00+00:00\",\"dateModified\":\"2009-11-19T00:00:00+00:00\",\"author\":{\"@id\":\"https:\/\/www.ull.es\/portal\/noticias\/#\/schema\/person\/c3b2aa857797592927a03740d6664376\"},\"breadcrumb\":{\"@id\":\"https:\/\/www.ull.es\/portal\/noticias\/2009\/josema-yuste-y-felix-alvarez-felisuco-estrenan-en-el-paraninfo-de-la-ull-su-nuevo-espectaculo\/#breadcrumb\"},\"inLanguage\":\"es\",\"potentialAction\":[{\"@type\":\"ReadAction\",\"target\":[\"https:\/\/www.ull.es\/portal\/noticias\/2009\/josema-yuste-y-felix-alvarez-felisuco-estrenan-en-el-paraninfo-de-la-ull-su-nuevo-espectaculo\/\"]}]},{\"@type\":\"BreadcrumbList\",\"@id\":\"https:\/\/www.ull.es\/portal\/noticias\/2009\/josema-yuste-y-felix-alvarez-felisuco-estrenan-en-el-paraninfo-de-la-ull-su-nuevo-espectaculo\/#breadcrumb\",\"itemListElement\":[{\"@type\":\"ListItem\",\"position\":1,\"name\":\"Portada\",\"item\":\"https:\/\/www.ull.es\/portal\/noticias\/\"},{\"@type\":\"ListItem\",\"position\":2,\"name\":\"Josema Yuste y F\u00e9lix \u00c1lvarez &#8216;Felisuco&#8217; estrenan en el Paraninfo de la ULL su nuevo espect\u00e1culo\"}]},{\"@type\":\"WebSite\",\"@id\":\"https:\/\/www.ull.es\/portal\/noticias\/#website\",\"url\":\"https:\/\/www.ull.es\/portal\/noticias\/\",\"name\":\"ULL - Noticias\",\"description\":\"\",\"potentialAction\":[{\"@type\":\"SearchAction\",\"target\":{\"@type\":\"EntryPoint\",\"urlTemplate\":\"https:\/\/www.ull.es\/portal\/noticias\/?s={search_term_string}\"},\"query-input\":\"required name=search_term_string\"}],\"inLanguage\":\"es\"},{\"@type\":\"Person\",\"@id\":\"https:\/\/www.ull.es\/portal\/noticias\/#\/schema\/person\/c3b2aa857797592927a03740d6664376\",\"name\":\"prensa2\",\"image\":{\"@type\":\"ImageObject\",\"inLanguage\":\"es\",\"@id\":\"https:\/\/www.ull.es\/portal\/noticias\/#\/schema\/person\/image\/\",\"url\":\"https:\/\/secure.gravatar.com\/avatar\/b58f310a5de5feb33d1e026d2493f23c?s=96&d=mm&r=g\",\"contentUrl\":\"https:\/\/secure.gravatar.com\/avatar\/b58f310a5de5feb33d1e026d2493f23c?s=96&d=mm&r=g\",\"caption\":\"prensa2\"},\"url\":\"https:\/\/www.ull.es\/portal\/noticias\/author\/prensa2\/\"}]}<\/script>\n<!-- \/ Yoast SEO plugin. -->","yoast_head_json":{"title":"Josema Yuste y F\u00e9lix \u00c1lvarez 'Felisuco' estrenan en el Paraninfo de la ULL su nuevo espect\u00e1culo - ULL - Noticias","robots":{"index":"index","follow":"follow","max-snippet":"max-snippet:-1","max-image-preview":"max-image-preview:large","max-video-preview":"max-video-preview:-1"},"canonical":"https:\/\/www.ull.es\/portal\/noticias\/2009\/josema-yuste-y-felix-alvarez-felisuco-estrenan-en-el-paraninfo-de-la-ull-su-nuevo-espectaculo\/","og_locale":"es_ES","og_type":"article","og_title":"Josema Yuste y F\u00e9lix \u00c1lvarez 'Felisuco' estrenan en el Paraninfo de la ULL su nuevo espect\u00e1culo - ULL - Noticias","og_description":"El Paraninfo de la Universidad de La Laguna acoger&aacute; hoy, jueves 19, y ma&ntilde;ana, viernes 20 de noviembre, a partir...","og_url":"https:\/\/www.ull.es\/portal\/noticias\/2009\/josema-yuste-y-felix-alvarez-felisuco-estrenan-en-el-paraninfo-de-la-ull-su-nuevo-espectaculo\/","og_site_name":"ULL - Noticias","article_publisher":"https:\/\/www.facebook.com\/universidaddelalaguna\/","article_published_time":"2009-11-19T00:00:00+00:00","og_image":[{"width":1200,"height":630,"url":"https:\/\/www.ull.es\/portal\/noticias\/wp-content\/uploads\/sites\/13\/2023\/06\/logo-redimensionado.png","type":"image\/png"}],"author":"prensa2","twitter_card":"summary_large_image","twitter_creator":"@CanalULL","twitter_site":"@CanalULL","twitter_misc":{"Escrito por":"prensa2","Tiempo de lectura":"3 minutos"},"schema":{"@context":"https:\/\/schema.org","@graph":[{"@type":"WebPage","@id":"https:\/\/www.ull.es\/portal\/noticias\/2009\/josema-yuste-y-felix-alvarez-felisuco-estrenan-en-el-paraninfo-de-la-ull-su-nuevo-espectaculo\/","url":"https:\/\/www.ull.es\/portal\/noticias\/2009\/josema-yuste-y-felix-alvarez-felisuco-estrenan-en-el-paraninfo-de-la-ull-su-nuevo-espectaculo\/","name":"Josema Yuste y F\u00e9lix \u00c1lvarez 'Felisuco' estrenan en el Paraninfo de la ULL su nuevo espect\u00e1culo - ULL - Noticias","isPartOf":{"@id":"https:\/\/www.ull.es\/portal\/noticias\/#website"},"datePublished":"2009-11-19T00:00:00+00:00","dateModified":"2009-11-19T00:00:00+00:00","author":{"@id":"https:\/\/www.ull.es\/portal\/noticias\/#\/schema\/person\/c3b2aa857797592927a03740d6664376"},"breadcrumb":{"@id":"https:\/\/www.ull.es\/portal\/noticias\/2009\/josema-yuste-y-felix-alvarez-felisuco-estrenan-en-el-paraninfo-de-la-ull-su-nuevo-espectaculo\/#breadcrumb"},"inLanguage":"es","potentialAction":[{"@type":"ReadAction","target":["https:\/\/www.ull.es\/portal\/noticias\/2009\/josema-yuste-y-felix-alvarez-felisuco-estrenan-en-el-paraninfo-de-la-ull-su-nuevo-espectaculo\/"]}]},{"@type":"BreadcrumbList","@id":"https:\/\/www.ull.es\/portal\/noticias\/2009\/josema-yuste-y-felix-alvarez-felisuco-estrenan-en-el-paraninfo-de-la-ull-su-nuevo-espectaculo\/#breadcrumb","itemListElement":[{"@type":"ListItem","position":1,"name":"Portada","item":"https:\/\/www.ull.es\/portal\/noticias\/"},{"@type":"ListItem","position":2,"name":"Josema Yuste y F\u00e9lix \u00c1lvarez &#8216;Felisuco&#8217; estrenan en el Paraninfo de la ULL su nuevo espect\u00e1culo"}]},{"@type":"WebSite","@id":"https:\/\/www.ull.es\/portal\/noticias\/#website","url":"https:\/\/www.ull.es\/portal\/noticias\/","name":"ULL - Noticias","description":"","potentialAction":[{"@type":"SearchAction","target":{"@type":"EntryPoint","urlTemplate":"https:\/\/www.ull.es\/portal\/noticias\/?s={search_term_string}"},"query-input":"required name=search_term_string"}],"inLanguage":"es"},{"@type":"Person","@id":"https:\/\/www.ull.es\/portal\/noticias\/#\/schema\/person\/c3b2aa857797592927a03740d6664376","name":"prensa2","image":{"@type":"ImageObject","inLanguage":"es","@id":"https:\/\/www.ull.es\/portal\/noticias\/#\/schema\/person\/image\/","url":"https:\/\/secure.gravatar.com\/avatar\/b58f310a5de5feb33d1e026d2493f23c?s=96&d=mm&r=g","contentUrl":"https:\/\/secure.gravatar.com\/avatar\/b58f310a5de5feb33d1e026d2493f23c?s=96&d=mm&r=g","caption":"prensa2"},"url":"https:\/\/www.ull.es\/portal\/noticias\/author\/prensa2\/"}]}},"primary_category":null,"featured_image_thumbnail_url":null,"_links":{"self":[{"href":"https:\/\/www.ull.es\/portal\/noticias\/wp-json\/wp\/v2\/posts\/15285"}],"collection":[{"href":"https:\/\/www.ull.es\/portal\/noticias\/wp-json\/wp\/v2\/posts"}],"about":[{"href":"https:\/\/www.ull.es\/portal\/noticias\/wp-json\/wp\/v2\/types\/post"}],"author":[{"embeddable":true,"href":"https:\/\/www.ull.es\/portal\/noticias\/wp-json\/wp\/v2\/users\/21"}],"replies":[{"embeddable":true,"href":"https:\/\/www.ull.es\/portal\/noticias\/wp-json\/wp\/v2\/comments?post=15285"}],"version-history":[{"count":0,"href":"https:\/\/www.ull.es\/portal\/noticias\/wp-json\/wp\/v2\/posts\/15285\/revisions"}],"wp:attachment":[{"href":"https:\/\/www.ull.es\/portal\/noticias\/wp-json\/wp\/v2\/media?parent=15285"}],"wp:term":[{"taxonomy":"category","embeddable":true,"href":"https:\/\/www.ull.es\/portal\/noticias\/wp-json\/wp\/v2\/categories?post=15285"},{"taxonomy":"post_tag","embeddable":true,"href":"https:\/\/www.ull.es\/portal\/noticias\/wp-json\/wp\/v2\/tags?post=15285"}],"curies":[{"name":"wp","href":"https:\/\/api.w.org\/{rel}","templated":true}]}}