{"id":15307,"date":"2009-12-16T00:00:00","date_gmt":"2009-12-16T00:00:00","guid":{"rendered":"http:\/\/ddigital.webs.ull.es\/la-i-maestria-en-museologia-y-gestion-cultural-de-la-ull-organiza-la-exposicion-rojo-como-un-tomate\/"},"modified":"2009-12-16T00:00:00","modified_gmt":"2009-12-16T00:00:00","slug":"la-i-maestria-en-museologia-y-gestion-cultural-de-la-ull-organiza-la-exposicion-rojo-como-un-tomate","status":"publish","type":"post","link":"https:\/\/www.ull.es\/portal\/noticias\/2009\/la-i-maestria-en-museologia-y-gestion-cultural-de-la-ull-organiza-la-exposicion-rojo-como-un-tomate\/","title":{"rendered":"La I Maestr\u00eda en Museolog\u00eda y Gesti\u00f3n Cultural de la ULL organiza la exposici\u00f3n \u201cRojo como un tomate\u201d"},"content":{"rendered":"<p>La I Maestr&iacute;a en Museolog&iacute;a y Gesti&oacute;n Cultural de la Universidad de La Laguna ha organizado la exposici&oacute;n &ldquo;Rojo como un tomate. El color de la verg&uuml;enza&rdquo;, que se inaugurar&aacute; el pr&oacute;ximo 17 de diciembre en el Museo de Historia y Antropolog&iacute;a de Tenerife (Casa Lercaro), y permanecer&aacute; abierta hasta el 21 de febrero de 2010.<\/p>\n<p>Esta muestra supone un espacio de reflexi&oacute;n y experiencia acerca del concepto de la verg&uuml;enza. Como se&ntilde;alan los organizadores, todo tiempo y comunidad establece un marco de lo que debe avergonzar y lo que no, de lo que est&aacute; permitido y lo que no, de lo que se acepta socialmente y lo que no. No obstante, todo tiempo y comunidad tiende a superar la rigidez de tales marcos, abriendo el camino a una reelaboraci&oacute;n de sus conceptos preceptivos.<\/p>\n<p>La exposici&oacute;n supone uno de los requisitos formativos de esta maestr&iacute;a, titulaci&oacute;n que arranc&oacute; en octubre de 2008, organizado entre la ULL y el Organismo Aut&oacute;nomo de Museos y Centros del Cabildo Insular de Tenerife, y que se ha impartido en el Museo de Historia y Antropolog&iacute;a de Tenerife con el objetivo de proporcionar formaci&oacute;n acad&eacute;mica superior a quienes se orienten profesionalmente hacia la museolog&iacute;a, la planificaci&oacute;n y gesti&oacute;n de los recursos culturales.<\/p>\n<p>Su alumnado lo compone un plantel de profesionales diversos, que va desde personal propio del Organismo Aut&oacute;nomo de Museos y Centros del Cabildo Insular de Tenerife, a licenciados en Bellas Artes, Antropolog&iacute;a, Historia, o Historia del Arte.<\/p>\n<p>Los museos y la gesti&oacute;n cultural en general conforman uno de los principales indicadores de modernidad del presente. El n&uacute;mero de museos e instituciones y entidades orientadas al consumo cultural ha crecido notablemente en las &uacute;ltimas d&eacute;cadas, al ser indicadores del desarrollo sociocultural de las comunidades y recursos tur&iacute;sticos de primer orden. En ese contexto, la I Maestr&iacute;a en Museolog&iacute;a y Gesti&oacute;n Cultural de la ULL intenta, mediante la formaci&oacute;n de profesionales, situar a Tenerife en l&iacute;nea con las tendencias de las pol&iacute;ticas culturales del mundo.<\/p>\n","protected":false},"excerpt":{"rendered":"<p>La I Maestr&iacute;a en Museolog&iacute;a y Gesti&oacute;n Cultural de la Universidad de La Laguna ha organizado la exposici&oacute;n &ldquo;Rojo como&#8230;<\/p>\n","protected":false},"author":21,"featured_media":0,"comment_status":"open","ping_status":"open","sticky":false,"template":"","format":"standard","meta":{"inline_featured_image":false,"footnotes":""},"categories":[344,1],"tags":[],"acf":[],"yoast_head":"<!-- This site is optimized with the Yoast SEO plugin v21.3 - https:\/\/yoast.com\/wordpress\/plugins\/seo\/ -->\n<title>La I Maestr\u00eda en Museolog\u00eda y Gesti\u00f3n Cultural de la ULL organiza la exposici\u00f3n \u201cRojo como un tomate\u201d - ULL - Noticias<\/title>\n<meta name=\"robots\" content=\"index, follow, max-snippet:-1, max-image-preview:large, max-video-preview:-1\" \/>\n<link rel=\"canonical\" href=\"https:\/\/www.ull.es\/portal\/noticias\/2009\/la-i-maestria-en-museologia-y-gestion-cultural-de-la-ull-organiza-la-exposicion-rojo-como-un-tomate\/\" \/>\n<meta property=\"og:locale\" content=\"es_ES\" \/>\n<meta property=\"og:type\" content=\"article\" \/>\n<meta property=\"og:title\" content=\"La I Maestr\u00eda en Museolog\u00eda y Gesti\u00f3n Cultural de la ULL organiza la exposici\u00f3n \u201cRojo como un tomate\u201d - ULL - Noticias\" \/>\n<meta property=\"og:description\" content=\"La I Maestr&iacute;a en Museolog&iacute;a y Gesti&oacute;n Cultural de la Universidad de La Laguna ha organizado la exposici&oacute;n &ldquo;Rojo como...\" \/>\n<meta property=\"og:url\" content=\"https:\/\/www.ull.es\/portal\/noticias\/2009\/la-i-maestria-en-museologia-y-gestion-cultural-de-la-ull-organiza-la-exposicion-rojo-como-un-tomate\/\" \/>\n<meta property=\"og:site_name\" content=\"ULL - Noticias\" \/>\n<meta property=\"article:publisher\" content=\"https:\/\/www.facebook.com\/universidaddelalaguna\/\" \/>\n<meta property=\"article:published_time\" content=\"2009-12-16T00:00:00+00:00\" \/>\n<meta property=\"og:image\" content=\"https:\/\/www.ull.es\/portal\/noticias\/wp-content\/uploads\/sites\/13\/2023\/06\/logo-redimensionado.png\" \/>\n\t<meta property=\"og:image:width\" content=\"1200\" \/>\n\t<meta property=\"og:image:height\" content=\"630\" \/>\n\t<meta property=\"og:image:type\" content=\"image\/png\" \/>\n<meta name=\"author\" content=\"prensa2\" \/>\n<meta name=\"twitter:card\" content=\"summary_large_image\" \/>\n<meta name=\"twitter:creator\" content=\"@CanalULL\" \/>\n<meta name=\"twitter:site\" content=\"@CanalULL\" \/>\n<meta name=\"twitter:label1\" content=\"Escrito por\" \/>\n\t<meta name=\"twitter:data1\" content=\"prensa2\" \/>\n\t<meta name=\"twitter:label2\" content=\"Tiempo de lectura\" \/>\n\t<meta name=\"twitter:data2\" content=\"2 minutos\" \/>\n<script type=\"application\/ld+json\" class=\"yoast-schema-graph\">{\"@context\":\"https:\/\/schema.org\",\"@graph\":[{\"@type\":\"WebPage\",\"@id\":\"https:\/\/www.ull.es\/portal\/noticias\/2009\/la-i-maestria-en-museologia-y-gestion-cultural-de-la-ull-organiza-la-exposicion-rojo-como-un-tomate\/\",\"url\":\"https:\/\/www.ull.es\/portal\/noticias\/2009\/la-i-maestria-en-museologia-y-gestion-cultural-de-la-ull-organiza-la-exposicion-rojo-como-un-tomate\/\",\"name\":\"La I Maestr\u00eda en Museolog\u00eda y Gesti\u00f3n Cultural de la ULL organiza la exposici\u00f3n \u201cRojo como un tomate\u201d - ULL - Noticias\",\"isPartOf\":{\"@id\":\"https:\/\/www.ull.es\/portal\/noticias\/#website\"},\"datePublished\":\"2009-12-16T00:00:00+00:00\",\"dateModified\":\"2009-12-16T00:00:00+00:00\",\"author\":{\"@id\":\"https:\/\/www.ull.es\/portal\/noticias\/#\/schema\/person\/c3b2aa857797592927a03740d6664376\"},\"breadcrumb\":{\"@id\":\"https:\/\/www.ull.es\/portal\/noticias\/2009\/la-i-maestria-en-museologia-y-gestion-cultural-de-la-ull-organiza-la-exposicion-rojo-como-un-tomate\/#breadcrumb\"},\"inLanguage\":\"es\",\"potentialAction\":[{\"@type\":\"ReadAction\",\"target\":[\"https:\/\/www.ull.es\/portal\/noticias\/2009\/la-i-maestria-en-museologia-y-gestion-cultural-de-la-ull-organiza-la-exposicion-rojo-como-un-tomate\/\"]}]},{\"@type\":\"BreadcrumbList\",\"@id\":\"https:\/\/www.ull.es\/portal\/noticias\/2009\/la-i-maestria-en-museologia-y-gestion-cultural-de-la-ull-organiza-la-exposicion-rojo-como-un-tomate\/#breadcrumb\",\"itemListElement\":[{\"@type\":\"ListItem\",\"position\":1,\"name\":\"Portada\",\"item\":\"https:\/\/www.ull.es\/portal\/noticias\/\"},{\"@type\":\"ListItem\",\"position\":2,\"name\":\"La I Maestr\u00eda en Museolog\u00eda y Gesti\u00f3n Cultural de la ULL organiza la exposici\u00f3n \u201cRojo como un tomate\u201d\"}]},{\"@type\":\"WebSite\",\"@id\":\"https:\/\/www.ull.es\/portal\/noticias\/#website\",\"url\":\"https:\/\/www.ull.es\/portal\/noticias\/\",\"name\":\"ULL - Noticias\",\"description\":\"\",\"potentialAction\":[{\"@type\":\"SearchAction\",\"target\":{\"@type\":\"EntryPoint\",\"urlTemplate\":\"https:\/\/www.ull.es\/portal\/noticias\/?s={search_term_string}\"},\"query-input\":\"required name=search_term_string\"}],\"inLanguage\":\"es\"},{\"@type\":\"Person\",\"@id\":\"https:\/\/www.ull.es\/portal\/noticias\/#\/schema\/person\/c3b2aa857797592927a03740d6664376\",\"name\":\"prensa2\",\"image\":{\"@type\":\"ImageObject\",\"inLanguage\":\"es\",\"@id\":\"https:\/\/www.ull.es\/portal\/noticias\/#\/schema\/person\/image\/\",\"url\":\"https:\/\/secure.gravatar.com\/avatar\/b58f310a5de5feb33d1e026d2493f23c?s=96&d=mm&r=g\",\"contentUrl\":\"https:\/\/secure.gravatar.com\/avatar\/b58f310a5de5feb33d1e026d2493f23c?s=96&d=mm&r=g\",\"caption\":\"prensa2\"},\"url\":\"https:\/\/www.ull.es\/portal\/noticias\/author\/prensa2\/\"}]}<\/script>\n<!-- \/ Yoast SEO plugin. -->","yoast_head_json":{"title":"La I Maestr\u00eda en Museolog\u00eda y Gesti\u00f3n Cultural de la ULL organiza la exposici\u00f3n \u201cRojo como un tomate\u201d - ULL - Noticias","robots":{"index":"index","follow":"follow","max-snippet":"max-snippet:-1","max-image-preview":"max-image-preview:large","max-video-preview":"max-video-preview:-1"},"canonical":"https:\/\/www.ull.es\/portal\/noticias\/2009\/la-i-maestria-en-museologia-y-gestion-cultural-de-la-ull-organiza-la-exposicion-rojo-como-un-tomate\/","og_locale":"es_ES","og_type":"article","og_title":"La I Maestr\u00eda en Museolog\u00eda y Gesti\u00f3n Cultural de la ULL organiza la exposici\u00f3n \u201cRojo como un tomate\u201d - ULL - Noticias","og_description":"La I Maestr&iacute;a en Museolog&iacute;a y Gesti&oacute;n Cultural de la Universidad de La Laguna ha organizado la exposici&oacute;n &ldquo;Rojo como...","og_url":"https:\/\/www.ull.es\/portal\/noticias\/2009\/la-i-maestria-en-museologia-y-gestion-cultural-de-la-ull-organiza-la-exposicion-rojo-como-un-tomate\/","og_site_name":"ULL - Noticias","article_publisher":"https:\/\/www.facebook.com\/universidaddelalaguna\/","article_published_time":"2009-12-16T00:00:00+00:00","og_image":[{"width":1200,"height":630,"url":"https:\/\/www.ull.es\/portal\/noticias\/wp-content\/uploads\/sites\/13\/2023\/06\/logo-redimensionado.png","type":"image\/png"}],"author":"prensa2","twitter_card":"summary_large_image","twitter_creator":"@CanalULL","twitter_site":"@CanalULL","twitter_misc":{"Escrito por":"prensa2","Tiempo de lectura":"2 minutos"},"schema":{"@context":"https:\/\/schema.org","@graph":[{"@type":"WebPage","@id":"https:\/\/www.ull.es\/portal\/noticias\/2009\/la-i-maestria-en-museologia-y-gestion-cultural-de-la-ull-organiza-la-exposicion-rojo-como-un-tomate\/","url":"https:\/\/www.ull.es\/portal\/noticias\/2009\/la-i-maestria-en-museologia-y-gestion-cultural-de-la-ull-organiza-la-exposicion-rojo-como-un-tomate\/","name":"La I Maestr\u00eda en Museolog\u00eda y Gesti\u00f3n Cultural de la ULL organiza la exposici\u00f3n \u201cRojo como un tomate\u201d - ULL - Noticias","isPartOf":{"@id":"https:\/\/www.ull.es\/portal\/noticias\/#website"},"datePublished":"2009-12-16T00:00:00+00:00","dateModified":"2009-12-16T00:00:00+00:00","author":{"@id":"https:\/\/www.ull.es\/portal\/noticias\/#\/schema\/person\/c3b2aa857797592927a03740d6664376"},"breadcrumb":{"@id":"https:\/\/www.ull.es\/portal\/noticias\/2009\/la-i-maestria-en-museologia-y-gestion-cultural-de-la-ull-organiza-la-exposicion-rojo-como-un-tomate\/#breadcrumb"},"inLanguage":"es","potentialAction":[{"@type":"ReadAction","target":["https:\/\/www.ull.es\/portal\/noticias\/2009\/la-i-maestria-en-museologia-y-gestion-cultural-de-la-ull-organiza-la-exposicion-rojo-como-un-tomate\/"]}]},{"@type":"BreadcrumbList","@id":"https:\/\/www.ull.es\/portal\/noticias\/2009\/la-i-maestria-en-museologia-y-gestion-cultural-de-la-ull-organiza-la-exposicion-rojo-como-un-tomate\/#breadcrumb","itemListElement":[{"@type":"ListItem","position":1,"name":"Portada","item":"https:\/\/www.ull.es\/portal\/noticias\/"},{"@type":"ListItem","position":2,"name":"La I Maestr\u00eda en Museolog\u00eda y Gesti\u00f3n Cultural de la ULL organiza la exposici\u00f3n \u201cRojo como un tomate\u201d"}]},{"@type":"WebSite","@id":"https:\/\/www.ull.es\/portal\/noticias\/#website","url":"https:\/\/www.ull.es\/portal\/noticias\/","name":"ULL - Noticias","description":"","potentialAction":[{"@type":"SearchAction","target":{"@type":"EntryPoint","urlTemplate":"https:\/\/www.ull.es\/portal\/noticias\/?s={search_term_string}"},"query-input":"required name=search_term_string"}],"inLanguage":"es"},{"@type":"Person","@id":"https:\/\/www.ull.es\/portal\/noticias\/#\/schema\/person\/c3b2aa857797592927a03740d6664376","name":"prensa2","image":{"@type":"ImageObject","inLanguage":"es","@id":"https:\/\/www.ull.es\/portal\/noticias\/#\/schema\/person\/image\/","url":"https:\/\/secure.gravatar.com\/avatar\/b58f310a5de5feb33d1e026d2493f23c?s=96&d=mm&r=g","contentUrl":"https:\/\/secure.gravatar.com\/avatar\/b58f310a5de5feb33d1e026d2493f23c?s=96&d=mm&r=g","caption":"prensa2"},"url":"https:\/\/www.ull.es\/portal\/noticias\/author\/prensa2\/"}]}},"primary_category":null,"featured_image_thumbnail_url":null,"_links":{"self":[{"href":"https:\/\/www.ull.es\/portal\/noticias\/wp-json\/wp\/v2\/posts\/15307"}],"collection":[{"href":"https:\/\/www.ull.es\/portal\/noticias\/wp-json\/wp\/v2\/posts"}],"about":[{"href":"https:\/\/www.ull.es\/portal\/noticias\/wp-json\/wp\/v2\/types\/post"}],"author":[{"embeddable":true,"href":"https:\/\/www.ull.es\/portal\/noticias\/wp-json\/wp\/v2\/users\/21"}],"replies":[{"embeddable":true,"href":"https:\/\/www.ull.es\/portal\/noticias\/wp-json\/wp\/v2\/comments?post=15307"}],"version-history":[{"count":0,"href":"https:\/\/www.ull.es\/portal\/noticias\/wp-json\/wp\/v2\/posts\/15307\/revisions"}],"wp:attachment":[{"href":"https:\/\/www.ull.es\/portal\/noticias\/wp-json\/wp\/v2\/media?parent=15307"}],"wp:term":[{"taxonomy":"category","embeddable":true,"href":"https:\/\/www.ull.es\/portal\/noticias\/wp-json\/wp\/v2\/categories?post=15307"},{"taxonomy":"post_tag","embeddable":true,"href":"https:\/\/www.ull.es\/portal\/noticias\/wp-json\/wp\/v2\/tags?post=15307"}],"curies":[{"name":"wp","href":"https:\/\/api.w.org\/{rel}","templated":true}]}}