{"id":15320,"date":"2010-02-12T00:00:00","date_gmt":"2010-02-12T00:00:00","guid":{"rendered":"http:\/\/ddigital.webs.ull.es\/gran-exito-de-la-exposicion-de-alumnos-de-bellas-artes-en-beneficio-de-haiti\/"},"modified":"2010-02-12T00:00:00","modified_gmt":"2010-02-12T00:00:00","slug":"gran-exito-de-la-exposicion-de-alumnos-de-bellas-artes-en-beneficio-de-haiti","status":"publish","type":"post","link":"https:\/\/www.ull.es\/portal\/noticias\/2010\/gran-exito-de-la-exposicion-de-alumnos-de-bellas-artes-en-beneficio-de-haiti\/","title":{"rendered":"Gran \u00e9xito de la exposici\u00f3n de alumnos de Bellas Artes en beneficio de Hait\u00ed"},"content":{"rendered":"<p>M&aacute;s de cincuenta alumnos y ex alumnos de la Facultad de Bellas Artes de la Universidad de La Laguna han organizado una exposici&oacute;n en la Sala de Arte Paraninfo, en la cual ponen a la venta sus trabajos para donar todo lo recaudado en beneficio de las v&iacute;ctimas de los terremotos de Hait&iacute;. La muestra, que fue inaugurada ayer, jueves 11 de febrero, y permanecer&aacute; abierta hasta el 4 de marzo, est&aacute; siendo todo un &eacute;xito, puesto que tras un solo d&iacute;a en marcha, ya se ha vendido una gran parte de las piezas que forman el cat&aacute;logo.<\/p>\n<p>La iniciativa fue promovida por la estudiante de doctorado M&ordf; del Mar Prendes, y cuenta con el apoyo del Vicerrectorado de Relaciones Universidad y Sociedad. La respuesta del alumnado fue masiva, por lo que no s&oacute;lo se logr&oacute; un gran n&uacute;mero de participantes, sino que muchos de ellos llegaron a aportar hasta tres<\/p>\n<p> Durante le acto de inauguraci&oacute;n, la nueva vicerrectora de Relaciones Universidad y Sociedad de la ULL, N&eacute;lida Rancel Torres, apreci&oacute; el nivel art&iacute;stico de la obra presentada, que evidencia el buen hacer de la Facultad de Bellas Artes. Pero, por encima de todo, quiso destacar el &ldquo;valor humano&rdquo; del estudiantado por participar en esta iniciativa, algo que consider&oacute; &ldquo;un acto de verdadero ejercicio de esp&iacute;ritu universitario, solidario y comprometido&rdquo;.<\/p>\n<p> Los fondos que se reciban de la venta de obras de esta colectiva ser&aacute;n ingresados &iacute;ntegramente en la cuenta corriente que la Universidad de La Laguna ha abierto en CajaCanarias, con n&uacute;mero 2065 0067 69 2904002064. Este dinero se destinar&aacute; a la reposici&oacute;n de las infraestructuras universitarias da&ntilde;adas por los se&iacute;smos acaecidos en el pa&iacute;s caribe&ntilde;o, seg&uacute;n el acuerdo adoptado por todas las universidades espa&ntilde;olas con la Conferencia de Rectores.<\/p>\n","protected":false},"excerpt":{"rendered":"<p>M&aacute;s de cincuenta alumnos y ex alumnos de la Facultad de Bellas Artes de la Universidad de La Laguna han&#8230;<\/p>\n","protected":false},"author":21,"featured_media":0,"comment_status":"open","ping_status":"open","sticky":false,"template":"","format":"standard","meta":{"inline_featured_image":false,"footnotes":""},"categories":[344],"tags":[],"acf":[],"yoast_head":"<!-- This site is optimized with the Yoast SEO plugin v21.3 - https:\/\/yoast.com\/wordpress\/plugins\/seo\/ -->\n<title>Gran \u00e9xito de la exposici\u00f3n de alumnos de Bellas Artes en beneficio de Hait\u00ed - ULL - Noticias<\/title>\n<meta name=\"robots\" content=\"index, follow, max-snippet:-1, max-image-preview:large, max-video-preview:-1\" \/>\n<link rel=\"canonical\" href=\"https:\/\/www.ull.es\/portal\/noticias\/2010\/gran-exito-de-la-exposicion-de-alumnos-de-bellas-artes-en-beneficio-de-haiti\/\" \/>\n<meta property=\"og:locale\" content=\"es_ES\" \/>\n<meta property=\"og:type\" content=\"article\" \/>\n<meta property=\"og:title\" content=\"Gran \u00e9xito de la exposici\u00f3n de alumnos de Bellas Artes en beneficio de Hait\u00ed - ULL - Noticias\" \/>\n<meta property=\"og:description\" content=\"M&aacute;s de cincuenta alumnos y ex alumnos de la Facultad de Bellas Artes de la Universidad de La Laguna han...\" \/>\n<meta property=\"og:url\" content=\"https:\/\/www.ull.es\/portal\/noticias\/2010\/gran-exito-de-la-exposicion-de-alumnos-de-bellas-artes-en-beneficio-de-haiti\/\" \/>\n<meta property=\"og:site_name\" content=\"ULL - Noticias\" \/>\n<meta property=\"article:publisher\" content=\"https:\/\/www.facebook.com\/universidaddelalaguna\/\" \/>\n<meta property=\"article:published_time\" content=\"2010-02-12T00:00:00+00:00\" \/>\n<meta property=\"og:image\" content=\"https:\/\/www.ull.es\/portal\/noticias\/wp-content\/uploads\/sites\/13\/2023\/06\/logo-redimensionado.png\" \/>\n\t<meta property=\"og:image:width\" content=\"1200\" \/>\n\t<meta property=\"og:image:height\" content=\"630\" \/>\n\t<meta property=\"og:image:type\" content=\"image\/png\" \/>\n<meta name=\"author\" content=\"prensa2\" \/>\n<meta name=\"twitter:card\" content=\"summary_large_image\" \/>\n<meta name=\"twitter:creator\" content=\"@CanalULL\" \/>\n<meta name=\"twitter:site\" content=\"@CanalULL\" \/>\n<meta name=\"twitter:label1\" content=\"Escrito por\" \/>\n\t<meta name=\"twitter:data1\" content=\"prensa2\" \/>\n\t<meta name=\"twitter:label2\" content=\"Tiempo de lectura\" \/>\n\t<meta name=\"twitter:data2\" content=\"2 minutos\" \/>\n<script type=\"application\/ld+json\" class=\"yoast-schema-graph\">{\"@context\":\"https:\/\/schema.org\",\"@graph\":[{\"@type\":\"WebPage\",\"@id\":\"https:\/\/www.ull.es\/portal\/noticias\/2010\/gran-exito-de-la-exposicion-de-alumnos-de-bellas-artes-en-beneficio-de-haiti\/\",\"url\":\"https:\/\/www.ull.es\/portal\/noticias\/2010\/gran-exito-de-la-exposicion-de-alumnos-de-bellas-artes-en-beneficio-de-haiti\/\",\"name\":\"Gran \u00e9xito de la exposici\u00f3n de alumnos de Bellas Artes en beneficio de Hait\u00ed - ULL - Noticias\",\"isPartOf\":{\"@id\":\"https:\/\/www.ull.es\/portal\/noticias\/#website\"},\"datePublished\":\"2010-02-12T00:00:00+00:00\",\"dateModified\":\"2010-02-12T00:00:00+00:00\",\"author\":{\"@id\":\"https:\/\/www.ull.es\/portal\/noticias\/#\/schema\/person\/c3b2aa857797592927a03740d6664376\"},\"breadcrumb\":{\"@id\":\"https:\/\/www.ull.es\/portal\/noticias\/2010\/gran-exito-de-la-exposicion-de-alumnos-de-bellas-artes-en-beneficio-de-haiti\/#breadcrumb\"},\"inLanguage\":\"es\",\"potentialAction\":[{\"@type\":\"ReadAction\",\"target\":[\"https:\/\/www.ull.es\/portal\/noticias\/2010\/gran-exito-de-la-exposicion-de-alumnos-de-bellas-artes-en-beneficio-de-haiti\/\"]}]},{\"@type\":\"BreadcrumbList\",\"@id\":\"https:\/\/www.ull.es\/portal\/noticias\/2010\/gran-exito-de-la-exposicion-de-alumnos-de-bellas-artes-en-beneficio-de-haiti\/#breadcrumb\",\"itemListElement\":[{\"@type\":\"ListItem\",\"position\":1,\"name\":\"Portada\",\"item\":\"https:\/\/www.ull.es\/portal\/noticias\/\"},{\"@type\":\"ListItem\",\"position\":2,\"name\":\"Gran \u00e9xito de la exposici\u00f3n de alumnos de Bellas Artes en beneficio de Hait\u00ed\"}]},{\"@type\":\"WebSite\",\"@id\":\"https:\/\/www.ull.es\/portal\/noticias\/#website\",\"url\":\"https:\/\/www.ull.es\/portal\/noticias\/\",\"name\":\"ULL - Noticias\",\"description\":\"\",\"potentialAction\":[{\"@type\":\"SearchAction\",\"target\":{\"@type\":\"EntryPoint\",\"urlTemplate\":\"https:\/\/www.ull.es\/portal\/noticias\/?s={search_term_string}\"},\"query-input\":\"required name=search_term_string\"}],\"inLanguage\":\"es\"},{\"@type\":\"Person\",\"@id\":\"https:\/\/www.ull.es\/portal\/noticias\/#\/schema\/person\/c3b2aa857797592927a03740d6664376\",\"name\":\"prensa2\",\"image\":{\"@type\":\"ImageObject\",\"inLanguage\":\"es\",\"@id\":\"https:\/\/www.ull.es\/portal\/noticias\/#\/schema\/person\/image\/\",\"url\":\"https:\/\/secure.gravatar.com\/avatar\/b58f310a5de5feb33d1e026d2493f23c?s=96&d=mm&r=g\",\"contentUrl\":\"https:\/\/secure.gravatar.com\/avatar\/b58f310a5de5feb33d1e026d2493f23c?s=96&d=mm&r=g\",\"caption\":\"prensa2\"},\"url\":\"https:\/\/www.ull.es\/portal\/noticias\/author\/prensa2\/\"}]}<\/script>\n<!-- \/ Yoast SEO plugin. -->","yoast_head_json":{"title":"Gran \u00e9xito de la exposici\u00f3n de alumnos de Bellas Artes en beneficio de Hait\u00ed - ULL - Noticias","robots":{"index":"index","follow":"follow","max-snippet":"max-snippet:-1","max-image-preview":"max-image-preview:large","max-video-preview":"max-video-preview:-1"},"canonical":"https:\/\/www.ull.es\/portal\/noticias\/2010\/gran-exito-de-la-exposicion-de-alumnos-de-bellas-artes-en-beneficio-de-haiti\/","og_locale":"es_ES","og_type":"article","og_title":"Gran \u00e9xito de la exposici\u00f3n de alumnos de Bellas Artes en beneficio de Hait\u00ed - ULL - Noticias","og_description":"M&aacute;s de cincuenta alumnos y ex alumnos de la Facultad de Bellas Artes de la Universidad de La Laguna han...","og_url":"https:\/\/www.ull.es\/portal\/noticias\/2010\/gran-exito-de-la-exposicion-de-alumnos-de-bellas-artes-en-beneficio-de-haiti\/","og_site_name":"ULL - Noticias","article_publisher":"https:\/\/www.facebook.com\/universidaddelalaguna\/","article_published_time":"2010-02-12T00:00:00+00:00","og_image":[{"width":1200,"height":630,"url":"https:\/\/www.ull.es\/portal\/noticias\/wp-content\/uploads\/sites\/13\/2023\/06\/logo-redimensionado.png","type":"image\/png"}],"author":"prensa2","twitter_card":"summary_large_image","twitter_creator":"@CanalULL","twitter_site":"@CanalULL","twitter_misc":{"Escrito por":"prensa2","Tiempo de lectura":"2 minutos"},"schema":{"@context":"https:\/\/schema.org","@graph":[{"@type":"WebPage","@id":"https:\/\/www.ull.es\/portal\/noticias\/2010\/gran-exito-de-la-exposicion-de-alumnos-de-bellas-artes-en-beneficio-de-haiti\/","url":"https:\/\/www.ull.es\/portal\/noticias\/2010\/gran-exito-de-la-exposicion-de-alumnos-de-bellas-artes-en-beneficio-de-haiti\/","name":"Gran \u00e9xito de la exposici\u00f3n de alumnos de Bellas Artes en beneficio de Hait\u00ed - ULL - Noticias","isPartOf":{"@id":"https:\/\/www.ull.es\/portal\/noticias\/#website"},"datePublished":"2010-02-12T00:00:00+00:00","dateModified":"2010-02-12T00:00:00+00:00","author":{"@id":"https:\/\/www.ull.es\/portal\/noticias\/#\/schema\/person\/c3b2aa857797592927a03740d6664376"},"breadcrumb":{"@id":"https:\/\/www.ull.es\/portal\/noticias\/2010\/gran-exito-de-la-exposicion-de-alumnos-de-bellas-artes-en-beneficio-de-haiti\/#breadcrumb"},"inLanguage":"es","potentialAction":[{"@type":"ReadAction","target":["https:\/\/www.ull.es\/portal\/noticias\/2010\/gran-exito-de-la-exposicion-de-alumnos-de-bellas-artes-en-beneficio-de-haiti\/"]}]},{"@type":"BreadcrumbList","@id":"https:\/\/www.ull.es\/portal\/noticias\/2010\/gran-exito-de-la-exposicion-de-alumnos-de-bellas-artes-en-beneficio-de-haiti\/#breadcrumb","itemListElement":[{"@type":"ListItem","position":1,"name":"Portada","item":"https:\/\/www.ull.es\/portal\/noticias\/"},{"@type":"ListItem","position":2,"name":"Gran \u00e9xito de la exposici\u00f3n de alumnos de Bellas Artes en beneficio de Hait\u00ed"}]},{"@type":"WebSite","@id":"https:\/\/www.ull.es\/portal\/noticias\/#website","url":"https:\/\/www.ull.es\/portal\/noticias\/","name":"ULL - Noticias","description":"","potentialAction":[{"@type":"SearchAction","target":{"@type":"EntryPoint","urlTemplate":"https:\/\/www.ull.es\/portal\/noticias\/?s={search_term_string}"},"query-input":"required name=search_term_string"}],"inLanguage":"es"},{"@type":"Person","@id":"https:\/\/www.ull.es\/portal\/noticias\/#\/schema\/person\/c3b2aa857797592927a03740d6664376","name":"prensa2","image":{"@type":"ImageObject","inLanguage":"es","@id":"https:\/\/www.ull.es\/portal\/noticias\/#\/schema\/person\/image\/","url":"https:\/\/secure.gravatar.com\/avatar\/b58f310a5de5feb33d1e026d2493f23c?s=96&d=mm&r=g","contentUrl":"https:\/\/secure.gravatar.com\/avatar\/b58f310a5de5feb33d1e026d2493f23c?s=96&d=mm&r=g","caption":"prensa2"},"url":"https:\/\/www.ull.es\/portal\/noticias\/author\/prensa2\/"}]}},"primary_category":null,"featured_image_thumbnail_url":null,"_links":{"self":[{"href":"https:\/\/www.ull.es\/portal\/noticias\/wp-json\/wp\/v2\/posts\/15320"}],"collection":[{"href":"https:\/\/www.ull.es\/portal\/noticias\/wp-json\/wp\/v2\/posts"}],"about":[{"href":"https:\/\/www.ull.es\/portal\/noticias\/wp-json\/wp\/v2\/types\/post"}],"author":[{"embeddable":true,"href":"https:\/\/www.ull.es\/portal\/noticias\/wp-json\/wp\/v2\/users\/21"}],"replies":[{"embeddable":true,"href":"https:\/\/www.ull.es\/portal\/noticias\/wp-json\/wp\/v2\/comments?post=15320"}],"version-history":[{"count":0,"href":"https:\/\/www.ull.es\/portal\/noticias\/wp-json\/wp\/v2\/posts\/15320\/revisions"}],"wp:attachment":[{"href":"https:\/\/www.ull.es\/portal\/noticias\/wp-json\/wp\/v2\/media?parent=15320"}],"wp:term":[{"taxonomy":"category","embeddable":true,"href":"https:\/\/www.ull.es\/portal\/noticias\/wp-json\/wp\/v2\/categories?post=15320"},{"taxonomy":"post_tag","embeddable":true,"href":"https:\/\/www.ull.es\/portal\/noticias\/wp-json\/wp\/v2\/tags?post=15320"}],"curies":[{"name":"wp","href":"https:\/\/api.w.org\/{rel}","templated":true}]}}