{"id":15322,"date":"2010-02-23T00:00:00","date_gmt":"2010-02-23T00:00:00","guid":{"rendered":"http:\/\/ddigital.webs.ull.es\/el-servicio-de-publicaciones-de-la-ull-edita-el-numero-22-de-la-revista-qurriculum-de-teoria-y-practica-educativa\/"},"modified":"2010-02-23T00:00:00","modified_gmt":"2010-02-23T00:00:00","slug":"el-servicio-de-publicaciones-de-la-ull-edita-el-numero-22-de-la-revista-qurriculum-de-teoria-y-practica-educativa","status":"publish","type":"post","link":"https:\/\/www.ull.es\/portal\/noticias\/2010\/el-servicio-de-publicaciones-de-la-ull-edita-el-numero-22-de-la-revista-qurriculum-de-teoria-y-practica-educativa\/","title":{"rendered":"El Servicio de Publicaciones de la ULL edita el n\u00famero 22 de la revista Qurriculum de teor\u00eda y pr\u00e1ctica educativa"},"content":{"rendered":"<p>El Servicio de Publicaciones de la Universidad de La Laguna (SPULL) ha editado recientemente el n&uacute;mero vig&eacute;simo segundo de Qurriculum, Revista de Teor&iacute;a, Investigaci&oacute;n y Pr&aacute;ctica Educativa, a cargo de profesores del departamento de Did&aacute;ctica e Investigaci&oacute;n Educativa y del Comportamiento de la instituci&oacute;n acad&eacute;mica y dirigida por la docente Ana Vega Navarro.<\/p>\n<p>Esta publicaci&oacute;n, de 209 p&aacute;ginas, consta de tres grandes apartados: estudios, investigaciones y rese&ntilde;as. Dentro del primero cabe mencionar el art&iacute;culo de Dolors Forteza, de la Universidad de las Islas Baleares, acerca de los nuevos retos para la intervenci&oacute;n psicopedag&oacute;gica en los estudios superiores; o el de Berta Puyol y Manuel Hern&aacute;ndez, de la Universidad de La Laguna, sobre el trabajo social en educaci&oacute;n. Dentro de este apartado figuran otros estudios como el del modelo comprensivo para la institucionalizaci&oacute;n de la orientaci&oacute;n y la tutor&iacute;a en la ense&ntilde;anza universitaria, a manos de Pedro &Aacute;lvarez y Miriam Gonz&aacute;lez, tambi&eacute;n de esta universidad, entre otros trabajos.<\/p>\n<p> En cuanto al apartado de investigaciones, Qurriculum contempla en este n&uacute;mero cuatro art&iacute;culos, que versan sobre &lsquo;Investigaci&oacute;n en educaci&oacute;n para la salud sobre prevenci&oacute;n de la accidentalidad infantil en el contexto escolar&rsquo;, &lsquo;La visi&oacute;n egoc&eacute;ntrica del universo en textos de ense&ntilde;anza b&aacute;sica sobre el sistema solar&rsquo;, &lsquo;La incorporaci&oacute;n a los estudios superiores: situaci&oacute;n del alumnado con discapacidad&rsquo; y, finalmente, &lsquo;&iquest;Influyen los rasgos de personalidad y el m&eacute;todo docente empleado en la percepci&oacute;n del rendimiento acad&eacute;mico del alumnado universitario?&rsquo;.<\/p>\n<p> La publicaci&oacute;n se cierra con una rese&ntilde;a de Concha Iriarte acerca del t&iacute;tulo &lsquo;Orientaci&oacute;n&nbsp; educativa e intervenci&oacute;n psicopedag&oacute;gica. Cambian los tiempos, cambian las responsabilidades profesionales&rsquo;, de la docente de la ULL Lidia Santana y editado por Pir&aacute;mide Psicolog&iacute;a en 2007, en su segunda edici&oacute;n.<\/p>\n<p> Esta revista puede adquirirse en el Servicio de Publicaciones de la Universidad de La Laguna, sito en el Edificio Central de la instituci&oacute;n, a un precio de 10 euros para los miembros de la comunidad universitaria, o de 14 euros para el resto de usuarios en librer&iacute;as especializadas.<\/p>\n","protected":false},"excerpt":{"rendered":"<p>El Servicio de Publicaciones de la Universidad de La Laguna (SPULL) ha editado recientemente el n&uacute;mero vig&eacute;simo segundo de Qurriculum,&#8230;<\/p>\n","protected":false},"author":21,"featured_media":0,"comment_status":"open","ping_status":"open","sticky":false,"template":"","format":"standard","meta":{"inline_featured_image":false,"footnotes":""},"categories":[344],"tags":[],"acf":[],"yoast_head":"<!-- This site is optimized with the Yoast SEO plugin v21.3 - https:\/\/yoast.com\/wordpress\/plugins\/seo\/ -->\n<title>El Servicio de Publicaciones de la ULL edita el n\u00famero 22 de la revista Qurriculum de teor\u00eda y pr\u00e1ctica educativa - ULL - Noticias<\/title>\n<meta name=\"robots\" content=\"index, follow, max-snippet:-1, max-image-preview:large, max-video-preview:-1\" \/>\n<link rel=\"canonical\" href=\"https:\/\/www.ull.es\/portal\/noticias\/2010\/el-servicio-de-publicaciones-de-la-ull-edita-el-numero-22-de-la-revista-qurriculum-de-teoria-y-practica-educativa\/\" \/>\n<meta property=\"og:locale\" content=\"es_ES\" \/>\n<meta property=\"og:type\" content=\"article\" \/>\n<meta property=\"og:title\" content=\"El Servicio de Publicaciones de la ULL edita el n\u00famero 22 de la revista Qurriculum de teor\u00eda y pr\u00e1ctica educativa - ULL - Noticias\" \/>\n<meta property=\"og:description\" content=\"El Servicio de Publicaciones de la Universidad de La Laguna (SPULL) ha editado recientemente el n&uacute;mero vig&eacute;simo segundo de Qurriculum,...\" \/>\n<meta property=\"og:url\" content=\"https:\/\/www.ull.es\/portal\/noticias\/2010\/el-servicio-de-publicaciones-de-la-ull-edita-el-numero-22-de-la-revista-qurriculum-de-teoria-y-practica-educativa\/\" \/>\n<meta property=\"og:site_name\" content=\"ULL - Noticias\" \/>\n<meta property=\"article:publisher\" content=\"https:\/\/www.facebook.com\/universidaddelalaguna\/\" \/>\n<meta property=\"article:published_time\" content=\"2010-02-23T00:00:00+00:00\" \/>\n<meta property=\"og:image\" content=\"https:\/\/www.ull.es\/portal\/noticias\/wp-content\/uploads\/sites\/13\/2023\/06\/logo-redimensionado.png\" \/>\n\t<meta property=\"og:image:width\" content=\"1200\" \/>\n\t<meta property=\"og:image:height\" content=\"630\" \/>\n\t<meta property=\"og:image:type\" content=\"image\/png\" \/>\n<meta name=\"author\" content=\"prensa2\" \/>\n<meta name=\"twitter:card\" content=\"summary_large_image\" \/>\n<meta name=\"twitter:creator\" content=\"@CanalULL\" \/>\n<meta name=\"twitter:site\" content=\"@CanalULL\" \/>\n<meta name=\"twitter:label1\" content=\"Escrito por\" \/>\n\t<meta name=\"twitter:data1\" content=\"prensa2\" \/>\n\t<meta name=\"twitter:label2\" content=\"Tiempo de lectura\" \/>\n\t<meta name=\"twitter:data2\" content=\"2 minutos\" \/>\n<script type=\"application\/ld+json\" class=\"yoast-schema-graph\">{\"@context\":\"https:\/\/schema.org\",\"@graph\":[{\"@type\":\"WebPage\",\"@id\":\"https:\/\/www.ull.es\/portal\/noticias\/2010\/el-servicio-de-publicaciones-de-la-ull-edita-el-numero-22-de-la-revista-qurriculum-de-teoria-y-practica-educativa\/\",\"url\":\"https:\/\/www.ull.es\/portal\/noticias\/2010\/el-servicio-de-publicaciones-de-la-ull-edita-el-numero-22-de-la-revista-qurriculum-de-teoria-y-practica-educativa\/\",\"name\":\"El Servicio de Publicaciones de la ULL edita el n\u00famero 22 de la revista Qurriculum de teor\u00eda y pr\u00e1ctica educativa - ULL - Noticias\",\"isPartOf\":{\"@id\":\"https:\/\/www.ull.es\/portal\/noticias\/#website\"},\"datePublished\":\"2010-02-23T00:00:00+00:00\",\"dateModified\":\"2010-02-23T00:00:00+00:00\",\"author\":{\"@id\":\"https:\/\/www.ull.es\/portal\/noticias\/#\/schema\/person\/c3b2aa857797592927a03740d6664376\"},\"breadcrumb\":{\"@id\":\"https:\/\/www.ull.es\/portal\/noticias\/2010\/el-servicio-de-publicaciones-de-la-ull-edita-el-numero-22-de-la-revista-qurriculum-de-teoria-y-practica-educativa\/#breadcrumb\"},\"inLanguage\":\"es\",\"potentialAction\":[{\"@type\":\"ReadAction\",\"target\":[\"https:\/\/www.ull.es\/portal\/noticias\/2010\/el-servicio-de-publicaciones-de-la-ull-edita-el-numero-22-de-la-revista-qurriculum-de-teoria-y-practica-educativa\/\"]}]},{\"@type\":\"BreadcrumbList\",\"@id\":\"https:\/\/www.ull.es\/portal\/noticias\/2010\/el-servicio-de-publicaciones-de-la-ull-edita-el-numero-22-de-la-revista-qurriculum-de-teoria-y-practica-educativa\/#breadcrumb\",\"itemListElement\":[{\"@type\":\"ListItem\",\"position\":1,\"name\":\"Portada\",\"item\":\"https:\/\/www.ull.es\/portal\/noticias\/\"},{\"@type\":\"ListItem\",\"position\":2,\"name\":\"El Servicio de Publicaciones de la ULL edita el n\u00famero 22 de la revista Qurriculum de teor\u00eda y pr\u00e1ctica educativa\"}]},{\"@type\":\"WebSite\",\"@id\":\"https:\/\/www.ull.es\/portal\/noticias\/#website\",\"url\":\"https:\/\/www.ull.es\/portal\/noticias\/\",\"name\":\"ULL - Noticias\",\"description\":\"\",\"potentialAction\":[{\"@type\":\"SearchAction\",\"target\":{\"@type\":\"EntryPoint\",\"urlTemplate\":\"https:\/\/www.ull.es\/portal\/noticias\/?s={search_term_string}\"},\"query-input\":\"required name=search_term_string\"}],\"inLanguage\":\"es\"},{\"@type\":\"Person\",\"@id\":\"https:\/\/www.ull.es\/portal\/noticias\/#\/schema\/person\/c3b2aa857797592927a03740d6664376\",\"name\":\"prensa2\",\"image\":{\"@type\":\"ImageObject\",\"inLanguage\":\"es\",\"@id\":\"https:\/\/www.ull.es\/portal\/noticias\/#\/schema\/person\/image\/\",\"url\":\"https:\/\/secure.gravatar.com\/avatar\/b58f310a5de5feb33d1e026d2493f23c?s=96&d=mm&r=g\",\"contentUrl\":\"https:\/\/secure.gravatar.com\/avatar\/b58f310a5de5feb33d1e026d2493f23c?s=96&d=mm&r=g\",\"caption\":\"prensa2\"},\"url\":\"https:\/\/www.ull.es\/portal\/noticias\/author\/prensa2\/\"}]}<\/script>\n<!-- \/ Yoast SEO plugin. -->","yoast_head_json":{"title":"El Servicio de Publicaciones de la ULL edita el n\u00famero 22 de la revista Qurriculum de teor\u00eda y pr\u00e1ctica educativa - ULL - Noticias","robots":{"index":"index","follow":"follow","max-snippet":"max-snippet:-1","max-image-preview":"max-image-preview:large","max-video-preview":"max-video-preview:-1"},"canonical":"https:\/\/www.ull.es\/portal\/noticias\/2010\/el-servicio-de-publicaciones-de-la-ull-edita-el-numero-22-de-la-revista-qurriculum-de-teoria-y-practica-educativa\/","og_locale":"es_ES","og_type":"article","og_title":"El Servicio de Publicaciones de la ULL edita el n\u00famero 22 de la revista Qurriculum de teor\u00eda y pr\u00e1ctica educativa - ULL - Noticias","og_description":"El Servicio de Publicaciones de la Universidad de La Laguna (SPULL) ha editado recientemente el n&uacute;mero vig&eacute;simo segundo de Qurriculum,...","og_url":"https:\/\/www.ull.es\/portal\/noticias\/2010\/el-servicio-de-publicaciones-de-la-ull-edita-el-numero-22-de-la-revista-qurriculum-de-teoria-y-practica-educativa\/","og_site_name":"ULL - Noticias","article_publisher":"https:\/\/www.facebook.com\/universidaddelalaguna\/","article_published_time":"2010-02-23T00:00:00+00:00","og_image":[{"width":1200,"height":630,"url":"https:\/\/www.ull.es\/portal\/noticias\/wp-content\/uploads\/sites\/13\/2023\/06\/logo-redimensionado.png","type":"image\/png"}],"author":"prensa2","twitter_card":"summary_large_image","twitter_creator":"@CanalULL","twitter_site":"@CanalULL","twitter_misc":{"Escrito por":"prensa2","Tiempo de lectura":"2 minutos"},"schema":{"@context":"https:\/\/schema.org","@graph":[{"@type":"WebPage","@id":"https:\/\/www.ull.es\/portal\/noticias\/2010\/el-servicio-de-publicaciones-de-la-ull-edita-el-numero-22-de-la-revista-qurriculum-de-teoria-y-practica-educativa\/","url":"https:\/\/www.ull.es\/portal\/noticias\/2010\/el-servicio-de-publicaciones-de-la-ull-edita-el-numero-22-de-la-revista-qurriculum-de-teoria-y-practica-educativa\/","name":"El Servicio de Publicaciones de la ULL edita el n\u00famero 22 de la revista Qurriculum de teor\u00eda y pr\u00e1ctica educativa - ULL - Noticias","isPartOf":{"@id":"https:\/\/www.ull.es\/portal\/noticias\/#website"},"datePublished":"2010-02-23T00:00:00+00:00","dateModified":"2010-02-23T00:00:00+00:00","author":{"@id":"https:\/\/www.ull.es\/portal\/noticias\/#\/schema\/person\/c3b2aa857797592927a03740d6664376"},"breadcrumb":{"@id":"https:\/\/www.ull.es\/portal\/noticias\/2010\/el-servicio-de-publicaciones-de-la-ull-edita-el-numero-22-de-la-revista-qurriculum-de-teoria-y-practica-educativa\/#breadcrumb"},"inLanguage":"es","potentialAction":[{"@type":"ReadAction","target":["https:\/\/www.ull.es\/portal\/noticias\/2010\/el-servicio-de-publicaciones-de-la-ull-edita-el-numero-22-de-la-revista-qurriculum-de-teoria-y-practica-educativa\/"]}]},{"@type":"BreadcrumbList","@id":"https:\/\/www.ull.es\/portal\/noticias\/2010\/el-servicio-de-publicaciones-de-la-ull-edita-el-numero-22-de-la-revista-qurriculum-de-teoria-y-practica-educativa\/#breadcrumb","itemListElement":[{"@type":"ListItem","position":1,"name":"Portada","item":"https:\/\/www.ull.es\/portal\/noticias\/"},{"@type":"ListItem","position":2,"name":"El Servicio de Publicaciones de la ULL edita el n\u00famero 22 de la revista Qurriculum de teor\u00eda y pr\u00e1ctica educativa"}]},{"@type":"WebSite","@id":"https:\/\/www.ull.es\/portal\/noticias\/#website","url":"https:\/\/www.ull.es\/portal\/noticias\/","name":"ULL - Noticias","description":"","potentialAction":[{"@type":"SearchAction","target":{"@type":"EntryPoint","urlTemplate":"https:\/\/www.ull.es\/portal\/noticias\/?s={search_term_string}"},"query-input":"required name=search_term_string"}],"inLanguage":"es"},{"@type":"Person","@id":"https:\/\/www.ull.es\/portal\/noticias\/#\/schema\/person\/c3b2aa857797592927a03740d6664376","name":"prensa2","image":{"@type":"ImageObject","inLanguage":"es","@id":"https:\/\/www.ull.es\/portal\/noticias\/#\/schema\/person\/image\/","url":"https:\/\/secure.gravatar.com\/avatar\/b58f310a5de5feb33d1e026d2493f23c?s=96&d=mm&r=g","contentUrl":"https:\/\/secure.gravatar.com\/avatar\/b58f310a5de5feb33d1e026d2493f23c?s=96&d=mm&r=g","caption":"prensa2"},"url":"https:\/\/www.ull.es\/portal\/noticias\/author\/prensa2\/"}]}},"primary_category":null,"featured_image_thumbnail_url":null,"_links":{"self":[{"href":"https:\/\/www.ull.es\/portal\/noticias\/wp-json\/wp\/v2\/posts\/15322"}],"collection":[{"href":"https:\/\/www.ull.es\/portal\/noticias\/wp-json\/wp\/v2\/posts"}],"about":[{"href":"https:\/\/www.ull.es\/portal\/noticias\/wp-json\/wp\/v2\/types\/post"}],"author":[{"embeddable":true,"href":"https:\/\/www.ull.es\/portal\/noticias\/wp-json\/wp\/v2\/users\/21"}],"replies":[{"embeddable":true,"href":"https:\/\/www.ull.es\/portal\/noticias\/wp-json\/wp\/v2\/comments?post=15322"}],"version-history":[{"count":0,"href":"https:\/\/www.ull.es\/portal\/noticias\/wp-json\/wp\/v2\/posts\/15322\/revisions"}],"wp:attachment":[{"href":"https:\/\/www.ull.es\/portal\/noticias\/wp-json\/wp\/v2\/media?parent=15322"}],"wp:term":[{"taxonomy":"category","embeddable":true,"href":"https:\/\/www.ull.es\/portal\/noticias\/wp-json\/wp\/v2\/categories?post=15322"},{"taxonomy":"post_tag","embeddable":true,"href":"https:\/\/www.ull.es\/portal\/noticias\/wp-json\/wp\/v2\/tags?post=15322"}],"curies":[{"name":"wp","href":"https:\/\/api.w.org\/{rel}","templated":true}]}}