{"id":15326,"date":"2010-03-19T00:00:00","date_gmt":"2010-03-19T00:00:00","guid":{"rendered":"http:\/\/ddigital.webs.ull.es\/el-grupo-de-artes-escenicas-teatrofia-busca-actores-y-tecnicos-en-la-ull-para-montar-su-nuevo-espectaculo\/"},"modified":"2010-03-19T00:00:00","modified_gmt":"2010-03-19T00:00:00","slug":"el-grupo-de-artes-escenicas-teatrofia-busca-actores-y-tecnicos-en-la-ull-para-montar-su-nuevo-espectaculo","status":"publish","type":"post","link":"https:\/\/www.ull.es\/portal\/noticias\/2010\/el-grupo-de-artes-escenicas-teatrofia-busca-actores-y-tecnicos-en-la-ull-para-montar-su-nuevo-espectaculo\/","title":{"rendered":"El grupo de artes esc\u00e9nicas Teatrofia busca actores y t\u00e9cnicos en la ULL para montar su nuevo espect\u00e1culo"},"content":{"rendered":"<p>Teatrofia, grupo de artes esc&eacute;nicas tinerfe&ntilde;o con m&aacute;s de diez a&ntilde;os de trayectoria, ha abierto una convocatoria para buscar actores y t&eacute;cnicos entre el alumnado, profesorado y personal de administraci&oacute;n y servicios de la Universidad de La Laguna. El objetivo es organizar un grupo con el que montar La noche menos pensada en Bosnia, de Juan Luis Mira, obra ganadora del XII Premio Internacional de Teatro de Autor Domingo P&eacute;rez Minik de la ULL, y que dirigir&aacute; Juan Reyes, director de la compa&ntilde;&iacute;a convocante.<\/p>\n<p>No va a haber un proceso de selecci&oacute;n propiamente dicho, sino que los interesados en informarse sobre esta convocatoria pueden ponerse en contacto con Teatrofia a trav&eacute;s del correo electr&oacute;nico <a href=\"mailto:contacto@teatrofia.com\" target=\"_blank\" rel=\"noopener\">contacto@teatrofia.com<\/a>, o de los tel&eacute;fonos 922630140 o 609573827.<\/p>\n<p> El grupo est&aacute; buscando varias personas de ambos sexos para cubrir pr&aacute;cticamente todos los perfiles profesionales necesarios para poner en marcha una obra: actores, producci&oacute;n, ayudante de direcci&oacute;n, t&eacute;cnico de sonido, t&eacute;cnico de iluminaci&oacute;n, fotograf&iacute;a, escen&oacute;grafo, vestuario, maquillaje, atrezzo, dise&ntilde;ador gr&aacute;fico y responsable de promoci&oacute;n.<\/p>\n<p> &nbsp;&nbsp;&nbsp; Los promotores de este proyecto quieren tenerlo listo para poder presentarlo a la Muestra de Artes Esc&eacute;nicas de la ULL que se celebrar&aacute; en mayo en el Paraninfo. Por ello, solicitan a los interesados que se pongan en contacto con la compa&ntilde;&iacute;a lo antes posible, para poder comenzar a trabajar en abril.<\/p>\n<p> &nbsp;&nbsp;&nbsp; Seg&uacute;n Reyes, la idea motriz en esta convocatoria es intentar reactivar el panorama del teatro universitario, puesto que el n&uacute;mero de grupos universitarios se ha reducido considerablemente en la &uacute;ltima d&eacute;cada.<\/p>\n","protected":false},"excerpt":{"rendered":"<p>Teatrofia, grupo de artes esc&eacute;nicas tinerfe&ntilde;o con m&aacute;s de diez a&ntilde;os de trayectoria, ha abierto una convocatoria para buscar actores&#8230;<\/p>\n","protected":false},"author":21,"featured_media":0,"comment_status":"open","ping_status":"open","sticky":false,"template":"","format":"standard","meta":{"inline_featured_image":false,"footnotes":""},"categories":[344],"tags":[],"acf":[],"yoast_head":"<!-- This site is optimized with the Yoast SEO plugin v21.3 - https:\/\/yoast.com\/wordpress\/plugins\/seo\/ -->\n<title>El grupo de artes esc\u00e9nicas Teatrofia busca actores y t\u00e9cnicos en la ULL para montar su nuevo espect\u00e1culo - ULL - Noticias<\/title>\n<meta name=\"robots\" content=\"index, follow, max-snippet:-1, max-image-preview:large, max-video-preview:-1\" \/>\n<link rel=\"canonical\" href=\"https:\/\/www.ull.es\/portal\/noticias\/2010\/el-grupo-de-artes-escenicas-teatrofia-busca-actores-y-tecnicos-en-la-ull-para-montar-su-nuevo-espectaculo\/\" \/>\n<meta property=\"og:locale\" content=\"es_ES\" \/>\n<meta property=\"og:type\" content=\"article\" \/>\n<meta property=\"og:title\" content=\"El grupo de artes esc\u00e9nicas Teatrofia busca actores y t\u00e9cnicos en la ULL para montar su nuevo espect\u00e1culo - ULL - Noticias\" \/>\n<meta property=\"og:description\" content=\"Teatrofia, grupo de artes esc&eacute;nicas tinerfe&ntilde;o con m&aacute;s de diez a&ntilde;os de trayectoria, ha abierto una convocatoria para buscar actores...\" \/>\n<meta property=\"og:url\" content=\"https:\/\/www.ull.es\/portal\/noticias\/2010\/el-grupo-de-artes-escenicas-teatrofia-busca-actores-y-tecnicos-en-la-ull-para-montar-su-nuevo-espectaculo\/\" \/>\n<meta property=\"og:site_name\" content=\"ULL - Noticias\" \/>\n<meta property=\"article:publisher\" content=\"https:\/\/www.facebook.com\/universidaddelalaguna\/\" \/>\n<meta property=\"article:published_time\" content=\"2010-03-19T00:00:00+00:00\" \/>\n<meta property=\"og:image\" content=\"https:\/\/www.ull.es\/portal\/noticias\/wp-content\/uploads\/sites\/13\/2023\/06\/logo-redimensionado.png\" \/>\n\t<meta property=\"og:image:width\" content=\"1200\" \/>\n\t<meta property=\"og:image:height\" content=\"630\" \/>\n\t<meta property=\"og:image:type\" content=\"image\/png\" \/>\n<meta name=\"author\" content=\"prensa2\" \/>\n<meta name=\"twitter:card\" content=\"summary_large_image\" \/>\n<meta name=\"twitter:creator\" content=\"@CanalULL\" \/>\n<meta name=\"twitter:site\" content=\"@CanalULL\" \/>\n<meta name=\"twitter:label1\" content=\"Escrito por\" \/>\n\t<meta name=\"twitter:data1\" content=\"prensa2\" \/>\n\t<meta name=\"twitter:label2\" content=\"Tiempo de lectura\" \/>\n\t<meta name=\"twitter:data2\" content=\"2 minutos\" \/>\n<script type=\"application\/ld+json\" class=\"yoast-schema-graph\">{\"@context\":\"https:\/\/schema.org\",\"@graph\":[{\"@type\":\"WebPage\",\"@id\":\"https:\/\/www.ull.es\/portal\/noticias\/2010\/el-grupo-de-artes-escenicas-teatrofia-busca-actores-y-tecnicos-en-la-ull-para-montar-su-nuevo-espectaculo\/\",\"url\":\"https:\/\/www.ull.es\/portal\/noticias\/2010\/el-grupo-de-artes-escenicas-teatrofia-busca-actores-y-tecnicos-en-la-ull-para-montar-su-nuevo-espectaculo\/\",\"name\":\"El grupo de artes esc\u00e9nicas Teatrofia busca actores y t\u00e9cnicos en la ULL para montar su nuevo espect\u00e1culo - ULL - Noticias\",\"isPartOf\":{\"@id\":\"https:\/\/www.ull.es\/portal\/noticias\/#website\"},\"datePublished\":\"2010-03-19T00:00:00+00:00\",\"dateModified\":\"2010-03-19T00:00:00+00:00\",\"author\":{\"@id\":\"https:\/\/www.ull.es\/portal\/noticias\/#\/schema\/person\/c3b2aa857797592927a03740d6664376\"},\"breadcrumb\":{\"@id\":\"https:\/\/www.ull.es\/portal\/noticias\/2010\/el-grupo-de-artes-escenicas-teatrofia-busca-actores-y-tecnicos-en-la-ull-para-montar-su-nuevo-espectaculo\/#breadcrumb\"},\"inLanguage\":\"es\",\"potentialAction\":[{\"@type\":\"ReadAction\",\"target\":[\"https:\/\/www.ull.es\/portal\/noticias\/2010\/el-grupo-de-artes-escenicas-teatrofia-busca-actores-y-tecnicos-en-la-ull-para-montar-su-nuevo-espectaculo\/\"]}]},{\"@type\":\"BreadcrumbList\",\"@id\":\"https:\/\/www.ull.es\/portal\/noticias\/2010\/el-grupo-de-artes-escenicas-teatrofia-busca-actores-y-tecnicos-en-la-ull-para-montar-su-nuevo-espectaculo\/#breadcrumb\",\"itemListElement\":[{\"@type\":\"ListItem\",\"position\":1,\"name\":\"Portada\",\"item\":\"https:\/\/www.ull.es\/portal\/noticias\/\"},{\"@type\":\"ListItem\",\"position\":2,\"name\":\"El grupo de artes esc\u00e9nicas Teatrofia busca actores y t\u00e9cnicos en la ULL para montar su nuevo espect\u00e1culo\"}]},{\"@type\":\"WebSite\",\"@id\":\"https:\/\/www.ull.es\/portal\/noticias\/#website\",\"url\":\"https:\/\/www.ull.es\/portal\/noticias\/\",\"name\":\"ULL - Noticias\",\"description\":\"\",\"potentialAction\":[{\"@type\":\"SearchAction\",\"target\":{\"@type\":\"EntryPoint\",\"urlTemplate\":\"https:\/\/www.ull.es\/portal\/noticias\/?s={search_term_string}\"},\"query-input\":\"required name=search_term_string\"}],\"inLanguage\":\"es\"},{\"@type\":\"Person\",\"@id\":\"https:\/\/www.ull.es\/portal\/noticias\/#\/schema\/person\/c3b2aa857797592927a03740d6664376\",\"name\":\"prensa2\",\"image\":{\"@type\":\"ImageObject\",\"inLanguage\":\"es\",\"@id\":\"https:\/\/www.ull.es\/portal\/noticias\/#\/schema\/person\/image\/\",\"url\":\"https:\/\/secure.gravatar.com\/avatar\/b58f310a5de5feb33d1e026d2493f23c?s=96&d=mm&r=g\",\"contentUrl\":\"https:\/\/secure.gravatar.com\/avatar\/b58f310a5de5feb33d1e026d2493f23c?s=96&d=mm&r=g\",\"caption\":\"prensa2\"},\"url\":\"https:\/\/www.ull.es\/portal\/noticias\/author\/prensa2\/\"}]}<\/script>\n<!-- \/ Yoast SEO plugin. -->","yoast_head_json":{"title":"El grupo de artes esc\u00e9nicas Teatrofia busca actores y t\u00e9cnicos en la ULL para montar su nuevo espect\u00e1culo - ULL - Noticias","robots":{"index":"index","follow":"follow","max-snippet":"max-snippet:-1","max-image-preview":"max-image-preview:large","max-video-preview":"max-video-preview:-1"},"canonical":"https:\/\/www.ull.es\/portal\/noticias\/2010\/el-grupo-de-artes-escenicas-teatrofia-busca-actores-y-tecnicos-en-la-ull-para-montar-su-nuevo-espectaculo\/","og_locale":"es_ES","og_type":"article","og_title":"El grupo de artes esc\u00e9nicas Teatrofia busca actores y t\u00e9cnicos en la ULL para montar su nuevo espect\u00e1culo - ULL - Noticias","og_description":"Teatrofia, grupo de artes esc&eacute;nicas tinerfe&ntilde;o con m&aacute;s de diez a&ntilde;os de trayectoria, ha abierto una convocatoria para buscar actores...","og_url":"https:\/\/www.ull.es\/portal\/noticias\/2010\/el-grupo-de-artes-escenicas-teatrofia-busca-actores-y-tecnicos-en-la-ull-para-montar-su-nuevo-espectaculo\/","og_site_name":"ULL - Noticias","article_publisher":"https:\/\/www.facebook.com\/universidaddelalaguna\/","article_published_time":"2010-03-19T00:00:00+00:00","og_image":[{"width":1200,"height":630,"url":"https:\/\/www.ull.es\/portal\/noticias\/wp-content\/uploads\/sites\/13\/2023\/06\/logo-redimensionado.png","type":"image\/png"}],"author":"prensa2","twitter_card":"summary_large_image","twitter_creator":"@CanalULL","twitter_site":"@CanalULL","twitter_misc":{"Escrito por":"prensa2","Tiempo de lectura":"2 minutos"},"schema":{"@context":"https:\/\/schema.org","@graph":[{"@type":"WebPage","@id":"https:\/\/www.ull.es\/portal\/noticias\/2010\/el-grupo-de-artes-escenicas-teatrofia-busca-actores-y-tecnicos-en-la-ull-para-montar-su-nuevo-espectaculo\/","url":"https:\/\/www.ull.es\/portal\/noticias\/2010\/el-grupo-de-artes-escenicas-teatrofia-busca-actores-y-tecnicos-en-la-ull-para-montar-su-nuevo-espectaculo\/","name":"El grupo de artes esc\u00e9nicas Teatrofia busca actores y t\u00e9cnicos en la ULL para montar su nuevo espect\u00e1culo - ULL - Noticias","isPartOf":{"@id":"https:\/\/www.ull.es\/portal\/noticias\/#website"},"datePublished":"2010-03-19T00:00:00+00:00","dateModified":"2010-03-19T00:00:00+00:00","author":{"@id":"https:\/\/www.ull.es\/portal\/noticias\/#\/schema\/person\/c3b2aa857797592927a03740d6664376"},"breadcrumb":{"@id":"https:\/\/www.ull.es\/portal\/noticias\/2010\/el-grupo-de-artes-escenicas-teatrofia-busca-actores-y-tecnicos-en-la-ull-para-montar-su-nuevo-espectaculo\/#breadcrumb"},"inLanguage":"es","potentialAction":[{"@type":"ReadAction","target":["https:\/\/www.ull.es\/portal\/noticias\/2010\/el-grupo-de-artes-escenicas-teatrofia-busca-actores-y-tecnicos-en-la-ull-para-montar-su-nuevo-espectaculo\/"]}]},{"@type":"BreadcrumbList","@id":"https:\/\/www.ull.es\/portal\/noticias\/2010\/el-grupo-de-artes-escenicas-teatrofia-busca-actores-y-tecnicos-en-la-ull-para-montar-su-nuevo-espectaculo\/#breadcrumb","itemListElement":[{"@type":"ListItem","position":1,"name":"Portada","item":"https:\/\/www.ull.es\/portal\/noticias\/"},{"@type":"ListItem","position":2,"name":"El grupo de artes esc\u00e9nicas Teatrofia busca actores y t\u00e9cnicos en la ULL para montar su nuevo espect\u00e1culo"}]},{"@type":"WebSite","@id":"https:\/\/www.ull.es\/portal\/noticias\/#website","url":"https:\/\/www.ull.es\/portal\/noticias\/","name":"ULL - Noticias","description":"","potentialAction":[{"@type":"SearchAction","target":{"@type":"EntryPoint","urlTemplate":"https:\/\/www.ull.es\/portal\/noticias\/?s={search_term_string}"},"query-input":"required name=search_term_string"}],"inLanguage":"es"},{"@type":"Person","@id":"https:\/\/www.ull.es\/portal\/noticias\/#\/schema\/person\/c3b2aa857797592927a03740d6664376","name":"prensa2","image":{"@type":"ImageObject","inLanguage":"es","@id":"https:\/\/www.ull.es\/portal\/noticias\/#\/schema\/person\/image\/","url":"https:\/\/secure.gravatar.com\/avatar\/b58f310a5de5feb33d1e026d2493f23c?s=96&d=mm&r=g","contentUrl":"https:\/\/secure.gravatar.com\/avatar\/b58f310a5de5feb33d1e026d2493f23c?s=96&d=mm&r=g","caption":"prensa2"},"url":"https:\/\/www.ull.es\/portal\/noticias\/author\/prensa2\/"}]}},"primary_category":null,"featured_image_thumbnail_url":null,"_links":{"self":[{"href":"https:\/\/www.ull.es\/portal\/noticias\/wp-json\/wp\/v2\/posts\/15326"}],"collection":[{"href":"https:\/\/www.ull.es\/portal\/noticias\/wp-json\/wp\/v2\/posts"}],"about":[{"href":"https:\/\/www.ull.es\/portal\/noticias\/wp-json\/wp\/v2\/types\/post"}],"author":[{"embeddable":true,"href":"https:\/\/www.ull.es\/portal\/noticias\/wp-json\/wp\/v2\/users\/21"}],"replies":[{"embeddable":true,"href":"https:\/\/www.ull.es\/portal\/noticias\/wp-json\/wp\/v2\/comments?post=15326"}],"version-history":[{"count":0,"href":"https:\/\/www.ull.es\/portal\/noticias\/wp-json\/wp\/v2\/posts\/15326\/revisions"}],"wp:attachment":[{"href":"https:\/\/www.ull.es\/portal\/noticias\/wp-json\/wp\/v2\/media?parent=15326"}],"wp:term":[{"taxonomy":"category","embeddable":true,"href":"https:\/\/www.ull.es\/portal\/noticias\/wp-json\/wp\/v2\/categories?post=15326"},{"taxonomy":"post_tag","embeddable":true,"href":"https:\/\/www.ull.es\/portal\/noticias\/wp-json\/wp\/v2\/tags?post=15326"}],"curies":[{"name":"wp","href":"https:\/\/api.w.org\/{rel}","templated":true}]}}