{"id":16234,"date":"2008-03-05T00:00:00","date_gmt":"2008-03-05T00:00:00","guid":{"rendered":"http:\/\/ddigital.webs.ull.es\/la-facultad-de-psicologa-celebr-el-da-de-su-patrn-juan-huarte-de-san-juan\/"},"modified":"2008-03-05T00:00:00","modified_gmt":"2008-03-05T00:00:00","slug":"la-facultad-de-psicologa-celebr-el-da-de-su-patrn-juan-huarte-de-san-juan","status":"publish","type":"post","link":"https:\/\/www.ull.es\/portal\/noticias\/2008\/la-facultad-de-psicologa-celebr-el-da-de-su-patrn-juan-huarte-de-san-juan\/","title":{"rendered":"La Facultad de Psicolog\u00eda celebr\u00f3 el d\u00eda de su patr\u00f3n, Juan Huarte de San Juan"},"content":{"rendered":"<p>En estos d&iacute;as la Facultad de Psicolog&iacute;a de la Universidad de La Laguna ha celebrado el d&iacute;a de su patr&oacute;n, Juan Huarte de San Juan. Durante la semana del 3 al6 de marzo se acoger&aacute;n diferentes conferencias en la Sala de Audiovisuales del centro, en sesiones de ma&ntilde;ana y tarde sobre temas de inter&eacute;s y de actualidad en el &aacute;mbito de la Psicolog&iacute;a.<\/p>\n<p><P>Algunas ponencias se centraron en la inserci&oacute;n del alumnado en el mercado laboral o sobre la investigaci&oacute;n en el &aacute;mbito de las neurociencias o en el procesamiento de caras con distintas expresiones emocionales.<\/P><P>La primera de las conferencias celebradas vers&oacute; sobre las Reflexiones en torno a la facultad de Psicolog&iacute;a: pasado, presente y futuro y cont&oacute; con la participaci&oacute;n de varios de los decanos de la facultad. En este encuentro se coincidi&oacute; en la necesidad de analizar un pasado de construcci&oacute;n de la disciplina de la Psicolog&iacute;a fundamentada en una importante producci&oacute;n cient&iacute;fica y una docencia de calidad. <\/P><P>Unidos a estos dos pilares, destacaron en el presente la vertiente profesionalizadora y su aplicaci&oacute;n en diferentes campos de trabajo para la inserci&oacute;n de los futuros psic&oacute;logos. La mirada hacia el futuro se centr&oacute; en el dise&ntilde;o de los nuevos grados adaptados al espacio europeo y la oferta de los posgrados, que desde el centro ya es una realidad con tres titulaciones distintas que dan una idea del esfuerzo de avance que se intenta desde aqu&iacute;, seg&uacute;n se&ntilde;al&oacute; su decano, Hip&oacute;lito Marrero. <\/P><P>Los decanos de anteriores mandatos y que se encontraban presentes en el centro concluyeron en la necesidad de seguir forjando lo que se construy&oacute; en el pasado: producci&oacute;n cient&iacute;fica, docencia de calidad y una adecuada aplicaci&oacute;n profesionalizadora de la psicolog&iacute;a. Para ello se hace necesario un Plan estrat&eacute;gico de la Facultad de Psicolog&iacute;a basado en datos objetivos sobre calidad de docencia, empleabilidad de los estudios de Logopedia y Psicolog&iacute;a en nuestro &aacute;mbito geogr&aacute;fico, tasas de eficiencia y abandono de los alumnos a lo largo de la carrera, adaptaci&oacute;n de los planes de estudio a las exigencias sociales y laborales, etc. <\/P><P>Los decanos all&iacute; presentes estuvieron de acuerdo en que este plan tendr&aacute; que ser llevado a cabo desde la propia facultad sin esperar a que agentes externos lo elaboren. Para ello, se cuenta con la experiencia de haber sometido los estudios a un proceso de autoevaluaci&oacute;n en el a&ntilde;o 2004 que desemboc&oacute; en una evaluaci&oacute;n externa posterior. Concluyeron con que la idea de Plan Estrat&eacute;gico tiene que cuajar entre los distintos agentes acad&eacute;micos de la Facultad de Psicolog&iacute;a porque s&oacute;lo sabiendo los que hacemos bien y lo que hacemos mal podremos mejorar. <BR><\/P><\/p>\n","protected":false},"excerpt":{"rendered":"<p>En estos d&iacute;as la Facultad de Psicolog&iacute;a de la Universidad de La Laguna ha celebrado el d&iacute;a de su patr&oacute;n,&#8230;<\/p>\n","protected":false},"author":21,"featured_media":16235,"comment_status":"open","ping_status":"open","sticky":false,"template":"","format":"standard","meta":{"inline_featured_image":false,"footnotes":""},"categories":[348],"tags":[],"acf":[],"yoast_head":"<!-- This site is optimized with the Yoast SEO plugin v21.3 - https:\/\/yoast.com\/wordpress\/plugins\/seo\/ -->\n<title>La Facultad de Psicolog\u00eda celebr\u00f3 el d\u00eda de su patr\u00f3n, Juan Huarte de San Juan - ULL - Noticias<\/title>\n<meta name=\"robots\" content=\"index, follow, max-snippet:-1, max-image-preview:large, max-video-preview:-1\" \/>\n<link rel=\"canonical\" href=\"https:\/\/www.ull.es\/portal\/noticias\/2008\/la-facultad-de-psicologa-celebr-el-da-de-su-patrn-juan-huarte-de-san-juan\/\" \/>\n<meta property=\"og:locale\" content=\"es_ES\" \/>\n<meta property=\"og:type\" content=\"article\" \/>\n<meta property=\"og:title\" content=\"La Facultad de Psicolog\u00eda celebr\u00f3 el d\u00eda de su patr\u00f3n, Juan Huarte de San Juan - ULL - Noticias\" \/>\n<meta property=\"og:description\" content=\"En estos d&iacute;as la Facultad de Psicolog&iacute;a de la Universidad de La Laguna ha celebrado el d&iacute;a de su patr&oacute;n,...\" \/>\n<meta property=\"og:url\" content=\"https:\/\/www.ull.es\/portal\/noticias\/2008\/la-facultad-de-psicologa-celebr-el-da-de-su-patrn-juan-huarte-de-san-juan\/\" \/>\n<meta property=\"og:site_name\" content=\"ULL - Noticias\" \/>\n<meta property=\"article:publisher\" content=\"https:\/\/www.facebook.com\/universidaddelalaguna\/\" \/>\n<meta property=\"article:published_time\" content=\"2008-03-05T00:00:00+00:00\" \/>\n<meta property=\"og:image\" content=\"https:\/\/www.ull.es\/portal\/noticias\/wp-content\/uploads\/sites\/13\/2015\/07\/patron_psicologia.jpg\" \/>\n\t<meta property=\"og:image:width\" content=\"800\" \/>\n\t<meta property=\"og:image:height\" content=\"600\" \/>\n\t<meta property=\"og:image:type\" content=\"image\/jpeg\" \/>\n<meta name=\"author\" content=\"prensa2\" \/>\n<meta name=\"twitter:card\" content=\"summary_large_image\" \/>\n<meta name=\"twitter:creator\" content=\"@CanalULL\" \/>\n<meta name=\"twitter:site\" content=\"@CanalULL\" \/>\n<meta name=\"twitter:label1\" content=\"Escrito por\" \/>\n\t<meta name=\"twitter:data1\" content=\"prensa2\" \/>\n\t<meta name=\"twitter:label2\" content=\"Tiempo de lectura\" \/>\n\t<meta name=\"twitter:data2\" content=\"3 minutos\" \/>\n<script type=\"application\/ld+json\" class=\"yoast-schema-graph\">{\"@context\":\"https:\/\/schema.org\",\"@graph\":[{\"@type\":\"WebPage\",\"@id\":\"https:\/\/www.ull.es\/portal\/noticias\/2008\/la-facultad-de-psicologa-celebr-el-da-de-su-patrn-juan-huarte-de-san-juan\/\",\"url\":\"https:\/\/www.ull.es\/portal\/noticias\/2008\/la-facultad-de-psicologa-celebr-el-da-de-su-patrn-juan-huarte-de-san-juan\/\",\"name\":\"La Facultad de Psicolog\u00eda celebr\u00f3 el d\u00eda de su patr\u00f3n, Juan Huarte de San Juan - ULL - Noticias\",\"isPartOf\":{\"@id\":\"https:\/\/www.ull.es\/portal\/noticias\/#website\"},\"datePublished\":\"2008-03-05T00:00:00+00:00\",\"dateModified\":\"2008-03-05T00:00:00+00:00\",\"author\":{\"@id\":\"https:\/\/www.ull.es\/portal\/noticias\/#\/schema\/person\/c3b2aa857797592927a03740d6664376\"},\"breadcrumb\":{\"@id\":\"https:\/\/www.ull.es\/portal\/noticias\/2008\/la-facultad-de-psicologa-celebr-el-da-de-su-patrn-juan-huarte-de-san-juan\/#breadcrumb\"},\"inLanguage\":\"es\",\"potentialAction\":[{\"@type\":\"ReadAction\",\"target\":[\"https:\/\/www.ull.es\/portal\/noticias\/2008\/la-facultad-de-psicologa-celebr-el-da-de-su-patrn-juan-huarte-de-san-juan\/\"]}]},{\"@type\":\"BreadcrumbList\",\"@id\":\"https:\/\/www.ull.es\/portal\/noticias\/2008\/la-facultad-de-psicologa-celebr-el-da-de-su-patrn-juan-huarte-de-san-juan\/#breadcrumb\",\"itemListElement\":[{\"@type\":\"ListItem\",\"position\":1,\"name\":\"Portada\",\"item\":\"https:\/\/www.ull.es\/portal\/noticias\/\"},{\"@type\":\"ListItem\",\"position\":2,\"name\":\"La Facultad de Psicolog\u00eda celebr\u00f3 el d\u00eda de su patr\u00f3n, Juan Huarte de San Juan\"}]},{\"@type\":\"WebSite\",\"@id\":\"https:\/\/www.ull.es\/portal\/noticias\/#website\",\"url\":\"https:\/\/www.ull.es\/portal\/noticias\/\",\"name\":\"ULL - Noticias\",\"description\":\"\",\"potentialAction\":[{\"@type\":\"SearchAction\",\"target\":{\"@type\":\"EntryPoint\",\"urlTemplate\":\"https:\/\/www.ull.es\/portal\/noticias\/?s={search_term_string}\"},\"query-input\":\"required name=search_term_string\"}],\"inLanguage\":\"es\"},{\"@type\":\"Person\",\"@id\":\"https:\/\/www.ull.es\/portal\/noticias\/#\/schema\/person\/c3b2aa857797592927a03740d6664376\",\"name\":\"prensa2\",\"image\":{\"@type\":\"ImageObject\",\"inLanguage\":\"es\",\"@id\":\"https:\/\/www.ull.es\/portal\/noticias\/#\/schema\/person\/image\/\",\"url\":\"https:\/\/secure.gravatar.com\/avatar\/b58f310a5de5feb33d1e026d2493f23c?s=96&d=mm&r=g\",\"contentUrl\":\"https:\/\/secure.gravatar.com\/avatar\/b58f310a5de5feb33d1e026d2493f23c?s=96&d=mm&r=g\",\"caption\":\"prensa2\"},\"url\":\"https:\/\/www.ull.es\/portal\/noticias\/author\/prensa2\/\"}]}<\/script>\n<!-- \/ Yoast SEO plugin. -->","yoast_head_json":{"title":"La Facultad de Psicolog\u00eda celebr\u00f3 el d\u00eda de su patr\u00f3n, Juan Huarte de San Juan - ULL - Noticias","robots":{"index":"index","follow":"follow","max-snippet":"max-snippet:-1","max-image-preview":"max-image-preview:large","max-video-preview":"max-video-preview:-1"},"canonical":"https:\/\/www.ull.es\/portal\/noticias\/2008\/la-facultad-de-psicologa-celebr-el-da-de-su-patrn-juan-huarte-de-san-juan\/","og_locale":"es_ES","og_type":"article","og_title":"La Facultad de Psicolog\u00eda celebr\u00f3 el d\u00eda de su patr\u00f3n, Juan Huarte de San Juan - ULL - Noticias","og_description":"En estos d&iacute;as la Facultad de Psicolog&iacute;a de la Universidad de La Laguna ha celebrado el d&iacute;a de su patr&oacute;n,...","og_url":"https:\/\/www.ull.es\/portal\/noticias\/2008\/la-facultad-de-psicologa-celebr-el-da-de-su-patrn-juan-huarte-de-san-juan\/","og_site_name":"ULL - Noticias","article_publisher":"https:\/\/www.facebook.com\/universidaddelalaguna\/","article_published_time":"2008-03-05T00:00:00+00:00","og_image":[{"width":800,"height":600,"url":"https:\/\/www.ull.es\/portal\/noticias\/wp-content\/uploads\/sites\/13\/2015\/07\/patron_psicologia.jpg","type":"image\/jpeg"}],"author":"prensa2","twitter_card":"summary_large_image","twitter_creator":"@CanalULL","twitter_site":"@CanalULL","twitter_misc":{"Escrito por":"prensa2","Tiempo de lectura":"3 minutos"},"schema":{"@context":"https:\/\/schema.org","@graph":[{"@type":"WebPage","@id":"https:\/\/www.ull.es\/portal\/noticias\/2008\/la-facultad-de-psicologa-celebr-el-da-de-su-patrn-juan-huarte-de-san-juan\/","url":"https:\/\/www.ull.es\/portal\/noticias\/2008\/la-facultad-de-psicologa-celebr-el-da-de-su-patrn-juan-huarte-de-san-juan\/","name":"La Facultad de Psicolog\u00eda celebr\u00f3 el d\u00eda de su patr\u00f3n, Juan Huarte de San Juan - ULL - Noticias","isPartOf":{"@id":"https:\/\/www.ull.es\/portal\/noticias\/#website"},"datePublished":"2008-03-05T00:00:00+00:00","dateModified":"2008-03-05T00:00:00+00:00","author":{"@id":"https:\/\/www.ull.es\/portal\/noticias\/#\/schema\/person\/c3b2aa857797592927a03740d6664376"},"breadcrumb":{"@id":"https:\/\/www.ull.es\/portal\/noticias\/2008\/la-facultad-de-psicologa-celebr-el-da-de-su-patrn-juan-huarte-de-san-juan\/#breadcrumb"},"inLanguage":"es","potentialAction":[{"@type":"ReadAction","target":["https:\/\/www.ull.es\/portal\/noticias\/2008\/la-facultad-de-psicologa-celebr-el-da-de-su-patrn-juan-huarte-de-san-juan\/"]}]},{"@type":"BreadcrumbList","@id":"https:\/\/www.ull.es\/portal\/noticias\/2008\/la-facultad-de-psicologa-celebr-el-da-de-su-patrn-juan-huarte-de-san-juan\/#breadcrumb","itemListElement":[{"@type":"ListItem","position":1,"name":"Portada","item":"https:\/\/www.ull.es\/portal\/noticias\/"},{"@type":"ListItem","position":2,"name":"La Facultad de Psicolog\u00eda celebr\u00f3 el d\u00eda de su patr\u00f3n, Juan Huarte de San Juan"}]},{"@type":"WebSite","@id":"https:\/\/www.ull.es\/portal\/noticias\/#website","url":"https:\/\/www.ull.es\/portal\/noticias\/","name":"ULL - Noticias","description":"","potentialAction":[{"@type":"SearchAction","target":{"@type":"EntryPoint","urlTemplate":"https:\/\/www.ull.es\/portal\/noticias\/?s={search_term_string}"},"query-input":"required name=search_term_string"}],"inLanguage":"es"},{"@type":"Person","@id":"https:\/\/www.ull.es\/portal\/noticias\/#\/schema\/person\/c3b2aa857797592927a03740d6664376","name":"prensa2","image":{"@type":"ImageObject","inLanguage":"es","@id":"https:\/\/www.ull.es\/portal\/noticias\/#\/schema\/person\/image\/","url":"https:\/\/secure.gravatar.com\/avatar\/b58f310a5de5feb33d1e026d2493f23c?s=96&d=mm&r=g","contentUrl":"https:\/\/secure.gravatar.com\/avatar\/b58f310a5de5feb33d1e026d2493f23c?s=96&d=mm&r=g","caption":"prensa2"},"url":"https:\/\/www.ull.es\/portal\/noticias\/author\/prensa2\/"}]}},"primary_category":null,"featured_image_thumbnail_url":"https:\/\/www.ull.es\/portal\/noticias\/wp-content\/uploads\/sites\/13\/2015\/07\/patron_psicologia-300x225.jpg","_links":{"self":[{"href":"https:\/\/www.ull.es\/portal\/noticias\/wp-json\/wp\/v2\/posts\/16234"}],"collection":[{"href":"https:\/\/www.ull.es\/portal\/noticias\/wp-json\/wp\/v2\/posts"}],"about":[{"href":"https:\/\/www.ull.es\/portal\/noticias\/wp-json\/wp\/v2\/types\/post"}],"author":[{"embeddable":true,"href":"https:\/\/www.ull.es\/portal\/noticias\/wp-json\/wp\/v2\/users\/21"}],"replies":[{"embeddable":true,"href":"https:\/\/www.ull.es\/portal\/noticias\/wp-json\/wp\/v2\/comments?post=16234"}],"version-history":[{"count":0,"href":"https:\/\/www.ull.es\/portal\/noticias\/wp-json\/wp\/v2\/posts\/16234\/revisions"}],"wp:featuredmedia":[{"embeddable":true,"href":"https:\/\/www.ull.es\/portal\/noticias\/wp-json\/wp\/v2\/media\/16235"}],"wp:attachment":[{"href":"https:\/\/www.ull.es\/portal\/noticias\/wp-json\/wp\/v2\/media?parent=16234"}],"wp:term":[{"taxonomy":"category","embeddable":true,"href":"https:\/\/www.ull.es\/portal\/noticias\/wp-json\/wp\/v2\/categories?post=16234"},{"taxonomy":"post_tag","embeddable":true,"href":"https:\/\/www.ull.es\/portal\/noticias\/wp-json\/wp\/v2\/tags?post=16234"}],"curies":[{"name":"wp","href":"https:\/\/api.w.org\/{rel}","templated":true}]}}