{"id":16264,"date":"2008-04-10T00:00:00","date_gmt":"2008-04-10T00:00:00","guid":{"rendered":"http:\/\/ddigital.webs.ull.es\/domnech-la-universidad-aspira-a-convertirse-en-un-actor-estratgico-en-la-reflexin-sobre-la-inmigracin\/"},"modified":"2008-04-10T00:00:00","modified_gmt":"2008-04-10T00:00:00","slug":"domnech-la-universidad-aspira-a-convertirse-en-un-actor-estratgico-en-la-reflexin-sobre-la-inmigracin","status":"publish","type":"post","link":"https:\/\/www.ull.es\/portal\/noticias\/2008\/domnech-la-universidad-aspira-a-convertirse-en-un-actor-estratgico-en-la-reflexin-sobre-la-inmigracin\/","title":{"rendered":"Dom\u00e9nech: La universidad aspira a convertirse en un actor estrat\u00e9gico en la reflexi\u00f3n sobre la inmigraci\u00f3n"},"content":{"rendered":"<p>El rector de la Universidad de La Laguna, Eduardo Dom&eacute;nech Mart&iacute;nez, fue el encargado de abrir el Foro Universidad y Sociedad que la instituci&oacute;n acad&eacute;mica organiz&oacute; el pasado 9 de abril para analizar La ciudadan&iacute;a ante el reto de la inmigraci&oacute;n en Canarias. Su intervenci&oacute;n llevaba por t&iacute;tulo El papel de la Universidad en la comprensi&oacute;n de la nueva realidad migratoria, y en ella expuso el compromiso institucional con este y otros asuntos: La Universidad aspira a convertirse en un actor estrat&eacute;gico para la reflexi&oacute;n y el debate acerca de los temas de mayor trascendencia social: la inmigraci&oacute;n lo es en este momento y sin duda lo seguir&aacute; siendo en el futuro, afirm&oacute;.<\/p>\n<p><P>Antes de tal afirmaci&oacute;n, el m&aacute;ximo dirigente de la ULL hab&iacute;a recordado las diferentes acciones que la instituci&oacute;n acad&eacute;mica ha desarrollado durante los &uacute;ltimos tiempos en torno a la inmigraci&oacute;n: congresos, jornadas, seminarios, encuentros y reuniones cient&iacute;ficas; cursos de distinta tem&aacute;tica; proyectos de investigaci&oacute;n b&aacute;sica y estudios aplicados; tesis doctorales y publicaciones cient&iacute;ficas sobre diversos aspectos de la inmigraci&oacute;n; y la creaci&oacute;n, conjuntamente con el Cabildo, del Observatorio de la Inmigraci&oacute;n en Tenerife (Obiten). Es posible afirmar, entonces, que la atenci&oacute;n de la universidad ha ido paralela a la propia amplificaci&oacute;n del fen&oacute;meno y sus implicaciones, adelant&aacute;ndose incluso a sus tendencias en algunas oportunidades.<\/P><P>Dom&eacute;nech recalc&oacute; que la inmigraci&oacute;n es un reto que debe afrontar la comunidad acad&eacute;mica, en especial el alumnado: Los actuales y futuros estudiantes universitarios ser&aacute;n ciudadanos, lo son de hecho ya, con una creciente responsabilidad, porque tendr&aacute;n que interactuar en una sociedad m&aacute;s diversa y por lo tanto m&aacute;s compleja. Por eso es fundamental apostar por la evoluci&oacute;n de una formaci&oacute;n superior comprometida y de calidad, desarrollada en un contexto universitario rico en valores.<\/P><P>En este sentido, el rector consider&oacute; que el proceso de Convergencia Europea puede ser id&oacute;neo para incorporar a las nuevas titulaciones actualmente en dise&ntilde;o contenidos como migraciones, convivencia, ciudadan&iacute;a, y otras cuestiones afines. Tambi&eacute;n abog&oacute; por seguir desarrollando las iniciativas de investigaci&oacute;n y debate sobre este asunto, potenci&aacute;ndolas m&aacute;s si cabe, con el fin de hacer patente el compromiso social de la ULL.<\/P><P>Como muestra del af&aacute;n colaborador de la instituci&oacute;n, el rector record&oacute; que muchos de los participantes en el foro Universidad Sociedad son componentes del Foro Canario de la Inmigraci&oacute;n, por lo que invit&oacute; a que alguna reuni&oacute;n de dicho &oacute;rgano se celebre en alg&uacute;n recinto de la ULL.<\/P><\/p>\n","protected":false},"excerpt":{"rendered":"<p>El rector de la Universidad de La Laguna, Eduardo Dom&eacute;nech Mart&iacute;nez, fue el encargado de abrir el Foro Universidad y&#8230;<\/p>\n","protected":false},"author":21,"featured_media":16265,"comment_status":"open","ping_status":"open","sticky":false,"template":"","format":"standard","meta":{"inline_featured_image":false,"footnotes":""},"categories":[348],"tags":[],"acf":[],"yoast_head":"<!-- This site is optimized with the Yoast SEO plugin v21.3 - https:\/\/yoast.com\/wordpress\/plugins\/seo\/ -->\n<title>Dom\u00e9nech: La universidad aspira a convertirse en un actor estrat\u00e9gico en la reflexi\u00f3n sobre la inmigraci\u00f3n - ULL - Noticias<\/title>\n<meta name=\"robots\" content=\"index, follow, max-snippet:-1, max-image-preview:large, max-video-preview:-1\" \/>\n<link rel=\"canonical\" href=\"https:\/\/www.ull.es\/portal\/noticias\/2008\/domnech-la-universidad-aspira-a-convertirse-en-un-actor-estratgico-en-la-reflexin-sobre-la-inmigracin\/\" \/>\n<meta property=\"og:locale\" content=\"es_ES\" \/>\n<meta property=\"og:type\" content=\"article\" \/>\n<meta property=\"og:title\" content=\"Dom\u00e9nech: La universidad aspira a convertirse en un actor estrat\u00e9gico en la reflexi\u00f3n sobre la inmigraci\u00f3n - ULL - Noticias\" \/>\n<meta property=\"og:description\" content=\"El rector de la Universidad de La Laguna, Eduardo Dom&eacute;nech Mart&iacute;nez, fue el encargado de abrir el Foro Universidad y...\" \/>\n<meta property=\"og:url\" content=\"https:\/\/www.ull.es\/portal\/noticias\/2008\/domnech-la-universidad-aspira-a-convertirse-en-un-actor-estratgico-en-la-reflexin-sobre-la-inmigracin\/\" \/>\n<meta property=\"og:site_name\" content=\"ULL - Noticias\" \/>\n<meta property=\"article:publisher\" content=\"https:\/\/www.facebook.com\/universidaddelalaguna\/\" \/>\n<meta property=\"article:published_time\" content=\"2008-04-10T00:00:00+00:00\" \/>\n<meta property=\"og:image\" content=\"https:\/\/www.ull.es\/portal\/noticias\/wp-content\/uploads\/sites\/13\/2015\/07\/forus_rector.jpg\" \/>\n\t<meta property=\"og:image:width\" content=\"800\" \/>\n\t<meta property=\"og:image:height\" content=\"534\" \/>\n\t<meta property=\"og:image:type\" content=\"image\/jpeg\" \/>\n<meta name=\"author\" content=\"prensa2\" \/>\n<meta name=\"twitter:card\" content=\"summary_large_image\" \/>\n<meta name=\"twitter:creator\" content=\"@CanalULL\" \/>\n<meta name=\"twitter:site\" content=\"@CanalULL\" \/>\n<meta name=\"twitter:label1\" content=\"Escrito por\" \/>\n\t<meta name=\"twitter:data1\" content=\"prensa2\" \/>\n\t<meta name=\"twitter:label2\" content=\"Tiempo de lectura\" \/>\n\t<meta name=\"twitter:data2\" content=\"3 minutos\" \/>\n<script type=\"application\/ld+json\" class=\"yoast-schema-graph\">{\"@context\":\"https:\/\/schema.org\",\"@graph\":[{\"@type\":\"WebPage\",\"@id\":\"https:\/\/www.ull.es\/portal\/noticias\/2008\/domnech-la-universidad-aspira-a-convertirse-en-un-actor-estratgico-en-la-reflexin-sobre-la-inmigracin\/\",\"url\":\"https:\/\/www.ull.es\/portal\/noticias\/2008\/domnech-la-universidad-aspira-a-convertirse-en-un-actor-estratgico-en-la-reflexin-sobre-la-inmigracin\/\",\"name\":\"Dom\u00e9nech: La universidad aspira a convertirse en un actor estrat\u00e9gico en la reflexi\u00f3n sobre la inmigraci\u00f3n - ULL - Noticias\",\"isPartOf\":{\"@id\":\"https:\/\/www.ull.es\/portal\/noticias\/#website\"},\"datePublished\":\"2008-04-10T00:00:00+00:00\",\"dateModified\":\"2008-04-10T00:00:00+00:00\",\"author\":{\"@id\":\"https:\/\/www.ull.es\/portal\/noticias\/#\/schema\/person\/c3b2aa857797592927a03740d6664376\"},\"breadcrumb\":{\"@id\":\"https:\/\/www.ull.es\/portal\/noticias\/2008\/domnech-la-universidad-aspira-a-convertirse-en-un-actor-estratgico-en-la-reflexin-sobre-la-inmigracin\/#breadcrumb\"},\"inLanguage\":\"es\",\"potentialAction\":[{\"@type\":\"ReadAction\",\"target\":[\"https:\/\/www.ull.es\/portal\/noticias\/2008\/domnech-la-universidad-aspira-a-convertirse-en-un-actor-estratgico-en-la-reflexin-sobre-la-inmigracin\/\"]}]},{\"@type\":\"BreadcrumbList\",\"@id\":\"https:\/\/www.ull.es\/portal\/noticias\/2008\/domnech-la-universidad-aspira-a-convertirse-en-un-actor-estratgico-en-la-reflexin-sobre-la-inmigracin\/#breadcrumb\",\"itemListElement\":[{\"@type\":\"ListItem\",\"position\":1,\"name\":\"Portada\",\"item\":\"https:\/\/www.ull.es\/portal\/noticias\/\"},{\"@type\":\"ListItem\",\"position\":2,\"name\":\"Dom\u00e9nech: La universidad aspira a convertirse en un actor estrat\u00e9gico en la reflexi\u00f3n sobre la inmigraci\u00f3n\"}]},{\"@type\":\"WebSite\",\"@id\":\"https:\/\/www.ull.es\/portal\/noticias\/#website\",\"url\":\"https:\/\/www.ull.es\/portal\/noticias\/\",\"name\":\"ULL - Noticias\",\"description\":\"\",\"potentialAction\":[{\"@type\":\"SearchAction\",\"target\":{\"@type\":\"EntryPoint\",\"urlTemplate\":\"https:\/\/www.ull.es\/portal\/noticias\/?s={search_term_string}\"},\"query-input\":\"required name=search_term_string\"}],\"inLanguage\":\"es\"},{\"@type\":\"Person\",\"@id\":\"https:\/\/www.ull.es\/portal\/noticias\/#\/schema\/person\/c3b2aa857797592927a03740d6664376\",\"name\":\"prensa2\",\"image\":{\"@type\":\"ImageObject\",\"inLanguage\":\"es\",\"@id\":\"https:\/\/www.ull.es\/portal\/noticias\/#\/schema\/person\/image\/\",\"url\":\"https:\/\/secure.gravatar.com\/avatar\/b58f310a5de5feb33d1e026d2493f23c?s=96&d=mm&r=g\",\"contentUrl\":\"https:\/\/secure.gravatar.com\/avatar\/b58f310a5de5feb33d1e026d2493f23c?s=96&d=mm&r=g\",\"caption\":\"prensa2\"},\"url\":\"https:\/\/www.ull.es\/portal\/noticias\/author\/prensa2\/\"}]}<\/script>\n<!-- \/ Yoast SEO plugin. -->","yoast_head_json":{"title":"Dom\u00e9nech: La universidad aspira a convertirse en un actor estrat\u00e9gico en la reflexi\u00f3n sobre la inmigraci\u00f3n - ULL - Noticias","robots":{"index":"index","follow":"follow","max-snippet":"max-snippet:-1","max-image-preview":"max-image-preview:large","max-video-preview":"max-video-preview:-1"},"canonical":"https:\/\/www.ull.es\/portal\/noticias\/2008\/domnech-la-universidad-aspira-a-convertirse-en-un-actor-estratgico-en-la-reflexin-sobre-la-inmigracin\/","og_locale":"es_ES","og_type":"article","og_title":"Dom\u00e9nech: La universidad aspira a convertirse en un actor estrat\u00e9gico en la reflexi\u00f3n sobre la inmigraci\u00f3n - ULL - Noticias","og_description":"El rector de la Universidad de La Laguna, Eduardo Dom&eacute;nech Mart&iacute;nez, fue el encargado de abrir el Foro Universidad y...","og_url":"https:\/\/www.ull.es\/portal\/noticias\/2008\/domnech-la-universidad-aspira-a-convertirse-en-un-actor-estratgico-en-la-reflexin-sobre-la-inmigracin\/","og_site_name":"ULL - Noticias","article_publisher":"https:\/\/www.facebook.com\/universidaddelalaguna\/","article_published_time":"2008-04-10T00:00:00+00:00","og_image":[{"width":800,"height":534,"url":"https:\/\/www.ull.es\/portal\/noticias\/wp-content\/uploads\/sites\/13\/2015\/07\/forus_rector.jpg","type":"image\/jpeg"}],"author":"prensa2","twitter_card":"summary_large_image","twitter_creator":"@CanalULL","twitter_site":"@CanalULL","twitter_misc":{"Escrito por":"prensa2","Tiempo de lectura":"3 minutos"},"schema":{"@context":"https:\/\/schema.org","@graph":[{"@type":"WebPage","@id":"https:\/\/www.ull.es\/portal\/noticias\/2008\/domnech-la-universidad-aspira-a-convertirse-en-un-actor-estratgico-en-la-reflexin-sobre-la-inmigracin\/","url":"https:\/\/www.ull.es\/portal\/noticias\/2008\/domnech-la-universidad-aspira-a-convertirse-en-un-actor-estratgico-en-la-reflexin-sobre-la-inmigracin\/","name":"Dom\u00e9nech: La universidad aspira a convertirse en un actor estrat\u00e9gico en la reflexi\u00f3n sobre la inmigraci\u00f3n - ULL - Noticias","isPartOf":{"@id":"https:\/\/www.ull.es\/portal\/noticias\/#website"},"datePublished":"2008-04-10T00:00:00+00:00","dateModified":"2008-04-10T00:00:00+00:00","author":{"@id":"https:\/\/www.ull.es\/portal\/noticias\/#\/schema\/person\/c3b2aa857797592927a03740d6664376"},"breadcrumb":{"@id":"https:\/\/www.ull.es\/portal\/noticias\/2008\/domnech-la-universidad-aspira-a-convertirse-en-un-actor-estratgico-en-la-reflexin-sobre-la-inmigracin\/#breadcrumb"},"inLanguage":"es","potentialAction":[{"@type":"ReadAction","target":["https:\/\/www.ull.es\/portal\/noticias\/2008\/domnech-la-universidad-aspira-a-convertirse-en-un-actor-estratgico-en-la-reflexin-sobre-la-inmigracin\/"]}]},{"@type":"BreadcrumbList","@id":"https:\/\/www.ull.es\/portal\/noticias\/2008\/domnech-la-universidad-aspira-a-convertirse-en-un-actor-estratgico-en-la-reflexin-sobre-la-inmigracin\/#breadcrumb","itemListElement":[{"@type":"ListItem","position":1,"name":"Portada","item":"https:\/\/www.ull.es\/portal\/noticias\/"},{"@type":"ListItem","position":2,"name":"Dom\u00e9nech: La universidad aspira a convertirse en un actor estrat\u00e9gico en la reflexi\u00f3n sobre la inmigraci\u00f3n"}]},{"@type":"WebSite","@id":"https:\/\/www.ull.es\/portal\/noticias\/#website","url":"https:\/\/www.ull.es\/portal\/noticias\/","name":"ULL - Noticias","description":"","potentialAction":[{"@type":"SearchAction","target":{"@type":"EntryPoint","urlTemplate":"https:\/\/www.ull.es\/portal\/noticias\/?s={search_term_string}"},"query-input":"required name=search_term_string"}],"inLanguage":"es"},{"@type":"Person","@id":"https:\/\/www.ull.es\/portal\/noticias\/#\/schema\/person\/c3b2aa857797592927a03740d6664376","name":"prensa2","image":{"@type":"ImageObject","inLanguage":"es","@id":"https:\/\/www.ull.es\/portal\/noticias\/#\/schema\/person\/image\/","url":"https:\/\/secure.gravatar.com\/avatar\/b58f310a5de5feb33d1e026d2493f23c?s=96&d=mm&r=g","contentUrl":"https:\/\/secure.gravatar.com\/avatar\/b58f310a5de5feb33d1e026d2493f23c?s=96&d=mm&r=g","caption":"prensa2"},"url":"https:\/\/www.ull.es\/portal\/noticias\/author\/prensa2\/"}]}},"primary_category":null,"featured_image_thumbnail_url":"https:\/\/www.ull.es\/portal\/noticias\/wp-content\/uploads\/sites\/13\/2015\/07\/forus_rector-300x200.jpg","_links":{"self":[{"href":"https:\/\/www.ull.es\/portal\/noticias\/wp-json\/wp\/v2\/posts\/16264"}],"collection":[{"href":"https:\/\/www.ull.es\/portal\/noticias\/wp-json\/wp\/v2\/posts"}],"about":[{"href":"https:\/\/www.ull.es\/portal\/noticias\/wp-json\/wp\/v2\/types\/post"}],"author":[{"embeddable":true,"href":"https:\/\/www.ull.es\/portal\/noticias\/wp-json\/wp\/v2\/users\/21"}],"replies":[{"embeddable":true,"href":"https:\/\/www.ull.es\/portal\/noticias\/wp-json\/wp\/v2\/comments?post=16264"}],"version-history":[{"count":0,"href":"https:\/\/www.ull.es\/portal\/noticias\/wp-json\/wp\/v2\/posts\/16264\/revisions"}],"wp:featuredmedia":[{"embeddable":true,"href":"https:\/\/www.ull.es\/portal\/noticias\/wp-json\/wp\/v2\/media\/16265"}],"wp:attachment":[{"href":"https:\/\/www.ull.es\/portal\/noticias\/wp-json\/wp\/v2\/media?parent=16264"}],"wp:term":[{"taxonomy":"category","embeddable":true,"href":"https:\/\/www.ull.es\/portal\/noticias\/wp-json\/wp\/v2\/categories?post=16264"},{"taxonomy":"post_tag","embeddable":true,"href":"https:\/\/www.ull.es\/portal\/noticias\/wp-json\/wp\/v2\/tags?post=16264"}],"curies":[{"name":"wp","href":"https:\/\/api.w.org\/{rel}","templated":true}]}}