{"id":16267,"date":"2008-04-11T00:00:00","date_gmt":"2008-04-11T00:00:00","guid":{"rendered":"http:\/\/ddigital.webs.ull.es\/el-rectorado-tilda-de-antidemocrtica-la-actitud-de-amec-en-la-reunin-de-ayer-sobre-el-calendario-acadmico\/"},"modified":"2008-04-11T00:00:00","modified_gmt":"2008-04-11T00:00:00","slug":"el-rectorado-tilda-de-antidemocrtica-la-actitud-de-amec-en-la-reunin-de-ayer-sobre-el-calendario-acadmico","status":"publish","type":"post","link":"https:\/\/www.ull.es\/portal\/noticias\/2008\/el-rectorado-tilda-de-antidemocrtica-la-actitud-de-amec-en-la-reunin-de-ayer-sobre-el-calendario-acadmico\/","title":{"rendered":"El Rectorado tilda de antidemocr\u00e1tica la actitud de AMEC en la reuni\u00f3n de ayer sobre el calendario acad\u00e9mico"},"content":{"rendered":"<p>El Rectorado de la Universidad de La Laguna tacha de antidemocr&aacute;tica la actitud mostrada ayer jueves 10 de abril por el grupo claustral de alumnos AMEC, que irrumpi&oacute; en el Aula Magna de Guajara, donde la vicerrectora de Alumnado y el secretario general explicaban a los alumnos de este campus universitario las novedades que propone el nuevo modelo de calendario acad&eacute;mico.<\/p>\n<p><P>Los gritos y el ruido continuo impidieron que la vicerrectora de Alumnado, Juana Mar&iacute;a Rodr&iacute;guez, pudiera seguir hablando, lo que abort&oacute; tambi&eacute;n el turno de preguntas y dudas de los alumnos convocados a la sesi&oacute;n, procedente de las facultades de Geograf&iacute;a e Historia, Filolog&iacute;a, Psicolog&iacute;a y Periodismo, quienes se mantuvieron pacientemente sentados a la espera de que cesara el alboroto, lo que no sucedi&oacute;.<\/P><P>El Rectorado lamenta que el grupo claustral de alumnos que presume de asambleario y dialogante irrumpa en una reuni&oacute;n y rompa el di&aacute;logo, la posibilidad de discusi&oacute;n y de debate, por la fuerza de los gritos y los insultos, algo impropio en cualquier universitario.<\/P><P>Por otro lado, la instituci&oacute;n recuerda que la reforma del calendario acad&eacute;mico no es una iniciativa particular de esta universidad, sino que se trata de una acci&oacute;n emprendida por la mayor&iacute;a de las universidades espa&ntilde;olas con el objeto de adaptar su organizaci&oacute;n acad&eacute;mica a la del resto de centros de educaci&oacute;n superior europeos.<\/P><P>En cualquier caso, la propuesta del Rectorado, que deber&aacute; ahora refrendar tanto el Consejo de Gobierno como el Claustro Universitario, no supone un recorte de derechos del alumnado, como propugna AMEC, puesto que contempla y mantiene las tres convocatorias de ex&aacute;menes, aunque modifica sus fechas de celebraci&oacute;n puesto que el curso comenzar&iacute;a una semana antes de lo previsto.<\/P><\/p>\n","protected":false},"excerpt":{"rendered":"<p>El Rectorado de la Universidad de La Laguna tacha de antidemocr&aacute;tica la actitud mostrada ayer jueves 10 de abril por&#8230;<\/p>\n","protected":false},"author":21,"featured_media":0,"comment_status":"open","ping_status":"open","sticky":false,"template":"","format":"standard","meta":{"inline_featured_image":false,"footnotes":""},"categories":[348],"tags":[],"acf":[],"yoast_head":"<!-- This site is optimized with the Yoast SEO plugin v21.3 - https:\/\/yoast.com\/wordpress\/plugins\/seo\/ -->\n<title>El Rectorado tilda de antidemocr\u00e1tica la actitud de AMEC en la reuni\u00f3n de ayer sobre el calendario acad\u00e9mico - ULL - Noticias<\/title>\n<meta name=\"robots\" content=\"index, follow, max-snippet:-1, max-image-preview:large, max-video-preview:-1\" \/>\n<link rel=\"canonical\" href=\"https:\/\/www.ull.es\/portal\/noticias\/2008\/el-rectorado-tilda-de-antidemocrtica-la-actitud-de-amec-en-la-reunin-de-ayer-sobre-el-calendario-acadmico\/\" \/>\n<meta property=\"og:locale\" content=\"es_ES\" \/>\n<meta property=\"og:type\" content=\"article\" \/>\n<meta property=\"og:title\" content=\"El Rectorado tilda de antidemocr\u00e1tica la actitud de AMEC en la reuni\u00f3n de ayer sobre el calendario acad\u00e9mico - ULL - Noticias\" \/>\n<meta property=\"og:description\" content=\"El Rectorado de la Universidad de La Laguna tacha de antidemocr&aacute;tica la actitud mostrada ayer jueves 10 de abril por...\" \/>\n<meta property=\"og:url\" content=\"https:\/\/www.ull.es\/portal\/noticias\/2008\/el-rectorado-tilda-de-antidemocrtica-la-actitud-de-amec-en-la-reunin-de-ayer-sobre-el-calendario-acadmico\/\" \/>\n<meta property=\"og:site_name\" content=\"ULL - Noticias\" \/>\n<meta property=\"article:publisher\" content=\"https:\/\/www.facebook.com\/universidaddelalaguna\/\" \/>\n<meta property=\"article:published_time\" content=\"2008-04-11T00:00:00+00:00\" \/>\n<meta property=\"og:image\" content=\"https:\/\/www.ull.es\/portal\/noticias\/wp-content\/uploads\/sites\/13\/2023\/06\/logo-redimensionado.png\" \/>\n\t<meta property=\"og:image:width\" content=\"1200\" \/>\n\t<meta property=\"og:image:height\" content=\"630\" \/>\n\t<meta property=\"og:image:type\" content=\"image\/png\" \/>\n<meta name=\"author\" content=\"prensa2\" \/>\n<meta name=\"twitter:card\" content=\"summary_large_image\" \/>\n<meta name=\"twitter:creator\" content=\"@CanalULL\" \/>\n<meta name=\"twitter:site\" content=\"@CanalULL\" \/>\n<meta name=\"twitter:label1\" content=\"Escrito por\" \/>\n\t<meta name=\"twitter:data1\" content=\"prensa2\" \/>\n\t<meta name=\"twitter:label2\" content=\"Tiempo de lectura\" \/>\n\t<meta name=\"twitter:data2\" content=\"2 minutos\" \/>\n<script type=\"application\/ld+json\" class=\"yoast-schema-graph\">{\"@context\":\"https:\/\/schema.org\",\"@graph\":[{\"@type\":\"WebPage\",\"@id\":\"https:\/\/www.ull.es\/portal\/noticias\/2008\/el-rectorado-tilda-de-antidemocrtica-la-actitud-de-amec-en-la-reunin-de-ayer-sobre-el-calendario-acadmico\/\",\"url\":\"https:\/\/www.ull.es\/portal\/noticias\/2008\/el-rectorado-tilda-de-antidemocrtica-la-actitud-de-amec-en-la-reunin-de-ayer-sobre-el-calendario-acadmico\/\",\"name\":\"El Rectorado tilda de antidemocr\u00e1tica la actitud de AMEC en la reuni\u00f3n de ayer sobre el calendario acad\u00e9mico - ULL - Noticias\",\"isPartOf\":{\"@id\":\"https:\/\/www.ull.es\/portal\/noticias\/#website\"},\"datePublished\":\"2008-04-11T00:00:00+00:00\",\"dateModified\":\"2008-04-11T00:00:00+00:00\",\"author\":{\"@id\":\"https:\/\/www.ull.es\/portal\/noticias\/#\/schema\/person\/c3b2aa857797592927a03740d6664376\"},\"breadcrumb\":{\"@id\":\"https:\/\/www.ull.es\/portal\/noticias\/2008\/el-rectorado-tilda-de-antidemocrtica-la-actitud-de-amec-en-la-reunin-de-ayer-sobre-el-calendario-acadmico\/#breadcrumb\"},\"inLanguage\":\"es\",\"potentialAction\":[{\"@type\":\"ReadAction\",\"target\":[\"https:\/\/www.ull.es\/portal\/noticias\/2008\/el-rectorado-tilda-de-antidemocrtica-la-actitud-de-amec-en-la-reunin-de-ayer-sobre-el-calendario-acadmico\/\"]}]},{\"@type\":\"BreadcrumbList\",\"@id\":\"https:\/\/www.ull.es\/portal\/noticias\/2008\/el-rectorado-tilda-de-antidemocrtica-la-actitud-de-amec-en-la-reunin-de-ayer-sobre-el-calendario-acadmico\/#breadcrumb\",\"itemListElement\":[{\"@type\":\"ListItem\",\"position\":1,\"name\":\"Portada\",\"item\":\"https:\/\/www.ull.es\/portal\/noticias\/\"},{\"@type\":\"ListItem\",\"position\":2,\"name\":\"El Rectorado tilda de antidemocr\u00e1tica la actitud de AMEC en la reuni\u00f3n de ayer sobre el calendario acad\u00e9mico\"}]},{\"@type\":\"WebSite\",\"@id\":\"https:\/\/www.ull.es\/portal\/noticias\/#website\",\"url\":\"https:\/\/www.ull.es\/portal\/noticias\/\",\"name\":\"ULL - Noticias\",\"description\":\"\",\"potentialAction\":[{\"@type\":\"SearchAction\",\"target\":{\"@type\":\"EntryPoint\",\"urlTemplate\":\"https:\/\/www.ull.es\/portal\/noticias\/?s={search_term_string}\"},\"query-input\":\"required name=search_term_string\"}],\"inLanguage\":\"es\"},{\"@type\":\"Person\",\"@id\":\"https:\/\/www.ull.es\/portal\/noticias\/#\/schema\/person\/c3b2aa857797592927a03740d6664376\",\"name\":\"prensa2\",\"image\":{\"@type\":\"ImageObject\",\"inLanguage\":\"es\",\"@id\":\"https:\/\/www.ull.es\/portal\/noticias\/#\/schema\/person\/image\/\",\"url\":\"https:\/\/secure.gravatar.com\/avatar\/b58f310a5de5feb33d1e026d2493f23c?s=96&d=mm&r=g\",\"contentUrl\":\"https:\/\/secure.gravatar.com\/avatar\/b58f310a5de5feb33d1e026d2493f23c?s=96&d=mm&r=g\",\"caption\":\"prensa2\"},\"url\":\"https:\/\/www.ull.es\/portal\/noticias\/author\/prensa2\/\"}]}<\/script>\n<!-- \/ Yoast SEO plugin. -->","yoast_head_json":{"title":"El Rectorado tilda de antidemocr\u00e1tica la actitud de AMEC en la reuni\u00f3n de ayer sobre el calendario acad\u00e9mico - ULL - Noticias","robots":{"index":"index","follow":"follow","max-snippet":"max-snippet:-1","max-image-preview":"max-image-preview:large","max-video-preview":"max-video-preview:-1"},"canonical":"https:\/\/www.ull.es\/portal\/noticias\/2008\/el-rectorado-tilda-de-antidemocrtica-la-actitud-de-amec-en-la-reunin-de-ayer-sobre-el-calendario-acadmico\/","og_locale":"es_ES","og_type":"article","og_title":"El Rectorado tilda de antidemocr\u00e1tica la actitud de AMEC en la reuni\u00f3n de ayer sobre el calendario acad\u00e9mico - ULL - Noticias","og_description":"El Rectorado de la Universidad de La Laguna tacha de antidemocr&aacute;tica la actitud mostrada ayer jueves 10 de abril por...","og_url":"https:\/\/www.ull.es\/portal\/noticias\/2008\/el-rectorado-tilda-de-antidemocrtica-la-actitud-de-amec-en-la-reunin-de-ayer-sobre-el-calendario-acadmico\/","og_site_name":"ULL - Noticias","article_publisher":"https:\/\/www.facebook.com\/universidaddelalaguna\/","article_published_time":"2008-04-11T00:00:00+00:00","og_image":[{"width":1200,"height":630,"url":"https:\/\/www.ull.es\/portal\/noticias\/wp-content\/uploads\/sites\/13\/2023\/06\/logo-redimensionado.png","type":"image\/png"}],"author":"prensa2","twitter_card":"summary_large_image","twitter_creator":"@CanalULL","twitter_site":"@CanalULL","twitter_misc":{"Escrito por":"prensa2","Tiempo de lectura":"2 minutos"},"schema":{"@context":"https:\/\/schema.org","@graph":[{"@type":"WebPage","@id":"https:\/\/www.ull.es\/portal\/noticias\/2008\/el-rectorado-tilda-de-antidemocrtica-la-actitud-de-amec-en-la-reunin-de-ayer-sobre-el-calendario-acadmico\/","url":"https:\/\/www.ull.es\/portal\/noticias\/2008\/el-rectorado-tilda-de-antidemocrtica-la-actitud-de-amec-en-la-reunin-de-ayer-sobre-el-calendario-acadmico\/","name":"El Rectorado tilda de antidemocr\u00e1tica la actitud de AMEC en la reuni\u00f3n de ayer sobre el calendario acad\u00e9mico - ULL - Noticias","isPartOf":{"@id":"https:\/\/www.ull.es\/portal\/noticias\/#website"},"datePublished":"2008-04-11T00:00:00+00:00","dateModified":"2008-04-11T00:00:00+00:00","author":{"@id":"https:\/\/www.ull.es\/portal\/noticias\/#\/schema\/person\/c3b2aa857797592927a03740d6664376"},"breadcrumb":{"@id":"https:\/\/www.ull.es\/portal\/noticias\/2008\/el-rectorado-tilda-de-antidemocrtica-la-actitud-de-amec-en-la-reunin-de-ayer-sobre-el-calendario-acadmico\/#breadcrumb"},"inLanguage":"es","potentialAction":[{"@type":"ReadAction","target":["https:\/\/www.ull.es\/portal\/noticias\/2008\/el-rectorado-tilda-de-antidemocrtica-la-actitud-de-amec-en-la-reunin-de-ayer-sobre-el-calendario-acadmico\/"]}]},{"@type":"BreadcrumbList","@id":"https:\/\/www.ull.es\/portal\/noticias\/2008\/el-rectorado-tilda-de-antidemocrtica-la-actitud-de-amec-en-la-reunin-de-ayer-sobre-el-calendario-acadmico\/#breadcrumb","itemListElement":[{"@type":"ListItem","position":1,"name":"Portada","item":"https:\/\/www.ull.es\/portal\/noticias\/"},{"@type":"ListItem","position":2,"name":"El Rectorado tilda de antidemocr\u00e1tica la actitud de AMEC en la reuni\u00f3n de ayer sobre el calendario acad\u00e9mico"}]},{"@type":"WebSite","@id":"https:\/\/www.ull.es\/portal\/noticias\/#website","url":"https:\/\/www.ull.es\/portal\/noticias\/","name":"ULL - Noticias","description":"","potentialAction":[{"@type":"SearchAction","target":{"@type":"EntryPoint","urlTemplate":"https:\/\/www.ull.es\/portal\/noticias\/?s={search_term_string}"},"query-input":"required name=search_term_string"}],"inLanguage":"es"},{"@type":"Person","@id":"https:\/\/www.ull.es\/portal\/noticias\/#\/schema\/person\/c3b2aa857797592927a03740d6664376","name":"prensa2","image":{"@type":"ImageObject","inLanguage":"es","@id":"https:\/\/www.ull.es\/portal\/noticias\/#\/schema\/person\/image\/","url":"https:\/\/secure.gravatar.com\/avatar\/b58f310a5de5feb33d1e026d2493f23c?s=96&d=mm&r=g","contentUrl":"https:\/\/secure.gravatar.com\/avatar\/b58f310a5de5feb33d1e026d2493f23c?s=96&d=mm&r=g","caption":"prensa2"},"url":"https:\/\/www.ull.es\/portal\/noticias\/author\/prensa2\/"}]}},"primary_category":null,"featured_image_thumbnail_url":null,"_links":{"self":[{"href":"https:\/\/www.ull.es\/portal\/noticias\/wp-json\/wp\/v2\/posts\/16267"}],"collection":[{"href":"https:\/\/www.ull.es\/portal\/noticias\/wp-json\/wp\/v2\/posts"}],"about":[{"href":"https:\/\/www.ull.es\/portal\/noticias\/wp-json\/wp\/v2\/types\/post"}],"author":[{"embeddable":true,"href":"https:\/\/www.ull.es\/portal\/noticias\/wp-json\/wp\/v2\/users\/21"}],"replies":[{"embeddable":true,"href":"https:\/\/www.ull.es\/portal\/noticias\/wp-json\/wp\/v2\/comments?post=16267"}],"version-history":[{"count":0,"href":"https:\/\/www.ull.es\/portal\/noticias\/wp-json\/wp\/v2\/posts\/16267\/revisions"}],"wp:attachment":[{"href":"https:\/\/www.ull.es\/portal\/noticias\/wp-json\/wp\/v2\/media?parent=16267"}],"wp:term":[{"taxonomy":"category","embeddable":true,"href":"https:\/\/www.ull.es\/portal\/noticias\/wp-json\/wp\/v2\/categories?post=16267"},{"taxonomy":"post_tag","embeddable":true,"href":"https:\/\/www.ull.es\/portal\/noticias\/wp-json\/wp\/v2\/tags?post=16267"}],"curies":[{"name":"wp","href":"https:\/\/api.w.org\/{rel}","templated":true}]}}