{"id":16367,"date":"2008-10-02T00:00:00","date_gmt":"2008-10-02T00:00:00","guid":{"rendered":"http:\/\/ddigital.webs.ull.es\/el-rector-de-la-ull-satisfecho-por-la-inclusin-de-fernndez-quesada-en-la-ley-de-memoria-histrica\/"},"modified":"2008-10-02T00:00:00","modified_gmt":"2008-10-02T00:00:00","slug":"el-rector-de-la-ull-satisfecho-por-la-inclusin-de-fernndez-quesada-en-la-ley-de-memoria-histrica","status":"publish","type":"post","link":"https:\/\/www.ull.es\/portal\/noticias\/2008\/el-rector-de-la-ull-satisfecho-por-la-inclusin-de-fernndez-quesada-en-la-ley-de-memoria-histrica\/","title":{"rendered":"El Rector de la ULL, satisfecho por la inclusi\u00f3n de Fern\u00e1ndez Quesada en la Ley de Memoria Hist\u00f3rica"},"content":{"rendered":"<p>El rector de la Universidad de La Laguna, Eduardo Dom&eacute;nech, ha manifestado su satisfacci&oacute;n al conocer que la Ley de Memoria Hist&oacute;rica ha sido modificada recientemente, de modo que podr&aacute; incluirse en la lista de v&iacute;ctimas de la dictadura franquista al estudiante Javier Fern&aacute;ndez Quesada. De esta manera, se da respuesta a una reivindicaci&oacute;n que toda la comunidad universitaria ven&iacute;a proclamando desde la publicaci&oacute;n de este texto legislativo.<\/p>\n<p><P>Fern&aacute;ndez Quesada cay&oacute; abatido por un disparo el 12 de diciembre de 1977, durante una carga de la Guardia Civil en el Edificio Central de la ULL contra un grupo de huelguistas entre los que &eacute;l se encontraba. La Ley de Memoria Hist&oacute;rica, en su redacci&oacute;n original, fijaba el l&iacute;mite cronol&oacute;gico para reconocer a las v&iacute;ctimas de la represi&oacute;n franquista en el 6 de octubre de ese mismo a&ntilde;o, por lo cual Quesada quedaba fuera por s&oacute;lo 77 d&iacute;as.<\/P><P>Al conocer este hecho, el Consejo de Gobierno de la instituci&oacute;n acad&eacute;mica decidi&oacute; por unanimidad, en su sesi&oacute;n del 20 de diciembre de 2007, instar al Gobierno de la Naci&oacute;n a realizar las acciones legislativas y\/o reglamentarias que procedan para que el miembro de nuestra comunidad universitaria D. Javier Fern&aacute;ndez Quesada sea incluido entre los beneficiarios de la Ley por la que se reconocen y ampl&iacute;an derechos y se establecen medidas a favor de quienes padecieron persecuci&oacute;n o violencia durante la guerra civil y la dictadura.<\/P><P>Siguiendo este acuerdo, el rector remiti&oacute; al presidente del ejecutivo estatal Rodr&iacute;guez Zapatero una carta fechada el 29 de enero de 2008 para informarle del acuerdo adoptado por el &oacute;rgano colegiado. La carta conclu&iacute;a de la siguiente manera: La Universidad de La Laguna agradecer&iacute;a que reconsiderara esta situaci&oacute;n y que tuviera a bien iniciar las gestiones oportunas para que este caso no cayera, una vez m&aacute;s, en el olvido.<\/P><P>La reivindicaci&oacute;n de la figura de Fern&aacute;ndez Quesada ha tenido una vigencia perenne en la instituci&oacute;n. El pasado 12 de diciembre de 2007, con motivo del trig&eacute;simo aniversario del luctuoso suceso, la ULL celebr&oacute; en su Edificio Central un homenaje al estudiante, al cual asistieron su madre, un hermano, una sobrina y otros familiares. <\/P><P>Asimismo, el 24 de enero de 2008, el Claustro de la instituci&oacute;n aprob&oacute; una moci&oacute;n para otorgarle al nuevo edificio de servicios al alumnado ULL-CajaCanarias del Campus de Guajara el nombre honor&iacute;fico Javier Fern&aacute;ndez Quesada.<\/P><\/p>\n","protected":false},"excerpt":{"rendered":"<p>El rector de la Universidad de La Laguna, Eduardo Dom&eacute;nech, ha manifestado su satisfacci&oacute;n al conocer que la Ley de&#8230;<\/p>\n","protected":false},"author":21,"featured_media":16368,"comment_status":"open","ping_status":"open","sticky":false,"template":"","format":"standard","meta":{"inline_featured_image":false,"footnotes":""},"categories":[348],"tags":[],"acf":[],"yoast_head":"<!-- This site is optimized with the Yoast SEO plugin v21.3 - https:\/\/yoast.com\/wordpress\/plugins\/seo\/ -->\n<title>El Rector de la ULL, satisfecho por la inclusi\u00f3n de Fern\u00e1ndez Quesada en la Ley de Memoria Hist\u00f3rica - ULL - Noticias<\/title>\n<meta name=\"robots\" content=\"index, follow, max-snippet:-1, max-image-preview:large, max-video-preview:-1\" \/>\n<link rel=\"canonical\" href=\"https:\/\/www.ull.es\/portal\/noticias\/2008\/el-rector-de-la-ull-satisfecho-por-la-inclusin-de-fernndez-quesada-en-la-ley-de-memoria-histrica\/\" \/>\n<meta property=\"og:locale\" content=\"es_ES\" \/>\n<meta property=\"og:type\" content=\"article\" \/>\n<meta property=\"og:title\" content=\"El Rector de la ULL, satisfecho por la inclusi\u00f3n de Fern\u00e1ndez Quesada en la Ley de Memoria Hist\u00f3rica - ULL - Noticias\" \/>\n<meta property=\"og:description\" content=\"El rector de la Universidad de La Laguna, Eduardo Dom&eacute;nech, ha manifestado su satisfacci&oacute;n al conocer que la Ley de...\" \/>\n<meta property=\"og:url\" content=\"https:\/\/www.ull.es\/portal\/noticias\/2008\/el-rector-de-la-ull-satisfecho-por-la-inclusin-de-fernndez-quesada-en-la-ley-de-memoria-histrica\/\" \/>\n<meta property=\"og:site_name\" content=\"ULL - Noticias\" \/>\n<meta property=\"article:publisher\" content=\"https:\/\/www.facebook.com\/universidaddelalaguna\/\" \/>\n<meta property=\"article:published_time\" content=\"2008-10-02T00:00:00+00:00\" \/>\n<meta property=\"og:image\" content=\"https:\/\/www.ull.es\/portal\/noticias\/wp-content\/uploads\/sites\/13\/2015\/07\/quesada.jpg\" \/>\n\t<meta property=\"og:image:width\" content=\"800\" \/>\n\t<meta property=\"og:image:height\" content=\"534\" \/>\n\t<meta property=\"og:image:type\" content=\"image\/jpeg\" \/>\n<meta name=\"author\" content=\"prensa2\" \/>\n<meta name=\"twitter:card\" content=\"summary_large_image\" \/>\n<meta name=\"twitter:creator\" content=\"@CanalULL\" \/>\n<meta name=\"twitter:site\" content=\"@CanalULL\" \/>\n<meta name=\"twitter:label1\" content=\"Escrito por\" \/>\n\t<meta name=\"twitter:data1\" content=\"prensa2\" \/>\n\t<meta name=\"twitter:label2\" content=\"Tiempo de lectura\" \/>\n\t<meta name=\"twitter:data2\" content=\"2 minutos\" \/>\n<script type=\"application\/ld+json\" class=\"yoast-schema-graph\">{\"@context\":\"https:\/\/schema.org\",\"@graph\":[{\"@type\":\"WebPage\",\"@id\":\"https:\/\/www.ull.es\/portal\/noticias\/2008\/el-rector-de-la-ull-satisfecho-por-la-inclusin-de-fernndez-quesada-en-la-ley-de-memoria-histrica\/\",\"url\":\"https:\/\/www.ull.es\/portal\/noticias\/2008\/el-rector-de-la-ull-satisfecho-por-la-inclusin-de-fernndez-quesada-en-la-ley-de-memoria-histrica\/\",\"name\":\"El Rector de la ULL, satisfecho por la inclusi\u00f3n de Fern\u00e1ndez Quesada en la Ley de Memoria Hist\u00f3rica - ULL - Noticias\",\"isPartOf\":{\"@id\":\"https:\/\/www.ull.es\/portal\/noticias\/#website\"},\"datePublished\":\"2008-10-02T00:00:00+00:00\",\"dateModified\":\"2008-10-02T00:00:00+00:00\",\"author\":{\"@id\":\"https:\/\/www.ull.es\/portal\/noticias\/#\/schema\/person\/c3b2aa857797592927a03740d6664376\"},\"breadcrumb\":{\"@id\":\"https:\/\/www.ull.es\/portal\/noticias\/2008\/el-rector-de-la-ull-satisfecho-por-la-inclusin-de-fernndez-quesada-en-la-ley-de-memoria-histrica\/#breadcrumb\"},\"inLanguage\":\"es\",\"potentialAction\":[{\"@type\":\"ReadAction\",\"target\":[\"https:\/\/www.ull.es\/portal\/noticias\/2008\/el-rector-de-la-ull-satisfecho-por-la-inclusin-de-fernndez-quesada-en-la-ley-de-memoria-histrica\/\"]}]},{\"@type\":\"BreadcrumbList\",\"@id\":\"https:\/\/www.ull.es\/portal\/noticias\/2008\/el-rector-de-la-ull-satisfecho-por-la-inclusin-de-fernndez-quesada-en-la-ley-de-memoria-histrica\/#breadcrumb\",\"itemListElement\":[{\"@type\":\"ListItem\",\"position\":1,\"name\":\"Portada\",\"item\":\"https:\/\/www.ull.es\/portal\/noticias\/\"},{\"@type\":\"ListItem\",\"position\":2,\"name\":\"El Rector de la ULL, satisfecho por la inclusi\u00f3n de Fern\u00e1ndez Quesada en la Ley de Memoria Hist\u00f3rica\"}]},{\"@type\":\"WebSite\",\"@id\":\"https:\/\/www.ull.es\/portal\/noticias\/#website\",\"url\":\"https:\/\/www.ull.es\/portal\/noticias\/\",\"name\":\"ULL - Noticias\",\"description\":\"\",\"potentialAction\":[{\"@type\":\"SearchAction\",\"target\":{\"@type\":\"EntryPoint\",\"urlTemplate\":\"https:\/\/www.ull.es\/portal\/noticias\/?s={search_term_string}\"},\"query-input\":\"required name=search_term_string\"}],\"inLanguage\":\"es\"},{\"@type\":\"Person\",\"@id\":\"https:\/\/www.ull.es\/portal\/noticias\/#\/schema\/person\/c3b2aa857797592927a03740d6664376\",\"name\":\"prensa2\",\"image\":{\"@type\":\"ImageObject\",\"inLanguage\":\"es\",\"@id\":\"https:\/\/www.ull.es\/portal\/noticias\/#\/schema\/person\/image\/\",\"url\":\"https:\/\/secure.gravatar.com\/avatar\/b58f310a5de5feb33d1e026d2493f23c?s=96&d=mm&r=g\",\"contentUrl\":\"https:\/\/secure.gravatar.com\/avatar\/b58f310a5de5feb33d1e026d2493f23c?s=96&d=mm&r=g\",\"caption\":\"prensa2\"},\"url\":\"https:\/\/www.ull.es\/portal\/noticias\/author\/prensa2\/\"}]}<\/script>\n<!-- \/ Yoast SEO plugin. -->","yoast_head_json":{"title":"El Rector de la ULL, satisfecho por la inclusi\u00f3n de Fern\u00e1ndez Quesada en la Ley de Memoria Hist\u00f3rica - ULL - Noticias","robots":{"index":"index","follow":"follow","max-snippet":"max-snippet:-1","max-image-preview":"max-image-preview:large","max-video-preview":"max-video-preview:-1"},"canonical":"https:\/\/www.ull.es\/portal\/noticias\/2008\/el-rector-de-la-ull-satisfecho-por-la-inclusin-de-fernndez-quesada-en-la-ley-de-memoria-histrica\/","og_locale":"es_ES","og_type":"article","og_title":"El Rector de la ULL, satisfecho por la inclusi\u00f3n de Fern\u00e1ndez Quesada en la Ley de Memoria Hist\u00f3rica - ULL - Noticias","og_description":"El rector de la Universidad de La Laguna, Eduardo Dom&eacute;nech, ha manifestado su satisfacci&oacute;n al conocer que la Ley de...","og_url":"https:\/\/www.ull.es\/portal\/noticias\/2008\/el-rector-de-la-ull-satisfecho-por-la-inclusin-de-fernndez-quesada-en-la-ley-de-memoria-histrica\/","og_site_name":"ULL - Noticias","article_publisher":"https:\/\/www.facebook.com\/universidaddelalaguna\/","article_published_time":"2008-10-02T00:00:00+00:00","og_image":[{"width":800,"height":534,"url":"https:\/\/www.ull.es\/portal\/noticias\/wp-content\/uploads\/sites\/13\/2015\/07\/quesada.jpg","type":"image\/jpeg"}],"author":"prensa2","twitter_card":"summary_large_image","twitter_creator":"@CanalULL","twitter_site":"@CanalULL","twitter_misc":{"Escrito por":"prensa2","Tiempo de lectura":"2 minutos"},"schema":{"@context":"https:\/\/schema.org","@graph":[{"@type":"WebPage","@id":"https:\/\/www.ull.es\/portal\/noticias\/2008\/el-rector-de-la-ull-satisfecho-por-la-inclusin-de-fernndez-quesada-en-la-ley-de-memoria-histrica\/","url":"https:\/\/www.ull.es\/portal\/noticias\/2008\/el-rector-de-la-ull-satisfecho-por-la-inclusin-de-fernndez-quesada-en-la-ley-de-memoria-histrica\/","name":"El Rector de la ULL, satisfecho por la inclusi\u00f3n de Fern\u00e1ndez Quesada en la Ley de Memoria Hist\u00f3rica - ULL - Noticias","isPartOf":{"@id":"https:\/\/www.ull.es\/portal\/noticias\/#website"},"datePublished":"2008-10-02T00:00:00+00:00","dateModified":"2008-10-02T00:00:00+00:00","author":{"@id":"https:\/\/www.ull.es\/portal\/noticias\/#\/schema\/person\/c3b2aa857797592927a03740d6664376"},"breadcrumb":{"@id":"https:\/\/www.ull.es\/portal\/noticias\/2008\/el-rector-de-la-ull-satisfecho-por-la-inclusin-de-fernndez-quesada-en-la-ley-de-memoria-histrica\/#breadcrumb"},"inLanguage":"es","potentialAction":[{"@type":"ReadAction","target":["https:\/\/www.ull.es\/portal\/noticias\/2008\/el-rector-de-la-ull-satisfecho-por-la-inclusin-de-fernndez-quesada-en-la-ley-de-memoria-histrica\/"]}]},{"@type":"BreadcrumbList","@id":"https:\/\/www.ull.es\/portal\/noticias\/2008\/el-rector-de-la-ull-satisfecho-por-la-inclusin-de-fernndez-quesada-en-la-ley-de-memoria-histrica\/#breadcrumb","itemListElement":[{"@type":"ListItem","position":1,"name":"Portada","item":"https:\/\/www.ull.es\/portal\/noticias\/"},{"@type":"ListItem","position":2,"name":"El Rector de la ULL, satisfecho por la inclusi\u00f3n de Fern\u00e1ndez Quesada en la Ley de Memoria Hist\u00f3rica"}]},{"@type":"WebSite","@id":"https:\/\/www.ull.es\/portal\/noticias\/#website","url":"https:\/\/www.ull.es\/portal\/noticias\/","name":"ULL - Noticias","description":"","potentialAction":[{"@type":"SearchAction","target":{"@type":"EntryPoint","urlTemplate":"https:\/\/www.ull.es\/portal\/noticias\/?s={search_term_string}"},"query-input":"required name=search_term_string"}],"inLanguage":"es"},{"@type":"Person","@id":"https:\/\/www.ull.es\/portal\/noticias\/#\/schema\/person\/c3b2aa857797592927a03740d6664376","name":"prensa2","image":{"@type":"ImageObject","inLanguage":"es","@id":"https:\/\/www.ull.es\/portal\/noticias\/#\/schema\/person\/image\/","url":"https:\/\/secure.gravatar.com\/avatar\/b58f310a5de5feb33d1e026d2493f23c?s=96&d=mm&r=g","contentUrl":"https:\/\/secure.gravatar.com\/avatar\/b58f310a5de5feb33d1e026d2493f23c?s=96&d=mm&r=g","caption":"prensa2"},"url":"https:\/\/www.ull.es\/portal\/noticias\/author\/prensa2\/"}]}},"primary_category":null,"featured_image_thumbnail_url":"https:\/\/www.ull.es\/portal\/noticias\/wp-content\/uploads\/sites\/13\/2015\/07\/quesada-300x200.jpg","_links":{"self":[{"href":"https:\/\/www.ull.es\/portal\/noticias\/wp-json\/wp\/v2\/posts\/16367"}],"collection":[{"href":"https:\/\/www.ull.es\/portal\/noticias\/wp-json\/wp\/v2\/posts"}],"about":[{"href":"https:\/\/www.ull.es\/portal\/noticias\/wp-json\/wp\/v2\/types\/post"}],"author":[{"embeddable":true,"href":"https:\/\/www.ull.es\/portal\/noticias\/wp-json\/wp\/v2\/users\/21"}],"replies":[{"embeddable":true,"href":"https:\/\/www.ull.es\/portal\/noticias\/wp-json\/wp\/v2\/comments?post=16367"}],"version-history":[{"count":0,"href":"https:\/\/www.ull.es\/portal\/noticias\/wp-json\/wp\/v2\/posts\/16367\/revisions"}],"wp:featuredmedia":[{"embeddable":true,"href":"https:\/\/www.ull.es\/portal\/noticias\/wp-json\/wp\/v2\/media\/16368"}],"wp:attachment":[{"href":"https:\/\/www.ull.es\/portal\/noticias\/wp-json\/wp\/v2\/media?parent=16367"}],"wp:term":[{"taxonomy":"category","embeddable":true,"href":"https:\/\/www.ull.es\/portal\/noticias\/wp-json\/wp\/v2\/categories?post=16367"},{"taxonomy":"post_tag","embeddable":true,"href":"https:\/\/www.ull.es\/portal\/noticias\/wp-json\/wp\/v2\/tags?post=16367"}],"curies":[{"name":"wp","href":"https:\/\/api.w.org\/{rel}","templated":true}]}}