{"id":16371,"date":"2008-10-03T00:00:00","date_gmt":"2008-10-03T00:00:00","guid":{"rendered":"http:\/\/ddigital.webs.ull.es\/la-ull-asume-el-cdigo-de-conducta-de-las-universidades-espaolas-para-la-cooperacin-al-desarrollo\/"},"modified":"2008-10-03T00:00:00","modified_gmt":"2008-10-03T00:00:00","slug":"la-ull-asume-el-cdigo-de-conducta-de-las-universidades-espaolas-para-la-cooperacin-al-desarrollo","status":"publish","type":"post","link":"https:\/\/www.ull.es\/portal\/noticias\/2008\/la-ull-asume-el-cdigo-de-conducta-de-las-universidades-espaolas-para-la-cooperacin-al-desarrollo\/","title":{"rendered":"La ULL asume el C\u00f3digo de Conducta de las Universidades Espa\u00f1olas para la Cooperaci\u00f3n al Desarrollo"},"content":{"rendered":"<p>La Conferencia de Rectores de Universidades Espa&ntilde;olas (CRUE) ha redactado un documento que, bajo el t&iacute;tulo C&oacute;digo de conducta de las universidades en materia de cooperaci&oacute;n al desarrollo, pretende promover las acciones solidarias en las instituciones de educaci&oacute;n superior. El texto se&ntilde;ala que los &oacute;rganos competentes de cada centro deber&aacute;n adherirse de manera individualizada a esta iniciativa y, por ello, el Consejo de Gobierno de la Universidad de La Laguna aprob&oacute; por unanimidad en su sesi&oacute;n del 29 de septiembre sumarse a ella.<\/p>\n<p><P>La CRUE decidi&oacute; crear este c&oacute;digo en 2005, por lo que encarg&oacute; su elaboraci&oacute;n a una Comisi&oacute;n de Cooperaci&oacute;n al Desarrollo. El objetivo de este texto es coordinar las acciones que las diferentes universidades realizan en este &aacute;mbito, ya que en los &uacute;ltimos a&ntilde;os se ha dado una gran diversificaci&oacute;n de las actuaciones de este tipo con metodolog&iacute;as y objetivos muy diferentes. Como reconoce el texto, no es de extra&ntilde;ar que hayan surgido contradicciones y problemas en la manera de entender la cooperaci&oacute;n al desarrollo, de ah&iacute; que se valorara la pertinencia de crear un reglamento como &eacute;ste.<\/P><P>El c&oacute;digo consta de 31 art&iacute;culos en total, y est&aacute; subdividido en seis apartados: Principios y objetivos de la Cooperaci&oacute;n Universitaria al Desarrollo; Identidad de la Cooperaci&oacute;n Universitaria al Desarrollo; Participaci&oacute;n e implicaci&oacute;n de la comunidad universitaria; Relaciones de las universidades con las instituciones contraparte en otros pa&iacute;ses; Relaci&oacute;n de las universidades con el tejido social de la cooperaci&oacute;n; y Aplicaci&oacute;n, difusi&oacute;n y cumplimiento del c&oacute;digo de conducta.<\/P><P>El c&oacute;digo estable en sus primeros art&iacute;culos los objetivos y el sentido que se le da a la cooperaci&oacute;n para el desarrollo. As&iacute;, entiende que se trata de un proceso de progreso y cambio social, econ&oacute;mico, pol&iacute;tico, cultural, tecnol&oacute;gico, etc. que, surgido de la voluntad colectiva, requiere la organizaci&oacute;n participativa y el uso democr&aacute;tico del poder por los miembros de una colectividad.<\/P><P>En los procesos promovidos en virtud a este c&oacute;digo se tendr&aacute;n siempre en cuenta consideraciones como la sostenibilidad de los recursos naturales y le acervo cultural, la educaci&oacute;n, la erradicaci&oacute;n de la pobreza, la igualdad de g&eacute;nero y en respeto a los derechos humanos, entre otras.<\/P><P>El documento reconoce que la labor de la instituci&oacute;n universitaria en el campo de la cooperaci&oacute;n para el desarrollo se vincula estrechamente a su &aacute;mbito natural de actuaci&oacute;n: la docencia y la investigaci&oacute;n, sin olvidar el asesoramiento t&eacute;cnico, la transferencia de conocimientos y tecnolog&iacute;as, y la sensibilizaci&oacute;n de la comunidad universitaria. En todo caso, la aceptaci&oacute;n del c&oacute;digo implica que se otorga a la cooperaci&oacute;n un papel prioritario en la instituci&oacute;n: La cooperaci&oacute;n al desarrollo no puede entenderse como una actividad extraacad&eacute;mica ni restringida a compromisos individuales, sino integrada en el conjunto de actividades que le son propias.<\/P><\/p>\n","protected":false},"excerpt":{"rendered":"<p>La Conferencia de Rectores de Universidades Espa&ntilde;olas (CRUE) ha redactado un documento que, bajo el t&iacute;tulo C&oacute;digo de conducta de&#8230;<\/p>\n","protected":false},"author":21,"featured_media":13532,"comment_status":"open","ping_status":"open","sticky":false,"template":"","format":"standard","meta":{"inline_featured_image":false,"footnotes":""},"categories":[348],"tags":[],"acf":[],"yoast_head":"<!-- This site is optimized with the Yoast SEO plugin v21.3 - https:\/\/yoast.com\/wordpress\/plugins\/seo\/ -->\n<title>La ULL asume el C\u00f3digo de Conducta de las Universidades Espa\u00f1olas para la Cooperaci\u00f3n al Desarrollo - ULL - Noticias<\/title>\n<meta name=\"robots\" content=\"index, follow, max-snippet:-1, max-image-preview:large, max-video-preview:-1\" \/>\n<link rel=\"canonical\" href=\"https:\/\/www.ull.es\/portal\/noticias\/2008\/la-ull-asume-el-cdigo-de-conducta-de-las-universidades-espaolas-para-la-cooperacin-al-desarrollo\/\" \/>\n<meta property=\"og:locale\" content=\"es_ES\" \/>\n<meta property=\"og:type\" content=\"article\" \/>\n<meta property=\"og:title\" content=\"La ULL asume el C\u00f3digo de Conducta de las Universidades Espa\u00f1olas para la Cooperaci\u00f3n al Desarrollo - ULL - Noticias\" \/>\n<meta property=\"og:description\" content=\"La Conferencia de Rectores de Universidades Espa&ntilde;olas (CRUE) ha redactado un documento que, bajo el t&iacute;tulo C&oacute;digo de conducta de...\" \/>\n<meta property=\"og:url\" content=\"https:\/\/www.ull.es\/portal\/noticias\/2008\/la-ull-asume-el-cdigo-de-conducta-de-las-universidades-espaolas-para-la-cooperacin-al-desarrollo\/\" \/>\n<meta property=\"og:site_name\" content=\"ULL - Noticias\" \/>\n<meta property=\"article:publisher\" content=\"https:\/\/www.facebook.com\/universidaddelalaguna\/\" \/>\n<meta property=\"article:published_time\" content=\"2008-10-03T00:00:00+00:00\" \/>\n<meta property=\"og:image\" content=\"https:\/\/www.ull.es\/portal\/noticias\/wp-content\/uploads\/sites\/13\/2015\/07\/fachada_pintada.jpg\" \/>\n\t<meta property=\"og:image:width\" content=\"800\" \/>\n\t<meta property=\"og:image:height\" content=\"534\" \/>\n\t<meta property=\"og:image:type\" content=\"image\/jpeg\" \/>\n<meta name=\"author\" content=\"prensa2\" \/>\n<meta name=\"twitter:card\" content=\"summary_large_image\" \/>\n<meta name=\"twitter:creator\" content=\"@CanalULL\" \/>\n<meta name=\"twitter:site\" content=\"@CanalULL\" \/>\n<meta name=\"twitter:label1\" content=\"Escrito por\" \/>\n\t<meta name=\"twitter:data1\" content=\"prensa2\" \/>\n\t<meta name=\"twitter:label2\" content=\"Tiempo de lectura\" \/>\n\t<meta name=\"twitter:data2\" content=\"3 minutos\" \/>\n<script type=\"application\/ld+json\" class=\"yoast-schema-graph\">{\"@context\":\"https:\/\/schema.org\",\"@graph\":[{\"@type\":\"WebPage\",\"@id\":\"https:\/\/www.ull.es\/portal\/noticias\/2008\/la-ull-asume-el-cdigo-de-conducta-de-las-universidades-espaolas-para-la-cooperacin-al-desarrollo\/\",\"url\":\"https:\/\/www.ull.es\/portal\/noticias\/2008\/la-ull-asume-el-cdigo-de-conducta-de-las-universidades-espaolas-para-la-cooperacin-al-desarrollo\/\",\"name\":\"La ULL asume el C\u00f3digo de Conducta de las Universidades Espa\u00f1olas para la Cooperaci\u00f3n al Desarrollo - ULL - Noticias\",\"isPartOf\":{\"@id\":\"https:\/\/www.ull.es\/portal\/noticias\/#website\"},\"datePublished\":\"2008-10-03T00:00:00+00:00\",\"dateModified\":\"2008-10-03T00:00:00+00:00\",\"author\":{\"@id\":\"https:\/\/www.ull.es\/portal\/noticias\/#\/schema\/person\/c3b2aa857797592927a03740d6664376\"},\"breadcrumb\":{\"@id\":\"https:\/\/www.ull.es\/portal\/noticias\/2008\/la-ull-asume-el-cdigo-de-conducta-de-las-universidades-espaolas-para-la-cooperacin-al-desarrollo\/#breadcrumb\"},\"inLanguage\":\"es\",\"potentialAction\":[{\"@type\":\"ReadAction\",\"target\":[\"https:\/\/www.ull.es\/portal\/noticias\/2008\/la-ull-asume-el-cdigo-de-conducta-de-las-universidades-espaolas-para-la-cooperacin-al-desarrollo\/\"]}]},{\"@type\":\"BreadcrumbList\",\"@id\":\"https:\/\/www.ull.es\/portal\/noticias\/2008\/la-ull-asume-el-cdigo-de-conducta-de-las-universidades-espaolas-para-la-cooperacin-al-desarrollo\/#breadcrumb\",\"itemListElement\":[{\"@type\":\"ListItem\",\"position\":1,\"name\":\"Portada\",\"item\":\"https:\/\/www.ull.es\/portal\/noticias\/\"},{\"@type\":\"ListItem\",\"position\":2,\"name\":\"La ULL asume el C\u00f3digo de Conducta de las Universidades Espa\u00f1olas para la Cooperaci\u00f3n al Desarrollo\"}]},{\"@type\":\"WebSite\",\"@id\":\"https:\/\/www.ull.es\/portal\/noticias\/#website\",\"url\":\"https:\/\/www.ull.es\/portal\/noticias\/\",\"name\":\"ULL - Noticias\",\"description\":\"\",\"potentialAction\":[{\"@type\":\"SearchAction\",\"target\":{\"@type\":\"EntryPoint\",\"urlTemplate\":\"https:\/\/www.ull.es\/portal\/noticias\/?s={search_term_string}\"},\"query-input\":\"required name=search_term_string\"}],\"inLanguage\":\"es\"},{\"@type\":\"Person\",\"@id\":\"https:\/\/www.ull.es\/portal\/noticias\/#\/schema\/person\/c3b2aa857797592927a03740d6664376\",\"name\":\"prensa2\",\"image\":{\"@type\":\"ImageObject\",\"inLanguage\":\"es\",\"@id\":\"https:\/\/www.ull.es\/portal\/noticias\/#\/schema\/person\/image\/\",\"url\":\"https:\/\/secure.gravatar.com\/avatar\/b58f310a5de5feb33d1e026d2493f23c?s=96&d=mm&r=g\",\"contentUrl\":\"https:\/\/secure.gravatar.com\/avatar\/b58f310a5de5feb33d1e026d2493f23c?s=96&d=mm&r=g\",\"caption\":\"prensa2\"},\"url\":\"https:\/\/www.ull.es\/portal\/noticias\/author\/prensa2\/\"}]}<\/script>\n<!-- \/ Yoast SEO plugin. -->","yoast_head_json":{"title":"La ULL asume el C\u00f3digo de Conducta de las Universidades Espa\u00f1olas para la Cooperaci\u00f3n al Desarrollo - ULL - Noticias","robots":{"index":"index","follow":"follow","max-snippet":"max-snippet:-1","max-image-preview":"max-image-preview:large","max-video-preview":"max-video-preview:-1"},"canonical":"https:\/\/www.ull.es\/portal\/noticias\/2008\/la-ull-asume-el-cdigo-de-conducta-de-las-universidades-espaolas-para-la-cooperacin-al-desarrollo\/","og_locale":"es_ES","og_type":"article","og_title":"La ULL asume el C\u00f3digo de Conducta de las Universidades Espa\u00f1olas para la Cooperaci\u00f3n al Desarrollo - ULL - Noticias","og_description":"La Conferencia de Rectores de Universidades Espa&ntilde;olas (CRUE) ha redactado un documento que, bajo el t&iacute;tulo C&oacute;digo de conducta de...","og_url":"https:\/\/www.ull.es\/portal\/noticias\/2008\/la-ull-asume-el-cdigo-de-conducta-de-las-universidades-espaolas-para-la-cooperacin-al-desarrollo\/","og_site_name":"ULL - Noticias","article_publisher":"https:\/\/www.facebook.com\/universidaddelalaguna\/","article_published_time":"2008-10-03T00:00:00+00:00","og_image":[{"width":800,"height":534,"url":"https:\/\/www.ull.es\/portal\/noticias\/wp-content\/uploads\/sites\/13\/2015\/07\/fachada_pintada.jpg","type":"image\/jpeg"}],"author":"prensa2","twitter_card":"summary_large_image","twitter_creator":"@CanalULL","twitter_site":"@CanalULL","twitter_misc":{"Escrito por":"prensa2","Tiempo de lectura":"3 minutos"},"schema":{"@context":"https:\/\/schema.org","@graph":[{"@type":"WebPage","@id":"https:\/\/www.ull.es\/portal\/noticias\/2008\/la-ull-asume-el-cdigo-de-conducta-de-las-universidades-espaolas-para-la-cooperacin-al-desarrollo\/","url":"https:\/\/www.ull.es\/portal\/noticias\/2008\/la-ull-asume-el-cdigo-de-conducta-de-las-universidades-espaolas-para-la-cooperacin-al-desarrollo\/","name":"La ULL asume el C\u00f3digo de Conducta de las Universidades Espa\u00f1olas para la Cooperaci\u00f3n al Desarrollo - ULL - Noticias","isPartOf":{"@id":"https:\/\/www.ull.es\/portal\/noticias\/#website"},"datePublished":"2008-10-03T00:00:00+00:00","dateModified":"2008-10-03T00:00:00+00:00","author":{"@id":"https:\/\/www.ull.es\/portal\/noticias\/#\/schema\/person\/c3b2aa857797592927a03740d6664376"},"breadcrumb":{"@id":"https:\/\/www.ull.es\/portal\/noticias\/2008\/la-ull-asume-el-cdigo-de-conducta-de-las-universidades-espaolas-para-la-cooperacin-al-desarrollo\/#breadcrumb"},"inLanguage":"es","potentialAction":[{"@type":"ReadAction","target":["https:\/\/www.ull.es\/portal\/noticias\/2008\/la-ull-asume-el-cdigo-de-conducta-de-las-universidades-espaolas-para-la-cooperacin-al-desarrollo\/"]}]},{"@type":"BreadcrumbList","@id":"https:\/\/www.ull.es\/portal\/noticias\/2008\/la-ull-asume-el-cdigo-de-conducta-de-las-universidades-espaolas-para-la-cooperacin-al-desarrollo\/#breadcrumb","itemListElement":[{"@type":"ListItem","position":1,"name":"Portada","item":"https:\/\/www.ull.es\/portal\/noticias\/"},{"@type":"ListItem","position":2,"name":"La ULL asume el C\u00f3digo de Conducta de las Universidades Espa\u00f1olas para la Cooperaci\u00f3n al Desarrollo"}]},{"@type":"WebSite","@id":"https:\/\/www.ull.es\/portal\/noticias\/#website","url":"https:\/\/www.ull.es\/portal\/noticias\/","name":"ULL - Noticias","description":"","potentialAction":[{"@type":"SearchAction","target":{"@type":"EntryPoint","urlTemplate":"https:\/\/www.ull.es\/portal\/noticias\/?s={search_term_string}"},"query-input":"required name=search_term_string"}],"inLanguage":"es"},{"@type":"Person","@id":"https:\/\/www.ull.es\/portal\/noticias\/#\/schema\/person\/c3b2aa857797592927a03740d6664376","name":"prensa2","image":{"@type":"ImageObject","inLanguage":"es","@id":"https:\/\/www.ull.es\/portal\/noticias\/#\/schema\/person\/image\/","url":"https:\/\/secure.gravatar.com\/avatar\/b58f310a5de5feb33d1e026d2493f23c?s=96&d=mm&r=g","contentUrl":"https:\/\/secure.gravatar.com\/avatar\/b58f310a5de5feb33d1e026d2493f23c?s=96&d=mm&r=g","caption":"prensa2"},"url":"https:\/\/www.ull.es\/portal\/noticias\/author\/prensa2\/"}]}},"primary_category":null,"featured_image_thumbnail_url":"https:\/\/www.ull.es\/portal\/noticias\/wp-content\/uploads\/sites\/13\/2015\/07\/fachada_pintada-300x200.jpg","_links":{"self":[{"href":"https:\/\/www.ull.es\/portal\/noticias\/wp-json\/wp\/v2\/posts\/16371"}],"collection":[{"href":"https:\/\/www.ull.es\/portal\/noticias\/wp-json\/wp\/v2\/posts"}],"about":[{"href":"https:\/\/www.ull.es\/portal\/noticias\/wp-json\/wp\/v2\/types\/post"}],"author":[{"embeddable":true,"href":"https:\/\/www.ull.es\/portal\/noticias\/wp-json\/wp\/v2\/users\/21"}],"replies":[{"embeddable":true,"href":"https:\/\/www.ull.es\/portal\/noticias\/wp-json\/wp\/v2\/comments?post=16371"}],"version-history":[{"count":0,"href":"https:\/\/www.ull.es\/portal\/noticias\/wp-json\/wp\/v2\/posts\/16371\/revisions"}],"wp:featuredmedia":[{"embeddable":true,"href":"https:\/\/www.ull.es\/portal\/noticias\/wp-json\/wp\/v2\/media\/13532"}],"wp:attachment":[{"href":"https:\/\/www.ull.es\/portal\/noticias\/wp-json\/wp\/v2\/media?parent=16371"}],"wp:term":[{"taxonomy":"category","embeddable":true,"href":"https:\/\/www.ull.es\/portal\/noticias\/wp-json\/wp\/v2\/categories?post=16371"},{"taxonomy":"post_tag","embeddable":true,"href":"https:\/\/www.ull.es\/portal\/noticias\/wp-json\/wp\/v2\/tags?post=16371"}],"curies":[{"name":"wp","href":"https:\/\/api.w.org\/{rel}","templated":true}]}}