{"id":16372,"date":"2008-10-06T00:00:00","date_gmt":"2008-10-06T00:00:00","guid":{"rendered":"http:\/\/ddigital.webs.ull.es\/el-gobierno-impulsa-con-ms-de-572-000-euros-la-cooperacin-de-las-universidades-en-frica\/"},"modified":"2008-10-06T00:00:00","modified_gmt":"2008-10-06T00:00:00","slug":"el-gobierno-impulsa-con-ms-de-572-000-euros-la-cooperacin-de-las-universidades-en-frica","status":"publish","type":"post","link":"https:\/\/www.ull.es\/portal\/noticias\/2008\/el-gobierno-impulsa-con-ms-de-572-000-euros-la-cooperacin-de-las-universidades-en-frica\/","title":{"rendered":"El Gobierno impulsa con m\u00e1s de 572.000 euros la cooperaci\u00f3n de las universidades en \u00e1frica"},"content":{"rendered":"<p><P align=\"justify\">El Gobierno de Canarias, a trav&eacute;s de la Direcci&oacute;n General de Relaciones con &aacute;frica, invertir&aacute; un total de 572.200 euros en la puesta en marcha de nueve proyectos promovidos por las Universidades de La Laguna y de Las Palmas de Gran Canaria para estrechar las relaciones y potenciar la cooperaci&oacute;n con el continente vecino en el &aacute;mbito de la educaci&oacute;n, la cultura, el conocimiento y el desarrollo.<\/P><\/p>\n<p><P align=\"justify\">As&iacute; lo anunci&oacute; hoy el director general de Relaciones con &aacute;frica, Pablo Mart&iacute;n Carbajal, en un acto en el que tambi&eacute;n participaron la vicerrectora de Universidad y Sociedad de la Universidad de La Laguna, Gracia Rodr&iacute;guez Brito, y <FONT face=\"Times\">la vicerrectora <\/FONT>de Relaciones Internacionales e Institucionales de la Universidad de Las Palmas de Gran Canaria, Rosario Berriel Mart&iacute;nez.<\/P><P align=\"justify\"><\/P><P align=\"justify\">Seg&uacute;n explic&oacute; Pablo Mart&iacute;n, con esta nueva l&iacute;nea de colaboraci&oacute;n el Gobierno quiere potenciar el papel que juegan las Universidades en el campo de la cooperaci&oacute;n, tanto en el &aacute;rea de la formaci&oacute;n como en el &aacute;mbito de la investigaci&oacute;n, mediante el desarrollo de estudios que permitan conocer m&aacute;s de cerca la realidad del continente vecino y contribuyan, entre otras cosas, a mejorar la eficiencia de las actividades de cooperaci&oacute;n que se desarrollan.<\/P><P align=\"justify\"><\/P><P align=\"justify\">La direcci&oacute;n regional de Relaciones con &aacute;frica y las dos entidades universitarias de Canarias apuestan, adem&aacute;s, por crear una red de colaboraci&oacute;n universitaria canaria-africana. En esta l&iacute;nea uno de los proyectos que financiar&aacute; el pr&oacute;ximo a&ntilde;o el Gobierno se refiere a la celebraci&oacute;n, en junio de 2009, del \u00abEncuentro de Rectores de las Universidades canario africanas\u00bb, organizado por la Universidad de La Laguna, y en el que participar&aacute; LA Universidad de Las Palmas as&iacute; como centros universitarios de Marruecos, Agadir, Senegal, San Luis y Guinea Ecuatorial.<\/P><P align=\"justify\"><\/P><P align=\"justify\">Tambi&eacute;n la Universidad de La Laguna tiene previsto poner en marcha una \u00abBiblioteca de &aacute;frica de la ULL\u00bb, que inicialmente estar&aacute; ubicada en las mismas dependencias de la Biblioteca de Guajara, y en la que podr&aacute;n encontrarse art&iacute;culos libros y revistas especializadas en el continente africano que, en muchos casos, ser&aacute;n cedidos en calidad de pr&eacute;stamo por los centros docentes del continente, a los que se pedir&aacute; su colaboraci&oacute;n.<\/P><P align=\"justify\"><\/P><P align=\"justify\">En cuanto a la cooperaci&oacute;n para el desarrollo, ambas universidades cuentan con proyectos dirigidos tanto a mejorar las relaciones de cooperaci&oacute;n entre Canarias y el continente africano, a trav&eacute;s del desarrollo de distintos seminarios y cursos de formaci&oacute;n de car&aacute;cter t&eacute;cnico, como a mejorar las condiciones de vida de los pa&iacute;ses vecinos, con la puesta en marcha de sendos proyectos de investigaci&oacute;n que tienen como fin abastecer de agua a una comunidad africana.<\/P><P align=\"justify\"><\/P><P align=\"justify\">Este es el caso, por ejemplo, del proyecto del Plan Integral de Promoci&oacute;n del Ecoturismo que llevar&aacute; a cabo la Universidad de Las Palmas en la regi&oacute;n del Delta Saloum con el objetivo mejorar las condiciones de vida de la poblaci&oacute;n de esta reserva de la biosfera, a trav&eacute;s del desarrollo ecotur&iacute;stico, utilizando los recursos end&oacute;genos de la regi&oacute;n.<\/P><P align=\"justify\"><\/P><P align=\"justify\">En el &aacute;mbito formativo, los proyectos aprobados por la Direcci&oacute;n General de &aacute;frica incluyen, entre otros, el II Plan de Formaci&oacute;n y Cooperaci&oacute;n para el Desarrollo, de la Universidad de La Laguna, con el que se quiere dotar a la poblaci&oacute;n africana de herramientas que permitan el desarrollo econ&oacute;mico y social del &aacute;rea<\/P><P align=\"justify\"><\/P><P align=\"justify\">Adem&aacute;s, dentro de la l&iacute;nea de colaboraci&oacute;n abierta este a&ntilde;o entre la Direcci&oacute;n General de Relaciones con &aacute;frica y las Universidades, destaca el Programa de Becas Canarias &aacute;frica 2008-2009, en el que ambas universidades canarias ofrecen, junto con otras instituciones educativas de las Islas, estudios superiores a africanos becados con vistas a mejorar su situaci&oacute;n laboral en el pa&iacute;s de origen.<\/P><P align=\"justify\"><\/P><P align=\"justify\">El Programa incluye un total de 32 becas para este a&ntilde;o e incluye una financiaci&oacute;n para este a&ntilde;o de 136.274 euros para la Universidad de Las Palmas y otra de 96.000 euros a la Universidad de La Laguna.<\/P><P align=\"justify\"><\/P><P align=\"justify\">(Nota cedida)<\/P><\/p>\n","protected":false},"excerpt":{"rendered":"<p>El Gobierno de Canarias, a trav&eacute;s de la Direcci&oacute;n General de Relaciones con &aacute;frica, invertir&aacute; un total de 572.200 euros&#8230;<\/p>\n","protected":false},"author":21,"featured_media":16187,"comment_status":"open","ping_status":"open","sticky":false,"template":"","format":"standard","meta":{"inline_featured_image":false,"footnotes":""},"categories":[348],"tags":[],"acf":[],"yoast_head":"<!-- This site is optimized with the Yoast SEO plugin v21.3 - https:\/\/yoast.com\/wordpress\/plugins\/seo\/ -->\n<title>El Gobierno impulsa con m\u00e1s de 572.000 euros la cooperaci\u00f3n de las universidades en \u00e1frica - ULL - Noticias<\/title>\n<meta name=\"robots\" content=\"index, follow, max-snippet:-1, max-image-preview:large, max-video-preview:-1\" \/>\n<link rel=\"canonical\" href=\"https:\/\/www.ull.es\/portal\/noticias\/2008\/el-gobierno-impulsa-con-ms-de-572-000-euros-la-cooperacin-de-las-universidades-en-frica\/\" \/>\n<meta property=\"og:locale\" content=\"es_ES\" \/>\n<meta property=\"og:type\" content=\"article\" \/>\n<meta property=\"og:title\" content=\"El Gobierno impulsa con m\u00e1s de 572.000 euros la cooperaci\u00f3n de las universidades en \u00e1frica - ULL - Noticias\" \/>\n<meta property=\"og:description\" content=\"El Gobierno de Canarias, a trav&eacute;s de la Direcci&oacute;n General de Relaciones con &aacute;frica, invertir&aacute; un total de 572.200 euros...\" \/>\n<meta property=\"og:url\" content=\"https:\/\/www.ull.es\/portal\/noticias\/2008\/el-gobierno-impulsa-con-ms-de-572-000-euros-la-cooperacin-de-las-universidades-en-frica\/\" \/>\n<meta property=\"og:site_name\" content=\"ULL - Noticias\" \/>\n<meta property=\"article:publisher\" content=\"https:\/\/www.facebook.com\/universidaddelalaguna\/\" \/>\n<meta property=\"article:published_time\" content=\"2008-10-06T00:00:00+00:00\" \/>\n<meta property=\"og:image\" content=\"https:\/\/www.ull.es\/portal\/noticias\/wp-content\/uploads\/sites\/13\/2015\/07\/africa.jpg\" \/>\n\t<meta property=\"og:image:width\" content=\"300\" \/>\n\t<meta property=\"og:image:height\" content=\"326\" \/>\n\t<meta property=\"og:image:type\" content=\"image\/jpeg\" \/>\n<meta name=\"author\" content=\"prensa2\" \/>\n<meta name=\"twitter:card\" content=\"summary_large_image\" \/>\n<meta name=\"twitter:creator\" content=\"@CanalULL\" \/>\n<meta name=\"twitter:site\" content=\"@CanalULL\" \/>\n<meta name=\"twitter:label1\" content=\"Escrito por\" \/>\n\t<meta name=\"twitter:data1\" content=\"prensa2\" \/>\n\t<meta name=\"twitter:label2\" content=\"Tiempo de lectura\" \/>\n\t<meta name=\"twitter:data2\" content=\"4 minutos\" \/>\n<script type=\"application\/ld+json\" class=\"yoast-schema-graph\">{\"@context\":\"https:\/\/schema.org\",\"@graph\":[{\"@type\":\"WebPage\",\"@id\":\"https:\/\/www.ull.es\/portal\/noticias\/2008\/el-gobierno-impulsa-con-ms-de-572-000-euros-la-cooperacin-de-las-universidades-en-frica\/\",\"url\":\"https:\/\/www.ull.es\/portal\/noticias\/2008\/el-gobierno-impulsa-con-ms-de-572-000-euros-la-cooperacin-de-las-universidades-en-frica\/\",\"name\":\"El Gobierno impulsa con m\u00e1s de 572.000 euros la cooperaci\u00f3n de las universidades en \u00e1frica - ULL - Noticias\",\"isPartOf\":{\"@id\":\"https:\/\/www.ull.es\/portal\/noticias\/#website\"},\"datePublished\":\"2008-10-06T00:00:00+00:00\",\"dateModified\":\"2008-10-06T00:00:00+00:00\",\"author\":{\"@id\":\"https:\/\/www.ull.es\/portal\/noticias\/#\/schema\/person\/c3b2aa857797592927a03740d6664376\"},\"breadcrumb\":{\"@id\":\"https:\/\/www.ull.es\/portal\/noticias\/2008\/el-gobierno-impulsa-con-ms-de-572-000-euros-la-cooperacin-de-las-universidades-en-frica\/#breadcrumb\"},\"inLanguage\":\"es\",\"potentialAction\":[{\"@type\":\"ReadAction\",\"target\":[\"https:\/\/www.ull.es\/portal\/noticias\/2008\/el-gobierno-impulsa-con-ms-de-572-000-euros-la-cooperacin-de-las-universidades-en-frica\/\"]}]},{\"@type\":\"BreadcrumbList\",\"@id\":\"https:\/\/www.ull.es\/portal\/noticias\/2008\/el-gobierno-impulsa-con-ms-de-572-000-euros-la-cooperacin-de-las-universidades-en-frica\/#breadcrumb\",\"itemListElement\":[{\"@type\":\"ListItem\",\"position\":1,\"name\":\"Portada\",\"item\":\"https:\/\/www.ull.es\/portal\/noticias\/\"},{\"@type\":\"ListItem\",\"position\":2,\"name\":\"El Gobierno impulsa con m\u00e1s de 572.000 euros la cooperaci\u00f3n de las universidades en \u00e1frica\"}]},{\"@type\":\"WebSite\",\"@id\":\"https:\/\/www.ull.es\/portal\/noticias\/#website\",\"url\":\"https:\/\/www.ull.es\/portal\/noticias\/\",\"name\":\"ULL - Noticias\",\"description\":\"\",\"potentialAction\":[{\"@type\":\"SearchAction\",\"target\":{\"@type\":\"EntryPoint\",\"urlTemplate\":\"https:\/\/www.ull.es\/portal\/noticias\/?s={search_term_string}\"},\"query-input\":\"required name=search_term_string\"}],\"inLanguage\":\"es\"},{\"@type\":\"Person\",\"@id\":\"https:\/\/www.ull.es\/portal\/noticias\/#\/schema\/person\/c3b2aa857797592927a03740d6664376\",\"name\":\"prensa2\",\"image\":{\"@type\":\"ImageObject\",\"inLanguage\":\"es\",\"@id\":\"https:\/\/www.ull.es\/portal\/noticias\/#\/schema\/person\/image\/\",\"url\":\"https:\/\/secure.gravatar.com\/avatar\/b58f310a5de5feb33d1e026d2493f23c?s=96&d=mm&r=g\",\"contentUrl\":\"https:\/\/secure.gravatar.com\/avatar\/b58f310a5de5feb33d1e026d2493f23c?s=96&d=mm&r=g\",\"caption\":\"prensa2\"},\"url\":\"https:\/\/www.ull.es\/portal\/noticias\/author\/prensa2\/\"}]}<\/script>\n<!-- \/ Yoast SEO plugin. -->","yoast_head_json":{"title":"El Gobierno impulsa con m\u00e1s de 572.000 euros la cooperaci\u00f3n de las universidades en \u00e1frica - ULL - Noticias","robots":{"index":"index","follow":"follow","max-snippet":"max-snippet:-1","max-image-preview":"max-image-preview:large","max-video-preview":"max-video-preview:-1"},"canonical":"https:\/\/www.ull.es\/portal\/noticias\/2008\/el-gobierno-impulsa-con-ms-de-572-000-euros-la-cooperacin-de-las-universidades-en-frica\/","og_locale":"es_ES","og_type":"article","og_title":"El Gobierno impulsa con m\u00e1s de 572.000 euros la cooperaci\u00f3n de las universidades en \u00e1frica - ULL - Noticias","og_description":"El Gobierno de Canarias, a trav&eacute;s de la Direcci&oacute;n General de Relaciones con &aacute;frica, invertir&aacute; un total de 572.200 euros...","og_url":"https:\/\/www.ull.es\/portal\/noticias\/2008\/el-gobierno-impulsa-con-ms-de-572-000-euros-la-cooperacin-de-las-universidades-en-frica\/","og_site_name":"ULL - Noticias","article_publisher":"https:\/\/www.facebook.com\/universidaddelalaguna\/","article_published_time":"2008-10-06T00:00:00+00:00","og_image":[{"width":300,"height":326,"url":"https:\/\/www.ull.es\/portal\/noticias\/wp-content\/uploads\/sites\/13\/2015\/07\/africa.jpg","type":"image\/jpeg"}],"author":"prensa2","twitter_card":"summary_large_image","twitter_creator":"@CanalULL","twitter_site":"@CanalULL","twitter_misc":{"Escrito por":"prensa2","Tiempo de lectura":"4 minutos"},"schema":{"@context":"https:\/\/schema.org","@graph":[{"@type":"WebPage","@id":"https:\/\/www.ull.es\/portal\/noticias\/2008\/el-gobierno-impulsa-con-ms-de-572-000-euros-la-cooperacin-de-las-universidades-en-frica\/","url":"https:\/\/www.ull.es\/portal\/noticias\/2008\/el-gobierno-impulsa-con-ms-de-572-000-euros-la-cooperacin-de-las-universidades-en-frica\/","name":"El Gobierno impulsa con m\u00e1s de 572.000 euros la cooperaci\u00f3n de las universidades en \u00e1frica - ULL - Noticias","isPartOf":{"@id":"https:\/\/www.ull.es\/portal\/noticias\/#website"},"datePublished":"2008-10-06T00:00:00+00:00","dateModified":"2008-10-06T00:00:00+00:00","author":{"@id":"https:\/\/www.ull.es\/portal\/noticias\/#\/schema\/person\/c3b2aa857797592927a03740d6664376"},"breadcrumb":{"@id":"https:\/\/www.ull.es\/portal\/noticias\/2008\/el-gobierno-impulsa-con-ms-de-572-000-euros-la-cooperacin-de-las-universidades-en-frica\/#breadcrumb"},"inLanguage":"es","potentialAction":[{"@type":"ReadAction","target":["https:\/\/www.ull.es\/portal\/noticias\/2008\/el-gobierno-impulsa-con-ms-de-572-000-euros-la-cooperacin-de-las-universidades-en-frica\/"]}]},{"@type":"BreadcrumbList","@id":"https:\/\/www.ull.es\/portal\/noticias\/2008\/el-gobierno-impulsa-con-ms-de-572-000-euros-la-cooperacin-de-las-universidades-en-frica\/#breadcrumb","itemListElement":[{"@type":"ListItem","position":1,"name":"Portada","item":"https:\/\/www.ull.es\/portal\/noticias\/"},{"@type":"ListItem","position":2,"name":"El Gobierno impulsa con m\u00e1s de 572.000 euros la cooperaci\u00f3n de las universidades en \u00e1frica"}]},{"@type":"WebSite","@id":"https:\/\/www.ull.es\/portal\/noticias\/#website","url":"https:\/\/www.ull.es\/portal\/noticias\/","name":"ULL - Noticias","description":"","potentialAction":[{"@type":"SearchAction","target":{"@type":"EntryPoint","urlTemplate":"https:\/\/www.ull.es\/portal\/noticias\/?s={search_term_string}"},"query-input":"required name=search_term_string"}],"inLanguage":"es"},{"@type":"Person","@id":"https:\/\/www.ull.es\/portal\/noticias\/#\/schema\/person\/c3b2aa857797592927a03740d6664376","name":"prensa2","image":{"@type":"ImageObject","inLanguage":"es","@id":"https:\/\/www.ull.es\/portal\/noticias\/#\/schema\/person\/image\/","url":"https:\/\/secure.gravatar.com\/avatar\/b58f310a5de5feb33d1e026d2493f23c?s=96&d=mm&r=g","contentUrl":"https:\/\/secure.gravatar.com\/avatar\/b58f310a5de5feb33d1e026d2493f23c?s=96&d=mm&r=g","caption":"prensa2"},"url":"https:\/\/www.ull.es\/portal\/noticias\/author\/prensa2\/"}]}},"primary_category":null,"featured_image_thumbnail_url":"https:\/\/www.ull.es\/portal\/noticias\/wp-content\/uploads\/sites\/13\/2015\/07\/africa-276x300.jpg","_links":{"self":[{"href":"https:\/\/www.ull.es\/portal\/noticias\/wp-json\/wp\/v2\/posts\/16372"}],"collection":[{"href":"https:\/\/www.ull.es\/portal\/noticias\/wp-json\/wp\/v2\/posts"}],"about":[{"href":"https:\/\/www.ull.es\/portal\/noticias\/wp-json\/wp\/v2\/types\/post"}],"author":[{"embeddable":true,"href":"https:\/\/www.ull.es\/portal\/noticias\/wp-json\/wp\/v2\/users\/21"}],"replies":[{"embeddable":true,"href":"https:\/\/www.ull.es\/portal\/noticias\/wp-json\/wp\/v2\/comments?post=16372"}],"version-history":[{"count":0,"href":"https:\/\/www.ull.es\/portal\/noticias\/wp-json\/wp\/v2\/posts\/16372\/revisions"}],"wp:featuredmedia":[{"embeddable":true,"href":"https:\/\/www.ull.es\/portal\/noticias\/wp-json\/wp\/v2\/media\/16187"}],"wp:attachment":[{"href":"https:\/\/www.ull.es\/portal\/noticias\/wp-json\/wp\/v2\/media?parent=16372"}],"wp:term":[{"taxonomy":"category","embeddable":true,"href":"https:\/\/www.ull.es\/portal\/noticias\/wp-json\/wp\/v2\/categories?post=16372"},{"taxonomy":"post_tag","embeddable":true,"href":"https:\/\/www.ull.es\/portal\/noticias\/wp-json\/wp\/v2\/tags?post=16372"}],"curies":[{"name":"wp","href":"https:\/\/api.w.org\/{rel}","templated":true}]}}