{"id":16382,"date":"2008-10-21T00:00:00","date_gmt":"2008-10-21T00:00:00","guid":{"rendered":"http:\/\/ddigital.webs.ull.es\/la-ull-y-la-uned-colaborarn-en-la-creacin-de-una-plataforma-educativa-en-frica\/"},"modified":"2008-10-21T00:00:00","modified_gmt":"2008-10-21T00:00:00","slug":"la-ull-y-la-uned-colaborarn-en-la-creacin-de-una-plataforma-educativa-en-frica","status":"publish","type":"post","link":"https:\/\/www.ull.es\/portal\/noticias\/2008\/la-ull-y-la-uned-colaborarn-en-la-creacin-de-una-plataforma-educativa-en-frica\/","title":{"rendered":"La ULL y la UNED colaborar\u00e1n en la creaci\u00f3n de una plataforma educativa en \u00e1frica"},"content":{"rendered":"<p><P align=\"justify\">El rector de la Universidad de La Laguna, Eduardo Dom&eacute;nech, y su hom&oacute;logo de la Universidad Nacional de Educaci&oacute;n a Distancia (UNED), Juan Gimeno, firmaron hoy martes 21 de octubre un convenio marco entre las dos instituciones para, entre otras cuestiones, crear una plataforma educativa dirigida a estudiantes africanos.<\/P><P align=\"justify\"><\/P><\/p>\n<p><P align=\"justify\">Este convenio, de car&aacute;cter general, sienta las bases para llegar a acuerdos espec&iacute;ficos en diversos temas, entre los que se incluyen el reconocimiento mutuo de cr&eacute;ditos acad&eacute;micos, la puesta en marcha de actividades docentes e investigadoras, el intercambio de tutores, la movilidad del alumnado y del profesorado y, tal y como se anunci&oacute; en la rueda de prensa celebrada tras la r&uacute;brica del convenio, el fomento de la presencia de sendas universidades en &aacute;frica, para lo cual la Universidad de La Laguna cuenta con un Centro de Estudios Africanos que apoyar&iacute;a esta labor, recalc&oacute; Dom&eacute;nech.<\/P><P align=\"justify\"><\/P><P align=\"justify\">En este punto, el rector de la UNED a&ntilde;adi&oacute; que se intentar&aacute; llegar a un acuerdo entre el Ministerio de Ciencia e Innovaci&oacute;n, la Consejer&iacute;a de Educaci&oacute;n del Gobierno de Canarias, las dos universidades isle&ntilde;as y la propia UNED para poner en marcha una estructura virtual que ofrezca formaci&oacute;n, especialmente en el formato de m&aacute;ster o de posgrado, sobre materias sanitarias o nuevas tecnolog&iacute;as.<\/P><P align=\"justify\"><\/P><P align=\"justify\">El convenio marco tambi&eacute;n prev&eacute; la posibilidad de trabajar conjuntamente en la internacionalizaci&oacute;n tanto de La Laguna como de la UNED en el norte de Latinoam&eacute;rica (Ecuador, Colombia, Venezuela, Bolivia y Per&uacute;) o en el reconocimiento mutuo del alumnado que haya superado las Pruebas de Acceso a la Universidad para Mayores de 25 a&ntilde;os, todo ello con las limitaciones derivadas de la normativa en vigor.<\/P><\/p>\n","protected":false},"excerpt":{"rendered":"<p>El rector de la Universidad de La Laguna, Eduardo Dom&eacute;nech, y su hom&oacute;logo de la Universidad Nacional de Educaci&oacute;n a&#8230;<\/p>\n","protected":false},"author":21,"featured_media":16383,"comment_status":"open","ping_status":"open","sticky":false,"template":"","format":"standard","meta":{"inline_featured_image":false,"footnotes":""},"categories":[348],"tags":[],"acf":[],"yoast_head":"<!-- This site is optimized with the Yoast SEO plugin v21.3 - https:\/\/yoast.com\/wordpress\/plugins\/seo\/ -->\n<title>La ULL y la UNED colaborar\u00e1n en la creaci\u00f3n de una plataforma educativa en \u00e1frica - ULL - Noticias<\/title>\n<meta name=\"robots\" content=\"index, follow, max-snippet:-1, max-image-preview:large, max-video-preview:-1\" \/>\n<link rel=\"canonical\" href=\"https:\/\/www.ull.es\/portal\/noticias\/2008\/la-ull-y-la-uned-colaborarn-en-la-creacin-de-una-plataforma-educativa-en-frica\/\" \/>\n<meta property=\"og:locale\" content=\"es_ES\" \/>\n<meta property=\"og:type\" content=\"article\" \/>\n<meta property=\"og:title\" content=\"La ULL y la UNED colaborar\u00e1n en la creaci\u00f3n de una plataforma educativa en \u00e1frica - ULL - Noticias\" \/>\n<meta property=\"og:description\" content=\"El rector de la Universidad de La Laguna, Eduardo Dom&eacute;nech, y su hom&oacute;logo de la Universidad Nacional de Educaci&oacute;n a...\" \/>\n<meta property=\"og:url\" content=\"https:\/\/www.ull.es\/portal\/noticias\/2008\/la-ull-y-la-uned-colaborarn-en-la-creacin-de-una-plataforma-educativa-en-frica\/\" \/>\n<meta property=\"og:site_name\" content=\"ULL - Noticias\" \/>\n<meta property=\"article:publisher\" content=\"https:\/\/www.facebook.com\/universidaddelalaguna\/\" \/>\n<meta property=\"article:published_time\" content=\"2008-10-21T00:00:00+00:00\" \/>\n<meta property=\"og:image\" content=\"https:\/\/www.ull.es\/portal\/noticias\/wp-content\/uploads\/sites\/13\/2015\/07\/uned.jpg\" \/>\n\t<meta property=\"og:image:width\" content=\"800\" \/>\n\t<meta property=\"og:image:height\" content=\"534\" \/>\n\t<meta property=\"og:image:type\" content=\"image\/jpeg\" \/>\n<meta name=\"author\" content=\"prensa2\" \/>\n<meta name=\"twitter:card\" content=\"summary_large_image\" \/>\n<meta name=\"twitter:creator\" content=\"@CanalULL\" \/>\n<meta name=\"twitter:site\" content=\"@CanalULL\" \/>\n<meta name=\"twitter:label1\" content=\"Escrito por\" \/>\n\t<meta name=\"twitter:data1\" content=\"prensa2\" \/>\n\t<meta name=\"twitter:label2\" content=\"Tiempo de lectura\" \/>\n\t<meta name=\"twitter:data2\" content=\"2 minutos\" \/>\n<script type=\"application\/ld+json\" class=\"yoast-schema-graph\">{\"@context\":\"https:\/\/schema.org\",\"@graph\":[{\"@type\":\"WebPage\",\"@id\":\"https:\/\/www.ull.es\/portal\/noticias\/2008\/la-ull-y-la-uned-colaborarn-en-la-creacin-de-una-plataforma-educativa-en-frica\/\",\"url\":\"https:\/\/www.ull.es\/portal\/noticias\/2008\/la-ull-y-la-uned-colaborarn-en-la-creacin-de-una-plataforma-educativa-en-frica\/\",\"name\":\"La ULL y la UNED colaborar\u00e1n en la creaci\u00f3n de una plataforma educativa en \u00e1frica - ULL - Noticias\",\"isPartOf\":{\"@id\":\"https:\/\/www.ull.es\/portal\/noticias\/#website\"},\"datePublished\":\"2008-10-21T00:00:00+00:00\",\"dateModified\":\"2008-10-21T00:00:00+00:00\",\"author\":{\"@id\":\"https:\/\/www.ull.es\/portal\/noticias\/#\/schema\/person\/c3b2aa857797592927a03740d6664376\"},\"breadcrumb\":{\"@id\":\"https:\/\/www.ull.es\/portal\/noticias\/2008\/la-ull-y-la-uned-colaborarn-en-la-creacin-de-una-plataforma-educativa-en-frica\/#breadcrumb\"},\"inLanguage\":\"es\",\"potentialAction\":[{\"@type\":\"ReadAction\",\"target\":[\"https:\/\/www.ull.es\/portal\/noticias\/2008\/la-ull-y-la-uned-colaborarn-en-la-creacin-de-una-plataforma-educativa-en-frica\/\"]}]},{\"@type\":\"BreadcrumbList\",\"@id\":\"https:\/\/www.ull.es\/portal\/noticias\/2008\/la-ull-y-la-uned-colaborarn-en-la-creacin-de-una-plataforma-educativa-en-frica\/#breadcrumb\",\"itemListElement\":[{\"@type\":\"ListItem\",\"position\":1,\"name\":\"Portada\",\"item\":\"https:\/\/www.ull.es\/portal\/noticias\/\"},{\"@type\":\"ListItem\",\"position\":2,\"name\":\"La ULL y la UNED colaborar\u00e1n en la creaci\u00f3n de una plataforma educativa en \u00e1frica\"}]},{\"@type\":\"WebSite\",\"@id\":\"https:\/\/www.ull.es\/portal\/noticias\/#website\",\"url\":\"https:\/\/www.ull.es\/portal\/noticias\/\",\"name\":\"ULL - Noticias\",\"description\":\"\",\"potentialAction\":[{\"@type\":\"SearchAction\",\"target\":{\"@type\":\"EntryPoint\",\"urlTemplate\":\"https:\/\/www.ull.es\/portal\/noticias\/?s={search_term_string}\"},\"query-input\":\"required name=search_term_string\"}],\"inLanguage\":\"es\"},{\"@type\":\"Person\",\"@id\":\"https:\/\/www.ull.es\/portal\/noticias\/#\/schema\/person\/c3b2aa857797592927a03740d6664376\",\"name\":\"prensa2\",\"image\":{\"@type\":\"ImageObject\",\"inLanguage\":\"es\",\"@id\":\"https:\/\/www.ull.es\/portal\/noticias\/#\/schema\/person\/image\/\",\"url\":\"https:\/\/secure.gravatar.com\/avatar\/b58f310a5de5feb33d1e026d2493f23c?s=96&d=mm&r=g\",\"contentUrl\":\"https:\/\/secure.gravatar.com\/avatar\/b58f310a5de5feb33d1e026d2493f23c?s=96&d=mm&r=g\",\"caption\":\"prensa2\"},\"url\":\"https:\/\/www.ull.es\/portal\/noticias\/author\/prensa2\/\"}]}<\/script>\n<!-- \/ Yoast SEO plugin. -->","yoast_head_json":{"title":"La ULL y la UNED colaborar\u00e1n en la creaci\u00f3n de una plataforma educativa en \u00e1frica - ULL - Noticias","robots":{"index":"index","follow":"follow","max-snippet":"max-snippet:-1","max-image-preview":"max-image-preview:large","max-video-preview":"max-video-preview:-1"},"canonical":"https:\/\/www.ull.es\/portal\/noticias\/2008\/la-ull-y-la-uned-colaborarn-en-la-creacin-de-una-plataforma-educativa-en-frica\/","og_locale":"es_ES","og_type":"article","og_title":"La ULL y la UNED colaborar\u00e1n en la creaci\u00f3n de una plataforma educativa en \u00e1frica - ULL - Noticias","og_description":"El rector de la Universidad de La Laguna, Eduardo Dom&eacute;nech, y su hom&oacute;logo de la Universidad Nacional de Educaci&oacute;n a...","og_url":"https:\/\/www.ull.es\/portal\/noticias\/2008\/la-ull-y-la-uned-colaborarn-en-la-creacin-de-una-plataforma-educativa-en-frica\/","og_site_name":"ULL - Noticias","article_publisher":"https:\/\/www.facebook.com\/universidaddelalaguna\/","article_published_time":"2008-10-21T00:00:00+00:00","og_image":[{"width":800,"height":534,"url":"https:\/\/www.ull.es\/portal\/noticias\/wp-content\/uploads\/sites\/13\/2015\/07\/uned.jpg","type":"image\/jpeg"}],"author":"prensa2","twitter_card":"summary_large_image","twitter_creator":"@CanalULL","twitter_site":"@CanalULL","twitter_misc":{"Escrito por":"prensa2","Tiempo de lectura":"2 minutos"},"schema":{"@context":"https:\/\/schema.org","@graph":[{"@type":"WebPage","@id":"https:\/\/www.ull.es\/portal\/noticias\/2008\/la-ull-y-la-uned-colaborarn-en-la-creacin-de-una-plataforma-educativa-en-frica\/","url":"https:\/\/www.ull.es\/portal\/noticias\/2008\/la-ull-y-la-uned-colaborarn-en-la-creacin-de-una-plataforma-educativa-en-frica\/","name":"La ULL y la UNED colaborar\u00e1n en la creaci\u00f3n de una plataforma educativa en \u00e1frica - ULL - Noticias","isPartOf":{"@id":"https:\/\/www.ull.es\/portal\/noticias\/#website"},"datePublished":"2008-10-21T00:00:00+00:00","dateModified":"2008-10-21T00:00:00+00:00","author":{"@id":"https:\/\/www.ull.es\/portal\/noticias\/#\/schema\/person\/c3b2aa857797592927a03740d6664376"},"breadcrumb":{"@id":"https:\/\/www.ull.es\/portal\/noticias\/2008\/la-ull-y-la-uned-colaborarn-en-la-creacin-de-una-plataforma-educativa-en-frica\/#breadcrumb"},"inLanguage":"es","potentialAction":[{"@type":"ReadAction","target":["https:\/\/www.ull.es\/portal\/noticias\/2008\/la-ull-y-la-uned-colaborarn-en-la-creacin-de-una-plataforma-educativa-en-frica\/"]}]},{"@type":"BreadcrumbList","@id":"https:\/\/www.ull.es\/portal\/noticias\/2008\/la-ull-y-la-uned-colaborarn-en-la-creacin-de-una-plataforma-educativa-en-frica\/#breadcrumb","itemListElement":[{"@type":"ListItem","position":1,"name":"Portada","item":"https:\/\/www.ull.es\/portal\/noticias\/"},{"@type":"ListItem","position":2,"name":"La ULL y la UNED colaborar\u00e1n en la creaci\u00f3n de una plataforma educativa en \u00e1frica"}]},{"@type":"WebSite","@id":"https:\/\/www.ull.es\/portal\/noticias\/#website","url":"https:\/\/www.ull.es\/portal\/noticias\/","name":"ULL - Noticias","description":"","potentialAction":[{"@type":"SearchAction","target":{"@type":"EntryPoint","urlTemplate":"https:\/\/www.ull.es\/portal\/noticias\/?s={search_term_string}"},"query-input":"required name=search_term_string"}],"inLanguage":"es"},{"@type":"Person","@id":"https:\/\/www.ull.es\/portal\/noticias\/#\/schema\/person\/c3b2aa857797592927a03740d6664376","name":"prensa2","image":{"@type":"ImageObject","inLanguage":"es","@id":"https:\/\/www.ull.es\/portal\/noticias\/#\/schema\/person\/image\/","url":"https:\/\/secure.gravatar.com\/avatar\/b58f310a5de5feb33d1e026d2493f23c?s=96&d=mm&r=g","contentUrl":"https:\/\/secure.gravatar.com\/avatar\/b58f310a5de5feb33d1e026d2493f23c?s=96&d=mm&r=g","caption":"prensa2"},"url":"https:\/\/www.ull.es\/portal\/noticias\/author\/prensa2\/"}]}},"primary_category":null,"featured_image_thumbnail_url":"https:\/\/www.ull.es\/portal\/noticias\/wp-content\/uploads\/sites\/13\/2015\/07\/uned-300x200.jpg","_links":{"self":[{"href":"https:\/\/www.ull.es\/portal\/noticias\/wp-json\/wp\/v2\/posts\/16382"}],"collection":[{"href":"https:\/\/www.ull.es\/portal\/noticias\/wp-json\/wp\/v2\/posts"}],"about":[{"href":"https:\/\/www.ull.es\/portal\/noticias\/wp-json\/wp\/v2\/types\/post"}],"author":[{"embeddable":true,"href":"https:\/\/www.ull.es\/portal\/noticias\/wp-json\/wp\/v2\/users\/21"}],"replies":[{"embeddable":true,"href":"https:\/\/www.ull.es\/portal\/noticias\/wp-json\/wp\/v2\/comments?post=16382"}],"version-history":[{"count":0,"href":"https:\/\/www.ull.es\/portal\/noticias\/wp-json\/wp\/v2\/posts\/16382\/revisions"}],"wp:featuredmedia":[{"embeddable":true,"href":"https:\/\/www.ull.es\/portal\/noticias\/wp-json\/wp\/v2\/media\/16383"}],"wp:attachment":[{"href":"https:\/\/www.ull.es\/portal\/noticias\/wp-json\/wp\/v2\/media?parent=16382"}],"wp:term":[{"taxonomy":"category","embeddable":true,"href":"https:\/\/www.ull.es\/portal\/noticias\/wp-json\/wp\/v2\/categories?post=16382"},{"taxonomy":"post_tag","embeddable":true,"href":"https:\/\/www.ull.es\/portal\/noticias\/wp-json\/wp\/v2\/tags?post=16382"}],"curies":[{"name":"wp","href":"https:\/\/api.w.org\/{rel}","templated":true}]}}