{"id":16396,"date":"2008-10-28T00:00:00","date_gmt":"2008-10-28T00:00:00","guid":{"rendered":"http:\/\/ddigital.webs.ull.es\/los-alumnos-del-colegio-la-salle-realizarn-prcticas-de-biologa-molecular-en-la-ull\/"},"modified":"2008-10-28T00:00:00","modified_gmt":"2008-10-28T00:00:00","slug":"los-alumnos-del-colegio-la-salle-realizarn-prcticas-de-biologa-molecular-en-la-ull","status":"publish","type":"post","link":"https:\/\/www.ull.es\/portal\/noticias\/2008\/los-alumnos-del-colegio-la-salle-realizarn-prcticas-de-biologa-molecular-en-la-ull\/","title":{"rendered":"Los alumnos del Colegio La Salle realizar\u00e1n pr\u00e1cticas de biolog\u00eda molecular en la ULL"},"content":{"rendered":"<p><P align=\"justify\">Los alumnos de segundo de Bachillerato del Colegio La Salle-San Ildefonso, de Santa Cruz de Tenerife, realizar&aacute;n pr&aacute;cticas de biolog&iacute;a molecular en el Instituto de Enfermedades Tropicales y Salud P&uacute;blica de Canarias, adscrito a la Universidad de La Laguna, en virtud de un convenio suscrito hoy martes 28 de octubre entre el rector de la instituci&oacute;n universitario, Eduardo Dom&eacute;nech, y del director de dicho centro educativo, Pedro Luis Rodr&iacute;guez &aacute;lvarez.<\/P><\/p>\n<p><P align=\"justify\">Las pr&aacute;cticas tendr&aacute;n lugar los s&aacute;bados, de ocho de la ma&ntilde;ana a siete de la tarde, en grupos de cuatro a ochos alumnos durante un periodo de cuatro meses, previsto entre febrero y mayo. Los estudiantes llevar&aacute;n a cabo extracciones del ADN a partir del cultivo de par&aacute;sitos, as&iacute; como amplificaciones de un gen de inter&eacute;s mediante la t&eacute;cnica del PCR (reacci&oacute;n en cadena de la polimerasa) y usando los termocicladores que posee el instituto de investigaci&oacute;n. As&iacute;, los alumnos conocer&aacute;n de primera mano las t&eacute;cnicas y los procesos a los que se enfrentan los investigadores a diario.<\/P><P align=\"justify\"><\/P><P align=\"justify\">Este convenio resulta muy positivo para la Universidad de La Laguna, se&ntilde;al&oacute; el rector en el transcurso de la firma, puesto que se trata de una clara apertura del centro universitario a la sociedad y porque implica un contacto directo con los futuros alumnos universitarios, adem&aacute;s de fomentar las vocaciones cient&iacute;ficas entre los estudiantes.<\/P><P align=\"justify\"><\/P><P align=\"justify\">En opini&oacute;n del director del colegio, este acuerdo, que podr&aacute; extenderse a otras &aacute;reas, supone el establecimiento de alianzas con una instituci&oacute;n educativa de prestigio, al tiempo que ofrece a sus estudiantes el acercamiento a la realidad de la investigaci&oacute;n.<\/P><P align=\"justify\"><\/P><P align=\"justify\">Los responsables cient&iacute;fico-t&eacute;cnicos del proyecto son, por parte de la Universidad de La Laguna, el profesor Basilio Valladares, y del Colegio La Salle-San Ildefonso, el docente e investigador posdoctoral del Instituto de Enfermedades Tropicales de la ULL V&iacute;ctor Manuel Rodr&iacute;guez.<\/P><\/p>\n","protected":false},"excerpt":{"rendered":"<p>Los alumnos de segundo de Bachillerato del Colegio La Salle-San Ildefonso, de Santa Cruz de Tenerife, realizar&aacute;n pr&aacute;cticas de biolog&iacute;a&#8230;<\/p>\n","protected":false},"author":21,"featured_media":16397,"comment_status":"open","ping_status":"open","sticky":false,"template":"","format":"standard","meta":{"inline_featured_image":false,"footnotes":""},"categories":[348],"tags":[],"acf":[],"yoast_head":"<!-- This site is optimized with the Yoast SEO plugin v21.3 - https:\/\/yoast.com\/wordpress\/plugins\/seo\/ -->\n<title>Los alumnos del Colegio La Salle realizar\u00e1n pr\u00e1cticas de biolog\u00eda molecular en la ULL - ULL - Noticias<\/title>\n<meta name=\"robots\" content=\"index, follow, max-snippet:-1, max-image-preview:large, max-video-preview:-1\" \/>\n<link rel=\"canonical\" href=\"https:\/\/www.ull.es\/portal\/noticias\/2008\/los-alumnos-del-colegio-la-salle-realizarn-prcticas-de-biologa-molecular-en-la-ull\/\" \/>\n<meta property=\"og:locale\" content=\"es_ES\" \/>\n<meta property=\"og:type\" content=\"article\" \/>\n<meta property=\"og:title\" content=\"Los alumnos del Colegio La Salle realizar\u00e1n pr\u00e1cticas de biolog\u00eda molecular en la ULL - ULL - Noticias\" \/>\n<meta property=\"og:description\" content=\"Los alumnos de segundo de Bachillerato del Colegio La Salle-San Ildefonso, de Santa Cruz de Tenerife, realizar&aacute;n pr&aacute;cticas de biolog&iacute;a...\" \/>\n<meta property=\"og:url\" content=\"https:\/\/www.ull.es\/portal\/noticias\/2008\/los-alumnos-del-colegio-la-salle-realizarn-prcticas-de-biologa-molecular-en-la-ull\/\" \/>\n<meta property=\"og:site_name\" content=\"ULL - Noticias\" \/>\n<meta property=\"article:publisher\" content=\"https:\/\/www.facebook.com\/universidaddelalaguna\/\" \/>\n<meta property=\"article:published_time\" content=\"2008-10-28T00:00:00+00:00\" \/>\n<meta property=\"og:image\" content=\"https:\/\/www.ull.es\/portal\/noticias\/wp-content\/uploads\/sites\/13\/2015\/07\/lasalle.jpg\" \/>\n\t<meta property=\"og:image:width\" content=\"800\" \/>\n\t<meta property=\"og:image:height\" content=\"534\" \/>\n\t<meta property=\"og:image:type\" content=\"image\/jpeg\" \/>\n<meta name=\"author\" content=\"prensa2\" \/>\n<meta name=\"twitter:card\" content=\"summary_large_image\" \/>\n<meta name=\"twitter:creator\" content=\"@CanalULL\" \/>\n<meta name=\"twitter:site\" content=\"@CanalULL\" \/>\n<meta name=\"twitter:label1\" content=\"Escrito por\" \/>\n\t<meta name=\"twitter:data1\" content=\"prensa2\" \/>\n\t<meta name=\"twitter:label2\" content=\"Tiempo de lectura\" \/>\n\t<meta name=\"twitter:data2\" content=\"2 minutos\" \/>\n<script type=\"application\/ld+json\" class=\"yoast-schema-graph\">{\"@context\":\"https:\/\/schema.org\",\"@graph\":[{\"@type\":\"WebPage\",\"@id\":\"https:\/\/www.ull.es\/portal\/noticias\/2008\/los-alumnos-del-colegio-la-salle-realizarn-prcticas-de-biologa-molecular-en-la-ull\/\",\"url\":\"https:\/\/www.ull.es\/portal\/noticias\/2008\/los-alumnos-del-colegio-la-salle-realizarn-prcticas-de-biologa-molecular-en-la-ull\/\",\"name\":\"Los alumnos del Colegio La Salle realizar\u00e1n pr\u00e1cticas de biolog\u00eda molecular en la ULL - ULL - Noticias\",\"isPartOf\":{\"@id\":\"https:\/\/www.ull.es\/portal\/noticias\/#website\"},\"datePublished\":\"2008-10-28T00:00:00+00:00\",\"dateModified\":\"2008-10-28T00:00:00+00:00\",\"author\":{\"@id\":\"https:\/\/www.ull.es\/portal\/noticias\/#\/schema\/person\/c3b2aa857797592927a03740d6664376\"},\"breadcrumb\":{\"@id\":\"https:\/\/www.ull.es\/portal\/noticias\/2008\/los-alumnos-del-colegio-la-salle-realizarn-prcticas-de-biologa-molecular-en-la-ull\/#breadcrumb\"},\"inLanguage\":\"es\",\"potentialAction\":[{\"@type\":\"ReadAction\",\"target\":[\"https:\/\/www.ull.es\/portal\/noticias\/2008\/los-alumnos-del-colegio-la-salle-realizarn-prcticas-de-biologa-molecular-en-la-ull\/\"]}]},{\"@type\":\"BreadcrumbList\",\"@id\":\"https:\/\/www.ull.es\/portal\/noticias\/2008\/los-alumnos-del-colegio-la-salle-realizarn-prcticas-de-biologa-molecular-en-la-ull\/#breadcrumb\",\"itemListElement\":[{\"@type\":\"ListItem\",\"position\":1,\"name\":\"Portada\",\"item\":\"https:\/\/www.ull.es\/portal\/noticias\/\"},{\"@type\":\"ListItem\",\"position\":2,\"name\":\"Los alumnos del Colegio La Salle realizar\u00e1n pr\u00e1cticas de biolog\u00eda molecular en la ULL\"}]},{\"@type\":\"WebSite\",\"@id\":\"https:\/\/www.ull.es\/portal\/noticias\/#website\",\"url\":\"https:\/\/www.ull.es\/portal\/noticias\/\",\"name\":\"ULL - Noticias\",\"description\":\"\",\"potentialAction\":[{\"@type\":\"SearchAction\",\"target\":{\"@type\":\"EntryPoint\",\"urlTemplate\":\"https:\/\/www.ull.es\/portal\/noticias\/?s={search_term_string}\"},\"query-input\":\"required name=search_term_string\"}],\"inLanguage\":\"es\"},{\"@type\":\"Person\",\"@id\":\"https:\/\/www.ull.es\/portal\/noticias\/#\/schema\/person\/c3b2aa857797592927a03740d6664376\",\"name\":\"prensa2\",\"image\":{\"@type\":\"ImageObject\",\"inLanguage\":\"es\",\"@id\":\"https:\/\/www.ull.es\/portal\/noticias\/#\/schema\/person\/image\/\",\"url\":\"https:\/\/secure.gravatar.com\/avatar\/b58f310a5de5feb33d1e026d2493f23c?s=96&d=mm&r=g\",\"contentUrl\":\"https:\/\/secure.gravatar.com\/avatar\/b58f310a5de5feb33d1e026d2493f23c?s=96&d=mm&r=g\",\"caption\":\"prensa2\"},\"url\":\"https:\/\/www.ull.es\/portal\/noticias\/author\/prensa2\/\"}]}<\/script>\n<!-- \/ Yoast SEO plugin. -->","yoast_head_json":{"title":"Los alumnos del Colegio La Salle realizar\u00e1n pr\u00e1cticas de biolog\u00eda molecular en la ULL - ULL - Noticias","robots":{"index":"index","follow":"follow","max-snippet":"max-snippet:-1","max-image-preview":"max-image-preview:large","max-video-preview":"max-video-preview:-1"},"canonical":"https:\/\/www.ull.es\/portal\/noticias\/2008\/los-alumnos-del-colegio-la-salle-realizarn-prcticas-de-biologa-molecular-en-la-ull\/","og_locale":"es_ES","og_type":"article","og_title":"Los alumnos del Colegio La Salle realizar\u00e1n pr\u00e1cticas de biolog\u00eda molecular en la ULL - ULL - Noticias","og_description":"Los alumnos de segundo de Bachillerato del Colegio La Salle-San Ildefonso, de Santa Cruz de Tenerife, realizar&aacute;n pr&aacute;cticas de biolog&iacute;a...","og_url":"https:\/\/www.ull.es\/portal\/noticias\/2008\/los-alumnos-del-colegio-la-salle-realizarn-prcticas-de-biologa-molecular-en-la-ull\/","og_site_name":"ULL - Noticias","article_publisher":"https:\/\/www.facebook.com\/universidaddelalaguna\/","article_published_time":"2008-10-28T00:00:00+00:00","og_image":[{"width":800,"height":534,"url":"https:\/\/www.ull.es\/portal\/noticias\/wp-content\/uploads\/sites\/13\/2015\/07\/lasalle.jpg","type":"image\/jpeg"}],"author":"prensa2","twitter_card":"summary_large_image","twitter_creator":"@CanalULL","twitter_site":"@CanalULL","twitter_misc":{"Escrito por":"prensa2","Tiempo de lectura":"2 minutos"},"schema":{"@context":"https:\/\/schema.org","@graph":[{"@type":"WebPage","@id":"https:\/\/www.ull.es\/portal\/noticias\/2008\/los-alumnos-del-colegio-la-salle-realizarn-prcticas-de-biologa-molecular-en-la-ull\/","url":"https:\/\/www.ull.es\/portal\/noticias\/2008\/los-alumnos-del-colegio-la-salle-realizarn-prcticas-de-biologa-molecular-en-la-ull\/","name":"Los alumnos del Colegio La Salle realizar\u00e1n pr\u00e1cticas de biolog\u00eda molecular en la ULL - ULL - Noticias","isPartOf":{"@id":"https:\/\/www.ull.es\/portal\/noticias\/#website"},"datePublished":"2008-10-28T00:00:00+00:00","dateModified":"2008-10-28T00:00:00+00:00","author":{"@id":"https:\/\/www.ull.es\/portal\/noticias\/#\/schema\/person\/c3b2aa857797592927a03740d6664376"},"breadcrumb":{"@id":"https:\/\/www.ull.es\/portal\/noticias\/2008\/los-alumnos-del-colegio-la-salle-realizarn-prcticas-de-biologa-molecular-en-la-ull\/#breadcrumb"},"inLanguage":"es","potentialAction":[{"@type":"ReadAction","target":["https:\/\/www.ull.es\/portal\/noticias\/2008\/los-alumnos-del-colegio-la-salle-realizarn-prcticas-de-biologa-molecular-en-la-ull\/"]}]},{"@type":"BreadcrumbList","@id":"https:\/\/www.ull.es\/portal\/noticias\/2008\/los-alumnos-del-colegio-la-salle-realizarn-prcticas-de-biologa-molecular-en-la-ull\/#breadcrumb","itemListElement":[{"@type":"ListItem","position":1,"name":"Portada","item":"https:\/\/www.ull.es\/portal\/noticias\/"},{"@type":"ListItem","position":2,"name":"Los alumnos del Colegio La Salle realizar\u00e1n pr\u00e1cticas de biolog\u00eda molecular en la ULL"}]},{"@type":"WebSite","@id":"https:\/\/www.ull.es\/portal\/noticias\/#website","url":"https:\/\/www.ull.es\/portal\/noticias\/","name":"ULL - Noticias","description":"","potentialAction":[{"@type":"SearchAction","target":{"@type":"EntryPoint","urlTemplate":"https:\/\/www.ull.es\/portal\/noticias\/?s={search_term_string}"},"query-input":"required name=search_term_string"}],"inLanguage":"es"},{"@type":"Person","@id":"https:\/\/www.ull.es\/portal\/noticias\/#\/schema\/person\/c3b2aa857797592927a03740d6664376","name":"prensa2","image":{"@type":"ImageObject","inLanguage":"es","@id":"https:\/\/www.ull.es\/portal\/noticias\/#\/schema\/person\/image\/","url":"https:\/\/secure.gravatar.com\/avatar\/b58f310a5de5feb33d1e026d2493f23c?s=96&d=mm&r=g","contentUrl":"https:\/\/secure.gravatar.com\/avatar\/b58f310a5de5feb33d1e026d2493f23c?s=96&d=mm&r=g","caption":"prensa2"},"url":"https:\/\/www.ull.es\/portal\/noticias\/author\/prensa2\/"}]}},"primary_category":null,"featured_image_thumbnail_url":"https:\/\/www.ull.es\/portal\/noticias\/wp-content\/uploads\/sites\/13\/2015\/07\/lasalle-300x200.jpg","_links":{"self":[{"href":"https:\/\/www.ull.es\/portal\/noticias\/wp-json\/wp\/v2\/posts\/16396"}],"collection":[{"href":"https:\/\/www.ull.es\/portal\/noticias\/wp-json\/wp\/v2\/posts"}],"about":[{"href":"https:\/\/www.ull.es\/portal\/noticias\/wp-json\/wp\/v2\/types\/post"}],"author":[{"embeddable":true,"href":"https:\/\/www.ull.es\/portal\/noticias\/wp-json\/wp\/v2\/users\/21"}],"replies":[{"embeddable":true,"href":"https:\/\/www.ull.es\/portal\/noticias\/wp-json\/wp\/v2\/comments?post=16396"}],"version-history":[{"count":0,"href":"https:\/\/www.ull.es\/portal\/noticias\/wp-json\/wp\/v2\/posts\/16396\/revisions"}],"wp:featuredmedia":[{"embeddable":true,"href":"https:\/\/www.ull.es\/portal\/noticias\/wp-json\/wp\/v2\/media\/16397"}],"wp:attachment":[{"href":"https:\/\/www.ull.es\/portal\/noticias\/wp-json\/wp\/v2\/media?parent=16396"}],"wp:term":[{"taxonomy":"category","embeddable":true,"href":"https:\/\/www.ull.es\/portal\/noticias\/wp-json\/wp\/v2\/categories?post=16396"},{"taxonomy":"post_tag","embeddable":true,"href":"https:\/\/www.ull.es\/portal\/noticias\/wp-json\/wp\/v2\/tags?post=16396"}],"curies":[{"name":"wp","href":"https:\/\/api.w.org\/{rel}","templated":true}]}}