{"id":16403,"date":"2008-10-31T00:00:00","date_gmt":"2008-10-31T00:00:00","guid":{"rendered":"http:\/\/ddigital.webs.ull.es\/el-foro-temtico-sobre-desarrollo-curricular-y-emprendedura-vincula-el-espacio-europeo-de-educacin-superior-con-la-mejora-de-la-competitividad-de-las-universidades\/"},"modified":"2008-10-31T00:00:00","modified_gmt":"2008-10-31T00:00:00","slug":"el-foro-temtico-sobre-desarrollo-curricular-y-emprendedura-vincula-el-espacio-europeo-de-educacin-superior-con-la-mejora-de-la-competitividad-de-las-universidades","status":"publish","type":"post","link":"https:\/\/www.ull.es\/portal\/noticias\/2008\/el-foro-temtico-sobre-desarrollo-curricular-y-emprendedura-vincula-el-espacio-europeo-de-educacin-superior-con-la-mejora-de-la-competitividad-de-las-universidades\/","title":{"rendered":"El Foro Tem\u00e1tico sobre Desarrollo Curricular y Emprendedur\u00eda vincula el espacio europeo de educaci\u00f3n superior con la mejora de la competitividad de las universidades"},"content":{"rendered":"<p>El Foro Tem&aacute;tico sobre Desarrollo Curricular y Emprendedur&iacute;a, organizado por la Comisi&oacute;n Europea (CE) y el Gobierno de Canarias, ha continuado en la tarde de hoy con una serie de talleres de trabajo y conferencias. A lo largo de las sesiones se ha puesto de manifiesto la necesidad real de avanzar en la constituci&oacute;n de un espacio europeo de educaci&oacute;n superior que permita incrementar la competitividad de los graduados europeos, as&iacute; como adaptar la formaci&oacute;n de los alumnos a la demanda del mercado.<\/p>\n<p><P>Empresarios y expertos europeos en educaci&oacute;n han protagonizado un interesante debate sobre aspectos fundamentales en la materia, como los posibles modelos de colaboraci&oacute;n y participaci&oacute;n del mundo empresarial en los centros superiores de ense&ntilde;anza, sin que ello suponga una p&eacute;rdida de la autonom&iacute;a universitaria, o la necesidad de adaptar los contenidos curriculares a la realidad del mercado laboral, sin abandonar materias y aspectos formativos que deben seguir estando presentes.<\/P><P>Uno de los elementos sometidos a debate fue la actual revitalizaci&oacute;n de la responsabilidad social de las empresas que les lleva a plantear pol&iacute;ticas de cooperaci&oacute;n con entidades, colectivos y universidades que pueden acabar incurriendo en una p&eacute;rdida de su independencia.<\/P><P>La primera mesa redonda celebrada, bajo el t&iacute;tulo Cooperaci&oacute;n Universidad-Empresa, estuvo moderada por el director en funciones de la Direcci&oacute;n General de Educaci&oacute;n y Cultura de la Comisi&oacute;n Europea, Gordon Clark, con la participaci&oacute;n del presidente de la Confederaci&oacute;n Provincial de Empresarios y miembro del Comit&eacute; Econ&oacute;mico y Social Europeo, Jos&eacute; Fernando Rodr&iacute;guez de Azero; el representante de Eurochambres y director delegado de Advancia, Renaud Redien-Collot; el director de reputaci&oacute;n de Identidad Corporativa de Telef&oacute;nica, Alberto Andreu Pinillos; el presidente de Kishoo, Ram Bhavnani, y el director del Centro para la Empleabilidad, Empresas y Carreras de la Universidad de Lancaster, Paul Blackmore.<\/P><P>En esta puesta en com&uacute;n de experiencias sobre la relaci&oacute;n entre el mundo empresarial y la comunidad universitaria se puso de manifiesto la distante o inexistente relaci&oacute;n entre el mundo empresarial y el universitario en Canarias, una realidad en la que ambas partes reconocieron tener sus respectivas cuotas de responsabilidad.<\/P><P>Las diferentes ponencias y mesas de debate permitieron tambi&eacute;n conocer experiencias de trabajos de colaboraci&oacute;n entre las universidades y el sector empresarial que se llevan a cabo en otros puntos de Europa, como es el caso de las acciones que desarrolla el citado centro universitario de Lancaster, as&iacute; como pr&aacute;cticas pioneras de colaboraci&oacute;n como la que lleva a cabo en las Islas la Fundaci&oacute;n Telef&oacute;nica.<\/P><P><STRONG>Talleres<\/STRONG><\/P><P>Los tres talleres monotem&aacute;ticos que se celebraron por la tarde versaron sobre Desarrollo Curricular en pol&iacute;ticas nacionales y regionales, Desarrollo del Programa: Pr&aacute;cticas Empresariales y Universitarias y Emprendedur&iacute;a-Estrategias de Educaci&oacute;n y Pr&aacute;cticas Empresariales, donde los setenta ponentes que participan en el foro, adem&aacute;s de dar a conocer, una vez m&aacute;s, modelos espec&iacute;ficos que van en la l&iacute;nea del objetivo central del encuentro, fueron esbozadas algunas sugerencias, como la propuesta de la profesora Christine Volkmann, de la Universidad de Wuppertal, de instaurar la disciplina o asignatura de Emprendedur&iacute;a<\/P><P>Los debates generados en estos talleres, en los que tambi&eacute;n tuvieron un protagonismo relevante el rector de la Universidad de La Laguna, Eduardo Dom&eacute;nech, y la vicerrectora de Calidad e Innovaci&oacute;n Educativa de la Universidad de Las Palmas de Gran Canaria, Raquel Espino, confluir&aacute;n en una serie de conclusiones formales, que ser&aacute;n dadas a conocer en la jornada de ma&ntilde;ana, y posteriormente elevadas a Bruselas, para ser plasmadas en el futuro dise&ntilde;o curricular europeo.<\/P><P>Ma&ntilde;ana [viernes 31], a partir de las 13:30 horas, est&aacute; previsto que el presidente del Gobierno de Canarias, Paulino Rivero, y el comisario europeo de Educaci&oacute;n, Formaci&oacute;n, Cultura y Juventud, Jan Figel, clausuren el Foro, con la presentaci&oacute;n de las conclusiones finales obtenidas de las sesiones de trabajo desarrolladas a lo largo de esta tarde.<\/P><\/p>\n","protected":false},"excerpt":{"rendered":"<p>El Foro Tem&aacute;tico sobre Desarrollo Curricular y Emprendedur&iacute;a, organizado por la Comisi&oacute;n Europea (CE) y el Gobierno de Canarias, ha&#8230;<\/p>\n","protected":false},"author":21,"featured_media":16404,"comment_status":"open","ping_status":"open","sticky":false,"template":"","format":"standard","meta":{"inline_featured_image":false,"footnotes":""},"categories":[348],"tags":[],"acf":[],"yoast_head":"<!-- This site is optimized with the Yoast SEO plugin v21.3 - https:\/\/yoast.com\/wordpress\/plugins\/seo\/ -->\n<title>El Foro Tem\u00e1tico sobre Desarrollo Curricular y Emprendedur\u00eda vincula el espacio europeo de educaci\u00f3n superior con la mejora de la competitividad de las universidades - ULL - Noticias<\/title>\n<meta name=\"robots\" content=\"index, follow, max-snippet:-1, max-image-preview:large, max-video-preview:-1\" \/>\n<link rel=\"canonical\" href=\"https:\/\/www.ull.es\/portal\/noticias\/2008\/el-foro-temtico-sobre-desarrollo-curricular-y-emprendedura-vincula-el-espacio-europeo-de-educacin-superior-con-la-mejora-de-la-competitividad-de-las-universidades\/\" \/>\n<meta property=\"og:locale\" content=\"es_ES\" \/>\n<meta property=\"og:type\" content=\"article\" \/>\n<meta property=\"og:title\" content=\"El Foro Tem\u00e1tico sobre Desarrollo Curricular y Emprendedur\u00eda vincula el espacio europeo de educaci\u00f3n superior con la mejora de la competitividad de las universidades - ULL - Noticias\" \/>\n<meta property=\"og:description\" content=\"El Foro Tem&aacute;tico sobre Desarrollo Curricular y Emprendedur&iacute;a, organizado por la Comisi&oacute;n Europea (CE) y el Gobierno de Canarias, ha...\" \/>\n<meta property=\"og:url\" content=\"https:\/\/www.ull.es\/portal\/noticias\/2008\/el-foro-temtico-sobre-desarrollo-curricular-y-emprendedura-vincula-el-espacio-europeo-de-educacin-superior-con-la-mejora-de-la-competitividad-de-las-universidades\/\" \/>\n<meta property=\"og:site_name\" content=\"ULL - Noticias\" \/>\n<meta property=\"article:publisher\" content=\"https:\/\/www.facebook.com\/universidaddelalaguna\/\" \/>\n<meta property=\"article:published_time\" content=\"2008-10-31T00:00:00+00:00\" \/>\n<meta property=\"og:image\" content=\"https:\/\/www.ull.es\/portal\/noticias\/wp-content\/uploads\/sites\/13\/2015\/07\/foro2.jpg\" \/>\n\t<meta property=\"og:image:width\" content=\"800\" \/>\n\t<meta property=\"og:image:height\" content=\"533\" \/>\n\t<meta property=\"og:image:type\" content=\"image\/jpeg\" \/>\n<meta name=\"author\" content=\"prensa2\" \/>\n<meta name=\"twitter:card\" content=\"summary_large_image\" \/>\n<meta name=\"twitter:creator\" content=\"@CanalULL\" \/>\n<meta name=\"twitter:site\" content=\"@CanalULL\" \/>\n<meta name=\"twitter:label1\" content=\"Escrito por\" \/>\n\t<meta name=\"twitter:data1\" content=\"prensa2\" \/>\n\t<meta name=\"twitter:label2\" content=\"Tiempo de lectura\" \/>\n\t<meta name=\"twitter:data2\" content=\"4 minutos\" \/>\n<script type=\"application\/ld+json\" class=\"yoast-schema-graph\">{\"@context\":\"https:\/\/schema.org\",\"@graph\":[{\"@type\":\"WebPage\",\"@id\":\"https:\/\/www.ull.es\/portal\/noticias\/2008\/el-foro-temtico-sobre-desarrollo-curricular-y-emprendedura-vincula-el-espacio-europeo-de-educacin-superior-con-la-mejora-de-la-competitividad-de-las-universidades\/\",\"url\":\"https:\/\/www.ull.es\/portal\/noticias\/2008\/el-foro-temtico-sobre-desarrollo-curricular-y-emprendedura-vincula-el-espacio-europeo-de-educacin-superior-con-la-mejora-de-la-competitividad-de-las-universidades\/\",\"name\":\"El Foro Tem\u00e1tico sobre Desarrollo Curricular y Emprendedur\u00eda vincula el espacio europeo de educaci\u00f3n superior con la mejora de la competitividad de las universidades - ULL - Noticias\",\"isPartOf\":{\"@id\":\"https:\/\/www.ull.es\/portal\/noticias\/#website\"},\"datePublished\":\"2008-10-31T00:00:00+00:00\",\"dateModified\":\"2008-10-31T00:00:00+00:00\",\"author\":{\"@id\":\"https:\/\/www.ull.es\/portal\/noticias\/#\/schema\/person\/c3b2aa857797592927a03740d6664376\"},\"breadcrumb\":{\"@id\":\"https:\/\/www.ull.es\/portal\/noticias\/2008\/el-foro-temtico-sobre-desarrollo-curricular-y-emprendedura-vincula-el-espacio-europeo-de-educacin-superior-con-la-mejora-de-la-competitividad-de-las-universidades\/#breadcrumb\"},\"inLanguage\":\"es\",\"potentialAction\":[{\"@type\":\"ReadAction\",\"target\":[\"https:\/\/www.ull.es\/portal\/noticias\/2008\/el-foro-temtico-sobre-desarrollo-curricular-y-emprendedura-vincula-el-espacio-europeo-de-educacin-superior-con-la-mejora-de-la-competitividad-de-las-universidades\/\"]}]},{\"@type\":\"BreadcrumbList\",\"@id\":\"https:\/\/www.ull.es\/portal\/noticias\/2008\/el-foro-temtico-sobre-desarrollo-curricular-y-emprendedura-vincula-el-espacio-europeo-de-educacin-superior-con-la-mejora-de-la-competitividad-de-las-universidades\/#breadcrumb\",\"itemListElement\":[{\"@type\":\"ListItem\",\"position\":1,\"name\":\"Portada\",\"item\":\"https:\/\/www.ull.es\/portal\/noticias\/\"},{\"@type\":\"ListItem\",\"position\":2,\"name\":\"El Foro Tem\u00e1tico sobre Desarrollo Curricular y Emprendedur\u00eda vincula el espacio europeo de educaci\u00f3n superior con la mejora de la competitividad de las universidades\"}]},{\"@type\":\"WebSite\",\"@id\":\"https:\/\/www.ull.es\/portal\/noticias\/#website\",\"url\":\"https:\/\/www.ull.es\/portal\/noticias\/\",\"name\":\"ULL - Noticias\",\"description\":\"\",\"potentialAction\":[{\"@type\":\"SearchAction\",\"target\":{\"@type\":\"EntryPoint\",\"urlTemplate\":\"https:\/\/www.ull.es\/portal\/noticias\/?s={search_term_string}\"},\"query-input\":\"required name=search_term_string\"}],\"inLanguage\":\"es\"},{\"@type\":\"Person\",\"@id\":\"https:\/\/www.ull.es\/portal\/noticias\/#\/schema\/person\/c3b2aa857797592927a03740d6664376\",\"name\":\"prensa2\",\"image\":{\"@type\":\"ImageObject\",\"inLanguage\":\"es\",\"@id\":\"https:\/\/www.ull.es\/portal\/noticias\/#\/schema\/person\/image\/\",\"url\":\"https:\/\/secure.gravatar.com\/avatar\/b58f310a5de5feb33d1e026d2493f23c?s=96&d=mm&r=g\",\"contentUrl\":\"https:\/\/secure.gravatar.com\/avatar\/b58f310a5de5feb33d1e026d2493f23c?s=96&d=mm&r=g\",\"caption\":\"prensa2\"},\"url\":\"https:\/\/www.ull.es\/portal\/noticias\/author\/prensa2\/\"}]}<\/script>\n<!-- \/ Yoast SEO plugin. -->","yoast_head_json":{"title":"El Foro Tem\u00e1tico sobre Desarrollo Curricular y Emprendedur\u00eda vincula el espacio europeo de educaci\u00f3n superior con la mejora de la competitividad de las universidades - ULL - Noticias","robots":{"index":"index","follow":"follow","max-snippet":"max-snippet:-1","max-image-preview":"max-image-preview:large","max-video-preview":"max-video-preview:-1"},"canonical":"https:\/\/www.ull.es\/portal\/noticias\/2008\/el-foro-temtico-sobre-desarrollo-curricular-y-emprendedura-vincula-el-espacio-europeo-de-educacin-superior-con-la-mejora-de-la-competitividad-de-las-universidades\/","og_locale":"es_ES","og_type":"article","og_title":"El Foro Tem\u00e1tico sobre Desarrollo Curricular y Emprendedur\u00eda vincula el espacio europeo de educaci\u00f3n superior con la mejora de la competitividad de las universidades - ULL - Noticias","og_description":"El Foro Tem&aacute;tico sobre Desarrollo Curricular y Emprendedur&iacute;a, organizado por la Comisi&oacute;n Europea (CE) y el Gobierno de Canarias, ha...","og_url":"https:\/\/www.ull.es\/portal\/noticias\/2008\/el-foro-temtico-sobre-desarrollo-curricular-y-emprendedura-vincula-el-espacio-europeo-de-educacin-superior-con-la-mejora-de-la-competitividad-de-las-universidades\/","og_site_name":"ULL - Noticias","article_publisher":"https:\/\/www.facebook.com\/universidaddelalaguna\/","article_published_time":"2008-10-31T00:00:00+00:00","og_image":[{"width":800,"height":533,"url":"https:\/\/www.ull.es\/portal\/noticias\/wp-content\/uploads\/sites\/13\/2015\/07\/foro2.jpg","type":"image\/jpeg"}],"author":"prensa2","twitter_card":"summary_large_image","twitter_creator":"@CanalULL","twitter_site":"@CanalULL","twitter_misc":{"Escrito por":"prensa2","Tiempo de lectura":"4 minutos"},"schema":{"@context":"https:\/\/schema.org","@graph":[{"@type":"WebPage","@id":"https:\/\/www.ull.es\/portal\/noticias\/2008\/el-foro-temtico-sobre-desarrollo-curricular-y-emprendedura-vincula-el-espacio-europeo-de-educacin-superior-con-la-mejora-de-la-competitividad-de-las-universidades\/","url":"https:\/\/www.ull.es\/portal\/noticias\/2008\/el-foro-temtico-sobre-desarrollo-curricular-y-emprendedura-vincula-el-espacio-europeo-de-educacin-superior-con-la-mejora-de-la-competitividad-de-las-universidades\/","name":"El Foro Tem\u00e1tico sobre Desarrollo Curricular y Emprendedur\u00eda vincula el espacio europeo de educaci\u00f3n superior con la mejora de la competitividad de las universidades - ULL - Noticias","isPartOf":{"@id":"https:\/\/www.ull.es\/portal\/noticias\/#website"},"datePublished":"2008-10-31T00:00:00+00:00","dateModified":"2008-10-31T00:00:00+00:00","author":{"@id":"https:\/\/www.ull.es\/portal\/noticias\/#\/schema\/person\/c3b2aa857797592927a03740d6664376"},"breadcrumb":{"@id":"https:\/\/www.ull.es\/portal\/noticias\/2008\/el-foro-temtico-sobre-desarrollo-curricular-y-emprendedura-vincula-el-espacio-europeo-de-educacin-superior-con-la-mejora-de-la-competitividad-de-las-universidades\/#breadcrumb"},"inLanguage":"es","potentialAction":[{"@type":"ReadAction","target":["https:\/\/www.ull.es\/portal\/noticias\/2008\/el-foro-temtico-sobre-desarrollo-curricular-y-emprendedura-vincula-el-espacio-europeo-de-educacin-superior-con-la-mejora-de-la-competitividad-de-las-universidades\/"]}]},{"@type":"BreadcrumbList","@id":"https:\/\/www.ull.es\/portal\/noticias\/2008\/el-foro-temtico-sobre-desarrollo-curricular-y-emprendedura-vincula-el-espacio-europeo-de-educacin-superior-con-la-mejora-de-la-competitividad-de-las-universidades\/#breadcrumb","itemListElement":[{"@type":"ListItem","position":1,"name":"Portada","item":"https:\/\/www.ull.es\/portal\/noticias\/"},{"@type":"ListItem","position":2,"name":"El Foro Tem\u00e1tico sobre Desarrollo Curricular y Emprendedur\u00eda vincula el espacio europeo de educaci\u00f3n superior con la mejora de la competitividad de las universidades"}]},{"@type":"WebSite","@id":"https:\/\/www.ull.es\/portal\/noticias\/#website","url":"https:\/\/www.ull.es\/portal\/noticias\/","name":"ULL - Noticias","description":"","potentialAction":[{"@type":"SearchAction","target":{"@type":"EntryPoint","urlTemplate":"https:\/\/www.ull.es\/portal\/noticias\/?s={search_term_string}"},"query-input":"required name=search_term_string"}],"inLanguage":"es"},{"@type":"Person","@id":"https:\/\/www.ull.es\/portal\/noticias\/#\/schema\/person\/c3b2aa857797592927a03740d6664376","name":"prensa2","image":{"@type":"ImageObject","inLanguage":"es","@id":"https:\/\/www.ull.es\/portal\/noticias\/#\/schema\/person\/image\/","url":"https:\/\/secure.gravatar.com\/avatar\/b58f310a5de5feb33d1e026d2493f23c?s=96&d=mm&r=g","contentUrl":"https:\/\/secure.gravatar.com\/avatar\/b58f310a5de5feb33d1e026d2493f23c?s=96&d=mm&r=g","caption":"prensa2"},"url":"https:\/\/www.ull.es\/portal\/noticias\/author\/prensa2\/"}]}},"primary_category":null,"featured_image_thumbnail_url":"https:\/\/www.ull.es\/portal\/noticias\/wp-content\/uploads\/sites\/13\/2015\/07\/foro2-300x200.jpg","_links":{"self":[{"href":"https:\/\/www.ull.es\/portal\/noticias\/wp-json\/wp\/v2\/posts\/16403"}],"collection":[{"href":"https:\/\/www.ull.es\/portal\/noticias\/wp-json\/wp\/v2\/posts"}],"about":[{"href":"https:\/\/www.ull.es\/portal\/noticias\/wp-json\/wp\/v2\/types\/post"}],"author":[{"embeddable":true,"href":"https:\/\/www.ull.es\/portal\/noticias\/wp-json\/wp\/v2\/users\/21"}],"replies":[{"embeddable":true,"href":"https:\/\/www.ull.es\/portal\/noticias\/wp-json\/wp\/v2\/comments?post=16403"}],"version-history":[{"count":0,"href":"https:\/\/www.ull.es\/portal\/noticias\/wp-json\/wp\/v2\/posts\/16403\/revisions"}],"wp:featuredmedia":[{"embeddable":true,"href":"https:\/\/www.ull.es\/portal\/noticias\/wp-json\/wp\/v2\/media\/16404"}],"wp:attachment":[{"href":"https:\/\/www.ull.es\/portal\/noticias\/wp-json\/wp\/v2\/media?parent=16403"}],"wp:term":[{"taxonomy":"category","embeddable":true,"href":"https:\/\/www.ull.es\/portal\/noticias\/wp-json\/wp\/v2\/categories?post=16403"},{"taxonomy":"post_tag","embeddable":true,"href":"https:\/\/www.ull.es\/portal\/noticias\/wp-json\/wp\/v2\/tags?post=16403"}],"curies":[{"name":"wp","href":"https:\/\/api.w.org\/{rel}","templated":true}]}}